{"id":24446,"date":"2022-07-29T18:41:30","date_gmt":"2022-07-29T18:41:30","guid":{"rendered":"https:\/\/www.africa-press.net\/cameroun\/politique\/mondial-qatar-2022-le-cameroun-connait-son-camp-de-base"},"modified":"2022-07-29T20:56:42","modified_gmt":"2022-07-29T20:56:42","slug":"mondial-qatar-2022-le-cameroun-connait-son-camp-de-base","status":"publish","type":"post","link":"https:\/\/www.africa-press.net\/cameroun\/sports\/mondial-qatar-2022-le-cameroun-connait-son-camp-de-base","title":{"rendered":"Mondial \u00ab Qatar 2022 \u00bb : le Cameroun conna\u00eet son camp de base"},"content":{"rendered":"<p><span style=\"color: #ff6600\"><strong>Africa-Press &#8211; Cameroun. <\/strong><\/span>La FIFA a communiqu\u00e9 les noms des h\u00f4tels ainsi que les terrains d\u2019entra\u00eenements que les 32 \u00e9quipes occuperont pendant la Coupe du monde 2022.<\/p>\n<p>A 115 jours du coup d\u2019envoi de la Coupe du monde de football Qatar 2022, la F\u00e9d\u00e9ration Internationale de Football Association (FIFA) a rendu la liste des h\u00f4tels et des terrains d\u2019entrainement associ\u00e9s \u00e0 chaque s\u00e9lection nationale participante. Pour leur huiti\u00e8me phase finale de Mondial, les Lions indomptables seront log\u00e9s au Banyan Tree Doha. Cet \u00e9tablissement h\u00f4telier, cinq \u00e9toiles, est d\u00e9crit comme un \u00e9l\u00e9gant sanctuaire urbain, qui allie luxe et relaxation. Ils s\u2019entra\u00eeneront au stade AI Sailiya Sc.<\/p>\n<p>En parcourant la liste de la FIFA, on constate qu\u2019aucun h\u00f4tel n\u2019accueille plus d\u2019une s\u00e9lection nationale. Idem pour ce qui est des sites d\u2019entra\u00eenement selon les informations communiqu\u00e9es par la FIFA, des 32 \u00e9quipes, 24 seront log\u00e9es dans un rayon de 10 km.<\/p>\n<p>\u00ab Qatar 2022 sera une coupe du monde comme une autre, les \u00e9quipes b\u00e9n\u00e9ficiant de sa nature compacte et de la chaleureuse hospitalit\u00e9 locale. Les joueurs auront plus de temps pour s\u2019entra\u00eener et se reposer pendant la comp\u00e9tition, tout en \u00e9tant en pr\u00e9sure de vivre l\u2019excitation qui s\u2019emparera du pays de plus pr\u00e8s, puisque les autres joueurs et les fans passionn\u00e9s des 32 nations se rassembleront dans une seule zone \u00bb, a d\u00e9clar\u00e9 Colin Smith, directeur des op\u00e9rations de la FIFA pour la Coupe du monde.<\/p>\n<p>A en croire Cameroon tribune, les \u00e9quipes s\u2019enregistrent dans leurs h\u00f4tels de base au moins cinq jours avant leur premier match. Le s\u00e9jour des joueurs oscille entre 15 et 33 jours, selon que les \u00e9quipes seront \u00e9limin\u00e9es d\u00e8s le premier tour ou pas. Il faut dire que cette Coupe du monde rompt avec les usages habituels. En effet, lors des pr\u00e9c\u00e9dentes \u00e9ditions, les \u00e9quipes disputent leurs matches du premier tour dans trois villes diff\u00e9rentes et leur QG \u00e9taient g\u00e9n\u00e9ralement dans une autre ville.<\/p>\n<p>Il fallait \u00e0 chaque fois se d\u00e9placer par avion pour le lieu du match et revenir dans son QG le lendemain. Cette ann\u00e9e, ce ne sera plus le cas. Du coup, ce gain de temps sera certainement mis \u00e0 profit au Qatar pour plus de concentration et de r\u00e9cup\u00e9ration.<\/p>\n<p><strong>Pour plus d&rsquo;informations et d&rsquo;analyses sur la <a href=\"https:\/\/www.africa-press.net\/cameroun\">Cameroun<\/a>, suivez <a href=\"https:\/\/www.africa-press.net\/\">Africa-Press<\/a><\/strong><\/p>\n","protected":false},"excerpt":{"rendered":"<p>Africa-Press &#8211; Cameroun. La FIFA a communiqu\u00e9 les noms des h\u00f4tels ainsi que les terrains d\u2019entra\u00eenements que les 32 \u00e9quipes occuperont pendant la Coupe du monde 2022. A 115 jours du coup d\u2019envoi de la Coupe du monde de football Qatar 2022, la F\u00e9d\u00e9ration Internationale de Football Association (FIFA) a rendu la liste des h\u00f4tels [&hellip;]<\/p>\n","protected":false},"author":82,"featured_media":24445,"comment_status":"open","ping_status":"closed","sticky":false,"template":"","format":"standard","meta":{"footnotes":""},"categories":[11,6,10],"tags":[36,50,49],"class_list":["post-24446","post","type-post","status-publish","format-standard","has-post-thumbnail","hentry","category-homepage-french","category-sports","category-toutes-les-actualites","tag-africa-press","tag-africa-press-cameroun","tag-cameroun"],"yoast_head":"<!-- This site is optimized with the Yoast SEO Premium plugin v26.1 (Yoast SEO v27.0) - https:\/\/yoast.com\/product\/yoast-seo-premium-wordpress\/ -->\n<title>Mondial \u00ab Qatar 2022 \u00bb : le Cameroun conna\u00eet son camp de base - Cameroun<\/title>\n<meta name=\"description\" content=\"La FIFA a communiqu\u00e9 les noms des h\u00f4tels ainsi que les terrains d\u2019entra\u00eenements que les 32 \u00e9quipes occuperont pendant la ...\" \/>\n<meta name=\"robots\" content=\"index, follow, max-snippet:-1, max-image-preview:large, max-video-preview:-1\" \/>\n<link rel=\"canonical\" href=\"https:\/\/www.africa-press.net\/cameroun\/sports\/mondial-qatar-2022-le-cameroun-connait-son-camp-de-base\" \/>\n<meta property=\"og:locale\" content=\"fr_FR\" \/>\n<meta property=\"og:type\" content=\"article\" \/>\n<meta property=\"og:title\" content=\"Mondial \u00ab Qatar 2022 \u00bb : le Cameroun conna\u00eet son camp de base\" \/>\n<meta property=\"og:description\" content=\"La FIFA a communiqu\u00e9 les noms des h\u00f4tels ainsi que les terrains d\u2019entra\u00eenements que les 32 \u00e9quipes occuperont pendant la ...\" \/>\n<meta property=\"og:url\" content=\"https:\/\/www.africa-press.net\/cameroun\/sports\/mondial-qatar-2022-le-cameroun-connait-son-camp-de-base\" \/>\n<meta property=\"og:site_name\" content=\"Cameroun\" \/>\n<meta property=\"article:published_time\" content=\"2022-07-29T18:41:30+00:00\" \/>\n<meta property=\"article:modified_time\" content=\"2022-07-29T20:56:42+00:00\" \/>\n<meta property=\"og:image\" content=\"https:\/\/static.africa-press.net\/cameroun\/sites\/57\/2022\/07\/img-62e44975b740b.jpg\" \/>\n\t<meta property=\"og:image:width\" content=\"1200\" \/>\n\t<meta property=\"og:image:height\" content=\"630\" \/>\n\t<meta property=\"og:image:type\" content=\"image\/jpeg\" \/>\n<meta name=\"author\" content=\"cfeditorfr\" \/>\n<meta name=\"twitter:card\" content=\"summary_large_image\" \/>\n<meta name=\"twitter:label1\" content=\"\u00c9crit par\" \/>\n\t<meta name=\"twitter:data1\" content=\"cfeditorfr\" \/>\n\t<meta name=\"twitter:label2\" content=\"Dur\u00e9e de lecture estim\u00e9e\" \/>\n\t<meta name=\"twitter:data2\" content=\"2 minutes\" \/>\n<script type=\"application\/ld+json\" class=\"yoast-schema-graph\">{\"@context\":\"https:\/\/schema.org\",\"@graph\":[{\"@type\":\"Article\",\"@id\":\"https:\/\/www.africa-press.net\/cameroun\/sports\/mondial-qatar-2022-le-cameroun-connait-son-camp-de-base#article\",\"isPartOf\":{\"@id\":\"https:\/\/www.africa-press.net\/cameroun\/sports\/mondial-qatar-2022-le-cameroun-connait-son-camp-de-base\"},\"author\":{\"name\":\"cfeditorfr\",\"@id\":\"https:\/\/www.africa-press.net\/cameroun\/#\/schema\/person\/2b1cf3cd81a31e3cd26889ca66d677f1\"},\"headline\":\"Mondial \u00ab Qatar 2022 \u00bb : le Cameroun conna\u00eet son camp de base\",\"datePublished\":\"2022-07-29T18:41:30+00:00\",\"dateModified\":\"2022-07-29T20:56:42+00:00\",\"mainEntityOfPage\":{\"@id\":\"https:\/\/www.africa-press.net\/cameroun\/sports\/mondial-qatar-2022-le-cameroun-connait-son-camp-de-base\"},\"wordCount\":424,\"commentCount\":0,\"image\":{\"@id\":\"https:\/\/www.africa-press.net\/cameroun\/sports\/mondial-qatar-2022-le-cameroun-connait-son-camp-de-base#primaryimage\"},\"thumbnailUrl\":\"https:\/\/static.africa-press.net\/cameroun\/sites\/57\/2022\/07\/img-62e44975b740b.jpg\",\"keywords\":[\"Africa Press\",\"Africa Press-Cameroun\",\"Cameroun\"],\"articleSection\":[\"homepage-french\",\"Sports\",\"Toutes les actualit\u00e9s\"],\"inLanguage\":\"fr-FR\",\"potentialAction\":[{\"@type\":\"CommentAction\",\"name\":\"Comment\",\"target\":[\"https:\/\/www.africa-press.net\/cameroun\/sports\/mondial-qatar-2022-le-cameroun-connait-son-camp-de-base#respond\"]}]},{\"@type\":\"WebPage\",\"@id\":\"https:\/\/www.africa-press.net\/cameroun\/sports\/mondial-qatar-2022-le-cameroun-connait-son-camp-de-base\",\"url\":\"https:\/\/www.africa-press.net\/cameroun\/sports\/mondial-qatar-2022-le-cameroun-connait-son-camp-de-base\",\"name\":\"Mondial \u00ab Qatar 2022 \u00bb : le Cameroun conna\u00eet son camp de base - Cameroun\",\"isPartOf\":{\"@id\":\"https:\/\/www.africa-press.net\/cameroun\/#website\"},\"primaryImageOfPage\":{\"@id\":\"https:\/\/www.africa-press.net\/cameroun\/sports\/mondial-qatar-2022-le-cameroun-connait-son-camp-de-base#primaryimage\"},\"image\":{\"@id\":\"https:\/\/www.africa-press.net\/cameroun\/sports\/mondial-qatar-2022-le-cameroun-connait-son-camp-de-base#primaryimage\"},\"thumbnailUrl\":\"https:\/\/static.africa-press.net\/cameroun\/sites\/57\/2022\/07\/img-62e44975b740b.jpg\",\"datePublished\":\"2022-07-29T18:41:30+00:00\",\"dateModified\":\"2022-07-29T20:56:42+00:00\",\"author\":{\"@id\":\"https:\/\/www.africa-press.net\/cameroun\/#\/schema\/person\/2b1cf3cd81a31e3cd26889ca66d677f1\"},\"description\":\"La FIFA a communiqu\u00e9 les noms des h\u00f4tels ainsi que les terrains d\u2019entra\u00eenements que les 32 \u00e9quipes occuperont pendant la ...\",\"breadcrumb\":{\"@id\":\"https:\/\/www.africa-press.net\/cameroun\/sports\/mondial-qatar-2022-le-cameroun-connait-son-camp-de-base#breadcrumb\"},\"inLanguage\":\"fr-FR\",\"potentialAction\":[{\"@type\":\"ReadAction\",\"target\":[\"https:\/\/www.africa-press.net\/cameroun\/sports\/mondial-qatar-2022-le-cameroun-connait-son-camp-de-base\"]}]},{\"@type\":\"ImageObject\",\"inLanguage\":\"fr-FR\",\"@id\":\"https:\/\/www.africa-press.net\/cameroun\/sports\/mondial-qatar-2022-le-cameroun-connait-son-camp-de-base#primaryimage\",\"url\":\"https:\/\/static.africa-press.net\/cameroun\/sites\/57\/2022\/07\/img-62e44975b740b.jpg\",\"contentUrl\":\"https:\/\/static.africa-press.net\/cameroun\/sites\/57\/2022\/07\/img-62e44975b740b.jpg\",\"width\":1200,\"height\":630,\"caption\":\"Mondial \u00ab Qatar 2022 \u00bb : le Cameroun conna\u00eet son camp de base\"},{\"@type\":\"BreadcrumbList\",\"@id\":\"https:\/\/www.africa-press.net\/cameroun\/sports\/mondial-qatar-2022-le-cameroun-connait-son-camp-de-base#breadcrumb\",\"itemListElement\":[{\"@type\":\"ListItem\",\"position\":1,\"name\":\"Accueil\",\"item\":\"https:\/\/www.africa-press.net\/cameroun\/\"},{\"@type\":\"ListItem\",\"position\":2,\"name\":\"Mondial \u00ab Qatar 2022 \u00bb : le Cameroun conna\u00eet son camp de base\"}]},{\"@type\":\"WebSite\",\"@id\":\"https:\/\/www.africa-press.net\/cameroun\/#website\",\"url\":\"https:\/\/www.africa-press.net\/cameroun\/\",\"name\":\"Cameroun\",\"description\":\"Just another Africa News Agency Sites site\",\"potentialAction\":[{\"@type\":\"SearchAction\",\"target\":{\"@type\":\"EntryPoint\",\"urlTemplate\":\"https:\/\/www.africa-press.net\/cameroun\/?s={search_term_string}\"},\"query-input\":{\"@type\":\"PropertyValueSpecification\",\"valueRequired\":true,\"valueName\":\"search_term_string\"}}],\"inLanguage\":\"fr-FR\"},{\"@type\":\"Person\",\"@id\":\"https:\/\/www.africa-press.net\/cameroun\/#\/schema\/person\/2b1cf3cd81a31e3cd26889ca66d677f1\",\"name\":\"cfeditorfr\"}]}<\/script>\n<!-- \/ Yoast SEO Premium plugin. -->","yoast_head_json":{"title":"Mondial \u00ab Qatar 2022 \u00bb : le Cameroun conna\u00eet son camp de base - Cameroun","description":"La FIFA a communiqu\u00e9 les noms des h\u00f4tels ainsi que les terrains d\u2019entra\u00eenements que les 32 \u00e9quipes occuperont pendant la ...","robots":{"index":"index","follow":"follow","max-snippet":"max-snippet:-1","max-image-preview":"max-image-preview:large","max-video-preview":"max-video-preview:-1"},"canonical":"https:\/\/www.africa-press.net\/cameroun\/sports\/mondial-qatar-2022-le-cameroun-connait-son-camp-de-base","og_locale":"fr_FR","og_type":"article","og_title":"Mondial \u00ab Qatar 2022 \u00bb : le Cameroun conna\u00eet son camp de base","og_description":"La FIFA a communiqu\u00e9 les noms des h\u00f4tels ainsi que les terrains d\u2019entra\u00eenements que les 32 \u00e9quipes occuperont pendant la ...","og_url":"https:\/\/www.africa-press.net\/cameroun\/sports\/mondial-qatar-2022-le-cameroun-connait-son-camp-de-base","og_site_name":"Cameroun","article_published_time":"2022-07-29T18:41:30+00:00","article_modified_time":"2022-07-29T20:56:42+00:00","og_image":[{"width":1200,"height":630,"url":"https:\/\/static.africa-press.net\/cameroun\/sites\/57\/2022\/07\/img-62e44975b740b.jpg","type":"image\/jpeg"}],"author":"cfeditorfr","twitter_card":"summary_large_image","twitter_misc":{"\u00c9crit par":"cfeditorfr","Dur\u00e9e de lecture estim\u00e9e":"2 minutes"},"schema":{"@context":"https:\/\/schema.org","@graph":[{"@type":"Article","@id":"https:\/\/www.africa-press.net\/cameroun\/sports\/mondial-qatar-2022-le-cameroun-connait-son-camp-de-base#article","isPartOf":{"@id":"https:\/\/www.africa-press.net\/cameroun\/sports\/mondial-qatar-2022-le-cameroun-connait-son-camp-de-base"},"author":{"name":"cfeditorfr","@id":"https:\/\/www.africa-press.net\/cameroun\/#\/schema\/person\/2b1cf3cd81a31e3cd26889ca66d677f1"},"headline":"Mondial \u00ab Qatar 2022 \u00bb : le Cameroun conna\u00eet son camp de base","datePublished":"2022-07-29T18:41:30+00:00","dateModified":"2022-07-29T20:56:42+00:00","mainEntityOfPage":{"@id":"https:\/\/www.africa-press.net\/cameroun\/sports\/mondial-qatar-2022-le-cameroun-connait-son-camp-de-base"},"wordCount":424,"commentCount":0,"image":{"@id":"https:\/\/www.africa-press.net\/cameroun\/sports\/mondial-qatar-2022-le-cameroun-connait-son-camp-de-base#primaryimage"},"thumbnailUrl":"https:\/\/static.africa-press.net\/cameroun\/sites\/57\/2022\/07\/img-62e44975b740b.jpg","keywords":["Africa Press","Africa Press-Cameroun","Cameroun"],"articleSection":["homepage-french","Sports","Toutes les actualit\u00e9s"],"inLanguage":"fr-FR","potentialAction":[{"@type":"CommentAction","name":"Comment","target":["https:\/\/www.africa-press.net\/cameroun\/sports\/mondial-qatar-2022-le-cameroun-connait-son-camp-de-base#respond"]}]},{"@type":"WebPage","@id":"https:\/\/www.africa-press.net\/cameroun\/sports\/mondial-qatar-2022-le-cameroun-connait-son-camp-de-base","url":"https:\/\/www.africa-press.net\/cameroun\/sports\/mondial-qatar-2022-le-cameroun-connait-son-camp-de-base","name":"Mondial \u00ab Qatar 2022 \u00bb : le Cameroun conna\u00eet son camp de base - Cameroun","isPartOf":{"@id":"https:\/\/www.africa-press.net\/cameroun\/#website"},"primaryImageOfPage":{"@id":"https:\/\/www.africa-press.net\/cameroun\/sports\/mondial-qatar-2022-le-cameroun-connait-son-camp-de-base#primaryimage"},"image":{"@id":"https:\/\/www.africa-press.net\/cameroun\/sports\/mondial-qatar-2022-le-cameroun-connait-son-camp-de-base#primaryimage"},"thumbnailUrl":"https:\/\/static.africa-press.net\/cameroun\/sites\/57\/2022\/07\/img-62e44975b740b.jpg","datePublished":"2022-07-29T18:41:30+00:00","dateModified":"2022-07-29T20:56:42+00:00","author":{"@id":"https:\/\/www.africa-press.net\/cameroun\/#\/schema\/person\/2b1cf3cd81a31e3cd26889ca66d677f1"},"description":"La FIFA a communiqu\u00e9 les noms des h\u00f4tels ainsi que les terrains d\u2019entra\u00eenements que les 32 \u00e9quipes occuperont pendant la ...","breadcrumb":{"@id":"https:\/\/www.africa-press.net\/cameroun\/sports\/mondial-qatar-2022-le-cameroun-connait-son-camp-de-base#breadcrumb"},"inLanguage":"fr-FR","potentialAction":[{"@type":"ReadAction","target":["https:\/\/www.africa-press.net\/cameroun\/sports\/mondial-qatar-2022-le-cameroun-connait-son-camp-de-base"]}]},{"@type":"ImageObject","inLanguage":"fr-FR","@id":"https:\/\/www.africa-press.net\/cameroun\/sports\/mondial-qatar-2022-le-cameroun-connait-son-camp-de-base#primaryimage","url":"https:\/\/static.africa-press.net\/cameroun\/sites\/57\/2022\/07\/img-62e44975b740b.jpg","contentUrl":"https:\/\/static.africa-press.net\/cameroun\/sites\/57\/2022\/07\/img-62e44975b740b.jpg","width":1200,"height":630,"caption":"Mondial \u00ab Qatar 2022 \u00bb : le Cameroun conna\u00eet son camp de base"},{"@type":"BreadcrumbList","@id":"https:\/\/www.africa-press.net\/cameroun\/sports\/mondial-qatar-2022-le-cameroun-connait-son-camp-de-base#breadcrumb","itemListElement":[{"@type":"ListItem","position":1,"name":"Accueil","item":"https:\/\/www.africa-press.net\/cameroun\/"},{"@type":"ListItem","position":2,"name":"Mondial \u00ab Qatar 2022 \u00bb : le Cameroun conna\u00eet son camp de base"}]},{"@type":"WebSite","@id":"https:\/\/www.africa-press.net\/cameroun\/#website","url":"https:\/\/www.africa-press.net\/cameroun\/","name":"Cameroun","description":"Just another Africa News Agency Sites site","potentialAction":[{"@type":"SearchAction","target":{"@type":"EntryPoint","urlTemplate":"https:\/\/www.africa-press.net\/cameroun\/?s={search_term_string}"},"query-input":{"@type":"PropertyValueSpecification","valueRequired":true,"valueName":"search_term_string"}}],"inLanguage":"fr-FR"},{"@type":"Person","@id":"https:\/\/www.africa-press.net\/cameroun\/#\/schema\/person\/2b1cf3cd81a31e3cd26889ca66d677f1","name":"cfeditorfr"}]}},"_links":{"self":[{"href":"https:\/\/www.africa-press.net\/cameroun\/wp-json\/wp\/v2\/posts\/24446","targetHints":{"allow":["GET"]}}],"collection":[{"href":"https:\/\/www.africa-press.net\/cameroun\/wp-json\/wp\/v2\/posts"}],"about":[{"href":"https:\/\/www.africa-press.net\/cameroun\/wp-json\/wp\/v2\/types\/post"}],"author":[{"embeddable":true,"href":"https:\/\/www.africa-press.net\/cameroun\/wp-json\/wp\/v2\/users\/82"}],"replies":[{"embeddable":true,"href":"https:\/\/www.africa-press.net\/cameroun\/wp-json\/wp\/v2\/comments?post=24446"}],"version-history":[{"count":0,"href":"https:\/\/www.africa-press.net\/cameroun\/wp-json\/wp\/v2\/posts\/24446\/revisions"}],"wp:featuredmedia":[{"embeddable":true,"href":"https:\/\/www.africa-press.net\/cameroun\/wp-json\/wp\/v2\/media\/24445"}],"wp:attachment":[{"href":"https:\/\/www.africa-press.net\/cameroun\/wp-json\/wp\/v2\/media?parent=24446"}],"wp:term":[{"taxonomy":"category","embeddable":true,"href":"https:\/\/www.africa-press.net\/cameroun\/wp-json\/wp\/v2\/categories?post=24446"},{"taxonomy":"post_tag","embeddable":true,"href":"https:\/\/www.africa-press.net\/cameroun\/wp-json\/wp\/v2\/tags?post=24446"}],"curies":[{"name":"wp","href":"https:\/\/api.w.org\/{rel}","templated":true}]}}