{"id":24452,"date":"2022-07-29T18:56:19","date_gmt":"2022-07-29T18:56:19","guid":{"rendered":"https:\/\/www.africa-press.net\/cameroun\/politique\/cameroun-mise-au-point-le-prefet-de-la-mvila-rejette-toute-reconnaissance-juridique-du-rassemblement-des-frankistes"},"modified":"2022-07-29T20:57:31","modified_gmt":"2022-07-29T20:57:31","slug":"cameroun-mise-au-point-le-prefet-de-la-mvila-rejette-toute-reconnaissance-juridique-du-rassemblement-des-frankistes","status":"publish","type":"post","link":"https:\/\/www.africa-press.net\/cameroun\/politique\/cameroun-mise-au-point-le-prefet-de-la-mvila-rejette-toute-reconnaissance-juridique-du-rassemblement-des-frankistes","title":{"rendered":"Cameroun-Mise au point : le pr\u00e9fet de la Mvila rejette toute reconnaissance juridique du Rassemblement des frankistes"},"content":{"rendered":"<p><span style=\"color: #ff6600\"><strong>Africa-Press &#8211; Cameroun. <\/strong><\/span>L\u2019autorit\u00e9 administrative nie l\u2019existence d\u2019un document l\u00e9galisant l\u2019association d\u00e9nomm\u00e9e Rassemblement r\u00e9publicain des frankistes du Cameroun (Rrfc) dans ses services.<\/p>\n<p>Le pr\u00e9fet du d\u00e9partement de la Mvila vient de faire une d\u00e9claration mettant fin \u00e0 une imposture. Dans un communiqu\u00e9 en date du 28 juillet 2022, Sylyac-Marie Mvogo informe qu\u2019un \u00ab document non authentique pr\u00e9tendument sign\u00e9 par ses soins apparait de temps \u00e0 autre sur la toile, faisant \u00e9tat de ce qu\u2019il aurait proc\u00e9d\u00e9 \u00e0 la reconnaissance juridique d\u2019une association \u00e0 objet politique d\u00e9nomm\u00e9e Rassemblement r\u00e9publicain des frankistes du Cameroun \u00ab Rrfc \u00bb dont le si\u00e8ge serait \u00e0 Ebolowa \u00bb, peut-on lire dans le communiqu\u00e9.<\/p>\n<p>Apr\u00e8s constat de l\u2019existence du document, le patron du d\u00e9partement porte \u00e0 l\u2019attention \u00ab des membres fondateurs de ce rassemblement que ce document m\u2019\u00e9mane pas de ses services \u00bb. Il \u00ab ne se retrouve nullement dans les archives de la pr\u00e9fecture \u00e0 Ebolowa \u00bb, pr\u00e9cise l\u2019autorit\u00e9, tout en faisant savoir qu\u2019une telle op\u00e9ration ne rel\u00e8ve pas de ses comp\u00e9tences. La reconnaissance juridique des associations politiques au Cameroun \u00ab reste et demeure une pr\u00e9rogative exclusive du ministre de l\u2019Administration territoriale \u00bb, mart\u00e8le-t-il.<\/p>\n<p>Le Rassemblement en question dispose d\u2019un compte sur Facebook qui porte son nom. Sa devise serait \u00ab Paix- loyaut\u00e9-unit\u00e9 \u00bb et son but, \u00ab promouvoir la paix et l\u2019unit\u00e9 en passant par l\u2019\u00e9ducation \u00bb. Les contenus publi\u00e9s par ce groupe ont trait pour la plupart aux images et vid\u00e9os contenant Franck Biya, le fils du pr\u00e9sident Paul Biya qui, \u00e0 quelques ann\u00e9es de la fin du mandat de son p\u00e8re, est projet\u00e9 comme son potentiel successeur. Pour cela, il est soutenu par plusieurs groupes dont le Rrfc.<\/p>\n<p><strong>Pour plus d&rsquo;informations et d&rsquo;analyses sur la <a href=\"https:\/\/www.africa-press.net\/cameroun\">Cameroun<\/a>, suivez <a href=\"https:\/\/www.africa-press.net\/\">Africa-Press<\/a><\/strong><\/p>\n","protected":false},"excerpt":{"rendered":"<p>Africa-Press &#8211; Cameroun. L\u2019autorit\u00e9 administrative nie l\u2019existence d\u2019un document l\u00e9galisant l\u2019association d\u00e9nomm\u00e9e Rassemblement r\u00e9publicain des frankistes du Cameroun (Rrfc) dans ses services. Le pr\u00e9fet du d\u00e9partement de la Mvila vient de faire une d\u00e9claration mettant fin \u00e0 une imposture. Dans un communiqu\u00e9 en date du 28 juillet 2022, Sylyac-Marie Mvogo informe qu\u2019un \u00ab document non [&hellip;]<\/p>\n","protected":false},"author":82,"featured_media":24451,"comment_status":"open","ping_status":"closed","sticky":false,"template":"","format":"standard","meta":{"footnotes":""},"categories":[11,2,10],"tags":[36,50,49],"class_list":["post-24452","post","type-post","status-publish","format-standard","has-post-thumbnail","hentry","category-homepage-french","category-politique","category-toutes-les-actualites","tag-africa-press","tag-africa-press-cameroun","tag-cameroun"],"yoast_head":"<!-- This site is optimized with the Yoast SEO Premium plugin v26.1 (Yoast SEO v27.0) - https:\/\/yoast.com\/product\/yoast-seo-premium-wordpress\/ -->\n<title>Cameroun-Mise au point : le pr\u00e9fet de la Mvila rejette toute reconnaissance juridique du Rassemblement des frankistes - Cameroun<\/title>\n<meta name=\"description\" content=\"L\u2019autorit\u00e9 administrative nie l\u2019existence d\u2019un document l\u00e9galisant l\u2019association d\u00e9nomm\u00e9e Rassemblement r\u00e9publicain des ...\" \/>\n<meta name=\"robots\" content=\"index, follow, max-snippet:-1, max-image-preview:large, max-video-preview:-1\" \/>\n<link rel=\"canonical\" href=\"https:\/\/www.africa-press.net\/cameroun\/politique\/cameroun-mise-au-point-le-prefet-de-la-mvila-rejette-toute-reconnaissance-juridique-du-rassemblement-des-frankistes\" \/>\n<meta property=\"og:locale\" content=\"fr_FR\" \/>\n<meta property=\"og:type\" content=\"article\" \/>\n<meta property=\"og:title\" content=\"Cameroun-Mise au point : le pr\u00e9fet de la Mvila rejette toute reconnaissance juridique du Rassemblement des frankistes\" \/>\n<meta property=\"og:description\" content=\"L\u2019autorit\u00e9 administrative nie l\u2019existence d\u2019un document l\u00e9galisant l\u2019association d\u00e9nomm\u00e9e Rassemblement r\u00e9publicain des ...\" \/>\n<meta property=\"og:url\" content=\"https:\/\/www.africa-press.net\/cameroun\/politique\/cameroun-mise-au-point-le-prefet-de-la-mvila-rejette-toute-reconnaissance-juridique-du-rassemblement-des-frankistes\" \/>\n<meta property=\"og:site_name\" content=\"Cameroun\" \/>\n<meta property=\"article:published_time\" content=\"2022-07-29T18:56:19+00:00\" \/>\n<meta property=\"article:modified_time\" content=\"2022-07-29T20:57:31+00:00\" \/>\n<meta property=\"og:image\" content=\"https:\/\/static.africa-press.net\/cameroun\/sites\/57\/2022\/07\/img-62e449a8c8627.jpg\" \/>\n\t<meta property=\"og:image:width\" content=\"960\" \/>\n\t<meta property=\"og:image:height\" content=\"720\" \/>\n\t<meta property=\"og:image:type\" content=\"image\/jpeg\" \/>\n<meta name=\"author\" content=\"cfeditorfr\" \/>\n<meta name=\"twitter:card\" content=\"summary_large_image\" \/>\n<meta name=\"twitter:label1\" content=\"\u00c9crit par\" \/>\n\t<meta name=\"twitter:data1\" content=\"cfeditorfr\" \/>\n\t<meta name=\"twitter:label2\" content=\"Dur\u00e9e de lecture estim\u00e9e\" \/>\n\t<meta name=\"twitter:data2\" content=\"2 minutes\" \/>\n<script type=\"application\/ld+json\" class=\"yoast-schema-graph\">{\"@context\":\"https:\/\/schema.org\",\"@graph\":[{\"@type\":\"Article\",\"@id\":\"https:\/\/www.africa-press.net\/cameroun\/politique\/cameroun-mise-au-point-le-prefet-de-la-mvila-rejette-toute-reconnaissance-juridique-du-rassemblement-des-frankistes#article\",\"isPartOf\":{\"@id\":\"https:\/\/www.africa-press.net\/cameroun\/politique\/cameroun-mise-au-point-le-prefet-de-la-mvila-rejette-toute-reconnaissance-juridique-du-rassemblement-des-frankistes\"},\"author\":{\"name\":\"cfeditorfr\",\"@id\":\"https:\/\/www.africa-press.net\/cameroun\/#\/schema\/person\/2b1cf3cd81a31e3cd26889ca66d677f1\"},\"headline\":\"Cameroun-Mise au point : le pr\u00e9fet de la Mvila rejette toute reconnaissance juridique du Rassemblement des frankistes\",\"datePublished\":\"2022-07-29T18:56:19+00:00\",\"dateModified\":\"2022-07-29T20:57:31+00:00\",\"mainEntityOfPage\":{\"@id\":\"https:\/\/www.africa-press.net\/cameroun\/politique\/cameroun-mise-au-point-le-prefet-de-la-mvila-rejette-toute-reconnaissance-juridique-du-rassemblement-des-frankistes\"},\"wordCount\":324,\"commentCount\":0,\"image\":{\"@id\":\"https:\/\/www.africa-press.net\/cameroun\/politique\/cameroun-mise-au-point-le-prefet-de-la-mvila-rejette-toute-reconnaissance-juridique-du-rassemblement-des-frankistes#primaryimage\"},\"thumbnailUrl\":\"https:\/\/static.africa-press.net\/cameroun\/sites\/57\/2022\/07\/img-62e449a8c8627.jpg\",\"keywords\":[\"Africa Press\",\"Africa Press-Cameroun\",\"Cameroun\"],\"articleSection\":[\"homepage-french\",\"Politique\",\"Toutes les actualit\u00e9s\"],\"inLanguage\":\"fr-FR\",\"potentialAction\":[{\"@type\":\"CommentAction\",\"name\":\"Comment\",\"target\":[\"https:\/\/www.africa-press.net\/cameroun\/politique\/cameroun-mise-au-point-le-prefet-de-la-mvila-rejette-toute-reconnaissance-juridique-du-rassemblement-des-frankistes#respond\"]}]},{\"@type\":\"WebPage\",\"@id\":\"https:\/\/www.africa-press.net\/cameroun\/politique\/cameroun-mise-au-point-le-prefet-de-la-mvila-rejette-toute-reconnaissance-juridique-du-rassemblement-des-frankistes\",\"url\":\"https:\/\/www.africa-press.net\/cameroun\/politique\/cameroun-mise-au-point-le-prefet-de-la-mvila-rejette-toute-reconnaissance-juridique-du-rassemblement-des-frankistes\",\"name\":\"Cameroun-Mise au point : le pr\u00e9fet de la Mvila rejette toute reconnaissance juridique du Rassemblement des frankistes - Cameroun\",\"isPartOf\":{\"@id\":\"https:\/\/www.africa-press.net\/cameroun\/#website\"},\"primaryImageOfPage\":{\"@id\":\"https:\/\/www.africa-press.net\/cameroun\/politique\/cameroun-mise-au-point-le-prefet-de-la-mvila-rejette-toute-reconnaissance-juridique-du-rassemblement-des-frankistes#primaryimage\"},\"image\":{\"@id\":\"https:\/\/www.africa-press.net\/cameroun\/politique\/cameroun-mise-au-point-le-prefet-de-la-mvila-rejette-toute-reconnaissance-juridique-du-rassemblement-des-frankistes#primaryimage\"},\"thumbnailUrl\":\"https:\/\/static.africa-press.net\/cameroun\/sites\/57\/2022\/07\/img-62e449a8c8627.jpg\",\"datePublished\":\"2022-07-29T18:56:19+00:00\",\"dateModified\":\"2022-07-29T20:57:31+00:00\",\"author\":{\"@id\":\"https:\/\/www.africa-press.net\/cameroun\/#\/schema\/person\/2b1cf3cd81a31e3cd26889ca66d677f1\"},\"description\":\"L\u2019autorit\u00e9 administrative nie l\u2019existence d\u2019un document l\u00e9galisant l\u2019association d\u00e9nomm\u00e9e Rassemblement r\u00e9publicain des ...\",\"breadcrumb\":{\"@id\":\"https:\/\/www.africa-press.net\/cameroun\/politique\/cameroun-mise-au-point-le-prefet-de-la-mvila-rejette-toute-reconnaissance-juridique-du-rassemblement-des-frankistes#breadcrumb\"},\"inLanguage\":\"fr-FR\",\"potentialAction\":[{\"@type\":\"ReadAction\",\"target\":[\"https:\/\/www.africa-press.net\/cameroun\/politique\/cameroun-mise-au-point-le-prefet-de-la-mvila-rejette-toute-reconnaissance-juridique-du-rassemblement-des-frankistes\"]}]},{\"@type\":\"ImageObject\",\"inLanguage\":\"fr-FR\",\"@id\":\"https:\/\/www.africa-press.net\/cameroun\/politique\/cameroun-mise-au-point-le-prefet-de-la-mvila-rejette-toute-reconnaissance-juridique-du-rassemblement-des-frankistes#primaryimage\",\"url\":\"https:\/\/static.africa-press.net\/cameroun\/sites\/57\/2022\/07\/img-62e449a8c8627.jpg\",\"contentUrl\":\"https:\/\/static.africa-press.net\/cameroun\/sites\/57\/2022\/07\/img-62e449a8c8627.jpg\",\"width\":960,\"height\":720,\"caption\":\"Cameroun-Mise au point : le pr\u00e9fet de la Mvila rejette toute reconnaissance juridique du Rassemblement des frankistes\"},{\"@type\":\"BreadcrumbList\",\"@id\":\"https:\/\/www.africa-press.net\/cameroun\/politique\/cameroun-mise-au-point-le-prefet-de-la-mvila-rejette-toute-reconnaissance-juridique-du-rassemblement-des-frankistes#breadcrumb\",\"itemListElement\":[{\"@type\":\"ListItem\",\"position\":1,\"name\":\"Accueil\",\"item\":\"https:\/\/www.africa-press.net\/cameroun\/\"},{\"@type\":\"ListItem\",\"position\":2,\"name\":\"Cameroun-Mise au point : le pr\u00e9fet de la Mvila rejette toute reconnaissance juridique du Rassemblement des frankistes\"}]},{\"@type\":\"WebSite\",\"@id\":\"https:\/\/www.africa-press.net\/cameroun\/#website\",\"url\":\"https:\/\/www.africa-press.net\/cameroun\/\",\"name\":\"Cameroun\",\"description\":\"Just another Africa News Agency Sites site\",\"potentialAction\":[{\"@type\":\"SearchAction\",\"target\":{\"@type\":\"EntryPoint\",\"urlTemplate\":\"https:\/\/www.africa-press.net\/cameroun\/?s={search_term_string}\"},\"query-input\":{\"@type\":\"PropertyValueSpecification\",\"valueRequired\":true,\"valueName\":\"search_term_string\"}}],\"inLanguage\":\"fr-FR\"},{\"@type\":\"Person\",\"@id\":\"https:\/\/www.africa-press.net\/cameroun\/#\/schema\/person\/2b1cf3cd81a31e3cd26889ca66d677f1\",\"name\":\"cfeditorfr\"}]}<\/script>\n<!-- \/ Yoast SEO Premium plugin. -->","yoast_head_json":{"title":"Cameroun-Mise au point : le pr\u00e9fet de la Mvila rejette toute reconnaissance juridique du Rassemblement des frankistes - Cameroun","description":"L\u2019autorit\u00e9 administrative nie l\u2019existence d\u2019un document l\u00e9galisant l\u2019association d\u00e9nomm\u00e9e Rassemblement r\u00e9publicain des ...","robots":{"index":"index","follow":"follow","max-snippet":"max-snippet:-1","max-image-preview":"max-image-preview:large","max-video-preview":"max-video-preview:-1"},"canonical":"https:\/\/www.africa-press.net\/cameroun\/politique\/cameroun-mise-au-point-le-prefet-de-la-mvila-rejette-toute-reconnaissance-juridique-du-rassemblement-des-frankistes","og_locale":"fr_FR","og_type":"article","og_title":"Cameroun-Mise au point : le pr\u00e9fet de la Mvila rejette toute reconnaissance juridique du Rassemblement des frankistes","og_description":"L\u2019autorit\u00e9 administrative nie l\u2019existence d\u2019un document l\u00e9galisant l\u2019association d\u00e9nomm\u00e9e Rassemblement r\u00e9publicain des ...","og_url":"https:\/\/www.africa-press.net\/cameroun\/politique\/cameroun-mise-au-point-le-prefet-de-la-mvila-rejette-toute-reconnaissance-juridique-du-rassemblement-des-frankistes","og_site_name":"Cameroun","article_published_time":"2022-07-29T18:56:19+00:00","article_modified_time":"2022-07-29T20:57:31+00:00","og_image":[{"width":960,"height":720,"url":"https:\/\/static.africa-press.net\/cameroun\/sites\/57\/2022\/07\/img-62e449a8c8627.jpg","type":"image\/jpeg"}],"author":"cfeditorfr","twitter_card":"summary_large_image","twitter_misc":{"\u00c9crit par":"cfeditorfr","Dur\u00e9e de lecture estim\u00e9e":"2 minutes"},"schema":{"@context":"https:\/\/schema.org","@graph":[{"@type":"Article","@id":"https:\/\/www.africa-press.net\/cameroun\/politique\/cameroun-mise-au-point-le-prefet-de-la-mvila-rejette-toute-reconnaissance-juridique-du-rassemblement-des-frankistes#article","isPartOf":{"@id":"https:\/\/www.africa-press.net\/cameroun\/politique\/cameroun-mise-au-point-le-prefet-de-la-mvila-rejette-toute-reconnaissance-juridique-du-rassemblement-des-frankistes"},"author":{"name":"cfeditorfr","@id":"https:\/\/www.africa-press.net\/cameroun\/#\/schema\/person\/2b1cf3cd81a31e3cd26889ca66d677f1"},"headline":"Cameroun-Mise au point : le pr\u00e9fet de la Mvila rejette toute reconnaissance juridique du Rassemblement des frankistes","datePublished":"2022-07-29T18:56:19+00:00","dateModified":"2022-07-29T20:57:31+00:00","mainEntityOfPage":{"@id":"https:\/\/www.africa-press.net\/cameroun\/politique\/cameroun-mise-au-point-le-prefet-de-la-mvila-rejette-toute-reconnaissance-juridique-du-rassemblement-des-frankistes"},"wordCount":324,"commentCount":0,"image":{"@id":"https:\/\/www.africa-press.net\/cameroun\/politique\/cameroun-mise-au-point-le-prefet-de-la-mvila-rejette-toute-reconnaissance-juridique-du-rassemblement-des-frankistes#primaryimage"},"thumbnailUrl":"https:\/\/static.africa-press.net\/cameroun\/sites\/57\/2022\/07\/img-62e449a8c8627.jpg","keywords":["Africa Press","Africa Press-Cameroun","Cameroun"],"articleSection":["homepage-french","Politique","Toutes les actualit\u00e9s"],"inLanguage":"fr-FR","potentialAction":[{"@type":"CommentAction","name":"Comment","target":["https:\/\/www.africa-press.net\/cameroun\/politique\/cameroun-mise-au-point-le-prefet-de-la-mvila-rejette-toute-reconnaissance-juridique-du-rassemblement-des-frankistes#respond"]}]},{"@type":"WebPage","@id":"https:\/\/www.africa-press.net\/cameroun\/politique\/cameroun-mise-au-point-le-prefet-de-la-mvila-rejette-toute-reconnaissance-juridique-du-rassemblement-des-frankistes","url":"https:\/\/www.africa-press.net\/cameroun\/politique\/cameroun-mise-au-point-le-prefet-de-la-mvila-rejette-toute-reconnaissance-juridique-du-rassemblement-des-frankistes","name":"Cameroun-Mise au point : le pr\u00e9fet de la Mvila rejette toute reconnaissance juridique du Rassemblement des frankistes - Cameroun","isPartOf":{"@id":"https:\/\/www.africa-press.net\/cameroun\/#website"},"primaryImageOfPage":{"@id":"https:\/\/www.africa-press.net\/cameroun\/politique\/cameroun-mise-au-point-le-prefet-de-la-mvila-rejette-toute-reconnaissance-juridique-du-rassemblement-des-frankistes#primaryimage"},"image":{"@id":"https:\/\/www.africa-press.net\/cameroun\/politique\/cameroun-mise-au-point-le-prefet-de-la-mvila-rejette-toute-reconnaissance-juridique-du-rassemblement-des-frankistes#primaryimage"},"thumbnailUrl":"https:\/\/static.africa-press.net\/cameroun\/sites\/57\/2022\/07\/img-62e449a8c8627.jpg","datePublished":"2022-07-29T18:56:19+00:00","dateModified":"2022-07-29T20:57:31+00:00","author":{"@id":"https:\/\/www.africa-press.net\/cameroun\/#\/schema\/person\/2b1cf3cd81a31e3cd26889ca66d677f1"},"description":"L\u2019autorit\u00e9 administrative nie l\u2019existence d\u2019un document l\u00e9galisant l\u2019association d\u00e9nomm\u00e9e Rassemblement r\u00e9publicain des ...","breadcrumb":{"@id":"https:\/\/www.africa-press.net\/cameroun\/politique\/cameroun-mise-au-point-le-prefet-de-la-mvila-rejette-toute-reconnaissance-juridique-du-rassemblement-des-frankistes#breadcrumb"},"inLanguage":"fr-FR","potentialAction":[{"@type":"ReadAction","target":["https:\/\/www.africa-press.net\/cameroun\/politique\/cameroun-mise-au-point-le-prefet-de-la-mvila-rejette-toute-reconnaissance-juridique-du-rassemblement-des-frankistes"]}]},{"@type":"ImageObject","inLanguage":"fr-FR","@id":"https:\/\/www.africa-press.net\/cameroun\/politique\/cameroun-mise-au-point-le-prefet-de-la-mvila-rejette-toute-reconnaissance-juridique-du-rassemblement-des-frankistes#primaryimage","url":"https:\/\/static.africa-press.net\/cameroun\/sites\/57\/2022\/07\/img-62e449a8c8627.jpg","contentUrl":"https:\/\/static.africa-press.net\/cameroun\/sites\/57\/2022\/07\/img-62e449a8c8627.jpg","width":960,"height":720,"caption":"Cameroun-Mise au point : le pr\u00e9fet de la Mvila rejette toute reconnaissance juridique du Rassemblement des frankistes"},{"@type":"BreadcrumbList","@id":"https:\/\/www.africa-press.net\/cameroun\/politique\/cameroun-mise-au-point-le-prefet-de-la-mvila-rejette-toute-reconnaissance-juridique-du-rassemblement-des-frankistes#breadcrumb","itemListElement":[{"@type":"ListItem","position":1,"name":"Accueil","item":"https:\/\/www.africa-press.net\/cameroun\/"},{"@type":"ListItem","position":2,"name":"Cameroun-Mise au point : le pr\u00e9fet de la Mvila rejette toute reconnaissance juridique du Rassemblement des frankistes"}]},{"@type":"WebSite","@id":"https:\/\/www.africa-press.net\/cameroun\/#website","url":"https:\/\/www.africa-press.net\/cameroun\/","name":"Cameroun","description":"Just another Africa News Agency Sites site","potentialAction":[{"@type":"SearchAction","target":{"@type":"EntryPoint","urlTemplate":"https:\/\/www.africa-press.net\/cameroun\/?s={search_term_string}"},"query-input":{"@type":"PropertyValueSpecification","valueRequired":true,"valueName":"search_term_string"}}],"inLanguage":"fr-FR"},{"@type":"Person","@id":"https:\/\/www.africa-press.net\/cameroun\/#\/schema\/person\/2b1cf3cd81a31e3cd26889ca66d677f1","name":"cfeditorfr"}]}},"_links":{"self":[{"href":"https:\/\/www.africa-press.net\/cameroun\/wp-json\/wp\/v2\/posts\/24452","targetHints":{"allow":["GET"]}}],"collection":[{"href":"https:\/\/www.africa-press.net\/cameroun\/wp-json\/wp\/v2\/posts"}],"about":[{"href":"https:\/\/www.africa-press.net\/cameroun\/wp-json\/wp\/v2\/types\/post"}],"author":[{"embeddable":true,"href":"https:\/\/www.africa-press.net\/cameroun\/wp-json\/wp\/v2\/users\/82"}],"replies":[{"embeddable":true,"href":"https:\/\/www.africa-press.net\/cameroun\/wp-json\/wp\/v2\/comments?post=24452"}],"version-history":[{"count":0,"href":"https:\/\/www.africa-press.net\/cameroun\/wp-json\/wp\/v2\/posts\/24452\/revisions"}],"wp:featuredmedia":[{"embeddable":true,"href":"https:\/\/www.africa-press.net\/cameroun\/wp-json\/wp\/v2\/media\/24451"}],"wp:attachment":[{"href":"https:\/\/www.africa-press.net\/cameroun\/wp-json\/wp\/v2\/media?parent=24452"}],"wp:term":[{"taxonomy":"category","embeddable":true,"href":"https:\/\/www.africa-press.net\/cameroun\/wp-json\/wp\/v2\/categories?post=24452"},{"taxonomy":"post_tag","embeddable":true,"href":"https:\/\/www.africa-press.net\/cameroun\/wp-json\/wp\/v2\/tags?post=24452"}],"curies":[{"name":"wp","href":"https:\/\/api.w.org\/{rel}","templated":true}]}}