{"id":24464,"date":"2022-07-29T19:28:00","date_gmt":"2022-07-29T19:28:00","guid":{"rendered":"https:\/\/www.africa-press.net\/cameroun\/politique\/cameroun-les-11-decisions-du-conseil-national-de-la-communication"},"modified":"2022-07-29T20:59:13","modified_gmt":"2022-07-29T20:59:13","slug":"cameroun-les-11-decisions-du-conseil-national-de-la-communication","status":"publish","type":"post","link":"https:\/\/www.africa-press.net\/cameroun\/politique\/cameroun-les-11-decisions-du-conseil-national-de-la-communication","title":{"rendered":"Cameroun : les 11 d\u00e9cisions du Conseil national de la communication"},"content":{"rendered":"<p><span style=\"color: #ff6600\"><strong>Africa-Press &#8211; Cameroun. <\/strong><\/span>A l\u2019occasion de sa 31\u00e8 session extraordinaire du 28 juillet 2022, l\u2019instance en charge de la r\u00e9gulation du secteur de la communication sociale a rendu 11 d\u00e9cisions portant sur les 17 plaintes re\u00e7ues.<\/p>\n<p>Il y avait du pain sur la planche au Conseil national de la communication (Cnc) ce jeudi 28 juillet 2022. L\u2019instance que dirige Joseph Chebongkeng Kalabubse a tenu sa 31\u00e8 session extraordinaire. Au cours des travaux, les membres du conseil ont statu\u00e9 sur 17 plaintes. 11 d\u00e9cisions ont \u00e9t\u00e9 rendues dont 02 non-lieux, un avertissement et 8 suspensions individuelles ou collectives.<\/p>\n<p>Le programme \u00ab Tour d\u2019horizon \u00bb cit\u00e9<\/p>\n<p>En effet, le Conseil suspend les journalistes Bruno Bidjang et Mathieu Berthand Seme Ekong et Thadd\u00e9 Owona de l\u2019exercice de la profession de journaliste pour une dur\u00e9e d\u2019un mois. Ils sont reconnus coupables de manquement \u00e0 l\u2019exigence professionnelle d\u2019investigation et d\u2019\u00e9quilibre dans le traitement de l\u2019information. La sanction est li\u00e9e \u00e0 l\u2019affaire opposant les concern\u00e9s \u00e0 Richard Olivier Mangan. Ce dernier a saisi le Conseil contre \u00ab Vision 4 \u00bb pour des propos offensants tenu contre lui au cours de l\u2019\u00e9mission \u00ab Tour d\u2019horizon \u00bb du 17 mai 2022.<\/p>\n<p>Emeline Mvogo fait tomber des t\u00eates<\/p>\n<p>Dans l\u2019affaire Mvogo Emeline, chef de centre des imp\u00f4ts du Centre I contre la cha\u00eene \u00ab Vision 4 \u00bb, le journaliste Bienvenue Christophe Bia NNama \u00e9cope d\u2019une suspension de deux mois. Le Conseil a jug\u00e9 un reportage de ce dernier d\u2019un style pr\u00e9tendument satirique, contenant des propos insinuant, offensant, injurieux et d\u00e9valorisant \u00e0 l\u2019encontre de Emeline Mvogo. Ledit reportage a \u00e9t\u00e9 diffus\u00e9 au cours de l\u2019\u00e9mission \u00ab Tour d\u2019horizon \u00bb des 16 et 17 mai 2022.<\/p>\n<p>Emeline Mvogo a aussi saisi le Conseil contre l\u2019organe de presse \u00e9crite \u00ab L\u2019information \u00bb, son directeur de publication et son journaliste Vanessa Inelle Kengne. La plaignante les a accus\u00e9s d\u2019avoir publi\u00e9 dans le N\u00b0044 de propos pr\u00e9tendument non fond\u00e9s de nature \u00e0 porter atteinte \u00e0 son image. Le directeur de publication est suspendu de l\u2019exercice de la profession et de sa fonction pour une dur\u00e9e d\u2019un mois pour d\u00e9faut d\u2019encadrement de son personnel. La journaliste quant \u00e0 elle est suspendue de l\u2019exercice de la profession au Cameroun pour insuffisance professionnelle.<\/p>\n<p>Sept journaux tr\u00e9buchent face \u00e0 Maurice Kamto<\/p>\n<p>Le Cnc a suspendu les directeurs de publication des organes de presse d\u00e9nomm\u00e9s \u00ab L\u2019expression \u00bb, \u00ab La R\u00e9publique \u00bb, \u00ab L\u2019\u00e9lite \u00bb, \u00ab Le PELICAN \u00bb, \u00ab PERSPECTIVES d\u2019Afrique \u00bb, \u00ab Le Quotidien \u00bb, \u00ab Le National \u00bb de l\u2019exercice de leurs fonctions et de la profession pour une dur\u00e9e d\u2019un mois. Ils ont manqu\u00e9 aux exigences professionnelles d\u2019investigation et d\u2019\u00e9quilibre de l\u2019information. Maurice Kamto a accus\u00e9 lesdits organes d\u2019avoir pr\u00e9sent\u00e9 le Mrc comme conspirateur visant \u00e0 d\u00e9stabiliser le Cameroun.<\/p>\n<p>Un d\u00e9put\u00e9 met les DP en difficult\u00e9<\/p>\n<p>Dans une autre affaire les opposant au d\u00e9put\u00e9 Gabriel Nkoah Songo, les directeurs de publication des journaux \u00ab Le National \u00bb et \u00ab L\u2019expression \u00bb \u00e9copent encore d\u2019une suspension de l\u2019exercice de leur fonction et de la profession pour une dur\u00e9e de deux moi. \u00ab Le National \u00bb et \u00ab L\u2019expression \u00bb quant \u00e0 eux sont suspendus pour un mois.<\/p>\n<p>Par ailleurs, le journaliste Sismondi Barlev Bidjocka \u00e9cope d\u2019une suspension de sa fonction de directeur de publication de \u00ab Ris radio \u00bb et de l\u2019exercice de la profession de journaliste pour une dur\u00e9e de trois mois. Il lui est reproch\u00e9 la diffusion de propos se rapportant \u00e0 une sc\u00e8ne obsc\u00e8ne.<\/p>\n<p>Dans une affaire l\u2019opposant \u00e0 Martnez Zogo, chef de cha\u00eene de la radio \u00ab Amplitude FM \u00bb, le journaliste Saint Cl\u00e9ment Olama Omgba \u00e9cope d\u2019une suspension d\u2019un mois, pour propos offensants et d\u00e9gradants \u00e0 l\u2019encontre du plaignant.<\/p>\n<p>Le journaliste Saint Cl\u00e9ment Olama Omgba a re\u00e7u un avertissement dans l\u2019affaire l\u2019opposant \u00e0 Mbombog Mbog Matip Emmanuel.<\/p>\n<p>Le Conseil a prononc\u00e9 deux non-lieux. Un dans l\u2019affaire Ahmadou Sardouna, directeur de la Soci\u00e9t\u00e9 immobili\u00e8re du Cameroun contre \u00ab Direct info) et son directeur de publication. L\u2019autre dans l\u2019affaire Deffosokeng Jean Collins contre Royal FM et le journaliste Ren\u00e9 Francis Ngogang.<\/p>\n<p><strong>Pour plus d&rsquo;informations et d&rsquo;analyses sur la <a href=\"https:\/\/www.africa-press.net\/cameroun\">Cameroun<\/a>, suivez <a href=\"https:\/\/www.africa-press.net\/\">Africa-Press<\/a><\/strong><\/p>\n","protected":false},"excerpt":{"rendered":"<p>Africa-Press &#8211; Cameroun. A l\u2019occasion de sa 31\u00e8 session extraordinaire du 28 juillet 2022, l\u2019instance en charge de la r\u00e9gulation du secteur de la communication sociale a rendu 11 d\u00e9cisions portant sur les 17 plaintes re\u00e7ues. Il y avait du pain sur la planche au Conseil national de la communication (Cnc) ce jeudi 28 juillet [&hellip;]<\/p>\n","protected":false},"author":82,"featured_media":24463,"comment_status":"open","ping_status":"closed","sticky":false,"template":"","format":"standard","meta":{"footnotes":""},"categories":[11,2,10],"tags":[36,50,49],"class_list":["post-24464","post","type-post","status-publish","format-standard","has-post-thumbnail","hentry","category-homepage-french","category-politique","category-toutes-les-actualites","tag-africa-press","tag-africa-press-cameroun","tag-cameroun"],"yoast_head":"<!-- This site is optimized with the Yoast SEO Premium plugin v26.1 (Yoast SEO v27.0) - https:\/\/yoast.com\/product\/yoast-seo-premium-wordpress\/ -->\n<title>Cameroun : les 11 d\u00e9cisions du Conseil national de la communication - Cameroun<\/title>\n<meta name=\"description\" content=\"A l\u2019occasion de sa 31\u00e8 session extraordinaire du 28 juillet 2022, l\u2019instance en charge de la r\u00e9gulation du secteur de la ...\" \/>\n<meta name=\"robots\" content=\"index, follow, max-snippet:-1, max-image-preview:large, max-video-preview:-1\" \/>\n<link rel=\"canonical\" href=\"https:\/\/www.africa-press.net\/cameroun\/politique\/cameroun-les-11-decisions-du-conseil-national-de-la-communication\" \/>\n<meta property=\"og:locale\" content=\"fr_FR\" \/>\n<meta property=\"og:type\" content=\"article\" \/>\n<meta property=\"og:title\" content=\"Cameroun : les 11 d\u00e9cisions du Conseil national de la communication\" \/>\n<meta property=\"og:description\" content=\"A l\u2019occasion de sa 31\u00e8 session extraordinaire du 28 juillet 2022, l\u2019instance en charge de la r\u00e9gulation du secteur de la ...\" \/>\n<meta property=\"og:url\" content=\"https:\/\/www.africa-press.net\/cameroun\/politique\/cameroun-les-11-decisions-du-conseil-national-de-la-communication\" \/>\n<meta property=\"og:site_name\" content=\"Cameroun\" \/>\n<meta property=\"article:published_time\" content=\"2022-07-29T19:28:00+00:00\" \/>\n<meta property=\"article:modified_time\" content=\"2022-07-29T20:59:13+00:00\" \/>\n<meta property=\"og:image\" content=\"https:\/\/static.africa-press.net\/cameroun\/sites\/57\/2022\/07\/img-62e44a0f5b852.jpg\" \/>\n\t<meta property=\"og:image:width\" content=\"720\" \/>\n\t<meta property=\"og:image:height\" content=\"405\" \/>\n\t<meta property=\"og:image:type\" content=\"image\/jpeg\" \/>\n<meta name=\"author\" content=\"cfeditorfr\" \/>\n<meta name=\"twitter:card\" content=\"summary_large_image\" \/>\n<meta name=\"twitter:label1\" content=\"\u00c9crit par\" \/>\n\t<meta name=\"twitter:data1\" content=\"cfeditorfr\" \/>\n\t<meta name=\"twitter:label2\" content=\"Dur\u00e9e de lecture estim\u00e9e\" \/>\n\t<meta name=\"twitter:data2\" content=\"4 minutes\" \/>\n<script type=\"application\/ld+json\" class=\"yoast-schema-graph\">{\"@context\":\"https:\/\/schema.org\",\"@graph\":[{\"@type\":\"Article\",\"@id\":\"https:\/\/www.africa-press.net\/cameroun\/politique\/cameroun-les-11-decisions-du-conseil-national-de-la-communication#article\",\"isPartOf\":{\"@id\":\"https:\/\/www.africa-press.net\/cameroun\/politique\/cameroun-les-11-decisions-du-conseil-national-de-la-communication\"},\"author\":{\"name\":\"cfeditorfr\",\"@id\":\"https:\/\/www.africa-press.net\/cameroun\/#\/schema\/person\/2b1cf3cd81a31e3cd26889ca66d677f1\"},\"headline\":\"Cameroun : les 11 d\u00e9cisions du Conseil national de la communication\",\"datePublished\":\"2022-07-29T19:28:00+00:00\",\"dateModified\":\"2022-07-29T20:59:13+00:00\",\"mainEntityOfPage\":{\"@id\":\"https:\/\/www.africa-press.net\/cameroun\/politique\/cameroun-les-11-decisions-du-conseil-national-de-la-communication\"},\"wordCount\":705,\"commentCount\":0,\"image\":{\"@id\":\"https:\/\/www.africa-press.net\/cameroun\/politique\/cameroun-les-11-decisions-du-conseil-national-de-la-communication#primaryimage\"},\"thumbnailUrl\":\"https:\/\/static.africa-press.net\/cameroun\/sites\/57\/2022\/07\/img-62e44a0f5b852.jpg\",\"keywords\":[\"Africa Press\",\"Africa Press-Cameroun\",\"Cameroun\"],\"articleSection\":[\"homepage-french\",\"Politique\",\"Toutes les actualit\u00e9s\"],\"inLanguage\":\"fr-FR\",\"potentialAction\":[{\"@type\":\"CommentAction\",\"name\":\"Comment\",\"target\":[\"https:\/\/www.africa-press.net\/cameroun\/politique\/cameroun-les-11-decisions-du-conseil-national-de-la-communication#respond\"]}]},{\"@type\":\"WebPage\",\"@id\":\"https:\/\/www.africa-press.net\/cameroun\/politique\/cameroun-les-11-decisions-du-conseil-national-de-la-communication\",\"url\":\"https:\/\/www.africa-press.net\/cameroun\/politique\/cameroun-les-11-decisions-du-conseil-national-de-la-communication\",\"name\":\"Cameroun : les 11 d\u00e9cisions du Conseil national de la communication - Cameroun\",\"isPartOf\":{\"@id\":\"https:\/\/www.africa-press.net\/cameroun\/#website\"},\"primaryImageOfPage\":{\"@id\":\"https:\/\/www.africa-press.net\/cameroun\/politique\/cameroun-les-11-decisions-du-conseil-national-de-la-communication#primaryimage\"},\"image\":{\"@id\":\"https:\/\/www.africa-press.net\/cameroun\/politique\/cameroun-les-11-decisions-du-conseil-national-de-la-communication#primaryimage\"},\"thumbnailUrl\":\"https:\/\/static.africa-press.net\/cameroun\/sites\/57\/2022\/07\/img-62e44a0f5b852.jpg\",\"datePublished\":\"2022-07-29T19:28:00+00:00\",\"dateModified\":\"2022-07-29T20:59:13+00:00\",\"author\":{\"@id\":\"https:\/\/www.africa-press.net\/cameroun\/#\/schema\/person\/2b1cf3cd81a31e3cd26889ca66d677f1\"},\"description\":\"A l\u2019occasion de sa 31\u00e8 session extraordinaire du 28 juillet 2022, l\u2019instance en charge de la r\u00e9gulation du secteur de la ...\",\"breadcrumb\":{\"@id\":\"https:\/\/www.africa-press.net\/cameroun\/politique\/cameroun-les-11-decisions-du-conseil-national-de-la-communication#breadcrumb\"},\"inLanguage\":\"fr-FR\",\"potentialAction\":[{\"@type\":\"ReadAction\",\"target\":[\"https:\/\/www.africa-press.net\/cameroun\/politique\/cameroun-les-11-decisions-du-conseil-national-de-la-communication\"]}]},{\"@type\":\"ImageObject\",\"inLanguage\":\"fr-FR\",\"@id\":\"https:\/\/www.africa-press.net\/cameroun\/politique\/cameroun-les-11-decisions-du-conseil-national-de-la-communication#primaryimage\",\"url\":\"https:\/\/static.africa-press.net\/cameroun\/sites\/57\/2022\/07\/img-62e44a0f5b852.jpg\",\"contentUrl\":\"https:\/\/static.africa-press.net\/cameroun\/sites\/57\/2022\/07\/img-62e44a0f5b852.jpg\",\"width\":720,\"height\":405,\"caption\":\"Cameroun : les 11 d\u00e9cisions du Conseil national de la communication\"},{\"@type\":\"BreadcrumbList\",\"@id\":\"https:\/\/www.africa-press.net\/cameroun\/politique\/cameroun-les-11-decisions-du-conseil-national-de-la-communication#breadcrumb\",\"itemListElement\":[{\"@type\":\"ListItem\",\"position\":1,\"name\":\"Accueil\",\"item\":\"https:\/\/www.africa-press.net\/cameroun\/\"},{\"@type\":\"ListItem\",\"position\":2,\"name\":\"Cameroun : les 11 d\u00e9cisions du Conseil national de la communication\"}]},{\"@type\":\"WebSite\",\"@id\":\"https:\/\/www.africa-press.net\/cameroun\/#website\",\"url\":\"https:\/\/www.africa-press.net\/cameroun\/\",\"name\":\"Cameroun\",\"description\":\"Just another Africa News Agency Sites site\",\"potentialAction\":[{\"@type\":\"SearchAction\",\"target\":{\"@type\":\"EntryPoint\",\"urlTemplate\":\"https:\/\/www.africa-press.net\/cameroun\/?s={search_term_string}\"},\"query-input\":{\"@type\":\"PropertyValueSpecification\",\"valueRequired\":true,\"valueName\":\"search_term_string\"}}],\"inLanguage\":\"fr-FR\"},{\"@type\":\"Person\",\"@id\":\"https:\/\/www.africa-press.net\/cameroun\/#\/schema\/person\/2b1cf3cd81a31e3cd26889ca66d677f1\",\"name\":\"cfeditorfr\"}]}<\/script>\n<!-- \/ Yoast SEO Premium plugin. -->","yoast_head_json":{"title":"Cameroun : les 11 d\u00e9cisions du Conseil national de la communication - Cameroun","description":"A l\u2019occasion de sa 31\u00e8 session extraordinaire du 28 juillet 2022, l\u2019instance en charge de la r\u00e9gulation du secteur de la ...","robots":{"index":"index","follow":"follow","max-snippet":"max-snippet:-1","max-image-preview":"max-image-preview:large","max-video-preview":"max-video-preview:-1"},"canonical":"https:\/\/www.africa-press.net\/cameroun\/politique\/cameroun-les-11-decisions-du-conseil-national-de-la-communication","og_locale":"fr_FR","og_type":"article","og_title":"Cameroun : les 11 d\u00e9cisions du Conseil national de la communication","og_description":"A l\u2019occasion de sa 31\u00e8 session extraordinaire du 28 juillet 2022, l\u2019instance en charge de la r\u00e9gulation du secteur de la ...","og_url":"https:\/\/www.africa-press.net\/cameroun\/politique\/cameroun-les-11-decisions-du-conseil-national-de-la-communication","og_site_name":"Cameroun","article_published_time":"2022-07-29T19:28:00+00:00","article_modified_time":"2022-07-29T20:59:13+00:00","og_image":[{"width":720,"height":405,"url":"https:\/\/static.africa-press.net\/cameroun\/sites\/57\/2022\/07\/img-62e44a0f5b852.jpg","type":"image\/jpeg"}],"author":"cfeditorfr","twitter_card":"summary_large_image","twitter_misc":{"\u00c9crit par":"cfeditorfr","Dur\u00e9e de lecture estim\u00e9e":"4 minutes"},"schema":{"@context":"https:\/\/schema.org","@graph":[{"@type":"Article","@id":"https:\/\/www.africa-press.net\/cameroun\/politique\/cameroun-les-11-decisions-du-conseil-national-de-la-communication#article","isPartOf":{"@id":"https:\/\/www.africa-press.net\/cameroun\/politique\/cameroun-les-11-decisions-du-conseil-national-de-la-communication"},"author":{"name":"cfeditorfr","@id":"https:\/\/www.africa-press.net\/cameroun\/#\/schema\/person\/2b1cf3cd81a31e3cd26889ca66d677f1"},"headline":"Cameroun : les 11 d\u00e9cisions du Conseil national de la communication","datePublished":"2022-07-29T19:28:00+00:00","dateModified":"2022-07-29T20:59:13+00:00","mainEntityOfPage":{"@id":"https:\/\/www.africa-press.net\/cameroun\/politique\/cameroun-les-11-decisions-du-conseil-national-de-la-communication"},"wordCount":705,"commentCount":0,"image":{"@id":"https:\/\/www.africa-press.net\/cameroun\/politique\/cameroun-les-11-decisions-du-conseil-national-de-la-communication#primaryimage"},"thumbnailUrl":"https:\/\/static.africa-press.net\/cameroun\/sites\/57\/2022\/07\/img-62e44a0f5b852.jpg","keywords":["Africa Press","Africa Press-Cameroun","Cameroun"],"articleSection":["homepage-french","Politique","Toutes les actualit\u00e9s"],"inLanguage":"fr-FR","potentialAction":[{"@type":"CommentAction","name":"Comment","target":["https:\/\/www.africa-press.net\/cameroun\/politique\/cameroun-les-11-decisions-du-conseil-national-de-la-communication#respond"]}]},{"@type":"WebPage","@id":"https:\/\/www.africa-press.net\/cameroun\/politique\/cameroun-les-11-decisions-du-conseil-national-de-la-communication","url":"https:\/\/www.africa-press.net\/cameroun\/politique\/cameroun-les-11-decisions-du-conseil-national-de-la-communication","name":"Cameroun : les 11 d\u00e9cisions du Conseil national de la communication - Cameroun","isPartOf":{"@id":"https:\/\/www.africa-press.net\/cameroun\/#website"},"primaryImageOfPage":{"@id":"https:\/\/www.africa-press.net\/cameroun\/politique\/cameroun-les-11-decisions-du-conseil-national-de-la-communication#primaryimage"},"image":{"@id":"https:\/\/www.africa-press.net\/cameroun\/politique\/cameroun-les-11-decisions-du-conseil-national-de-la-communication#primaryimage"},"thumbnailUrl":"https:\/\/static.africa-press.net\/cameroun\/sites\/57\/2022\/07\/img-62e44a0f5b852.jpg","datePublished":"2022-07-29T19:28:00+00:00","dateModified":"2022-07-29T20:59:13+00:00","author":{"@id":"https:\/\/www.africa-press.net\/cameroun\/#\/schema\/person\/2b1cf3cd81a31e3cd26889ca66d677f1"},"description":"A l\u2019occasion de sa 31\u00e8 session extraordinaire du 28 juillet 2022, l\u2019instance en charge de la r\u00e9gulation du secteur de la ...","breadcrumb":{"@id":"https:\/\/www.africa-press.net\/cameroun\/politique\/cameroun-les-11-decisions-du-conseil-national-de-la-communication#breadcrumb"},"inLanguage":"fr-FR","potentialAction":[{"@type":"ReadAction","target":["https:\/\/www.africa-press.net\/cameroun\/politique\/cameroun-les-11-decisions-du-conseil-national-de-la-communication"]}]},{"@type":"ImageObject","inLanguage":"fr-FR","@id":"https:\/\/www.africa-press.net\/cameroun\/politique\/cameroun-les-11-decisions-du-conseil-national-de-la-communication#primaryimage","url":"https:\/\/static.africa-press.net\/cameroun\/sites\/57\/2022\/07\/img-62e44a0f5b852.jpg","contentUrl":"https:\/\/static.africa-press.net\/cameroun\/sites\/57\/2022\/07\/img-62e44a0f5b852.jpg","width":720,"height":405,"caption":"Cameroun : les 11 d\u00e9cisions du Conseil national de la communication"},{"@type":"BreadcrumbList","@id":"https:\/\/www.africa-press.net\/cameroun\/politique\/cameroun-les-11-decisions-du-conseil-national-de-la-communication#breadcrumb","itemListElement":[{"@type":"ListItem","position":1,"name":"Accueil","item":"https:\/\/www.africa-press.net\/cameroun\/"},{"@type":"ListItem","position":2,"name":"Cameroun : les 11 d\u00e9cisions du Conseil national de la communication"}]},{"@type":"WebSite","@id":"https:\/\/www.africa-press.net\/cameroun\/#website","url":"https:\/\/www.africa-press.net\/cameroun\/","name":"Cameroun","description":"Just another Africa News Agency Sites site","potentialAction":[{"@type":"SearchAction","target":{"@type":"EntryPoint","urlTemplate":"https:\/\/www.africa-press.net\/cameroun\/?s={search_term_string}"},"query-input":{"@type":"PropertyValueSpecification","valueRequired":true,"valueName":"search_term_string"}}],"inLanguage":"fr-FR"},{"@type":"Person","@id":"https:\/\/www.africa-press.net\/cameroun\/#\/schema\/person\/2b1cf3cd81a31e3cd26889ca66d677f1","name":"cfeditorfr"}]}},"_links":{"self":[{"href":"https:\/\/www.africa-press.net\/cameroun\/wp-json\/wp\/v2\/posts\/24464","targetHints":{"allow":["GET"]}}],"collection":[{"href":"https:\/\/www.africa-press.net\/cameroun\/wp-json\/wp\/v2\/posts"}],"about":[{"href":"https:\/\/www.africa-press.net\/cameroun\/wp-json\/wp\/v2\/types\/post"}],"author":[{"embeddable":true,"href":"https:\/\/www.africa-press.net\/cameroun\/wp-json\/wp\/v2\/users\/82"}],"replies":[{"embeddable":true,"href":"https:\/\/www.africa-press.net\/cameroun\/wp-json\/wp\/v2\/comments?post=24464"}],"version-history":[{"count":0,"href":"https:\/\/www.africa-press.net\/cameroun\/wp-json\/wp\/v2\/posts\/24464\/revisions"}],"wp:featuredmedia":[{"embeddable":true,"href":"https:\/\/www.africa-press.net\/cameroun\/wp-json\/wp\/v2\/media\/24463"}],"wp:attachment":[{"href":"https:\/\/www.africa-press.net\/cameroun\/wp-json\/wp\/v2\/media?parent=24464"}],"wp:term":[{"taxonomy":"category","embeddable":true,"href":"https:\/\/www.africa-press.net\/cameroun\/wp-json\/wp\/v2\/categories?post=24464"},{"taxonomy":"post_tag","embeddable":true,"href":"https:\/\/www.africa-press.net\/cameroun\/wp-json\/wp\/v2\/tags?post=24464"}],"curies":[{"name":"wp","href":"https:\/\/api.w.org\/{rel}","templated":true}]}}