{"id":24473,"date":"2022-07-29T19:47:15","date_gmt":"2022-07-29T19:47:15","guid":{"rendered":"https:\/\/www.africa-press.net\/cameroun\/politique\/au-cameroun-les-travailleurs-demandent-la-revision-de-9-conventions-collectives-pour-ameliorer-leurs-conditions"},"modified":"2022-07-29T21:00:27","modified_gmt":"2022-07-29T21:00:27","slug":"au-cameroun-les-travailleurs-demandent-la-revision-de-9-conventions-collectives-pour-ameliorer-leurs-conditions","status":"publish","type":"post","link":"https:\/\/www.africa-press.net\/cameroun\/economie\/au-cameroun-les-travailleurs-demandent-la-revision-de-9-conventions-collectives-pour-ameliorer-leurs-conditions","title":{"rendered":"Au Cameroun, les travailleurs demandent la r\u00e9vision de 9 conventions collectives pour am\u00e9liorer leurs conditions"},"content":{"rendered":"<p><span style=\"color: #ff6600\"><strong>Africa-Press &#8211; Cameroun. <\/strong><\/span>Investir au Cameroun) &#8211; Selon le ministre camerounais de Travail et de la S\u00e9curit\u00e9 sociale, Gr\u00e9goire Owona (photo), son d\u00e9partement minist\u00e9riel a \u00e9t\u00e9 saisi de demandes en vue de la r\u00e9vision de neuf conventions collectives. A en croire le membre du gouvernement, certaines r\u00e9visions sont d\u2019ailleurs finalis\u00e9es, tandis que d\u2019autres sont en cours de n\u00e9gociation.<\/p>\n<p>\u00ab\u2009L\u2019administration du Travail remplira sa mission dans cette d\u00e9marche, en exhortant les parties prenantes \u00e0 privil\u00e9gier le dialogue social dans le souci de parvenir de mani\u00e8re concert\u00e9e \u00e0 des am\u00e9liorations dans le monde professionnel\u2009\u00bb, a promis le ministre Owona.<\/p>\n<p>Les secteurs concern\u00e9s sont les t\u00e9l\u00e9communications, l\u2019agriculture, le secteur des produits pharmaceutiques, des assurances, de la microfinance, des industries de transformation, des hydrocarbures, ainsi que les entreprises Orange Cameroun et Campost, l\u2019op\u00e9rateur postal public.<\/p>\n<p>Les requ\u00eates en vue de la r\u00e9vision des conventions collectives des secteurs et entreprises su-mentionn\u00e9s, apprend-on, ont pour but d\u2019am\u00e9liorer les conditions de travail des employ\u00e9s et renforcer la notion de travail d\u00e9cent dans les secteurs et entreprises concern\u00e9es.<\/p>\n<p>Pour rappel, la convention collective de travail, qui peut \u00eatre nationale ou d\u2019entreprise, est un accord ayant pour objet de r\u00e9gler les rapports professionnels entre les employeurs et les travailleurs, soit d\u2019une entreprise ou d\u2019un groupe d\u2019entreprises, soit d\u2019une ou plusieurs branches d\u2019activit\u00e9s. Cet accord est conclu entre, d\u2019un c\u00f4t\u00e9, les repr\u00e9sentants d\u2019un ou plusieurs syndicats de travailleurs et de l\u2019autre, les repr\u00e9sentants d\u2019une ou plusieurs organisations syndicales d\u2019employeurs.<\/p>\n<p>BRM<\/p>\n<p><strong>Pour plus d&rsquo;informations et d&rsquo;analyses sur la <a href=\"https:\/\/www.africa-press.net\/cameroun\">Cameroun<\/a>, suivez <a href=\"https:\/\/www.africa-press.net\/\">Africa-Press<\/a><\/strong><\/p>\n","protected":false},"excerpt":{"rendered":"<p>Africa-Press &#8211; Cameroun. Investir au Cameroun) &#8211; Selon le ministre camerounais de Travail et de la S\u00e9curit\u00e9 sociale, Gr\u00e9goire Owona (photo), son d\u00e9partement minist\u00e9riel a \u00e9t\u00e9 saisi de demandes en vue de la r\u00e9vision de neuf conventions collectives. A en croire le membre du gouvernement, certaines r\u00e9visions sont d\u2019ailleurs finalis\u00e9es, tandis que d\u2019autres sont en [&hellip;]<\/p>\n","protected":false},"author":82,"featured_media":24472,"comment_status":"open","ping_status":"closed","sticky":false,"template":"","format":"standard","meta":{"footnotes":""},"categories":[3,11,10],"tags":[36,50,49],"class_list":["post-24473","post","type-post","status-publish","format-standard","has-post-thumbnail","hentry","category-economie","category-homepage-french","category-toutes-les-actualites","tag-africa-press","tag-africa-press-cameroun","tag-cameroun"],"yoast_head":"<!-- This site is optimized with the Yoast SEO Premium plugin v26.1 (Yoast SEO v27.0) - https:\/\/yoast.com\/product\/yoast-seo-premium-wordpress\/ -->\n<title>Au Cameroun, les travailleurs demandent la r\u00e9vision de 9 conventions collectives pour am\u00e9liorer leurs conditions - Cameroun<\/title>\n<meta name=\"description\" content=\"Investir au Cameroun) - Selon le ministre camerounais de Travail et de la S\u00e9curit\u00e9 sociale, Gr\u00e9goire Owona (photo), son ...\" \/>\n<meta name=\"robots\" content=\"index, follow, max-snippet:-1, max-image-preview:large, max-video-preview:-1\" \/>\n<link rel=\"canonical\" href=\"https:\/\/www.africa-press.net\/cameroun\/economie\/au-cameroun-les-travailleurs-demandent-la-revision-de-9-conventions-collectives-pour-ameliorer-leurs-conditions\" \/>\n<meta property=\"og:locale\" content=\"fr_FR\" \/>\n<meta property=\"og:type\" content=\"article\" \/>\n<meta property=\"og:title\" content=\"Au Cameroun, les travailleurs demandent la r\u00e9vision de 9 conventions collectives pour am\u00e9liorer leurs conditions\" \/>\n<meta property=\"og:description\" content=\"Investir au Cameroun) - Selon le ministre camerounais de Travail et de la S\u00e9curit\u00e9 sociale, Gr\u00e9goire Owona (photo), son ...\" \/>\n<meta property=\"og:url\" content=\"https:\/\/www.africa-press.net\/cameroun\/economie\/au-cameroun-les-travailleurs-demandent-la-revision-de-9-conventions-collectives-pour-ameliorer-leurs-conditions\" \/>\n<meta property=\"og:site_name\" content=\"Cameroun\" \/>\n<meta property=\"article:published_time\" content=\"2022-07-29T19:47:15+00:00\" \/>\n<meta property=\"article:modified_time\" content=\"2022-07-29T21:00:27+00:00\" \/>\n<meta property=\"og:image\" content=\"https:\/\/static.africa-press.net\/cameroun\/sites\/57\/2022\/07\/img-62e44a58cf1bf.jpg\" \/>\n\t<meta property=\"og:image:width\" content=\"720\" \/>\n\t<meta property=\"og:image:height\" content=\"512\" \/>\n\t<meta property=\"og:image:type\" content=\"image\/jpeg\" \/>\n<meta name=\"author\" content=\"cfeditorfr\" \/>\n<meta name=\"twitter:card\" content=\"summary_large_image\" \/>\n<meta name=\"twitter:label1\" content=\"\u00c9crit par\" \/>\n\t<meta name=\"twitter:data1\" content=\"cfeditorfr\" \/>\n\t<meta name=\"twitter:label2\" content=\"Dur\u00e9e de lecture estim\u00e9e\" \/>\n\t<meta name=\"twitter:data2\" content=\"2 minutes\" \/>\n<script type=\"application\/ld+json\" class=\"yoast-schema-graph\">{\"@context\":\"https:\/\/schema.org\",\"@graph\":[{\"@type\":\"Article\",\"@id\":\"https:\/\/www.africa-press.net\/cameroun\/economie\/au-cameroun-les-travailleurs-demandent-la-revision-de-9-conventions-collectives-pour-ameliorer-leurs-conditions#article\",\"isPartOf\":{\"@id\":\"https:\/\/www.africa-press.net\/cameroun\/economie\/au-cameroun-les-travailleurs-demandent-la-revision-de-9-conventions-collectives-pour-ameliorer-leurs-conditions\"},\"author\":{\"name\":\"cfeditorfr\",\"@id\":\"https:\/\/www.africa-press.net\/cameroun\/#\/schema\/person\/2b1cf3cd81a31e3cd26889ca66d677f1\"},\"headline\":\"Au Cameroun, les travailleurs demandent la r\u00e9vision de 9 conventions collectives pour am\u00e9liorer leurs conditions\",\"datePublished\":\"2022-07-29T19:47:15+00:00\",\"dateModified\":\"2022-07-29T21:00:27+00:00\",\"mainEntityOfPage\":{\"@id\":\"https:\/\/www.africa-press.net\/cameroun\/economie\/au-cameroun-les-travailleurs-demandent-la-revision-de-9-conventions-collectives-pour-ameliorer-leurs-conditions\"},\"wordCount\":312,\"commentCount\":0,\"image\":{\"@id\":\"https:\/\/www.africa-press.net\/cameroun\/economie\/au-cameroun-les-travailleurs-demandent-la-revision-de-9-conventions-collectives-pour-ameliorer-leurs-conditions#primaryimage\"},\"thumbnailUrl\":\"https:\/\/static.africa-press.net\/cameroun\/sites\/57\/2022\/07\/img-62e44a58cf1bf.jpg\",\"keywords\":[\"Africa Press\",\"Africa Press-Cameroun\",\"Cameroun\"],\"articleSection\":[\"\u00c9conomie\",\"homepage-french\",\"Toutes les actualit\u00e9s\"],\"inLanguage\":\"fr-FR\",\"potentialAction\":[{\"@type\":\"CommentAction\",\"name\":\"Comment\",\"target\":[\"https:\/\/www.africa-press.net\/cameroun\/economie\/au-cameroun-les-travailleurs-demandent-la-revision-de-9-conventions-collectives-pour-ameliorer-leurs-conditions#respond\"]}]},{\"@type\":\"WebPage\",\"@id\":\"https:\/\/www.africa-press.net\/cameroun\/economie\/au-cameroun-les-travailleurs-demandent-la-revision-de-9-conventions-collectives-pour-ameliorer-leurs-conditions\",\"url\":\"https:\/\/www.africa-press.net\/cameroun\/economie\/au-cameroun-les-travailleurs-demandent-la-revision-de-9-conventions-collectives-pour-ameliorer-leurs-conditions\",\"name\":\"Au Cameroun, les travailleurs demandent la r\u00e9vision de 9 conventions collectives pour am\u00e9liorer leurs conditions - Cameroun\",\"isPartOf\":{\"@id\":\"https:\/\/www.africa-press.net\/cameroun\/#website\"},\"primaryImageOfPage\":{\"@id\":\"https:\/\/www.africa-press.net\/cameroun\/economie\/au-cameroun-les-travailleurs-demandent-la-revision-de-9-conventions-collectives-pour-ameliorer-leurs-conditions#primaryimage\"},\"image\":{\"@id\":\"https:\/\/www.africa-press.net\/cameroun\/economie\/au-cameroun-les-travailleurs-demandent-la-revision-de-9-conventions-collectives-pour-ameliorer-leurs-conditions#primaryimage\"},\"thumbnailUrl\":\"https:\/\/static.africa-press.net\/cameroun\/sites\/57\/2022\/07\/img-62e44a58cf1bf.jpg\",\"datePublished\":\"2022-07-29T19:47:15+00:00\",\"dateModified\":\"2022-07-29T21:00:27+00:00\",\"author\":{\"@id\":\"https:\/\/www.africa-press.net\/cameroun\/#\/schema\/person\/2b1cf3cd81a31e3cd26889ca66d677f1\"},\"description\":\"Investir au Cameroun) - Selon le ministre camerounais de Travail et de la S\u00e9curit\u00e9 sociale, Gr\u00e9goire Owona (photo), son ...\",\"breadcrumb\":{\"@id\":\"https:\/\/www.africa-press.net\/cameroun\/economie\/au-cameroun-les-travailleurs-demandent-la-revision-de-9-conventions-collectives-pour-ameliorer-leurs-conditions#breadcrumb\"},\"inLanguage\":\"fr-FR\",\"potentialAction\":[{\"@type\":\"ReadAction\",\"target\":[\"https:\/\/www.africa-press.net\/cameroun\/economie\/au-cameroun-les-travailleurs-demandent-la-revision-de-9-conventions-collectives-pour-ameliorer-leurs-conditions\"]}]},{\"@type\":\"ImageObject\",\"inLanguage\":\"fr-FR\",\"@id\":\"https:\/\/www.africa-press.net\/cameroun\/economie\/au-cameroun-les-travailleurs-demandent-la-revision-de-9-conventions-collectives-pour-ameliorer-leurs-conditions#primaryimage\",\"url\":\"https:\/\/static.africa-press.net\/cameroun\/sites\/57\/2022\/07\/img-62e44a58cf1bf.jpg\",\"contentUrl\":\"https:\/\/static.africa-press.net\/cameroun\/sites\/57\/2022\/07\/img-62e44a58cf1bf.jpg\",\"width\":720,\"height\":512,\"caption\":\"Au Cameroun, les travailleurs demandent la r\u00e9vision de 9 conventions collectives pour am\u00e9liorer leurs conditions\"},{\"@type\":\"BreadcrumbList\",\"@id\":\"https:\/\/www.africa-press.net\/cameroun\/economie\/au-cameroun-les-travailleurs-demandent-la-revision-de-9-conventions-collectives-pour-ameliorer-leurs-conditions#breadcrumb\",\"itemListElement\":[{\"@type\":\"ListItem\",\"position\":1,\"name\":\"Accueil\",\"item\":\"https:\/\/www.africa-press.net\/cameroun\/\"},{\"@type\":\"ListItem\",\"position\":2,\"name\":\"Au Cameroun, les travailleurs demandent la r\u00e9vision de 9 conventions collectives pour am\u00e9liorer leurs conditions\"}]},{\"@type\":\"WebSite\",\"@id\":\"https:\/\/www.africa-press.net\/cameroun\/#website\",\"url\":\"https:\/\/www.africa-press.net\/cameroun\/\",\"name\":\"Cameroun\",\"description\":\"Just another Africa News Agency Sites site\",\"potentialAction\":[{\"@type\":\"SearchAction\",\"target\":{\"@type\":\"EntryPoint\",\"urlTemplate\":\"https:\/\/www.africa-press.net\/cameroun\/?s={search_term_string}\"},\"query-input\":{\"@type\":\"PropertyValueSpecification\",\"valueRequired\":true,\"valueName\":\"search_term_string\"}}],\"inLanguage\":\"fr-FR\"},{\"@type\":\"Person\",\"@id\":\"https:\/\/www.africa-press.net\/cameroun\/#\/schema\/person\/2b1cf3cd81a31e3cd26889ca66d677f1\",\"name\":\"cfeditorfr\"}]}<\/script>\n<!-- \/ Yoast SEO Premium plugin. -->","yoast_head_json":{"title":"Au Cameroun, les travailleurs demandent la r\u00e9vision de 9 conventions collectives pour am\u00e9liorer leurs conditions - Cameroun","description":"Investir au Cameroun) - Selon le ministre camerounais de Travail et de la S\u00e9curit\u00e9 sociale, Gr\u00e9goire Owona (photo), son ...","robots":{"index":"index","follow":"follow","max-snippet":"max-snippet:-1","max-image-preview":"max-image-preview:large","max-video-preview":"max-video-preview:-1"},"canonical":"https:\/\/www.africa-press.net\/cameroun\/economie\/au-cameroun-les-travailleurs-demandent-la-revision-de-9-conventions-collectives-pour-ameliorer-leurs-conditions","og_locale":"fr_FR","og_type":"article","og_title":"Au Cameroun, les travailleurs demandent la r\u00e9vision de 9 conventions collectives pour am\u00e9liorer leurs conditions","og_description":"Investir au Cameroun) - Selon le ministre camerounais de Travail et de la S\u00e9curit\u00e9 sociale, Gr\u00e9goire Owona (photo), son ...","og_url":"https:\/\/www.africa-press.net\/cameroun\/economie\/au-cameroun-les-travailleurs-demandent-la-revision-de-9-conventions-collectives-pour-ameliorer-leurs-conditions","og_site_name":"Cameroun","article_published_time":"2022-07-29T19:47:15+00:00","article_modified_time":"2022-07-29T21:00:27+00:00","og_image":[{"width":720,"height":512,"url":"https:\/\/static.africa-press.net\/cameroun\/sites\/57\/2022\/07\/img-62e44a58cf1bf.jpg","type":"image\/jpeg"}],"author":"cfeditorfr","twitter_card":"summary_large_image","twitter_misc":{"\u00c9crit par":"cfeditorfr","Dur\u00e9e de lecture estim\u00e9e":"2 minutes"},"schema":{"@context":"https:\/\/schema.org","@graph":[{"@type":"Article","@id":"https:\/\/www.africa-press.net\/cameroun\/economie\/au-cameroun-les-travailleurs-demandent-la-revision-de-9-conventions-collectives-pour-ameliorer-leurs-conditions#article","isPartOf":{"@id":"https:\/\/www.africa-press.net\/cameroun\/economie\/au-cameroun-les-travailleurs-demandent-la-revision-de-9-conventions-collectives-pour-ameliorer-leurs-conditions"},"author":{"name":"cfeditorfr","@id":"https:\/\/www.africa-press.net\/cameroun\/#\/schema\/person\/2b1cf3cd81a31e3cd26889ca66d677f1"},"headline":"Au Cameroun, les travailleurs demandent la r\u00e9vision de 9 conventions collectives pour am\u00e9liorer leurs conditions","datePublished":"2022-07-29T19:47:15+00:00","dateModified":"2022-07-29T21:00:27+00:00","mainEntityOfPage":{"@id":"https:\/\/www.africa-press.net\/cameroun\/economie\/au-cameroun-les-travailleurs-demandent-la-revision-de-9-conventions-collectives-pour-ameliorer-leurs-conditions"},"wordCount":312,"commentCount":0,"image":{"@id":"https:\/\/www.africa-press.net\/cameroun\/economie\/au-cameroun-les-travailleurs-demandent-la-revision-de-9-conventions-collectives-pour-ameliorer-leurs-conditions#primaryimage"},"thumbnailUrl":"https:\/\/static.africa-press.net\/cameroun\/sites\/57\/2022\/07\/img-62e44a58cf1bf.jpg","keywords":["Africa Press","Africa Press-Cameroun","Cameroun"],"articleSection":["\u00c9conomie","homepage-french","Toutes les actualit\u00e9s"],"inLanguage":"fr-FR","potentialAction":[{"@type":"CommentAction","name":"Comment","target":["https:\/\/www.africa-press.net\/cameroun\/economie\/au-cameroun-les-travailleurs-demandent-la-revision-de-9-conventions-collectives-pour-ameliorer-leurs-conditions#respond"]}]},{"@type":"WebPage","@id":"https:\/\/www.africa-press.net\/cameroun\/economie\/au-cameroun-les-travailleurs-demandent-la-revision-de-9-conventions-collectives-pour-ameliorer-leurs-conditions","url":"https:\/\/www.africa-press.net\/cameroun\/economie\/au-cameroun-les-travailleurs-demandent-la-revision-de-9-conventions-collectives-pour-ameliorer-leurs-conditions","name":"Au Cameroun, les travailleurs demandent la r\u00e9vision de 9 conventions collectives pour am\u00e9liorer leurs conditions - Cameroun","isPartOf":{"@id":"https:\/\/www.africa-press.net\/cameroun\/#website"},"primaryImageOfPage":{"@id":"https:\/\/www.africa-press.net\/cameroun\/economie\/au-cameroun-les-travailleurs-demandent-la-revision-de-9-conventions-collectives-pour-ameliorer-leurs-conditions#primaryimage"},"image":{"@id":"https:\/\/www.africa-press.net\/cameroun\/economie\/au-cameroun-les-travailleurs-demandent-la-revision-de-9-conventions-collectives-pour-ameliorer-leurs-conditions#primaryimage"},"thumbnailUrl":"https:\/\/static.africa-press.net\/cameroun\/sites\/57\/2022\/07\/img-62e44a58cf1bf.jpg","datePublished":"2022-07-29T19:47:15+00:00","dateModified":"2022-07-29T21:00:27+00:00","author":{"@id":"https:\/\/www.africa-press.net\/cameroun\/#\/schema\/person\/2b1cf3cd81a31e3cd26889ca66d677f1"},"description":"Investir au Cameroun) - Selon le ministre camerounais de Travail et de la S\u00e9curit\u00e9 sociale, Gr\u00e9goire Owona (photo), son ...","breadcrumb":{"@id":"https:\/\/www.africa-press.net\/cameroun\/economie\/au-cameroun-les-travailleurs-demandent-la-revision-de-9-conventions-collectives-pour-ameliorer-leurs-conditions#breadcrumb"},"inLanguage":"fr-FR","potentialAction":[{"@type":"ReadAction","target":["https:\/\/www.africa-press.net\/cameroun\/economie\/au-cameroun-les-travailleurs-demandent-la-revision-de-9-conventions-collectives-pour-ameliorer-leurs-conditions"]}]},{"@type":"ImageObject","inLanguage":"fr-FR","@id":"https:\/\/www.africa-press.net\/cameroun\/economie\/au-cameroun-les-travailleurs-demandent-la-revision-de-9-conventions-collectives-pour-ameliorer-leurs-conditions#primaryimage","url":"https:\/\/static.africa-press.net\/cameroun\/sites\/57\/2022\/07\/img-62e44a58cf1bf.jpg","contentUrl":"https:\/\/static.africa-press.net\/cameroun\/sites\/57\/2022\/07\/img-62e44a58cf1bf.jpg","width":720,"height":512,"caption":"Au Cameroun, les travailleurs demandent la r\u00e9vision de 9 conventions collectives pour am\u00e9liorer leurs conditions"},{"@type":"BreadcrumbList","@id":"https:\/\/www.africa-press.net\/cameroun\/economie\/au-cameroun-les-travailleurs-demandent-la-revision-de-9-conventions-collectives-pour-ameliorer-leurs-conditions#breadcrumb","itemListElement":[{"@type":"ListItem","position":1,"name":"Accueil","item":"https:\/\/www.africa-press.net\/cameroun\/"},{"@type":"ListItem","position":2,"name":"Au Cameroun, les travailleurs demandent la r\u00e9vision de 9 conventions collectives pour am\u00e9liorer leurs conditions"}]},{"@type":"WebSite","@id":"https:\/\/www.africa-press.net\/cameroun\/#website","url":"https:\/\/www.africa-press.net\/cameroun\/","name":"Cameroun","description":"Just another Africa News Agency Sites site","potentialAction":[{"@type":"SearchAction","target":{"@type":"EntryPoint","urlTemplate":"https:\/\/www.africa-press.net\/cameroun\/?s={search_term_string}"},"query-input":{"@type":"PropertyValueSpecification","valueRequired":true,"valueName":"search_term_string"}}],"inLanguage":"fr-FR"},{"@type":"Person","@id":"https:\/\/www.africa-press.net\/cameroun\/#\/schema\/person\/2b1cf3cd81a31e3cd26889ca66d677f1","name":"cfeditorfr"}]}},"_links":{"self":[{"href":"https:\/\/www.africa-press.net\/cameroun\/wp-json\/wp\/v2\/posts\/24473","targetHints":{"allow":["GET"]}}],"collection":[{"href":"https:\/\/www.africa-press.net\/cameroun\/wp-json\/wp\/v2\/posts"}],"about":[{"href":"https:\/\/www.africa-press.net\/cameroun\/wp-json\/wp\/v2\/types\/post"}],"author":[{"embeddable":true,"href":"https:\/\/www.africa-press.net\/cameroun\/wp-json\/wp\/v2\/users\/82"}],"replies":[{"embeddable":true,"href":"https:\/\/www.africa-press.net\/cameroun\/wp-json\/wp\/v2\/comments?post=24473"}],"version-history":[{"count":0,"href":"https:\/\/www.africa-press.net\/cameroun\/wp-json\/wp\/v2\/posts\/24473\/revisions"}],"wp:featuredmedia":[{"embeddable":true,"href":"https:\/\/www.africa-press.net\/cameroun\/wp-json\/wp\/v2\/media\/24472"}],"wp:attachment":[{"href":"https:\/\/www.africa-press.net\/cameroun\/wp-json\/wp\/v2\/media?parent=24473"}],"wp:term":[{"taxonomy":"category","embeddable":true,"href":"https:\/\/www.africa-press.net\/cameroun\/wp-json\/wp\/v2\/categories?post=24473"},{"taxonomy":"post_tag","embeddable":true,"href":"https:\/\/www.africa-press.net\/cameroun\/wp-json\/wp\/v2\/tags?post=24473"}],"curies":[{"name":"wp","href":"https:\/\/api.w.org\/{rel}","templated":true}]}}