{"id":24479,"date":"2022-07-29T20:05:03","date_gmt":"2022-07-29T20:05:03","guid":{"rendered":"https:\/\/www.africa-press.net\/cameroun\/politique\/elevage-embellie-annoncee-dans-la-filiere-camerounaise-au-cours-du-3e-trimestre-2022"},"modified":"2022-07-29T21:01:18","modified_gmt":"2022-07-29T21:01:18","slug":"elevage-embellie-annoncee-dans-la-filiere-camerounaise-au-cours-du-3e-trimestre-2022","status":"publish","type":"post","link":"https:\/\/www.africa-press.net\/cameroun\/economie\/elevage-embellie-annoncee-dans-la-filiere-camerounaise-au-cours-du-3e-trimestre-2022","title":{"rendered":"Elevage\u00a0: embellie annonc\u00e9e dans la fili\u00e8re camerounaise au cours du 3\u00e8 trimestre 2022"},"content":{"rendered":"<p><span style=\"color: #ff6600\"><strong>Africa-Press &#8211; Cameroun. <\/strong><\/span>Investir au Cameroun) &#8211; Malgr\u00e9 la chert\u00e9 des intrants cons\u00e9cutive \u00e0 la conjoncture internationale d\u00e9favorable, et les \u00e9pizooties qui menacent le pays, les activit\u00e9s d\u2019\u00e9levage au Cameroun conna\u00eetront une embellie entre juillet et septembre 2022. Cette pr\u00e9vision est contenue dans le test pr\u00e9visionnel de conjoncture des pays de la Cemac, pour le compte du 3\u00e8 trimestre 2022.<\/p>\n<p>\u00ab Les perspectives de production animale au troisi\u00e8me trimestre 2022 sont bonnes et pourraient couvrir la demande locale. Toutefois, les prix de vente augmenteraient, en raison de la chert\u00e9 des aliments (bl\u00e9, soja) \u00bb, souligne le test, que la banque centrale (Beac) pr\u00e9sente comme un document trimestriel de nature prospective, bas\u00e9 sur les enqu\u00eates r\u00e9alis\u00e9es aupr\u00e8s des chefs d\u2019entreprises, responsables d\u2019administrations et autres acteurs cl\u00e9s des diff\u00e9rentes fili\u00e8res et secteurs d\u2019activit\u00e9s de la Cemac.<\/p>\n<p>La bonne tenue des activit\u00e9s projet\u00e9e dans la fili\u00e8re \u00e9levage au Cameroun entre juillet et septembre 2022 peut s\u2019expliquer par les retomb\u00e9es de la 3\u00e8 phase de la campagne de vaccination de masse des petits ruminants, que le gouvernement a lanc\u00e9 en fin d\u2019ann\u00e9e 2021.<\/p>\n<p>Soutenue par la Banque mondiale (qui finance notamment le Projet de d\u00e9veloppement de l\u2019\u00e9levage) et la FAO, l\u2019op\u00e9ration vise \u00e0 \u00ab pr\u00e9server un capital de 110 milliards de FCFA \u00bb, ainsi que les revenus des \u00e9leveurs qui pourront ainsi contribuer \u00e0 garantir la s\u00e9curit\u00e9 alimentaire dans le pays, avait pr\u00e9cis\u00e9 le ministre de l\u2019Elevage, Dr Ta\u00efga, lors du lancement de la campagne \u00e0 Sangm\u00e9lima, dans la r\u00e9gion du Sud.<\/p>\n<p>BRM<\/p>\n<p><strong>Pour plus d&rsquo;informations et d&rsquo;analyses sur la <a href=\"https:\/\/www.africa-press.net\/cameroun\">Cameroun<\/a>, suivez <a href=\"https:\/\/www.africa-press.net\/\">Africa-Press<\/a><\/strong><\/p>\n","protected":false},"excerpt":{"rendered":"<p>Africa-Press &#8211; Cameroun. Investir au Cameroun) &#8211; Malgr\u00e9 la chert\u00e9 des intrants cons\u00e9cutive \u00e0 la conjoncture internationale d\u00e9favorable, et les \u00e9pizooties qui menacent le pays, les activit\u00e9s d\u2019\u00e9levage au Cameroun conna\u00eetront une embellie entre juillet et septembre 2022. Cette pr\u00e9vision est contenue dans le test pr\u00e9visionnel de conjoncture des pays de la Cemac, pour le [&hellip;]<\/p>\n","protected":false},"author":82,"featured_media":24478,"comment_status":"open","ping_status":"closed","sticky":false,"template":"","format":"standard","meta":{"footnotes":""},"categories":[3,11,10],"tags":[36,50,49],"class_list":["post-24479","post","type-post","status-publish","format-standard","has-post-thumbnail","hentry","category-economie","category-homepage-french","category-toutes-les-actualites","tag-africa-press","tag-africa-press-cameroun","tag-cameroun"],"yoast_head":"<!-- This site is optimized with the Yoast SEO Premium plugin v26.1 (Yoast SEO v27.0) - https:\/\/yoast.com\/product\/yoast-seo-premium-wordpress\/ -->\n<title>Elevage\u00a0: embellie annonc\u00e9e dans la fili\u00e8re camerounaise au cours du 3\u00e8 trimestre 2022 - Cameroun<\/title>\n<meta name=\"description\" content=\"Investir au Cameroun) - Malgr\u00e9 la chert\u00e9 des intrants cons\u00e9cutive \u00e0 la conjoncture internationale d\u00e9favorable, et les \u00e9p ...\" \/>\n<meta name=\"robots\" content=\"index, follow, max-snippet:-1, max-image-preview:large, max-video-preview:-1\" \/>\n<link rel=\"canonical\" href=\"https:\/\/www.africa-press.net\/cameroun\/economie\/elevage-embellie-annoncee-dans-la-filiere-camerounaise-au-cours-du-3e-trimestre-2022\" \/>\n<meta property=\"og:locale\" content=\"fr_FR\" \/>\n<meta property=\"og:type\" content=\"article\" \/>\n<meta property=\"og:title\" content=\"Elevage\u00a0: embellie annonc\u00e9e dans la fili\u00e8re camerounaise au cours du 3\u00e8 trimestre 2022\" \/>\n<meta property=\"og:description\" content=\"Investir au Cameroun) - Malgr\u00e9 la chert\u00e9 des intrants cons\u00e9cutive \u00e0 la conjoncture internationale d\u00e9favorable, et les \u00e9p ...\" \/>\n<meta property=\"og:url\" content=\"https:\/\/www.africa-press.net\/cameroun\/economie\/elevage-embellie-annoncee-dans-la-filiere-camerounaise-au-cours-du-3e-trimestre-2022\" \/>\n<meta property=\"og:site_name\" content=\"Cameroun\" \/>\n<meta property=\"article:published_time\" content=\"2022-07-29T20:05:03+00:00\" \/>\n<meta property=\"article:modified_time\" content=\"2022-07-29T21:01:18+00:00\" \/>\n<meta property=\"og:image\" content=\"https:\/\/static.africa-press.net\/cameroun\/sites\/57\/2022\/07\/img-62e44a8a274ba.jpg\" \/>\n\t<meta property=\"og:image:width\" content=\"720\" \/>\n\t<meta property=\"og:image:height\" content=\"413\" \/>\n\t<meta property=\"og:image:type\" content=\"image\/jpeg\" \/>\n<meta name=\"author\" content=\"cfeditorfr\" \/>\n<meta name=\"twitter:card\" content=\"summary_large_image\" \/>\n<meta name=\"twitter:label1\" content=\"\u00c9crit par\" \/>\n\t<meta name=\"twitter:data1\" content=\"cfeditorfr\" \/>\n\t<meta name=\"twitter:label2\" content=\"Dur\u00e9e de lecture estim\u00e9e\" \/>\n\t<meta name=\"twitter:data2\" content=\"2 minutes\" \/>\n<script type=\"application\/ld+json\" class=\"yoast-schema-graph\">{\"@context\":\"https:\/\/schema.org\",\"@graph\":[{\"@type\":\"Article\",\"@id\":\"https:\/\/www.africa-press.net\/cameroun\/economie\/elevage-embellie-annoncee-dans-la-filiere-camerounaise-au-cours-du-3e-trimestre-2022#article\",\"isPartOf\":{\"@id\":\"https:\/\/www.africa-press.net\/cameroun\/economie\/elevage-embellie-annoncee-dans-la-filiere-camerounaise-au-cours-du-3e-trimestre-2022\"},\"author\":{\"name\":\"cfeditorfr\",\"@id\":\"https:\/\/www.africa-press.net\/cameroun\/#\/schema\/person\/2b1cf3cd81a31e3cd26889ca66d677f1\"},\"headline\":\"Elevage\u00a0: embellie annonc\u00e9e dans la fili\u00e8re camerounaise au cours du 3\u00e8 trimestre 2022\",\"datePublished\":\"2022-07-29T20:05:03+00:00\",\"dateModified\":\"2022-07-29T21:01:18+00:00\",\"mainEntityOfPage\":{\"@id\":\"https:\/\/www.africa-press.net\/cameroun\/economie\/elevage-embellie-annoncee-dans-la-filiere-camerounaise-au-cours-du-3e-trimestre-2022\"},\"wordCount\":296,\"commentCount\":0,\"image\":{\"@id\":\"https:\/\/www.africa-press.net\/cameroun\/economie\/elevage-embellie-annoncee-dans-la-filiere-camerounaise-au-cours-du-3e-trimestre-2022#primaryimage\"},\"thumbnailUrl\":\"https:\/\/static.africa-press.net\/cameroun\/sites\/57\/2022\/07\/img-62e44a8a274ba.jpg\",\"keywords\":[\"Africa Press\",\"Africa Press-Cameroun\",\"Cameroun\"],\"articleSection\":[\"\u00c9conomie\",\"homepage-french\",\"Toutes les actualit\u00e9s\"],\"inLanguage\":\"fr-FR\",\"potentialAction\":[{\"@type\":\"CommentAction\",\"name\":\"Comment\",\"target\":[\"https:\/\/www.africa-press.net\/cameroun\/economie\/elevage-embellie-annoncee-dans-la-filiere-camerounaise-au-cours-du-3e-trimestre-2022#respond\"]}]},{\"@type\":\"WebPage\",\"@id\":\"https:\/\/www.africa-press.net\/cameroun\/economie\/elevage-embellie-annoncee-dans-la-filiere-camerounaise-au-cours-du-3e-trimestre-2022\",\"url\":\"https:\/\/www.africa-press.net\/cameroun\/economie\/elevage-embellie-annoncee-dans-la-filiere-camerounaise-au-cours-du-3e-trimestre-2022\",\"name\":\"Elevage\u00a0: embellie annonc\u00e9e dans la fili\u00e8re camerounaise au cours du 3\u00e8 trimestre 2022 - Cameroun\",\"isPartOf\":{\"@id\":\"https:\/\/www.africa-press.net\/cameroun\/#website\"},\"primaryImageOfPage\":{\"@id\":\"https:\/\/www.africa-press.net\/cameroun\/economie\/elevage-embellie-annoncee-dans-la-filiere-camerounaise-au-cours-du-3e-trimestre-2022#primaryimage\"},\"image\":{\"@id\":\"https:\/\/www.africa-press.net\/cameroun\/economie\/elevage-embellie-annoncee-dans-la-filiere-camerounaise-au-cours-du-3e-trimestre-2022#primaryimage\"},\"thumbnailUrl\":\"https:\/\/static.africa-press.net\/cameroun\/sites\/57\/2022\/07\/img-62e44a8a274ba.jpg\",\"datePublished\":\"2022-07-29T20:05:03+00:00\",\"dateModified\":\"2022-07-29T21:01:18+00:00\",\"author\":{\"@id\":\"https:\/\/www.africa-press.net\/cameroun\/#\/schema\/person\/2b1cf3cd81a31e3cd26889ca66d677f1\"},\"description\":\"Investir au Cameroun) - Malgr\u00e9 la chert\u00e9 des intrants cons\u00e9cutive \u00e0 la conjoncture internationale d\u00e9favorable, et les \u00e9p ...\",\"breadcrumb\":{\"@id\":\"https:\/\/www.africa-press.net\/cameroun\/economie\/elevage-embellie-annoncee-dans-la-filiere-camerounaise-au-cours-du-3e-trimestre-2022#breadcrumb\"},\"inLanguage\":\"fr-FR\",\"potentialAction\":[{\"@type\":\"ReadAction\",\"target\":[\"https:\/\/www.africa-press.net\/cameroun\/economie\/elevage-embellie-annoncee-dans-la-filiere-camerounaise-au-cours-du-3e-trimestre-2022\"]}]},{\"@type\":\"ImageObject\",\"inLanguage\":\"fr-FR\",\"@id\":\"https:\/\/www.africa-press.net\/cameroun\/economie\/elevage-embellie-annoncee-dans-la-filiere-camerounaise-au-cours-du-3e-trimestre-2022#primaryimage\",\"url\":\"https:\/\/static.africa-press.net\/cameroun\/sites\/57\/2022\/07\/img-62e44a8a274ba.jpg\",\"contentUrl\":\"https:\/\/static.africa-press.net\/cameroun\/sites\/57\/2022\/07\/img-62e44a8a274ba.jpg\",\"width\":720,\"height\":413,\"caption\":\"Elevage\u00a0: embellie annonc\u00e9e dans la fili\u00e8re camerounaise au cours du 3\u00e8 trimestre 2022\"},{\"@type\":\"BreadcrumbList\",\"@id\":\"https:\/\/www.africa-press.net\/cameroun\/economie\/elevage-embellie-annoncee-dans-la-filiere-camerounaise-au-cours-du-3e-trimestre-2022#breadcrumb\",\"itemListElement\":[{\"@type\":\"ListItem\",\"position\":1,\"name\":\"Accueil\",\"item\":\"https:\/\/www.africa-press.net\/cameroun\/\"},{\"@type\":\"ListItem\",\"position\":2,\"name\":\"Elevage\u00a0: embellie annonc\u00e9e dans la fili\u00e8re camerounaise au cours du 3\u00e8 trimestre 2022\"}]},{\"@type\":\"WebSite\",\"@id\":\"https:\/\/www.africa-press.net\/cameroun\/#website\",\"url\":\"https:\/\/www.africa-press.net\/cameroun\/\",\"name\":\"Cameroun\",\"description\":\"Just another Africa News Agency Sites site\",\"potentialAction\":[{\"@type\":\"SearchAction\",\"target\":{\"@type\":\"EntryPoint\",\"urlTemplate\":\"https:\/\/www.africa-press.net\/cameroun\/?s={search_term_string}\"},\"query-input\":{\"@type\":\"PropertyValueSpecification\",\"valueRequired\":true,\"valueName\":\"search_term_string\"}}],\"inLanguage\":\"fr-FR\"},{\"@type\":\"Person\",\"@id\":\"https:\/\/www.africa-press.net\/cameroun\/#\/schema\/person\/2b1cf3cd81a31e3cd26889ca66d677f1\",\"name\":\"cfeditorfr\"}]}<\/script>\n<!-- \/ Yoast SEO Premium plugin. -->","yoast_head_json":{"title":"Elevage\u00a0: embellie annonc\u00e9e dans la fili\u00e8re camerounaise au cours du 3\u00e8 trimestre 2022 - Cameroun","description":"Investir au Cameroun) - Malgr\u00e9 la chert\u00e9 des intrants cons\u00e9cutive \u00e0 la conjoncture internationale d\u00e9favorable, et les \u00e9p ...","robots":{"index":"index","follow":"follow","max-snippet":"max-snippet:-1","max-image-preview":"max-image-preview:large","max-video-preview":"max-video-preview:-1"},"canonical":"https:\/\/www.africa-press.net\/cameroun\/economie\/elevage-embellie-annoncee-dans-la-filiere-camerounaise-au-cours-du-3e-trimestre-2022","og_locale":"fr_FR","og_type":"article","og_title":"Elevage\u00a0: embellie annonc\u00e9e dans la fili\u00e8re camerounaise au cours du 3\u00e8 trimestre 2022","og_description":"Investir au Cameroun) - Malgr\u00e9 la chert\u00e9 des intrants cons\u00e9cutive \u00e0 la conjoncture internationale d\u00e9favorable, et les \u00e9p ...","og_url":"https:\/\/www.africa-press.net\/cameroun\/economie\/elevage-embellie-annoncee-dans-la-filiere-camerounaise-au-cours-du-3e-trimestre-2022","og_site_name":"Cameroun","article_published_time":"2022-07-29T20:05:03+00:00","article_modified_time":"2022-07-29T21:01:18+00:00","og_image":[{"width":720,"height":413,"url":"https:\/\/static.africa-press.net\/cameroun\/sites\/57\/2022\/07\/img-62e44a8a274ba.jpg","type":"image\/jpeg"}],"author":"cfeditorfr","twitter_card":"summary_large_image","twitter_misc":{"\u00c9crit par":"cfeditorfr","Dur\u00e9e de lecture estim\u00e9e":"2 minutes"},"schema":{"@context":"https:\/\/schema.org","@graph":[{"@type":"Article","@id":"https:\/\/www.africa-press.net\/cameroun\/economie\/elevage-embellie-annoncee-dans-la-filiere-camerounaise-au-cours-du-3e-trimestre-2022#article","isPartOf":{"@id":"https:\/\/www.africa-press.net\/cameroun\/economie\/elevage-embellie-annoncee-dans-la-filiere-camerounaise-au-cours-du-3e-trimestre-2022"},"author":{"name":"cfeditorfr","@id":"https:\/\/www.africa-press.net\/cameroun\/#\/schema\/person\/2b1cf3cd81a31e3cd26889ca66d677f1"},"headline":"Elevage\u00a0: embellie annonc\u00e9e dans la fili\u00e8re camerounaise au cours du 3\u00e8 trimestre 2022","datePublished":"2022-07-29T20:05:03+00:00","dateModified":"2022-07-29T21:01:18+00:00","mainEntityOfPage":{"@id":"https:\/\/www.africa-press.net\/cameroun\/economie\/elevage-embellie-annoncee-dans-la-filiere-camerounaise-au-cours-du-3e-trimestre-2022"},"wordCount":296,"commentCount":0,"image":{"@id":"https:\/\/www.africa-press.net\/cameroun\/economie\/elevage-embellie-annoncee-dans-la-filiere-camerounaise-au-cours-du-3e-trimestre-2022#primaryimage"},"thumbnailUrl":"https:\/\/static.africa-press.net\/cameroun\/sites\/57\/2022\/07\/img-62e44a8a274ba.jpg","keywords":["Africa Press","Africa Press-Cameroun","Cameroun"],"articleSection":["\u00c9conomie","homepage-french","Toutes les actualit\u00e9s"],"inLanguage":"fr-FR","potentialAction":[{"@type":"CommentAction","name":"Comment","target":["https:\/\/www.africa-press.net\/cameroun\/economie\/elevage-embellie-annoncee-dans-la-filiere-camerounaise-au-cours-du-3e-trimestre-2022#respond"]}]},{"@type":"WebPage","@id":"https:\/\/www.africa-press.net\/cameroun\/economie\/elevage-embellie-annoncee-dans-la-filiere-camerounaise-au-cours-du-3e-trimestre-2022","url":"https:\/\/www.africa-press.net\/cameroun\/economie\/elevage-embellie-annoncee-dans-la-filiere-camerounaise-au-cours-du-3e-trimestre-2022","name":"Elevage\u00a0: embellie annonc\u00e9e dans la fili\u00e8re camerounaise au cours du 3\u00e8 trimestre 2022 - Cameroun","isPartOf":{"@id":"https:\/\/www.africa-press.net\/cameroun\/#website"},"primaryImageOfPage":{"@id":"https:\/\/www.africa-press.net\/cameroun\/economie\/elevage-embellie-annoncee-dans-la-filiere-camerounaise-au-cours-du-3e-trimestre-2022#primaryimage"},"image":{"@id":"https:\/\/www.africa-press.net\/cameroun\/economie\/elevage-embellie-annoncee-dans-la-filiere-camerounaise-au-cours-du-3e-trimestre-2022#primaryimage"},"thumbnailUrl":"https:\/\/static.africa-press.net\/cameroun\/sites\/57\/2022\/07\/img-62e44a8a274ba.jpg","datePublished":"2022-07-29T20:05:03+00:00","dateModified":"2022-07-29T21:01:18+00:00","author":{"@id":"https:\/\/www.africa-press.net\/cameroun\/#\/schema\/person\/2b1cf3cd81a31e3cd26889ca66d677f1"},"description":"Investir au Cameroun) - Malgr\u00e9 la chert\u00e9 des intrants cons\u00e9cutive \u00e0 la conjoncture internationale d\u00e9favorable, et les \u00e9p ...","breadcrumb":{"@id":"https:\/\/www.africa-press.net\/cameroun\/economie\/elevage-embellie-annoncee-dans-la-filiere-camerounaise-au-cours-du-3e-trimestre-2022#breadcrumb"},"inLanguage":"fr-FR","potentialAction":[{"@type":"ReadAction","target":["https:\/\/www.africa-press.net\/cameroun\/economie\/elevage-embellie-annoncee-dans-la-filiere-camerounaise-au-cours-du-3e-trimestre-2022"]}]},{"@type":"ImageObject","inLanguage":"fr-FR","@id":"https:\/\/www.africa-press.net\/cameroun\/economie\/elevage-embellie-annoncee-dans-la-filiere-camerounaise-au-cours-du-3e-trimestre-2022#primaryimage","url":"https:\/\/static.africa-press.net\/cameroun\/sites\/57\/2022\/07\/img-62e44a8a274ba.jpg","contentUrl":"https:\/\/static.africa-press.net\/cameroun\/sites\/57\/2022\/07\/img-62e44a8a274ba.jpg","width":720,"height":413,"caption":"Elevage\u00a0: embellie annonc\u00e9e dans la fili\u00e8re camerounaise au cours du 3\u00e8 trimestre 2022"},{"@type":"BreadcrumbList","@id":"https:\/\/www.africa-press.net\/cameroun\/economie\/elevage-embellie-annoncee-dans-la-filiere-camerounaise-au-cours-du-3e-trimestre-2022#breadcrumb","itemListElement":[{"@type":"ListItem","position":1,"name":"Accueil","item":"https:\/\/www.africa-press.net\/cameroun\/"},{"@type":"ListItem","position":2,"name":"Elevage\u00a0: embellie annonc\u00e9e dans la fili\u00e8re camerounaise au cours du 3\u00e8 trimestre 2022"}]},{"@type":"WebSite","@id":"https:\/\/www.africa-press.net\/cameroun\/#website","url":"https:\/\/www.africa-press.net\/cameroun\/","name":"Cameroun","description":"Just another Africa News Agency Sites site","potentialAction":[{"@type":"SearchAction","target":{"@type":"EntryPoint","urlTemplate":"https:\/\/www.africa-press.net\/cameroun\/?s={search_term_string}"},"query-input":{"@type":"PropertyValueSpecification","valueRequired":true,"valueName":"search_term_string"}}],"inLanguage":"fr-FR"},{"@type":"Person","@id":"https:\/\/www.africa-press.net\/cameroun\/#\/schema\/person\/2b1cf3cd81a31e3cd26889ca66d677f1","name":"cfeditorfr"}]}},"_links":{"self":[{"href":"https:\/\/www.africa-press.net\/cameroun\/wp-json\/wp\/v2\/posts\/24479","targetHints":{"allow":["GET"]}}],"collection":[{"href":"https:\/\/www.africa-press.net\/cameroun\/wp-json\/wp\/v2\/posts"}],"about":[{"href":"https:\/\/www.africa-press.net\/cameroun\/wp-json\/wp\/v2\/types\/post"}],"author":[{"embeddable":true,"href":"https:\/\/www.africa-press.net\/cameroun\/wp-json\/wp\/v2\/users\/82"}],"replies":[{"embeddable":true,"href":"https:\/\/www.africa-press.net\/cameroun\/wp-json\/wp\/v2\/comments?post=24479"}],"version-history":[{"count":0,"href":"https:\/\/www.africa-press.net\/cameroun\/wp-json\/wp\/v2\/posts\/24479\/revisions"}],"wp:featuredmedia":[{"embeddable":true,"href":"https:\/\/www.africa-press.net\/cameroun\/wp-json\/wp\/v2\/media\/24478"}],"wp:attachment":[{"href":"https:\/\/www.africa-press.net\/cameroun\/wp-json\/wp\/v2\/media?parent=24479"}],"wp:term":[{"taxonomy":"category","embeddable":true,"href":"https:\/\/www.africa-press.net\/cameroun\/wp-json\/wp\/v2\/categories?post=24479"},{"taxonomy":"post_tag","embeddable":true,"href":"https:\/\/www.africa-press.net\/cameroun\/wp-json\/wp\/v2\/tags?post=24479"}],"curies":[{"name":"wp","href":"https:\/\/api.w.org\/{rel}","templated":true}]}}