{"id":24493,"date":"2022-07-30T14:59:15","date_gmt":"2022-07-30T14:59:15","guid":{"rendered":"https:\/\/www.africa-press.net\/cameroun\/politique\/cameroun-paul-biya-ratifie-un-accord-pret-de-plus-de-560-millions-fcfa"},"modified":"2022-07-30T14:59:35","modified_gmt":"2022-07-30T14:59:35","slug":"cameroun-paul-biya-ratifie-un-accord-pret-de-plus-de-560-millions-fcfa","status":"publish","type":"post","link":"https:\/\/www.africa-press.net\/cameroun\/economie\/cameroun-paul-biya-ratifie-un-accord-pret-de-plus-de-560-millions-fcfa","title":{"rendered":"Cameroun: Paul Biya ratifie un accord pr\u00eat de plus de 560 millions FCFA"},"content":{"rendered":"<p><span style=\"color: #ff6600\"><strong>Africa-Press &#8211; Cameroun. <\/strong><\/span>Le pr\u00e9sident la R\u00e9publique Paul Biya sign\u00e9 le 27 juillet 2022, un d\u00e9cret habilitant Alamine Ousmane Mey, ministre de l\u2019Economie, de la planification et de l\u2019am\u00e9nagement du territoire (Minepat) \u00e0 signer avec le Fonds vert pour l\u2019environnement (FVE), un accord de pr\u00eat d\u2019un montant de 1 000 000 de dollars (567 880 000 FCFA) pour le financement compl\u00e9mentaire du Programme int\u00e9gr\u00e9 de d\u00e9veloppement et d\u2019adaptation au changement climatique dans le Bassin du Niger (PIDACC\/BN).<\/p>\n<p>Ledit accord pr\u00eat fait suite \u00e0 un accord conclu le 04 f\u00e9vrier 2022, entre le Cameroun et la Banque africaine de d\u00e9veloppement (BAD), agissant en tant qu\u2019entit\u00e9 accr\u00e9dit\u00e9e au Fonds vert pour le climat. Le programme vise la lutte contre les changements climatiques par la s\u00e9curisation des syst\u00e8mes de production agropastoraux, l\u2019accroissement des stocks de carbone forestier, la gestion durable des ressources naturelles et des \u00e9cosyst\u00e8mes et la lutte contre la pauvret\u00e9.<\/p>\n<p>projectsportal.afdb.org explique que l\u2019objectif global du Programme est de contribuer \u00e0 l\u2019am\u00e9lioration de la r\u00e9silience des \u00e9cosyst\u00e8mes du fleuve Niger et des populations par une gestion durable des ressources naturelles. De mani\u00e8re sp\u00e9cifique, il vise \u00e0 pr\u00e9server les \u00e9cosyst\u00e8mes du Bassin, notamment \u00e0 travers la r\u00e9duction du processus d\u2019ensablement du fleuve Niger.<\/p>\n<p>Am\u00e9liorer la r\u00e9silience des syst\u00e8mes de production et des populations. Le programme mettra l\u2019accent sur l\u2019am\u00e9lioration de la situation socio-\u00e9conomique des femmes et des jeunes et leur acc\u00e8s aux ressources qui constitue un facteur essentiel pour surmonter la pauvret\u00e9 et la malnutrition infantile.<\/p>\n<p>Jean Daniel Obama<\/p>\n<p><strong>Pour plus d&rsquo;informations et d&rsquo;analyses sur la <a href=\"https:\/\/www.africa-press.net\/cameroun\">Cameroun<\/a>, suivez <a href=\"https:\/\/www.africa-press.net\/\">Africa-Press<\/a><\/strong><\/p>\n","protected":false},"excerpt":{"rendered":"<p>Africa-Press &#8211; Cameroun. Le pr\u00e9sident la R\u00e9publique Paul Biya sign\u00e9 le 27 juillet 2022, un d\u00e9cret habilitant Alamine Ousmane Mey, ministre de l\u2019Economie, de la planification et de l\u2019am\u00e9nagement du territoire (Minepat) \u00e0 signer avec le Fonds vert pour l\u2019environnement (FVE), un accord de pr\u00eat d\u2019un montant de 1 000 000 de dollars (567 880 [&hellip;]<\/p>\n","protected":false},"author":82,"featured_media":24492,"comment_status":"open","ping_status":"closed","sticky":false,"template":"","format":"standard","meta":{"footnotes":""},"categories":[3,11,10],"tags":[36,50,49],"class_list":["post-24493","post","type-post","status-publish","format-standard","has-post-thumbnail","hentry","category-economie","category-homepage-french","category-toutes-les-actualites","tag-africa-press","tag-africa-press-cameroun","tag-cameroun"],"yoast_head":"<!-- This site is optimized with the Yoast SEO Premium plugin v26.1 (Yoast SEO v27.0) - https:\/\/yoast.com\/product\/yoast-seo-premium-wordpress\/ -->\n<title>Cameroun: Paul Biya ratifie un accord pr\u00eat de plus de 560 millions FCFA - Cameroun<\/title>\n<meta name=\"description\" content=\"Le pr\u00e9sident la R\u00e9publique Paul Biya sign\u00e9 le 27 juillet 2022, un d\u00e9cret habilitant Alamine Ousmane Mey, ministre de l\u2019E ...\" \/>\n<meta name=\"robots\" content=\"index, follow, max-snippet:-1, max-image-preview:large, max-video-preview:-1\" \/>\n<link rel=\"canonical\" href=\"https:\/\/www.africa-press.net\/cameroun\/economie\/cameroun-paul-biya-ratifie-un-accord-pret-de-plus-de-560-millions-fcfa\" \/>\n<meta property=\"og:locale\" content=\"fr_FR\" \/>\n<meta property=\"og:type\" content=\"article\" \/>\n<meta property=\"og:title\" content=\"Cameroun: Paul Biya ratifie un accord pr\u00eat de plus de 560 millions FCFA\" \/>\n<meta property=\"og:description\" content=\"Le pr\u00e9sident la R\u00e9publique Paul Biya sign\u00e9 le 27 juillet 2022, un d\u00e9cret habilitant Alamine Ousmane Mey, ministre de l\u2019E ...\" \/>\n<meta property=\"og:url\" content=\"https:\/\/www.africa-press.net\/cameroun\/economie\/cameroun-paul-biya-ratifie-un-accord-pret-de-plus-de-560-millions-fcfa\" \/>\n<meta property=\"og:site_name\" content=\"Cameroun\" \/>\n<meta property=\"article:published_time\" content=\"2022-07-30T14:59:15+00:00\" \/>\n<meta property=\"article:modified_time\" content=\"2022-07-30T14:59:35+00:00\" \/>\n<meta property=\"og:image\" content=\"https:\/\/static.africa-press.net\/cameroun\/sites\/57\/2022\/07\/img-62e547304a195.jpg\" \/>\n\t<meta property=\"og:image:width\" content=\"800\" \/>\n\t<meta property=\"og:image:height\" content=\"411\" \/>\n\t<meta property=\"og:image:type\" content=\"image\/jpeg\" \/>\n<meta name=\"author\" content=\"cfeditorfr\" \/>\n<meta name=\"twitter:card\" content=\"summary_large_image\" \/>\n<meta name=\"twitter:label1\" content=\"\u00c9crit par\" \/>\n\t<meta name=\"twitter:data1\" content=\"cfeditorfr\" \/>\n\t<meta name=\"twitter:label2\" content=\"Dur\u00e9e de lecture estim\u00e9e\" \/>\n\t<meta name=\"twitter:data2\" content=\"2 minutes\" \/>\n<script type=\"application\/ld+json\" class=\"yoast-schema-graph\">{\"@context\":\"https:\/\/schema.org\",\"@graph\":[{\"@type\":\"Article\",\"@id\":\"https:\/\/www.africa-press.net\/cameroun\/economie\/cameroun-paul-biya-ratifie-un-accord-pret-de-plus-de-560-millions-fcfa#article\",\"isPartOf\":{\"@id\":\"https:\/\/www.africa-press.net\/cameroun\/economie\/cameroun-paul-biya-ratifie-un-accord-pret-de-plus-de-560-millions-fcfa\"},\"author\":{\"name\":\"cfeditorfr\",\"@id\":\"https:\/\/www.africa-press.net\/cameroun\/#\/schema\/person\/2b1cf3cd81a31e3cd26889ca66d677f1\"},\"headline\":\"Cameroun: Paul Biya ratifie un accord pr\u00eat de plus de 560 millions FCFA\",\"datePublished\":\"2022-07-30T14:59:15+00:00\",\"dateModified\":\"2022-07-30T14:59:35+00:00\",\"mainEntityOfPage\":{\"@id\":\"https:\/\/www.africa-press.net\/cameroun\/economie\/cameroun-paul-biya-ratifie-un-accord-pret-de-plus-de-560-millions-fcfa\"},\"wordCount\":302,\"commentCount\":0,\"image\":{\"@id\":\"https:\/\/www.africa-press.net\/cameroun\/economie\/cameroun-paul-biya-ratifie-un-accord-pret-de-plus-de-560-millions-fcfa#primaryimage\"},\"thumbnailUrl\":\"https:\/\/static.africa-press.net\/cameroun\/sites\/57\/2022\/07\/img-62e547304a195.jpg\",\"keywords\":[\"Africa Press\",\"Africa Press-Cameroun\",\"Cameroun\"],\"articleSection\":[\"\u00c9conomie\",\"homepage-french\",\"Toutes les actualit\u00e9s\"],\"inLanguage\":\"fr-FR\",\"potentialAction\":[{\"@type\":\"CommentAction\",\"name\":\"Comment\",\"target\":[\"https:\/\/www.africa-press.net\/cameroun\/economie\/cameroun-paul-biya-ratifie-un-accord-pret-de-plus-de-560-millions-fcfa#respond\"]}]},{\"@type\":\"WebPage\",\"@id\":\"https:\/\/www.africa-press.net\/cameroun\/economie\/cameroun-paul-biya-ratifie-un-accord-pret-de-plus-de-560-millions-fcfa\",\"url\":\"https:\/\/www.africa-press.net\/cameroun\/economie\/cameroun-paul-biya-ratifie-un-accord-pret-de-plus-de-560-millions-fcfa\",\"name\":\"Cameroun: Paul Biya ratifie un accord pr\u00eat de plus de 560 millions FCFA - Cameroun\",\"isPartOf\":{\"@id\":\"https:\/\/www.africa-press.net\/cameroun\/#website\"},\"primaryImageOfPage\":{\"@id\":\"https:\/\/www.africa-press.net\/cameroun\/economie\/cameroun-paul-biya-ratifie-un-accord-pret-de-plus-de-560-millions-fcfa#primaryimage\"},\"image\":{\"@id\":\"https:\/\/www.africa-press.net\/cameroun\/economie\/cameroun-paul-biya-ratifie-un-accord-pret-de-plus-de-560-millions-fcfa#primaryimage\"},\"thumbnailUrl\":\"https:\/\/static.africa-press.net\/cameroun\/sites\/57\/2022\/07\/img-62e547304a195.jpg\",\"datePublished\":\"2022-07-30T14:59:15+00:00\",\"dateModified\":\"2022-07-30T14:59:35+00:00\",\"author\":{\"@id\":\"https:\/\/www.africa-press.net\/cameroun\/#\/schema\/person\/2b1cf3cd81a31e3cd26889ca66d677f1\"},\"description\":\"Le pr\u00e9sident la R\u00e9publique Paul Biya sign\u00e9 le 27 juillet 2022, un d\u00e9cret habilitant Alamine Ousmane Mey, ministre de l\u2019E ...\",\"breadcrumb\":{\"@id\":\"https:\/\/www.africa-press.net\/cameroun\/economie\/cameroun-paul-biya-ratifie-un-accord-pret-de-plus-de-560-millions-fcfa#breadcrumb\"},\"inLanguage\":\"fr-FR\",\"potentialAction\":[{\"@type\":\"ReadAction\",\"target\":[\"https:\/\/www.africa-press.net\/cameroun\/economie\/cameroun-paul-biya-ratifie-un-accord-pret-de-plus-de-560-millions-fcfa\"]}]},{\"@type\":\"ImageObject\",\"inLanguage\":\"fr-FR\",\"@id\":\"https:\/\/www.africa-press.net\/cameroun\/economie\/cameroun-paul-biya-ratifie-un-accord-pret-de-plus-de-560-millions-fcfa#primaryimage\",\"url\":\"https:\/\/static.africa-press.net\/cameroun\/sites\/57\/2022\/07\/img-62e547304a195.jpg\",\"contentUrl\":\"https:\/\/static.africa-press.net\/cameroun\/sites\/57\/2022\/07\/img-62e547304a195.jpg\",\"width\":800,\"height\":411,\"caption\":\"Cameroun: Paul Biya ratifie un accord pr\u00eat de plus de 560 millions FCFA\"},{\"@type\":\"BreadcrumbList\",\"@id\":\"https:\/\/www.africa-press.net\/cameroun\/economie\/cameroun-paul-biya-ratifie-un-accord-pret-de-plus-de-560-millions-fcfa#breadcrumb\",\"itemListElement\":[{\"@type\":\"ListItem\",\"position\":1,\"name\":\"Accueil\",\"item\":\"https:\/\/www.africa-press.net\/cameroun\/\"},{\"@type\":\"ListItem\",\"position\":2,\"name\":\"Cameroun: Paul Biya ratifie un accord pr\u00eat de plus de 560 millions FCFA\"}]},{\"@type\":\"WebSite\",\"@id\":\"https:\/\/www.africa-press.net\/cameroun\/#website\",\"url\":\"https:\/\/www.africa-press.net\/cameroun\/\",\"name\":\"Cameroun\",\"description\":\"Just another Africa News Agency Sites site\",\"potentialAction\":[{\"@type\":\"SearchAction\",\"target\":{\"@type\":\"EntryPoint\",\"urlTemplate\":\"https:\/\/www.africa-press.net\/cameroun\/?s={search_term_string}\"},\"query-input\":{\"@type\":\"PropertyValueSpecification\",\"valueRequired\":true,\"valueName\":\"search_term_string\"}}],\"inLanguage\":\"fr-FR\"},{\"@type\":\"Person\",\"@id\":\"https:\/\/www.africa-press.net\/cameroun\/#\/schema\/person\/2b1cf3cd81a31e3cd26889ca66d677f1\",\"name\":\"cfeditorfr\"}]}<\/script>\n<!-- \/ Yoast SEO Premium plugin. -->","yoast_head_json":{"title":"Cameroun: Paul Biya ratifie un accord pr\u00eat de plus de 560 millions FCFA - Cameroun","description":"Le pr\u00e9sident la R\u00e9publique Paul Biya sign\u00e9 le 27 juillet 2022, un d\u00e9cret habilitant Alamine Ousmane Mey, ministre de l\u2019E ...","robots":{"index":"index","follow":"follow","max-snippet":"max-snippet:-1","max-image-preview":"max-image-preview:large","max-video-preview":"max-video-preview:-1"},"canonical":"https:\/\/www.africa-press.net\/cameroun\/economie\/cameroun-paul-biya-ratifie-un-accord-pret-de-plus-de-560-millions-fcfa","og_locale":"fr_FR","og_type":"article","og_title":"Cameroun: Paul Biya ratifie un accord pr\u00eat de plus de 560 millions FCFA","og_description":"Le pr\u00e9sident la R\u00e9publique Paul Biya sign\u00e9 le 27 juillet 2022, un d\u00e9cret habilitant Alamine Ousmane Mey, ministre de l\u2019E ...","og_url":"https:\/\/www.africa-press.net\/cameroun\/economie\/cameroun-paul-biya-ratifie-un-accord-pret-de-plus-de-560-millions-fcfa","og_site_name":"Cameroun","article_published_time":"2022-07-30T14:59:15+00:00","article_modified_time":"2022-07-30T14:59:35+00:00","og_image":[{"width":800,"height":411,"url":"https:\/\/static.africa-press.net\/cameroun\/sites\/57\/2022\/07\/img-62e547304a195.jpg","type":"image\/jpeg"}],"author":"cfeditorfr","twitter_card":"summary_large_image","twitter_misc":{"\u00c9crit par":"cfeditorfr","Dur\u00e9e de lecture estim\u00e9e":"2 minutes"},"schema":{"@context":"https:\/\/schema.org","@graph":[{"@type":"Article","@id":"https:\/\/www.africa-press.net\/cameroun\/economie\/cameroun-paul-biya-ratifie-un-accord-pret-de-plus-de-560-millions-fcfa#article","isPartOf":{"@id":"https:\/\/www.africa-press.net\/cameroun\/economie\/cameroun-paul-biya-ratifie-un-accord-pret-de-plus-de-560-millions-fcfa"},"author":{"name":"cfeditorfr","@id":"https:\/\/www.africa-press.net\/cameroun\/#\/schema\/person\/2b1cf3cd81a31e3cd26889ca66d677f1"},"headline":"Cameroun: Paul Biya ratifie un accord pr\u00eat de plus de 560 millions FCFA","datePublished":"2022-07-30T14:59:15+00:00","dateModified":"2022-07-30T14:59:35+00:00","mainEntityOfPage":{"@id":"https:\/\/www.africa-press.net\/cameroun\/economie\/cameroun-paul-biya-ratifie-un-accord-pret-de-plus-de-560-millions-fcfa"},"wordCount":302,"commentCount":0,"image":{"@id":"https:\/\/www.africa-press.net\/cameroun\/economie\/cameroun-paul-biya-ratifie-un-accord-pret-de-plus-de-560-millions-fcfa#primaryimage"},"thumbnailUrl":"https:\/\/static.africa-press.net\/cameroun\/sites\/57\/2022\/07\/img-62e547304a195.jpg","keywords":["Africa Press","Africa Press-Cameroun","Cameroun"],"articleSection":["\u00c9conomie","homepage-french","Toutes les actualit\u00e9s"],"inLanguage":"fr-FR","potentialAction":[{"@type":"CommentAction","name":"Comment","target":["https:\/\/www.africa-press.net\/cameroun\/economie\/cameroun-paul-biya-ratifie-un-accord-pret-de-plus-de-560-millions-fcfa#respond"]}]},{"@type":"WebPage","@id":"https:\/\/www.africa-press.net\/cameroun\/economie\/cameroun-paul-biya-ratifie-un-accord-pret-de-plus-de-560-millions-fcfa","url":"https:\/\/www.africa-press.net\/cameroun\/economie\/cameroun-paul-biya-ratifie-un-accord-pret-de-plus-de-560-millions-fcfa","name":"Cameroun: Paul Biya ratifie un accord pr\u00eat de plus de 560 millions FCFA - Cameroun","isPartOf":{"@id":"https:\/\/www.africa-press.net\/cameroun\/#website"},"primaryImageOfPage":{"@id":"https:\/\/www.africa-press.net\/cameroun\/economie\/cameroun-paul-biya-ratifie-un-accord-pret-de-plus-de-560-millions-fcfa#primaryimage"},"image":{"@id":"https:\/\/www.africa-press.net\/cameroun\/economie\/cameroun-paul-biya-ratifie-un-accord-pret-de-plus-de-560-millions-fcfa#primaryimage"},"thumbnailUrl":"https:\/\/static.africa-press.net\/cameroun\/sites\/57\/2022\/07\/img-62e547304a195.jpg","datePublished":"2022-07-30T14:59:15+00:00","dateModified":"2022-07-30T14:59:35+00:00","author":{"@id":"https:\/\/www.africa-press.net\/cameroun\/#\/schema\/person\/2b1cf3cd81a31e3cd26889ca66d677f1"},"description":"Le pr\u00e9sident la R\u00e9publique Paul Biya sign\u00e9 le 27 juillet 2022, un d\u00e9cret habilitant Alamine Ousmane Mey, ministre de l\u2019E ...","breadcrumb":{"@id":"https:\/\/www.africa-press.net\/cameroun\/economie\/cameroun-paul-biya-ratifie-un-accord-pret-de-plus-de-560-millions-fcfa#breadcrumb"},"inLanguage":"fr-FR","potentialAction":[{"@type":"ReadAction","target":["https:\/\/www.africa-press.net\/cameroun\/economie\/cameroun-paul-biya-ratifie-un-accord-pret-de-plus-de-560-millions-fcfa"]}]},{"@type":"ImageObject","inLanguage":"fr-FR","@id":"https:\/\/www.africa-press.net\/cameroun\/economie\/cameroun-paul-biya-ratifie-un-accord-pret-de-plus-de-560-millions-fcfa#primaryimage","url":"https:\/\/static.africa-press.net\/cameroun\/sites\/57\/2022\/07\/img-62e547304a195.jpg","contentUrl":"https:\/\/static.africa-press.net\/cameroun\/sites\/57\/2022\/07\/img-62e547304a195.jpg","width":800,"height":411,"caption":"Cameroun: Paul Biya ratifie un accord pr\u00eat de plus de 560 millions FCFA"},{"@type":"BreadcrumbList","@id":"https:\/\/www.africa-press.net\/cameroun\/economie\/cameroun-paul-biya-ratifie-un-accord-pret-de-plus-de-560-millions-fcfa#breadcrumb","itemListElement":[{"@type":"ListItem","position":1,"name":"Accueil","item":"https:\/\/www.africa-press.net\/cameroun\/"},{"@type":"ListItem","position":2,"name":"Cameroun: Paul Biya ratifie un accord pr\u00eat de plus de 560 millions FCFA"}]},{"@type":"WebSite","@id":"https:\/\/www.africa-press.net\/cameroun\/#website","url":"https:\/\/www.africa-press.net\/cameroun\/","name":"Cameroun","description":"Just another Africa News Agency Sites site","potentialAction":[{"@type":"SearchAction","target":{"@type":"EntryPoint","urlTemplate":"https:\/\/www.africa-press.net\/cameroun\/?s={search_term_string}"},"query-input":{"@type":"PropertyValueSpecification","valueRequired":true,"valueName":"search_term_string"}}],"inLanguage":"fr-FR"},{"@type":"Person","@id":"https:\/\/www.africa-press.net\/cameroun\/#\/schema\/person\/2b1cf3cd81a31e3cd26889ca66d677f1","name":"cfeditorfr"}]}},"_links":{"self":[{"href":"https:\/\/www.africa-press.net\/cameroun\/wp-json\/wp\/v2\/posts\/24493","targetHints":{"allow":["GET"]}}],"collection":[{"href":"https:\/\/www.africa-press.net\/cameroun\/wp-json\/wp\/v2\/posts"}],"about":[{"href":"https:\/\/www.africa-press.net\/cameroun\/wp-json\/wp\/v2\/types\/post"}],"author":[{"embeddable":true,"href":"https:\/\/www.africa-press.net\/cameroun\/wp-json\/wp\/v2\/users\/82"}],"replies":[{"embeddable":true,"href":"https:\/\/www.africa-press.net\/cameroun\/wp-json\/wp\/v2\/comments?post=24493"}],"version-history":[{"count":0,"href":"https:\/\/www.africa-press.net\/cameroun\/wp-json\/wp\/v2\/posts\/24493\/revisions"}],"wp:featuredmedia":[{"embeddable":true,"href":"https:\/\/www.africa-press.net\/cameroun\/wp-json\/wp\/v2\/media\/24492"}],"wp:attachment":[{"href":"https:\/\/www.africa-press.net\/cameroun\/wp-json\/wp\/v2\/media?parent=24493"}],"wp:term":[{"taxonomy":"category","embeddable":true,"href":"https:\/\/www.africa-press.net\/cameroun\/wp-json\/wp\/v2\/categories?post=24493"},{"taxonomy":"post_tag","embeddable":true,"href":"https:\/\/www.africa-press.net\/cameroun\/wp-json\/wp\/v2\/tags?post=24493"}],"curies":[{"name":"wp","href":"https:\/\/api.w.org\/{rel}","templated":true}]}}