{"id":24505,"date":"2022-07-30T12:33:33","date_gmt":"2022-07-30T12:33:33","guid":{"rendered":"https:\/\/www.africa-press.net\/cameroun\/politique\/operation-epervier-voici-une-video-qui-montre-lex-ministre-atangana-kouna-en-train-de-quitter-la-prison-de-yaounde-kondengui"},"modified":"2022-07-30T15:03:00","modified_gmt":"2022-07-30T15:03:00","slug":"operation-epervier-voici-une-video-qui-montre-lex-ministre-atangana-kouna-en-train-de-quitter-la-prison-de-yaounde-kondengui","status":"publish","type":"post","link":"https:\/\/www.africa-press.net\/cameroun\/politique\/operation-epervier-voici-une-video-qui-montre-lex-ministre-atangana-kouna-en-train-de-quitter-la-prison-de-yaounde-kondengui","title":{"rendered":"Op\u00e9ration Epervier: Voici une vid\u00e9o qui montre l\u2019ex ministre Atangana Kouna en train de quitter la prison de Yaound\u00e9 Kondengui"},"content":{"rendered":"<p><span style=\"color: #ff6600\"><strong>Africa-Press &#8211; Cameroun. <\/strong><\/span>Les choses sont all\u00e9es tr\u00e8s vite pour l\u2019ex membre du gouvernement. Le Tribunal criminel sp\u00e9cial a ordonn\u00e9 sa remise en libert\u00e9 en fin d\u2019apr\u00e8s-midi de ce vendredi 29 juillet 2022. Et au pas de course avant 21 heures ce m\u00eame vendredi, Basile Atangana Kouna a d\u00e9m\u00e9nag\u00e9 du c\u00e9l\u00e8bre p\u00e9nitencier sous les acclamations et des cris de joie de ses proches et autres sympathisants. (Vid\u00e9o ci-dessous)<\/p>\n<p>Rappelons que Basile Atangana Kouna a \u00e9t\u00e9 remis en libert\u00e9 au terme du d\u00e9lib\u00e9r\u00e9 de l&rsquo;affaire Minist\u00e8re public, Camwater contre Atangana Kouna et co-accus\u00e9s. Selon un confr\u00e8re qui a pris part ce vendredi \u00e0 l\u2019ultime audience de ce proc\u00e8s, l&rsquo;arr\u00eat des poursuites a \u00e9t\u00e9 requis par le Procureur g\u00e9n\u00e9ral pr\u00e8s le TCS \u00e0 la demande du ministre d&rsquo;Etat ministre de la Justice Garde des Sceaux.<\/p>\n<p>\u00ab Annie Noelle Bahounoui Batende, pr\u00e9sidente de la coll\u00e9gialit\u00e9 des juges et par ailleurs pr\u00e9sidente du TCS a prononc\u00e9 la d\u00e9cision \u00e0 la suite de la restitution du corps du d\u00e9lit au Tr\u00e9sor public, soit un montant de 1,265 milliards FCFA. Basile Atangana Kouna \u00e9tait en d\u00e9tention \u00e0 la Prison centrale de Yaound\u00e9 \u00e0 Kondengui depuis mars 2018 \u00bb a expliqu\u00e9 notre source.<\/p>\n<p>Rappelons que cette lib\u00e9ration survient quatre jours apr\u00e8s la correspondance que le secr\u00e9taire g\u00e9n\u00e9ral de la Pr\u00e9sident de la R\u00e9publique, Ferdinand Ngoh Ngoh a adress\u00e9e au ministre de la Justice, Garde des Sceaux, Laurent Esso, pour l\u2019informer que la Pr\u00e9sidence de la R\u00e9publique, sous hautes instructions du Chef de l\u2019Etat, a d\u00e9cid\u00e9 de l\u2019arr\u00eat des poursuites contre Basile Atangana Kouna\u2026<\/p>\n<p>C\u2019est la seconde fois que le TCS rend pareil verdict. D\u00e9j\u00e0 en 2013, l\u2019ancien ministre de l\u2019Education de base, Haman Adama avait quitt\u00e9 la prison de Kondengui apr\u00e8s quatre ans de d\u00e9tention provisoire pour d\u00e9tournement de fonds publics. Comme Basile Atangana Kouna, l\u2019ex Minedub avait aussi rembours\u00e9 les fonds d\u00e9tourn\u00e9s, permettant ainsi au TCS de trouver un pr\u00e9texte pour sa lib\u00e9ration.<\/p>\n<p>Vid\u00e9o ambiance:<\/p>\n<p>L&rsquo;ex ministre a son domicile:<\/p>\n<p><strong>Pour plus d&rsquo;informations et d&rsquo;analyses sur la <a href=\"https:\/\/www.africa-press.net\/cameroun\">Cameroun<\/a>, suivez <a href=\"https:\/\/www.africa-press.net\/\">Africa-Press<\/a><\/strong><\/p>\n","protected":false},"excerpt":{"rendered":"<p>Africa-Press &#8211; Cameroun. Les choses sont all\u00e9es tr\u00e8s vite pour l\u2019ex membre du gouvernement. Le Tribunal criminel sp\u00e9cial a ordonn\u00e9 sa remise en libert\u00e9 en fin d\u2019apr\u00e8s-midi de ce vendredi 29 juillet 2022. Et au pas de course avant 21 heures ce m\u00eame vendredi, Basile Atangana Kouna a d\u00e9m\u00e9nag\u00e9 du c\u00e9l\u00e8bre p\u00e9nitencier sous les acclamations [&hellip;]<\/p>\n","protected":false},"author":82,"featured_media":24504,"comment_status":"open","ping_status":"closed","sticky":false,"template":"","format":"standard","meta":{"footnotes":""},"categories":[11,2,10],"tags":[36,50,49],"class_list":["post-24505","post","type-post","status-publish","format-standard","has-post-thumbnail","hentry","category-homepage-french","category-politique","category-toutes-les-actualites","tag-africa-press","tag-africa-press-cameroun","tag-cameroun"],"yoast_head":"<!-- This site is optimized with the Yoast SEO Premium plugin v26.1 (Yoast SEO v27.0) - https:\/\/yoast.com\/product\/yoast-seo-premium-wordpress\/ -->\n<title>Op\u00e9ration Epervier: Voici une vid\u00e9o qui montre l\u2019ex ministre Atangana Kouna en train de quitter la prison de Yaound\u00e9 Kondengui - Cameroun<\/title>\n<meta name=\"description\" content=\"Les choses sont all\u00e9es tr\u00e8s vite pour l\u2019ex membre du gouvernement. Le Tribunal criminel sp\u00e9cial a ordonn\u00e9 sa remise en l ...\" \/>\n<meta name=\"robots\" content=\"index, follow, max-snippet:-1, max-image-preview:large, max-video-preview:-1\" \/>\n<link rel=\"canonical\" href=\"https:\/\/www.africa-press.net\/cameroun\/politique\/operation-epervier-voici-une-video-qui-montre-lex-ministre-atangana-kouna-en-train-de-quitter-la-prison-de-yaounde-kondengui\" \/>\n<meta property=\"og:locale\" content=\"fr_FR\" \/>\n<meta property=\"og:type\" content=\"article\" \/>\n<meta property=\"og:title\" content=\"Op\u00e9ration Epervier: Voici une vid\u00e9o qui montre l\u2019ex ministre Atangana Kouna en train de quitter la prison de Yaound\u00e9 Kondengui\" \/>\n<meta property=\"og:description\" content=\"Les choses sont all\u00e9es tr\u00e8s vite pour l\u2019ex membre du gouvernement. Le Tribunal criminel sp\u00e9cial a ordonn\u00e9 sa remise en l ...\" \/>\n<meta property=\"og:url\" content=\"https:\/\/www.africa-press.net\/cameroun\/politique\/operation-epervier-voici-une-video-qui-montre-lex-ministre-atangana-kouna-en-train-de-quitter-la-prison-de-yaounde-kondengui\" \/>\n<meta property=\"og:site_name\" content=\"Cameroun\" \/>\n<meta property=\"article:published_time\" content=\"2022-07-30T12:33:33+00:00\" \/>\n<meta property=\"article:modified_time\" content=\"2022-07-30T15:03:00+00:00\" \/>\n<meta property=\"og:image\" content=\"https:\/\/static.africa-press.net\/cameroun\/sites\/57\/2022\/07\/img-62e547fc1327a.jpg\" \/>\n\t<meta property=\"og:image:width\" content=\"800\" \/>\n\t<meta property=\"og:image:height\" content=\"576\" \/>\n\t<meta property=\"og:image:type\" content=\"image\/jpeg\" \/>\n<meta name=\"author\" content=\"cfeditorfr\" \/>\n<meta name=\"twitter:card\" content=\"summary_large_image\" \/>\n<meta name=\"twitter:label1\" content=\"\u00c9crit par\" \/>\n\t<meta name=\"twitter:data1\" content=\"cfeditorfr\" \/>\n\t<meta name=\"twitter:label2\" content=\"Dur\u00e9e de lecture estim\u00e9e\" \/>\n\t<meta name=\"twitter:data2\" content=\"2 minutes\" \/>\n<script type=\"application\/ld+json\" class=\"yoast-schema-graph\">{\"@context\":\"https:\/\/schema.org\",\"@graph\":[{\"@type\":\"Article\",\"@id\":\"https:\/\/www.africa-press.net\/cameroun\/politique\/operation-epervier-voici-une-video-qui-montre-lex-ministre-atangana-kouna-en-train-de-quitter-la-prison-de-yaounde-kondengui#article\",\"isPartOf\":{\"@id\":\"https:\/\/www.africa-press.net\/cameroun\/politique\/operation-epervier-voici-une-video-qui-montre-lex-ministre-atangana-kouna-en-train-de-quitter-la-prison-de-yaounde-kondengui\"},\"author\":{\"name\":\"cfeditorfr\",\"@id\":\"https:\/\/www.africa-press.net\/cameroun\/#\/schema\/person\/2b1cf3cd81a31e3cd26889ca66d677f1\"},\"headline\":\"Op\u00e9ration Epervier: Voici une vid\u00e9o qui montre l\u2019ex ministre Atangana Kouna en train de quitter la prison de Yaound\u00e9 Kondengui\",\"datePublished\":\"2022-07-30T12:33:33+00:00\",\"dateModified\":\"2022-07-30T15:03:00+00:00\",\"mainEntityOfPage\":{\"@id\":\"https:\/\/www.africa-press.net\/cameroun\/politique\/operation-epervier-voici-une-video-qui-montre-lex-ministre-atangana-kouna-en-train-de-quitter-la-prison-de-yaounde-kondengui\"},\"wordCount\":409,\"commentCount\":0,\"image\":{\"@id\":\"https:\/\/www.africa-press.net\/cameroun\/politique\/operation-epervier-voici-une-video-qui-montre-lex-ministre-atangana-kouna-en-train-de-quitter-la-prison-de-yaounde-kondengui#primaryimage\"},\"thumbnailUrl\":\"https:\/\/static.africa-press.net\/cameroun\/sites\/57\/2022\/07\/img-62e547fc1327a.jpg\",\"keywords\":[\"Africa Press\",\"Africa Press-Cameroun\",\"Cameroun\"],\"articleSection\":[\"homepage-french\",\"Politique\",\"Toutes les actualit\u00e9s\"],\"inLanguage\":\"fr-FR\",\"potentialAction\":[{\"@type\":\"CommentAction\",\"name\":\"Comment\",\"target\":[\"https:\/\/www.africa-press.net\/cameroun\/politique\/operation-epervier-voici-une-video-qui-montre-lex-ministre-atangana-kouna-en-train-de-quitter-la-prison-de-yaounde-kondengui#respond\"]}]},{\"@type\":\"WebPage\",\"@id\":\"https:\/\/www.africa-press.net\/cameroun\/politique\/operation-epervier-voici-une-video-qui-montre-lex-ministre-atangana-kouna-en-train-de-quitter-la-prison-de-yaounde-kondengui\",\"url\":\"https:\/\/www.africa-press.net\/cameroun\/politique\/operation-epervier-voici-une-video-qui-montre-lex-ministre-atangana-kouna-en-train-de-quitter-la-prison-de-yaounde-kondengui\",\"name\":\"Op\u00e9ration Epervier: Voici une vid\u00e9o qui montre l\u2019ex ministre Atangana Kouna en train de quitter la prison de Yaound\u00e9 Kondengui - Cameroun\",\"isPartOf\":{\"@id\":\"https:\/\/www.africa-press.net\/cameroun\/#website\"},\"primaryImageOfPage\":{\"@id\":\"https:\/\/www.africa-press.net\/cameroun\/politique\/operation-epervier-voici-une-video-qui-montre-lex-ministre-atangana-kouna-en-train-de-quitter-la-prison-de-yaounde-kondengui#primaryimage\"},\"image\":{\"@id\":\"https:\/\/www.africa-press.net\/cameroun\/politique\/operation-epervier-voici-une-video-qui-montre-lex-ministre-atangana-kouna-en-train-de-quitter-la-prison-de-yaounde-kondengui#primaryimage\"},\"thumbnailUrl\":\"https:\/\/static.africa-press.net\/cameroun\/sites\/57\/2022\/07\/img-62e547fc1327a.jpg\",\"datePublished\":\"2022-07-30T12:33:33+00:00\",\"dateModified\":\"2022-07-30T15:03:00+00:00\",\"author\":{\"@id\":\"https:\/\/www.africa-press.net\/cameroun\/#\/schema\/person\/2b1cf3cd81a31e3cd26889ca66d677f1\"},\"description\":\"Les choses sont all\u00e9es tr\u00e8s vite pour l\u2019ex membre du gouvernement. Le Tribunal criminel sp\u00e9cial a ordonn\u00e9 sa remise en l ...\",\"breadcrumb\":{\"@id\":\"https:\/\/www.africa-press.net\/cameroun\/politique\/operation-epervier-voici-une-video-qui-montre-lex-ministre-atangana-kouna-en-train-de-quitter-la-prison-de-yaounde-kondengui#breadcrumb\"},\"inLanguage\":\"fr-FR\",\"potentialAction\":[{\"@type\":\"ReadAction\",\"target\":[\"https:\/\/www.africa-press.net\/cameroun\/politique\/operation-epervier-voici-une-video-qui-montre-lex-ministre-atangana-kouna-en-train-de-quitter-la-prison-de-yaounde-kondengui\"]}]},{\"@type\":\"ImageObject\",\"inLanguage\":\"fr-FR\",\"@id\":\"https:\/\/www.africa-press.net\/cameroun\/politique\/operation-epervier-voici-une-video-qui-montre-lex-ministre-atangana-kouna-en-train-de-quitter-la-prison-de-yaounde-kondengui#primaryimage\",\"url\":\"https:\/\/static.africa-press.net\/cameroun\/sites\/57\/2022\/07\/img-62e547fc1327a.jpg\",\"contentUrl\":\"https:\/\/static.africa-press.net\/cameroun\/sites\/57\/2022\/07\/img-62e547fc1327a.jpg\",\"width\":800,\"height\":576,\"caption\":\"Op\u00e9ration Epervier: Voici une vid\u00e9o qui montre l\u2019ex ministre Atangana Kouna en train de quitter la prison de Yaound\u00e9 Kondengui\"},{\"@type\":\"BreadcrumbList\",\"@id\":\"https:\/\/www.africa-press.net\/cameroun\/politique\/operation-epervier-voici-une-video-qui-montre-lex-ministre-atangana-kouna-en-train-de-quitter-la-prison-de-yaounde-kondengui#breadcrumb\",\"itemListElement\":[{\"@type\":\"ListItem\",\"position\":1,\"name\":\"Accueil\",\"item\":\"https:\/\/www.africa-press.net\/cameroun\/\"},{\"@type\":\"ListItem\",\"position\":2,\"name\":\"Op\u00e9ration Epervier: Voici une vid\u00e9o qui montre l\u2019ex ministre Atangana Kouna en train de quitter la prison de Yaound\u00e9 Kondengui\"}]},{\"@type\":\"WebSite\",\"@id\":\"https:\/\/www.africa-press.net\/cameroun\/#website\",\"url\":\"https:\/\/www.africa-press.net\/cameroun\/\",\"name\":\"Cameroun\",\"description\":\"Just another Africa News Agency Sites site\",\"potentialAction\":[{\"@type\":\"SearchAction\",\"target\":{\"@type\":\"EntryPoint\",\"urlTemplate\":\"https:\/\/www.africa-press.net\/cameroun\/?s={search_term_string}\"},\"query-input\":{\"@type\":\"PropertyValueSpecification\",\"valueRequired\":true,\"valueName\":\"search_term_string\"}}],\"inLanguage\":\"fr-FR\"},{\"@type\":\"Person\",\"@id\":\"https:\/\/www.africa-press.net\/cameroun\/#\/schema\/person\/2b1cf3cd81a31e3cd26889ca66d677f1\",\"name\":\"cfeditorfr\"}]}<\/script>\n<!-- \/ Yoast SEO Premium plugin. -->","yoast_head_json":{"title":"Op\u00e9ration Epervier: Voici une vid\u00e9o qui montre l\u2019ex ministre Atangana Kouna en train de quitter la prison de Yaound\u00e9 Kondengui - Cameroun","description":"Les choses sont all\u00e9es tr\u00e8s vite pour l\u2019ex membre du gouvernement. Le Tribunal criminel sp\u00e9cial a ordonn\u00e9 sa remise en l ...","robots":{"index":"index","follow":"follow","max-snippet":"max-snippet:-1","max-image-preview":"max-image-preview:large","max-video-preview":"max-video-preview:-1"},"canonical":"https:\/\/www.africa-press.net\/cameroun\/politique\/operation-epervier-voici-une-video-qui-montre-lex-ministre-atangana-kouna-en-train-de-quitter-la-prison-de-yaounde-kondengui","og_locale":"fr_FR","og_type":"article","og_title":"Op\u00e9ration Epervier: Voici une vid\u00e9o qui montre l\u2019ex ministre Atangana Kouna en train de quitter la prison de Yaound\u00e9 Kondengui","og_description":"Les choses sont all\u00e9es tr\u00e8s vite pour l\u2019ex membre du gouvernement. Le Tribunal criminel sp\u00e9cial a ordonn\u00e9 sa remise en l ...","og_url":"https:\/\/www.africa-press.net\/cameroun\/politique\/operation-epervier-voici-une-video-qui-montre-lex-ministre-atangana-kouna-en-train-de-quitter-la-prison-de-yaounde-kondengui","og_site_name":"Cameroun","article_published_time":"2022-07-30T12:33:33+00:00","article_modified_time":"2022-07-30T15:03:00+00:00","og_image":[{"width":800,"height":576,"url":"https:\/\/static.africa-press.net\/cameroun\/sites\/57\/2022\/07\/img-62e547fc1327a.jpg","type":"image\/jpeg"}],"author":"cfeditorfr","twitter_card":"summary_large_image","twitter_misc":{"\u00c9crit par":"cfeditorfr","Dur\u00e9e de lecture estim\u00e9e":"2 minutes"},"schema":{"@context":"https:\/\/schema.org","@graph":[{"@type":"Article","@id":"https:\/\/www.africa-press.net\/cameroun\/politique\/operation-epervier-voici-une-video-qui-montre-lex-ministre-atangana-kouna-en-train-de-quitter-la-prison-de-yaounde-kondengui#article","isPartOf":{"@id":"https:\/\/www.africa-press.net\/cameroun\/politique\/operation-epervier-voici-une-video-qui-montre-lex-ministre-atangana-kouna-en-train-de-quitter-la-prison-de-yaounde-kondengui"},"author":{"name":"cfeditorfr","@id":"https:\/\/www.africa-press.net\/cameroun\/#\/schema\/person\/2b1cf3cd81a31e3cd26889ca66d677f1"},"headline":"Op\u00e9ration Epervier: Voici une vid\u00e9o qui montre l\u2019ex ministre Atangana Kouna en train de quitter la prison de Yaound\u00e9 Kondengui","datePublished":"2022-07-30T12:33:33+00:00","dateModified":"2022-07-30T15:03:00+00:00","mainEntityOfPage":{"@id":"https:\/\/www.africa-press.net\/cameroun\/politique\/operation-epervier-voici-une-video-qui-montre-lex-ministre-atangana-kouna-en-train-de-quitter-la-prison-de-yaounde-kondengui"},"wordCount":409,"commentCount":0,"image":{"@id":"https:\/\/www.africa-press.net\/cameroun\/politique\/operation-epervier-voici-une-video-qui-montre-lex-ministre-atangana-kouna-en-train-de-quitter-la-prison-de-yaounde-kondengui#primaryimage"},"thumbnailUrl":"https:\/\/static.africa-press.net\/cameroun\/sites\/57\/2022\/07\/img-62e547fc1327a.jpg","keywords":["Africa Press","Africa Press-Cameroun","Cameroun"],"articleSection":["homepage-french","Politique","Toutes les actualit\u00e9s"],"inLanguage":"fr-FR","potentialAction":[{"@type":"CommentAction","name":"Comment","target":["https:\/\/www.africa-press.net\/cameroun\/politique\/operation-epervier-voici-une-video-qui-montre-lex-ministre-atangana-kouna-en-train-de-quitter-la-prison-de-yaounde-kondengui#respond"]}]},{"@type":"WebPage","@id":"https:\/\/www.africa-press.net\/cameroun\/politique\/operation-epervier-voici-une-video-qui-montre-lex-ministre-atangana-kouna-en-train-de-quitter-la-prison-de-yaounde-kondengui","url":"https:\/\/www.africa-press.net\/cameroun\/politique\/operation-epervier-voici-une-video-qui-montre-lex-ministre-atangana-kouna-en-train-de-quitter-la-prison-de-yaounde-kondengui","name":"Op\u00e9ration Epervier: Voici une vid\u00e9o qui montre l\u2019ex ministre Atangana Kouna en train de quitter la prison de Yaound\u00e9 Kondengui - Cameroun","isPartOf":{"@id":"https:\/\/www.africa-press.net\/cameroun\/#website"},"primaryImageOfPage":{"@id":"https:\/\/www.africa-press.net\/cameroun\/politique\/operation-epervier-voici-une-video-qui-montre-lex-ministre-atangana-kouna-en-train-de-quitter-la-prison-de-yaounde-kondengui#primaryimage"},"image":{"@id":"https:\/\/www.africa-press.net\/cameroun\/politique\/operation-epervier-voici-une-video-qui-montre-lex-ministre-atangana-kouna-en-train-de-quitter-la-prison-de-yaounde-kondengui#primaryimage"},"thumbnailUrl":"https:\/\/static.africa-press.net\/cameroun\/sites\/57\/2022\/07\/img-62e547fc1327a.jpg","datePublished":"2022-07-30T12:33:33+00:00","dateModified":"2022-07-30T15:03:00+00:00","author":{"@id":"https:\/\/www.africa-press.net\/cameroun\/#\/schema\/person\/2b1cf3cd81a31e3cd26889ca66d677f1"},"description":"Les choses sont all\u00e9es tr\u00e8s vite pour l\u2019ex membre du gouvernement. Le Tribunal criminel sp\u00e9cial a ordonn\u00e9 sa remise en l ...","breadcrumb":{"@id":"https:\/\/www.africa-press.net\/cameroun\/politique\/operation-epervier-voici-une-video-qui-montre-lex-ministre-atangana-kouna-en-train-de-quitter-la-prison-de-yaounde-kondengui#breadcrumb"},"inLanguage":"fr-FR","potentialAction":[{"@type":"ReadAction","target":["https:\/\/www.africa-press.net\/cameroun\/politique\/operation-epervier-voici-une-video-qui-montre-lex-ministre-atangana-kouna-en-train-de-quitter-la-prison-de-yaounde-kondengui"]}]},{"@type":"ImageObject","inLanguage":"fr-FR","@id":"https:\/\/www.africa-press.net\/cameroun\/politique\/operation-epervier-voici-une-video-qui-montre-lex-ministre-atangana-kouna-en-train-de-quitter-la-prison-de-yaounde-kondengui#primaryimage","url":"https:\/\/static.africa-press.net\/cameroun\/sites\/57\/2022\/07\/img-62e547fc1327a.jpg","contentUrl":"https:\/\/static.africa-press.net\/cameroun\/sites\/57\/2022\/07\/img-62e547fc1327a.jpg","width":800,"height":576,"caption":"Op\u00e9ration Epervier: Voici une vid\u00e9o qui montre l\u2019ex ministre Atangana Kouna en train de quitter la prison de Yaound\u00e9 Kondengui"},{"@type":"BreadcrumbList","@id":"https:\/\/www.africa-press.net\/cameroun\/politique\/operation-epervier-voici-une-video-qui-montre-lex-ministre-atangana-kouna-en-train-de-quitter-la-prison-de-yaounde-kondengui#breadcrumb","itemListElement":[{"@type":"ListItem","position":1,"name":"Accueil","item":"https:\/\/www.africa-press.net\/cameroun\/"},{"@type":"ListItem","position":2,"name":"Op\u00e9ration Epervier: Voici une vid\u00e9o qui montre l\u2019ex ministre Atangana Kouna en train de quitter la prison de Yaound\u00e9 Kondengui"}]},{"@type":"WebSite","@id":"https:\/\/www.africa-press.net\/cameroun\/#website","url":"https:\/\/www.africa-press.net\/cameroun\/","name":"Cameroun","description":"Just another Africa News Agency Sites site","potentialAction":[{"@type":"SearchAction","target":{"@type":"EntryPoint","urlTemplate":"https:\/\/www.africa-press.net\/cameroun\/?s={search_term_string}"},"query-input":{"@type":"PropertyValueSpecification","valueRequired":true,"valueName":"search_term_string"}}],"inLanguage":"fr-FR"},{"@type":"Person","@id":"https:\/\/www.africa-press.net\/cameroun\/#\/schema\/person\/2b1cf3cd81a31e3cd26889ca66d677f1","name":"cfeditorfr"}]}},"_links":{"self":[{"href":"https:\/\/www.africa-press.net\/cameroun\/wp-json\/wp\/v2\/posts\/24505","targetHints":{"allow":["GET"]}}],"collection":[{"href":"https:\/\/www.africa-press.net\/cameroun\/wp-json\/wp\/v2\/posts"}],"about":[{"href":"https:\/\/www.africa-press.net\/cameroun\/wp-json\/wp\/v2\/types\/post"}],"author":[{"embeddable":true,"href":"https:\/\/www.africa-press.net\/cameroun\/wp-json\/wp\/v2\/users\/82"}],"replies":[{"embeddable":true,"href":"https:\/\/www.africa-press.net\/cameroun\/wp-json\/wp\/v2\/comments?post=24505"}],"version-history":[{"count":0,"href":"https:\/\/www.africa-press.net\/cameroun\/wp-json\/wp\/v2\/posts\/24505\/revisions"}],"wp:featuredmedia":[{"embeddable":true,"href":"https:\/\/www.africa-press.net\/cameroun\/wp-json\/wp\/v2\/media\/24504"}],"wp:attachment":[{"href":"https:\/\/www.africa-press.net\/cameroun\/wp-json\/wp\/v2\/media?parent=24505"}],"wp:term":[{"taxonomy":"category","embeddable":true,"href":"https:\/\/www.africa-press.net\/cameroun\/wp-json\/wp\/v2\/categories?post=24505"},{"taxonomy":"post_tag","embeddable":true,"href":"https:\/\/www.africa-press.net\/cameroun\/wp-json\/wp\/v2\/tags?post=24505"}],"curies":[{"name":"wp","href":"https:\/\/api.w.org\/{rel}","templated":true}]}}