{"id":2451,"date":"2021-04-25T15:14:47","date_gmt":"2021-04-25T15:14:47","guid":{"rendered":"https:\/\/www.africa-press.net\/cameroun\/?p=2451"},"modified":"2021-04-26T02:00:53","modified_gmt":"2021-04-26T02:00:53","slug":"niat-le-successeur-constitutionnel-de-biya-encore-evacue-en-europe","status":"publish","type":"post","link":"https:\/\/www.africa-press.net\/cameroun\/politique\/niat-le-successeur-constitutionnel-de-biya-encore-evacue-en-europe","title":{"rendered":"Niat, le succ\u00e8sseur constitutionnel de Biya (encore) \u00e9vacu\u00e9 en Europe"},"content":{"rendered":"<p><span style=\"color: #ff6600\"><strong><a href=\"https:\/\/www.africa-press.net\/\">Africa-Press<\/a> &#8211; <a href=\"https:\/\/www.africa-press.net\/cameroun\">Cameroun<\/a>. <\/strong><\/span>A l&rsquo;heure o\u00f9 nous mettons cet article sous presse, nous continuons de nous renseigner sur l&rsquo;Etat de sant\u00e9 du pr\u00e9sident du S\u00e9nat qui devrait quitter ce dimanche Yaound\u00e9 pour des soins en Europe.<\/p>\n<p>L&rsquo;information publi\u00e9e par Boris Bertolt fait depuis quelques heures, le tour des r\u00e9seaux sociaux depuis hier. L&rsquo;on sait que le pr\u00e9sident du S\u00e9nat est mal en point, fatigu\u00e9 par la maladie et l&rsquo;\u00e2ge depuis plusieurs ann\u00e9es. Son maintien aux affaires a certainement contribu\u00e9 \u00e0 d\u00e9grader davantage sa sant\u00e9.<\/p>\n<p>&lsquo;Le pr\u00e9sident du S\u00e9nat, Niat Njifendi va quitter le Cameroun ce dimanche 25 avril 2021 pour une \u00e9vacuation sanitaire en Europe. Depuis plusieurs jours, sa sant\u00e9 s\u2019\u00e9tait d\u00e9grad\u00e9e au point o\u00f9 cet homme \u00e2g\u00e9 de 87 ans a perdu la t\u00eate publiquement en pleine session du s\u00e9nat. Son secr\u00e9taire Michel Meva\u2019a M\u2019Eboutou, a perdu la vue \u00e0 95% et n\u2019arrive presque plus \u00e0 se rendre au bureau. Niat Njifendji ira se faire soigner une \u00e9ni\u00e8me fois avec une importante d\u00e9l\u00e9gation qui a d\u2019ailleurs d\u00e9j\u00e0 touch\u00e9 ses frais de mission&rsquo;, \u00e9crit Boris Bertolt sur sa page Facebook.<\/p>\n","protected":false},"excerpt":{"rendered":"<p>Africa-Press &#8211; Cameroun. A l&rsquo;heure o\u00f9 nous mettons cet article sous presse, nous continuons de nous renseigner sur l&rsquo;Etat de sant\u00e9 du pr\u00e9sident du S\u00e9nat qui devrait quitter ce dimanche Yaound\u00e9 pour des soins en Europe. L&rsquo;information publi\u00e9e par Boris Bertolt fait depuis quelques heures, le tour des r\u00e9seaux sociaux depuis hier. L&rsquo;on sait que [&hellip;]<\/p>\n","protected":false},"author":82,"featured_media":2450,"comment_status":"open","ping_status":"closed","sticky":false,"template":"","format":"standard","meta":{"footnotes":""},"categories":[11,2,10],"tags":[36,50,49],"class_list":["post-2451","post","type-post","status-publish","format-standard","has-post-thumbnail","hentry","category-homepage-french","category-politique","category-toutes-les-actualites","tag-africa-press","tag-africa-press-cameroun","tag-cameroun"],"yoast_head":"<!-- This site is optimized with the Yoast SEO Premium plugin v26.1 (Yoast SEO v27.0) - https:\/\/yoast.com\/product\/yoast-seo-premium-wordpress\/ -->\n<title>Niat, le succ\u00e8sseur constitutionnel de Biya (encore) \u00e9vacu\u00e9 en Europe - Cameroun<\/title>\n<meta name=\"description\" content=\"A l&#039;heure o\u00f9 nous mettons cet article sous presse, nous continuons de nous renseigner sur l&#039;Etat de sant\u00e9 du pr\u00e9sident d ...\" \/>\n<meta name=\"robots\" content=\"index, follow, max-snippet:-1, max-image-preview:large, max-video-preview:-1\" \/>\n<link rel=\"canonical\" href=\"https:\/\/www.africa-press.net\/cameroun\/politique\/niat-le-successeur-constitutionnel-de-biya-encore-evacue-en-europe\" \/>\n<meta property=\"og:locale\" content=\"fr_FR\" \/>\n<meta property=\"og:type\" content=\"article\" \/>\n<meta property=\"og:title\" content=\"Niat, le succ\u00e8sseur constitutionnel de Biya (encore) \u00e9vacu\u00e9 en Europe\" \/>\n<meta property=\"og:description\" content=\"A l&#039;heure o\u00f9 nous mettons cet article sous presse, nous continuons de nous renseigner sur l&#039;Etat de sant\u00e9 du pr\u00e9sident d ...\" \/>\n<meta property=\"og:url\" content=\"https:\/\/www.africa-press.net\/cameroun\/politique\/niat-le-successeur-constitutionnel-de-biya-encore-evacue-en-europe\" \/>\n<meta property=\"og:site_name\" content=\"Cameroun\" \/>\n<meta property=\"article:published_time\" content=\"2021-04-25T15:14:47+00:00\" \/>\n<meta property=\"article:modified_time\" content=\"2021-04-26T02:00:53+00:00\" \/>\n<meta property=\"og:image\" content=\"https:\/\/static.africa-press.net\/cameroun\/sites\/57\/2021\/04\/img-6085ad8c27bea.jpg\" \/>\n\t<meta property=\"og:image:width\" content=\"1200\" \/>\n\t<meta property=\"og:image:height\" content=\"732\" \/>\n\t<meta property=\"og:image:type\" content=\"image\/jpeg\" \/>\n<meta name=\"author\" content=\"cfeditorfr\" \/>\n<meta name=\"twitter:card\" content=\"summary_large_image\" \/>\n<meta name=\"twitter:label1\" content=\"\u00c9crit par\" \/>\n\t<meta name=\"twitter:data1\" content=\"cfeditorfr\" \/>\n\t<meta name=\"twitter:label2\" content=\"Dur\u00e9e de lecture estim\u00e9e\" \/>\n\t<meta name=\"twitter:data2\" content=\"1 minute\" \/>\n<script type=\"application\/ld+json\" class=\"yoast-schema-graph\">{\"@context\":\"https:\/\/schema.org\",\"@graph\":[{\"@type\":\"Article\",\"@id\":\"https:\/\/www.africa-press.net\/cameroun\/politique\/niat-le-successeur-constitutionnel-de-biya-encore-evacue-en-europe#article\",\"isPartOf\":{\"@id\":\"https:\/\/www.africa-press.net\/cameroun\/politique\/niat-le-successeur-constitutionnel-de-biya-encore-evacue-en-europe\"},\"author\":{\"name\":\"cfeditorfr\",\"@id\":\"https:\/\/www.africa-press.net\/cameroun\/#\/schema\/person\/2b1cf3cd81a31e3cd26889ca66d677f1\"},\"headline\":\"Niat, le succ\u00e8sseur constitutionnel de Biya (encore) \u00e9vacu\u00e9 en Europe\",\"datePublished\":\"2021-04-25T15:14:47+00:00\",\"dateModified\":\"2021-04-26T02:00:53+00:00\",\"mainEntityOfPage\":{\"@id\":\"https:\/\/www.africa-press.net\/cameroun\/politique\/niat-le-successeur-constitutionnel-de-biya-encore-evacue-en-europe\"},\"wordCount\":213,\"commentCount\":0,\"image\":{\"@id\":\"https:\/\/www.africa-press.net\/cameroun\/politique\/niat-le-successeur-constitutionnel-de-biya-encore-evacue-en-europe#primaryimage\"},\"thumbnailUrl\":\"https:\/\/static.africa-press.net\/cameroun\/sites\/57\/2021\/04\/img-6085ad8c27bea.jpg\",\"keywords\":[\"Africa Press\",\"Africa Press-Cameroun\",\"Cameroun\"],\"articleSection\":[\"homepage-french\",\"Politique\",\"Toutes les actualit\u00e9s\"],\"inLanguage\":\"fr-FR\",\"potentialAction\":[{\"@type\":\"CommentAction\",\"name\":\"Comment\",\"target\":[\"https:\/\/www.africa-press.net\/cameroun\/politique\/niat-le-successeur-constitutionnel-de-biya-encore-evacue-en-europe#respond\"]}]},{\"@type\":\"WebPage\",\"@id\":\"https:\/\/www.africa-press.net\/cameroun\/politique\/niat-le-successeur-constitutionnel-de-biya-encore-evacue-en-europe\",\"url\":\"https:\/\/www.africa-press.net\/cameroun\/politique\/niat-le-successeur-constitutionnel-de-biya-encore-evacue-en-europe\",\"name\":\"Niat, le succ\u00e8sseur constitutionnel de Biya (encore) \u00e9vacu\u00e9 en Europe - Cameroun\",\"isPartOf\":{\"@id\":\"https:\/\/www.africa-press.net\/cameroun\/#website\"},\"primaryImageOfPage\":{\"@id\":\"https:\/\/www.africa-press.net\/cameroun\/politique\/niat-le-successeur-constitutionnel-de-biya-encore-evacue-en-europe#primaryimage\"},\"image\":{\"@id\":\"https:\/\/www.africa-press.net\/cameroun\/politique\/niat-le-successeur-constitutionnel-de-biya-encore-evacue-en-europe#primaryimage\"},\"thumbnailUrl\":\"https:\/\/static.africa-press.net\/cameroun\/sites\/57\/2021\/04\/img-6085ad8c27bea.jpg\",\"datePublished\":\"2021-04-25T15:14:47+00:00\",\"dateModified\":\"2021-04-26T02:00:53+00:00\",\"author\":{\"@id\":\"https:\/\/www.africa-press.net\/cameroun\/#\/schema\/person\/2b1cf3cd81a31e3cd26889ca66d677f1\"},\"description\":\"A l'heure o\u00f9 nous mettons cet article sous presse, nous continuons de nous renseigner sur l'Etat de sant\u00e9 du pr\u00e9sident d ...\",\"breadcrumb\":{\"@id\":\"https:\/\/www.africa-press.net\/cameroun\/politique\/niat-le-successeur-constitutionnel-de-biya-encore-evacue-en-europe#breadcrumb\"},\"inLanguage\":\"fr-FR\",\"potentialAction\":[{\"@type\":\"ReadAction\",\"target\":[\"https:\/\/www.africa-press.net\/cameroun\/politique\/niat-le-successeur-constitutionnel-de-biya-encore-evacue-en-europe\"]}]},{\"@type\":\"ImageObject\",\"inLanguage\":\"fr-FR\",\"@id\":\"https:\/\/www.africa-press.net\/cameroun\/politique\/niat-le-successeur-constitutionnel-de-biya-encore-evacue-en-europe#primaryimage\",\"url\":\"https:\/\/static.africa-press.net\/cameroun\/sites\/57\/2021\/04\/img-6085ad8c27bea.jpg\",\"contentUrl\":\"https:\/\/static.africa-press.net\/cameroun\/sites\/57\/2021\/04\/img-6085ad8c27bea.jpg\",\"width\":1200,\"height\":732,\"caption\":\"Niat, le succ\u00e8sseur constitutionnel de Biya (encore) \u00e9vacu\u00e9 en Europe\"},{\"@type\":\"BreadcrumbList\",\"@id\":\"https:\/\/www.africa-press.net\/cameroun\/politique\/niat-le-successeur-constitutionnel-de-biya-encore-evacue-en-europe#breadcrumb\",\"itemListElement\":[{\"@type\":\"ListItem\",\"position\":1,\"name\":\"Accueil\",\"item\":\"https:\/\/www.africa-press.net\/cameroun\/\"},{\"@type\":\"ListItem\",\"position\":2,\"name\":\"Niat, le succ\u00e8sseur constitutionnel de Biya (encore) \u00e9vacu\u00e9 en Europe\"}]},{\"@type\":\"WebSite\",\"@id\":\"https:\/\/www.africa-press.net\/cameroun\/#website\",\"url\":\"https:\/\/www.africa-press.net\/cameroun\/\",\"name\":\"Cameroun\",\"description\":\"Just another Africa News Agency Sites site\",\"potentialAction\":[{\"@type\":\"SearchAction\",\"target\":{\"@type\":\"EntryPoint\",\"urlTemplate\":\"https:\/\/www.africa-press.net\/cameroun\/?s={search_term_string}\"},\"query-input\":{\"@type\":\"PropertyValueSpecification\",\"valueRequired\":true,\"valueName\":\"search_term_string\"}}],\"inLanguage\":\"fr-FR\"},{\"@type\":\"Person\",\"@id\":\"https:\/\/www.africa-press.net\/cameroun\/#\/schema\/person\/2b1cf3cd81a31e3cd26889ca66d677f1\",\"name\":\"cfeditorfr\"}]}<\/script>\n<!-- \/ Yoast SEO Premium plugin. -->","yoast_head_json":{"title":"Niat, le succ\u00e8sseur constitutionnel de Biya (encore) \u00e9vacu\u00e9 en Europe - Cameroun","description":"A l'heure o\u00f9 nous mettons cet article sous presse, nous continuons de nous renseigner sur l'Etat de sant\u00e9 du pr\u00e9sident d ...","robots":{"index":"index","follow":"follow","max-snippet":"max-snippet:-1","max-image-preview":"max-image-preview:large","max-video-preview":"max-video-preview:-1"},"canonical":"https:\/\/www.africa-press.net\/cameroun\/politique\/niat-le-successeur-constitutionnel-de-biya-encore-evacue-en-europe","og_locale":"fr_FR","og_type":"article","og_title":"Niat, le succ\u00e8sseur constitutionnel de Biya (encore) \u00e9vacu\u00e9 en Europe","og_description":"A l'heure o\u00f9 nous mettons cet article sous presse, nous continuons de nous renseigner sur l'Etat de sant\u00e9 du pr\u00e9sident d ...","og_url":"https:\/\/www.africa-press.net\/cameroun\/politique\/niat-le-successeur-constitutionnel-de-biya-encore-evacue-en-europe","og_site_name":"Cameroun","article_published_time":"2021-04-25T15:14:47+00:00","article_modified_time":"2021-04-26T02:00:53+00:00","og_image":[{"width":1200,"height":732,"url":"https:\/\/static.africa-press.net\/cameroun\/sites\/57\/2021\/04\/img-6085ad8c27bea.jpg","type":"image\/jpeg"}],"author":"cfeditorfr","twitter_card":"summary_large_image","twitter_misc":{"\u00c9crit par":"cfeditorfr","Dur\u00e9e de lecture estim\u00e9e":"1 minute"},"schema":{"@context":"https:\/\/schema.org","@graph":[{"@type":"Article","@id":"https:\/\/www.africa-press.net\/cameroun\/politique\/niat-le-successeur-constitutionnel-de-biya-encore-evacue-en-europe#article","isPartOf":{"@id":"https:\/\/www.africa-press.net\/cameroun\/politique\/niat-le-successeur-constitutionnel-de-biya-encore-evacue-en-europe"},"author":{"name":"cfeditorfr","@id":"https:\/\/www.africa-press.net\/cameroun\/#\/schema\/person\/2b1cf3cd81a31e3cd26889ca66d677f1"},"headline":"Niat, le succ\u00e8sseur constitutionnel de Biya (encore) \u00e9vacu\u00e9 en Europe","datePublished":"2021-04-25T15:14:47+00:00","dateModified":"2021-04-26T02:00:53+00:00","mainEntityOfPage":{"@id":"https:\/\/www.africa-press.net\/cameroun\/politique\/niat-le-successeur-constitutionnel-de-biya-encore-evacue-en-europe"},"wordCount":213,"commentCount":0,"image":{"@id":"https:\/\/www.africa-press.net\/cameroun\/politique\/niat-le-successeur-constitutionnel-de-biya-encore-evacue-en-europe#primaryimage"},"thumbnailUrl":"https:\/\/static.africa-press.net\/cameroun\/sites\/57\/2021\/04\/img-6085ad8c27bea.jpg","keywords":["Africa Press","Africa Press-Cameroun","Cameroun"],"articleSection":["homepage-french","Politique","Toutes les actualit\u00e9s"],"inLanguage":"fr-FR","potentialAction":[{"@type":"CommentAction","name":"Comment","target":["https:\/\/www.africa-press.net\/cameroun\/politique\/niat-le-successeur-constitutionnel-de-biya-encore-evacue-en-europe#respond"]}]},{"@type":"WebPage","@id":"https:\/\/www.africa-press.net\/cameroun\/politique\/niat-le-successeur-constitutionnel-de-biya-encore-evacue-en-europe","url":"https:\/\/www.africa-press.net\/cameroun\/politique\/niat-le-successeur-constitutionnel-de-biya-encore-evacue-en-europe","name":"Niat, le succ\u00e8sseur constitutionnel de Biya (encore) \u00e9vacu\u00e9 en Europe - Cameroun","isPartOf":{"@id":"https:\/\/www.africa-press.net\/cameroun\/#website"},"primaryImageOfPage":{"@id":"https:\/\/www.africa-press.net\/cameroun\/politique\/niat-le-successeur-constitutionnel-de-biya-encore-evacue-en-europe#primaryimage"},"image":{"@id":"https:\/\/www.africa-press.net\/cameroun\/politique\/niat-le-successeur-constitutionnel-de-biya-encore-evacue-en-europe#primaryimage"},"thumbnailUrl":"https:\/\/static.africa-press.net\/cameroun\/sites\/57\/2021\/04\/img-6085ad8c27bea.jpg","datePublished":"2021-04-25T15:14:47+00:00","dateModified":"2021-04-26T02:00:53+00:00","author":{"@id":"https:\/\/www.africa-press.net\/cameroun\/#\/schema\/person\/2b1cf3cd81a31e3cd26889ca66d677f1"},"description":"A l'heure o\u00f9 nous mettons cet article sous presse, nous continuons de nous renseigner sur l'Etat de sant\u00e9 du pr\u00e9sident d ...","breadcrumb":{"@id":"https:\/\/www.africa-press.net\/cameroun\/politique\/niat-le-successeur-constitutionnel-de-biya-encore-evacue-en-europe#breadcrumb"},"inLanguage":"fr-FR","potentialAction":[{"@type":"ReadAction","target":["https:\/\/www.africa-press.net\/cameroun\/politique\/niat-le-successeur-constitutionnel-de-biya-encore-evacue-en-europe"]}]},{"@type":"ImageObject","inLanguage":"fr-FR","@id":"https:\/\/www.africa-press.net\/cameroun\/politique\/niat-le-successeur-constitutionnel-de-biya-encore-evacue-en-europe#primaryimage","url":"https:\/\/static.africa-press.net\/cameroun\/sites\/57\/2021\/04\/img-6085ad8c27bea.jpg","contentUrl":"https:\/\/static.africa-press.net\/cameroun\/sites\/57\/2021\/04\/img-6085ad8c27bea.jpg","width":1200,"height":732,"caption":"Niat, le succ\u00e8sseur constitutionnel de Biya (encore) \u00e9vacu\u00e9 en Europe"},{"@type":"BreadcrumbList","@id":"https:\/\/www.africa-press.net\/cameroun\/politique\/niat-le-successeur-constitutionnel-de-biya-encore-evacue-en-europe#breadcrumb","itemListElement":[{"@type":"ListItem","position":1,"name":"Accueil","item":"https:\/\/www.africa-press.net\/cameroun\/"},{"@type":"ListItem","position":2,"name":"Niat, le succ\u00e8sseur constitutionnel de Biya (encore) \u00e9vacu\u00e9 en Europe"}]},{"@type":"WebSite","@id":"https:\/\/www.africa-press.net\/cameroun\/#website","url":"https:\/\/www.africa-press.net\/cameroun\/","name":"Cameroun","description":"Just another Africa News Agency Sites site","potentialAction":[{"@type":"SearchAction","target":{"@type":"EntryPoint","urlTemplate":"https:\/\/www.africa-press.net\/cameroun\/?s={search_term_string}"},"query-input":{"@type":"PropertyValueSpecification","valueRequired":true,"valueName":"search_term_string"}}],"inLanguage":"fr-FR"},{"@type":"Person","@id":"https:\/\/www.africa-press.net\/cameroun\/#\/schema\/person\/2b1cf3cd81a31e3cd26889ca66d677f1","name":"cfeditorfr"}]}},"_links":{"self":[{"href":"https:\/\/www.africa-press.net\/cameroun\/wp-json\/wp\/v2\/posts\/2451","targetHints":{"allow":["GET"]}}],"collection":[{"href":"https:\/\/www.africa-press.net\/cameroun\/wp-json\/wp\/v2\/posts"}],"about":[{"href":"https:\/\/www.africa-press.net\/cameroun\/wp-json\/wp\/v2\/types\/post"}],"author":[{"embeddable":true,"href":"https:\/\/www.africa-press.net\/cameroun\/wp-json\/wp\/v2\/users\/82"}],"replies":[{"embeddable":true,"href":"https:\/\/www.africa-press.net\/cameroun\/wp-json\/wp\/v2\/comments?post=2451"}],"version-history":[{"count":0,"href":"https:\/\/www.africa-press.net\/cameroun\/wp-json\/wp\/v2\/posts\/2451\/revisions"}],"wp:featuredmedia":[{"embeddable":true,"href":"https:\/\/www.africa-press.net\/cameroun\/wp-json\/wp\/v2\/media\/2450"}],"wp:attachment":[{"href":"https:\/\/www.africa-press.net\/cameroun\/wp-json\/wp\/v2\/media?parent=2451"}],"wp:term":[{"taxonomy":"category","embeddable":true,"href":"https:\/\/www.africa-press.net\/cameroun\/wp-json\/wp\/v2\/categories?post=2451"},{"taxonomy":"post_tag","embeddable":true,"href":"https:\/\/www.africa-press.net\/cameroun\/wp-json\/wp\/v2\/tags?post=2451"}],"curies":[{"name":"wp","href":"https:\/\/api.w.org\/{rel}","templated":true}]}}