{"id":24517,"date":"2022-07-30T15:13:18","date_gmt":"2022-07-30T15:13:18","guid":{"rendered":"https:\/\/www.africa-press.net\/cameroun\/politique\/succession-coup-de-tonnerre-franck-biya-nest-pas-la-personne-choisie-par-son-pere"},"modified":"2022-07-30T15:32:27","modified_gmt":"2022-07-30T15:32:27","slug":"succession-coup-de-tonnerre-franck-biya-nest-pas-la-personne-choisie-par-son-pere","status":"publish","type":"post","link":"https:\/\/www.africa-press.net\/cameroun\/politique\/succession-coup-de-tonnerre-franck-biya-nest-pas-la-personne-choisie-par-son-pere","title":{"rendered":"Succession : coup de tonnerre, Franck Biya n&rsquo;est pas la personne choisie par son p\u00e8re"},"content":{"rendered":"<p><span style=\"color: #ff6600\"><strong>Africa-Press &#8211; Cameroun. <\/strong><\/span>Le palais pr\u00e9sidentiel d\u2019Etoudi garde bien le secret jusqu\u2019ici et laisse l\u2019opinion publique cogiter toute seule. Est-ce le chef de l\u2019Etat actuel Paul Biya (89 ans) ou son fils Emmanuel Franck Biya (50 ans) qui repr\u00e9sentera la Rassemblement d\u00e9mocratique du peuple camerounais (RDPC) \u00e0 l\u2019\u00e9lection pr\u00e9sidentielle de 2025 ? Tout le monde l\u2019ignore, chacun essaie de se faire sa petite id\u00e9e, surtout que Paul Biya et ses collaborateurs semblent accorder du cr\u00e9dit \u00e0 la formule \u00ab il n\u2019y a pas p\u00e9ril en la demeure \u00bb.<\/p>\n<p>Il n\u2019y a pas longtemps, la question a \u00e9t\u00e9 pos\u00e9e \u00e0 celui qui dirige le Cameroun depuis 1982 et la mort de son pr\u00e9d\u00e9cesseur Ahmadou Ahidjo, il y a quarante (40) bonnes ann\u00e9es maintenant.<\/p>\n<p>C\u2019\u00e9tait dans le cadre de la visite officielle effectu\u00e9e par le pr\u00e9sident r\u00e9cemment r\u00e9\u00e9lu par les Fran\u00e7ais, Emmanuel Macron. Avec Paul Biya, il s\u2019est pr\u00e9sent\u00e9 en conf\u00e9rence de presse, en pr\u00e9sence des journalistes du Cameroun et de la France, du fils Emmanuel Franck Biya, de la femme Chantal Biya, du Secr\u00e9taire g\u00e9n\u00e9ral de la pr\u00e9sidence de la R\u00e9publique (SGPR) Ferdinand Ngoh Ngoh, pour ne citer que ceux-l\u00e0.<\/p>\n<p>Parlant d\u2019avenir, allez-vous vous repr\u00e9senter pour l\u2019\u00e9lection pr\u00e9sidentielle de 2025 ou trouvez-vous qu\u2019il est temps que vous passiez la main \u00e0 la jeune g\u00e9n\u00e9ration ou encore \u00e0 quelqu\u2019un d\u2019autre du parti, c\u2019est comme cela que la journaliste de la Radio France internationale (RFI) lui a pos\u00e9 la question.<\/p>\n<p>A travers sa r\u00e9ponse quasiment similaire \u00e0 celle de 2015, on peut affirmer sans risque de se tromper que le \u00ab plus vieux pr\u00e9sident du monde \u00bb comme l\u2019appelle France 24, n\u2019a rien perdu de son r\u00e9pondant : \u00ab Comme vous le savez, le Cameroun est dirig\u00e9 conform\u00e9ment \u00e0 sa Constitution. Et d\u2019apr\u00e8s cette Constitution, le mandat que je m\u00e8ne a une dur\u00e9e de sept (07) ans. Alors, essayez de faire la soustraction : 7- 4 ou 3 et vous saurez combien de temps il me reste \u00e0 diriger le pays \u00bb.<\/p>\n<p>Apr\u00e8s ces mots qui ont fait soulever la salle, le pr\u00e9sident Paul Biya a continu\u00e9 en ces termes : \u00ab Mais autrement, ce sera su quand ce mandat arrivera \u00e0 expiration, vous serez inform\u00e9s sur le fait de savoir si je reste ou si je m\u2019en vais au village \u00bb.<\/p>\n<p>Selon le lanceur d\u2019alerte et journaliste camerounais Boris Bertolt, Paul Biya n\u2019a pas choisi son fils Emmanuel Franck Biya pour lui succ\u00e9der. Mieux, Boris Bertolt avance que le \u00ab\u00a0vieux\u00a0\u00bb a bien l\u2019intention de briguer un nouveau mandat.<\/p>\n<p>En l\u2019\u00e9tat actuel des choses, Emmanuel Franck Biya est plus le fils du pr\u00e9sident que le dauphin de celui-ci. Il lui manquerait de l\u2019exp\u00e9rience n\u00e9cessaire pour occuper un tel poste de responsabilit\u00e9, selon les convictions qui sont murmur\u00e9es dans les murs du palais d\u2019Etoudi.<\/p>\n<p>Par ailleurs, comme avanc\u00e9 par Boris Bertolt, les mouvements franckistes sont malmen\u00e9s par les autorit\u00e9s comp\u00e9tentes. Elles ne leur laissent pas la voie totalement libre, pour le simple fait qu\u2019en d\u00e9pit que leur candidat porte le m\u00eame nom de famille que le premier patron du pays, cela ne lui donne pas pour autant le droit de faire du pays ce qu\u2019il veut.<\/p>\n<p>Si rien ne change jusqu\u2019en 2025, Paul Biya devrait se repr\u00e9senter \u00e0 l\u2019\u00e9lection. Mais au cas o\u00f9 il changerait d\u2019avis, Emmanuel Franck Biya ne serait pas la premi\u00e8re personne \u00e0 laquelle il ferait appel pour continuer la lutte.<\/p>\n<p><strong>Pour plus d&rsquo;informations et d&rsquo;analyses sur la <a href=\"https:\/\/www.africa-press.net\/cameroun\">Cameroun<\/a>, suivez <a href=\"https:\/\/www.africa-press.net\/\">Africa-Press<\/a><\/strong><\/p>\n","protected":false},"excerpt":{"rendered":"<p>Africa-Press &#8211; Cameroun. Le palais pr\u00e9sidentiel d\u2019Etoudi garde bien le secret jusqu\u2019ici et laisse l\u2019opinion publique cogiter toute seule. Est-ce le chef de l\u2019Etat actuel Paul Biya (89 ans) ou son fils Emmanuel Franck Biya (50 ans) qui repr\u00e9sentera la Rassemblement d\u00e9mocratique du peuple camerounais (RDPC) \u00e0 l\u2019\u00e9lection pr\u00e9sidentielle de 2025 ? Tout le monde [&hellip;]<\/p>\n","protected":false},"author":82,"featured_media":24516,"comment_status":"open","ping_status":"closed","sticky":false,"template":"","format":"standard","meta":{"footnotes":""},"categories":[11,2,10],"tags":[36,50,49],"class_list":["post-24517","post","type-post","status-publish","format-standard","has-post-thumbnail","hentry","category-homepage-french","category-politique","category-toutes-les-actualites","tag-africa-press","tag-africa-press-cameroun","tag-cameroun"],"yoast_head":"<!-- This site is optimized with the Yoast SEO Premium plugin v26.1 (Yoast SEO v27.0) - https:\/\/yoast.com\/product\/yoast-seo-premium-wordpress\/ -->\n<title>Succession : coup de tonnerre, Franck Biya n&#039;est pas la personne choisie par son p\u00e8re - Cameroun<\/title>\n<meta name=\"description\" content=\"Le palais pr\u00e9sidentiel d\u2019Etoudi garde bien le secret jusqu\u2019ici et laisse l\u2019opinion publique cogiter toute seule. Est-ce ...\" \/>\n<meta name=\"robots\" content=\"index, follow, max-snippet:-1, max-image-preview:large, max-video-preview:-1\" \/>\n<link rel=\"canonical\" href=\"https:\/\/www.africa-press.net\/cameroun\/politique\/succession-coup-de-tonnerre-franck-biya-nest-pas-la-personne-choisie-par-son-pere\" \/>\n<meta property=\"og:locale\" content=\"fr_FR\" \/>\n<meta property=\"og:type\" content=\"article\" \/>\n<meta property=\"og:title\" content=\"Succession : coup de tonnerre, Franck Biya n&#039;est pas la personne choisie par son p\u00e8re\" \/>\n<meta property=\"og:description\" content=\"Le palais pr\u00e9sidentiel d\u2019Etoudi garde bien le secret jusqu\u2019ici et laisse l\u2019opinion publique cogiter toute seule. Est-ce ...\" \/>\n<meta property=\"og:url\" content=\"https:\/\/www.africa-press.net\/cameroun\/politique\/succession-coup-de-tonnerre-franck-biya-nest-pas-la-personne-choisie-par-son-pere\" \/>\n<meta property=\"og:site_name\" content=\"Cameroun\" \/>\n<meta property=\"article:published_time\" content=\"2022-07-30T15:13:18+00:00\" \/>\n<meta property=\"article:modified_time\" content=\"2022-07-30T15:32:27+00:00\" \/>\n<meta property=\"og:image\" content=\"https:\/\/static.africa-press.net\/cameroun\/sites\/57\/2022\/07\/postQueueImg_2-62e54ef129edc.jpg\" \/>\n\t<meta property=\"og:image:width\" content=\"600\" \/>\n\t<meta property=\"og:image:height\" content=\"399\" \/>\n\t<meta property=\"og:image:type\" content=\"image\/jpeg\" \/>\n<meta name=\"author\" content=\"cfeditorfr\" \/>\n<meta name=\"twitter:card\" content=\"summary_large_image\" \/>\n<meta name=\"twitter:label1\" content=\"\u00c9crit par\" \/>\n\t<meta name=\"twitter:data1\" content=\"cfeditorfr\" \/>\n\t<meta name=\"twitter:label2\" content=\"Dur\u00e9e de lecture estim\u00e9e\" \/>\n\t<meta name=\"twitter:data2\" content=\"3 minutes\" \/>\n<script type=\"application\/ld+json\" class=\"yoast-schema-graph\">{\"@context\":\"https:\/\/schema.org\",\"@graph\":[{\"@type\":\"Article\",\"@id\":\"https:\/\/www.africa-press.net\/cameroun\/politique\/succession-coup-de-tonnerre-franck-biya-nest-pas-la-personne-choisie-par-son-pere#article\",\"isPartOf\":{\"@id\":\"https:\/\/www.africa-press.net\/cameroun\/politique\/succession-coup-de-tonnerre-franck-biya-nest-pas-la-personne-choisie-par-son-pere\"},\"author\":{\"name\":\"cfeditorfr\",\"@id\":\"https:\/\/www.africa-press.net\/cameroun\/#\/schema\/person\/2b1cf3cd81a31e3cd26889ca66d677f1\"},\"headline\":\"Succession : coup de tonnerre, Franck Biya n&rsquo;est pas la personne choisie par son p\u00e8re\",\"datePublished\":\"2022-07-30T15:13:18+00:00\",\"dateModified\":\"2022-07-30T15:32:27+00:00\",\"mainEntityOfPage\":{\"@id\":\"https:\/\/www.africa-press.net\/cameroun\/politique\/succession-coup-de-tonnerre-franck-biya-nest-pas-la-personne-choisie-par-son-pere\"},\"wordCount\":634,\"commentCount\":0,\"image\":{\"@id\":\"https:\/\/www.africa-press.net\/cameroun\/politique\/succession-coup-de-tonnerre-franck-biya-nest-pas-la-personne-choisie-par-son-pere#primaryimage\"},\"thumbnailUrl\":\"https:\/\/static.africa-press.net\/cameroun\/sites\/57\/2022\/07\/postQueueImg_2-62e54ef129edc.jpg\",\"keywords\":[\"Africa Press\",\"Africa Press-Cameroun\",\"Cameroun\"],\"articleSection\":[\"homepage-french\",\"Politique\",\"Toutes les actualit\u00e9s\"],\"inLanguage\":\"fr-FR\",\"potentialAction\":[{\"@type\":\"CommentAction\",\"name\":\"Comment\",\"target\":[\"https:\/\/www.africa-press.net\/cameroun\/politique\/succession-coup-de-tonnerre-franck-biya-nest-pas-la-personne-choisie-par-son-pere#respond\"]}]},{\"@type\":\"WebPage\",\"@id\":\"https:\/\/www.africa-press.net\/cameroun\/politique\/succession-coup-de-tonnerre-franck-biya-nest-pas-la-personne-choisie-par-son-pere\",\"url\":\"https:\/\/www.africa-press.net\/cameroun\/politique\/succession-coup-de-tonnerre-franck-biya-nest-pas-la-personne-choisie-par-son-pere\",\"name\":\"Succession : coup de tonnerre, Franck Biya n'est pas la personne choisie par son p\u00e8re - Cameroun\",\"isPartOf\":{\"@id\":\"https:\/\/www.africa-press.net\/cameroun\/#website\"},\"primaryImageOfPage\":{\"@id\":\"https:\/\/www.africa-press.net\/cameroun\/politique\/succession-coup-de-tonnerre-franck-biya-nest-pas-la-personne-choisie-par-son-pere#primaryimage\"},\"image\":{\"@id\":\"https:\/\/www.africa-press.net\/cameroun\/politique\/succession-coup-de-tonnerre-franck-biya-nest-pas-la-personne-choisie-par-son-pere#primaryimage\"},\"thumbnailUrl\":\"https:\/\/static.africa-press.net\/cameroun\/sites\/57\/2022\/07\/postQueueImg_2-62e54ef129edc.jpg\",\"datePublished\":\"2022-07-30T15:13:18+00:00\",\"dateModified\":\"2022-07-30T15:32:27+00:00\",\"author\":{\"@id\":\"https:\/\/www.africa-press.net\/cameroun\/#\/schema\/person\/2b1cf3cd81a31e3cd26889ca66d677f1\"},\"description\":\"Le palais pr\u00e9sidentiel d\u2019Etoudi garde bien le secret jusqu\u2019ici et laisse l\u2019opinion publique cogiter toute seule. Est-ce ...\",\"breadcrumb\":{\"@id\":\"https:\/\/www.africa-press.net\/cameroun\/politique\/succession-coup-de-tonnerre-franck-biya-nest-pas-la-personne-choisie-par-son-pere#breadcrumb\"},\"inLanguage\":\"fr-FR\",\"potentialAction\":[{\"@type\":\"ReadAction\",\"target\":[\"https:\/\/www.africa-press.net\/cameroun\/politique\/succession-coup-de-tonnerre-franck-biya-nest-pas-la-personne-choisie-par-son-pere\"]}]},{\"@type\":\"ImageObject\",\"inLanguage\":\"fr-FR\",\"@id\":\"https:\/\/www.africa-press.net\/cameroun\/politique\/succession-coup-de-tonnerre-franck-biya-nest-pas-la-personne-choisie-par-son-pere#primaryimage\",\"url\":\"https:\/\/static.africa-press.net\/cameroun\/sites\/57\/2022\/07\/postQueueImg_2-62e54ef129edc.jpg\",\"contentUrl\":\"https:\/\/static.africa-press.net\/cameroun\/sites\/57\/2022\/07\/postQueueImg_2-62e54ef129edc.jpg\",\"width\":600,\"height\":399,\"caption\":\"Succession : coup de tonnerre, Franck Biya n'est pas la personne choisie par son p\u00e8re\"},{\"@type\":\"BreadcrumbList\",\"@id\":\"https:\/\/www.africa-press.net\/cameroun\/politique\/succession-coup-de-tonnerre-franck-biya-nest-pas-la-personne-choisie-par-son-pere#breadcrumb\",\"itemListElement\":[{\"@type\":\"ListItem\",\"position\":1,\"name\":\"Accueil\",\"item\":\"https:\/\/www.africa-press.net\/cameroun\/\"},{\"@type\":\"ListItem\",\"position\":2,\"name\":\"Succession : coup de tonnerre, Franck Biya n&#8217;est pas la personne choisie par son p\u00e8re\"}]},{\"@type\":\"WebSite\",\"@id\":\"https:\/\/www.africa-press.net\/cameroun\/#website\",\"url\":\"https:\/\/www.africa-press.net\/cameroun\/\",\"name\":\"Cameroun\",\"description\":\"Just another Africa News Agency Sites site\",\"potentialAction\":[{\"@type\":\"SearchAction\",\"target\":{\"@type\":\"EntryPoint\",\"urlTemplate\":\"https:\/\/www.africa-press.net\/cameroun\/?s={search_term_string}\"},\"query-input\":{\"@type\":\"PropertyValueSpecification\",\"valueRequired\":true,\"valueName\":\"search_term_string\"}}],\"inLanguage\":\"fr-FR\"},{\"@type\":\"Person\",\"@id\":\"https:\/\/www.africa-press.net\/cameroun\/#\/schema\/person\/2b1cf3cd81a31e3cd26889ca66d677f1\",\"name\":\"cfeditorfr\"}]}<\/script>\n<!-- \/ Yoast SEO Premium plugin. -->","yoast_head_json":{"title":"Succession : coup de tonnerre, Franck Biya n'est pas la personne choisie par son p\u00e8re - Cameroun","description":"Le palais pr\u00e9sidentiel d\u2019Etoudi garde bien le secret jusqu\u2019ici et laisse l\u2019opinion publique cogiter toute seule. Est-ce ...","robots":{"index":"index","follow":"follow","max-snippet":"max-snippet:-1","max-image-preview":"max-image-preview:large","max-video-preview":"max-video-preview:-1"},"canonical":"https:\/\/www.africa-press.net\/cameroun\/politique\/succession-coup-de-tonnerre-franck-biya-nest-pas-la-personne-choisie-par-son-pere","og_locale":"fr_FR","og_type":"article","og_title":"Succession : coup de tonnerre, Franck Biya n'est pas la personne choisie par son p\u00e8re","og_description":"Le palais pr\u00e9sidentiel d\u2019Etoudi garde bien le secret jusqu\u2019ici et laisse l\u2019opinion publique cogiter toute seule. Est-ce ...","og_url":"https:\/\/www.africa-press.net\/cameroun\/politique\/succession-coup-de-tonnerre-franck-biya-nest-pas-la-personne-choisie-par-son-pere","og_site_name":"Cameroun","article_published_time":"2022-07-30T15:13:18+00:00","article_modified_time":"2022-07-30T15:32:27+00:00","og_image":[{"width":600,"height":399,"url":"https:\/\/static.africa-press.net\/cameroun\/sites\/57\/2022\/07\/postQueueImg_2-62e54ef129edc.jpg","type":"image\/jpeg"}],"author":"cfeditorfr","twitter_card":"summary_large_image","twitter_misc":{"\u00c9crit par":"cfeditorfr","Dur\u00e9e de lecture estim\u00e9e":"3 minutes"},"schema":{"@context":"https:\/\/schema.org","@graph":[{"@type":"Article","@id":"https:\/\/www.africa-press.net\/cameroun\/politique\/succession-coup-de-tonnerre-franck-biya-nest-pas-la-personne-choisie-par-son-pere#article","isPartOf":{"@id":"https:\/\/www.africa-press.net\/cameroun\/politique\/succession-coup-de-tonnerre-franck-biya-nest-pas-la-personne-choisie-par-son-pere"},"author":{"name":"cfeditorfr","@id":"https:\/\/www.africa-press.net\/cameroun\/#\/schema\/person\/2b1cf3cd81a31e3cd26889ca66d677f1"},"headline":"Succession : coup de tonnerre, Franck Biya n&rsquo;est pas la personne choisie par son p\u00e8re","datePublished":"2022-07-30T15:13:18+00:00","dateModified":"2022-07-30T15:32:27+00:00","mainEntityOfPage":{"@id":"https:\/\/www.africa-press.net\/cameroun\/politique\/succession-coup-de-tonnerre-franck-biya-nest-pas-la-personne-choisie-par-son-pere"},"wordCount":634,"commentCount":0,"image":{"@id":"https:\/\/www.africa-press.net\/cameroun\/politique\/succession-coup-de-tonnerre-franck-biya-nest-pas-la-personne-choisie-par-son-pere#primaryimage"},"thumbnailUrl":"https:\/\/static.africa-press.net\/cameroun\/sites\/57\/2022\/07\/postQueueImg_2-62e54ef129edc.jpg","keywords":["Africa Press","Africa Press-Cameroun","Cameroun"],"articleSection":["homepage-french","Politique","Toutes les actualit\u00e9s"],"inLanguage":"fr-FR","potentialAction":[{"@type":"CommentAction","name":"Comment","target":["https:\/\/www.africa-press.net\/cameroun\/politique\/succession-coup-de-tonnerre-franck-biya-nest-pas-la-personne-choisie-par-son-pere#respond"]}]},{"@type":"WebPage","@id":"https:\/\/www.africa-press.net\/cameroun\/politique\/succession-coup-de-tonnerre-franck-biya-nest-pas-la-personne-choisie-par-son-pere","url":"https:\/\/www.africa-press.net\/cameroun\/politique\/succession-coup-de-tonnerre-franck-biya-nest-pas-la-personne-choisie-par-son-pere","name":"Succession : coup de tonnerre, Franck Biya n'est pas la personne choisie par son p\u00e8re - Cameroun","isPartOf":{"@id":"https:\/\/www.africa-press.net\/cameroun\/#website"},"primaryImageOfPage":{"@id":"https:\/\/www.africa-press.net\/cameroun\/politique\/succession-coup-de-tonnerre-franck-biya-nest-pas-la-personne-choisie-par-son-pere#primaryimage"},"image":{"@id":"https:\/\/www.africa-press.net\/cameroun\/politique\/succession-coup-de-tonnerre-franck-biya-nest-pas-la-personne-choisie-par-son-pere#primaryimage"},"thumbnailUrl":"https:\/\/static.africa-press.net\/cameroun\/sites\/57\/2022\/07\/postQueueImg_2-62e54ef129edc.jpg","datePublished":"2022-07-30T15:13:18+00:00","dateModified":"2022-07-30T15:32:27+00:00","author":{"@id":"https:\/\/www.africa-press.net\/cameroun\/#\/schema\/person\/2b1cf3cd81a31e3cd26889ca66d677f1"},"description":"Le palais pr\u00e9sidentiel d\u2019Etoudi garde bien le secret jusqu\u2019ici et laisse l\u2019opinion publique cogiter toute seule. Est-ce ...","breadcrumb":{"@id":"https:\/\/www.africa-press.net\/cameroun\/politique\/succession-coup-de-tonnerre-franck-biya-nest-pas-la-personne-choisie-par-son-pere#breadcrumb"},"inLanguage":"fr-FR","potentialAction":[{"@type":"ReadAction","target":["https:\/\/www.africa-press.net\/cameroun\/politique\/succession-coup-de-tonnerre-franck-biya-nest-pas-la-personne-choisie-par-son-pere"]}]},{"@type":"ImageObject","inLanguage":"fr-FR","@id":"https:\/\/www.africa-press.net\/cameroun\/politique\/succession-coup-de-tonnerre-franck-biya-nest-pas-la-personne-choisie-par-son-pere#primaryimage","url":"https:\/\/static.africa-press.net\/cameroun\/sites\/57\/2022\/07\/postQueueImg_2-62e54ef129edc.jpg","contentUrl":"https:\/\/static.africa-press.net\/cameroun\/sites\/57\/2022\/07\/postQueueImg_2-62e54ef129edc.jpg","width":600,"height":399,"caption":"Succession : coup de tonnerre, Franck Biya n'est pas la personne choisie par son p\u00e8re"},{"@type":"BreadcrumbList","@id":"https:\/\/www.africa-press.net\/cameroun\/politique\/succession-coup-de-tonnerre-franck-biya-nest-pas-la-personne-choisie-par-son-pere#breadcrumb","itemListElement":[{"@type":"ListItem","position":1,"name":"Accueil","item":"https:\/\/www.africa-press.net\/cameroun\/"},{"@type":"ListItem","position":2,"name":"Succession : coup de tonnerre, Franck Biya n&#8217;est pas la personne choisie par son p\u00e8re"}]},{"@type":"WebSite","@id":"https:\/\/www.africa-press.net\/cameroun\/#website","url":"https:\/\/www.africa-press.net\/cameroun\/","name":"Cameroun","description":"Just another Africa News Agency Sites site","potentialAction":[{"@type":"SearchAction","target":{"@type":"EntryPoint","urlTemplate":"https:\/\/www.africa-press.net\/cameroun\/?s={search_term_string}"},"query-input":{"@type":"PropertyValueSpecification","valueRequired":true,"valueName":"search_term_string"}}],"inLanguage":"fr-FR"},{"@type":"Person","@id":"https:\/\/www.africa-press.net\/cameroun\/#\/schema\/person\/2b1cf3cd81a31e3cd26889ca66d677f1","name":"cfeditorfr"}]}},"_links":{"self":[{"href":"https:\/\/www.africa-press.net\/cameroun\/wp-json\/wp\/v2\/posts\/24517","targetHints":{"allow":["GET"]}}],"collection":[{"href":"https:\/\/www.africa-press.net\/cameroun\/wp-json\/wp\/v2\/posts"}],"about":[{"href":"https:\/\/www.africa-press.net\/cameroun\/wp-json\/wp\/v2\/types\/post"}],"author":[{"embeddable":true,"href":"https:\/\/www.africa-press.net\/cameroun\/wp-json\/wp\/v2\/users\/82"}],"replies":[{"embeddable":true,"href":"https:\/\/www.africa-press.net\/cameroun\/wp-json\/wp\/v2\/comments?post=24517"}],"version-history":[{"count":0,"href":"https:\/\/www.africa-press.net\/cameroun\/wp-json\/wp\/v2\/posts\/24517\/revisions"}],"wp:featuredmedia":[{"embeddable":true,"href":"https:\/\/www.africa-press.net\/cameroun\/wp-json\/wp\/v2\/media\/24516"}],"wp:attachment":[{"href":"https:\/\/www.africa-press.net\/cameroun\/wp-json\/wp\/v2\/media?parent=24517"}],"wp:term":[{"taxonomy":"category","embeddable":true,"href":"https:\/\/www.africa-press.net\/cameroun\/wp-json\/wp\/v2\/categories?post=24517"},{"taxonomy":"post_tag","embeddable":true,"href":"https:\/\/www.africa-press.net\/cameroun\/wp-json\/wp\/v2\/tags?post=24517"}],"curies":[{"name":"wp","href":"https:\/\/api.w.org\/{rel}","templated":true}]}}