{"id":24534,"date":"2022-07-31T15:27:42","date_gmt":"2022-07-31T15:27:42","guid":{"rendered":"https:\/\/www.africa-press.net\/cameroun\/politique\/cameroun-issa-tchiroma-bakari-denonce-les-mauvaises-pratiques-des-10-000-travailleurs-etrangers-en-situation-dans-le-pays"},"modified":"2022-07-31T16:12:41","modified_gmt":"2022-07-31T16:12:41","slug":"cameroun-issa-tchiroma-bakari-denonce-les-mauvaises-pratiques-des-10-000-travailleurs-etrangers-en-situation-dans-le-pays","status":"publish","type":"post","link":"https:\/\/www.africa-press.net\/cameroun\/politique\/cameroun-issa-tchiroma-bakari-denonce-les-mauvaises-pratiques-des-10-000-travailleurs-etrangers-en-situation-dans-le-pays","title":{"rendered":"Cameroun: Issa Tchiroma Bakari d\u00e9nonce les mauvaises pratiques des 10 000  travailleurs \u00e9trangers en situation dans le pays"},"content":{"rendered":"<p><span style=\"color: #ff6600\"><strong>Africa-Press &#8211; Cameroun. <\/strong><\/span>En cas de refus du visa du personnel de nationalit\u00e9 \u00e9trang\u00e8re par les autorit\u00e9s comp\u00e9tentes du Cameroun, le contrat de travail est de nul effet. La pr\u00e9cision a \u00e9t\u00e9 faite par Issa Tchiroma Bakaey, ministre de l\u2019Emploi et de la formation professionnelle (Minefop), dans une interview accord\u00e9e \u00e0 l\u2019hebdomadaire Cameroon Business Today (CBT), dans sa parution du mercredi 29 juillet 2022.<\/p>\n<p>Le ministre explique, le requ\u00e9rant malheureux doit cesser toute activit\u00e9 professionnelle au sein de l\u2019entreprise o\u00f9 il se trouve et si ce travail est la seule raison pour laquelle le travailleur de nationalit\u00e9 \u00e9trang\u00e8re s\u00e9journe au Cameroun, il est tenu de quitter le territoire national.<\/p>\n<p>\u00ab Lorsqu\u2019ils sont interpell\u00e9s lors des contr\u00f4les des services comp\u00e9tents du Minefop, ils invoquent soit l\u2019ignorance de la r\u00e9glementation en vigueur, soit des ententes tacites que certains promoteurs de grands projets pr\u00e9tendent avoir conclues avec les administrations ma\u00eetresses d\u2019ouvrages des grands projets relatifs \u00e0 l\u2019emploi d\u2019une abondante main d\u2019\u0153uvre \u00e9trang\u00e8re par souci de diligence dans l\u2019ex\u00e9cution desdits projets \u00bb d\u00e9nonce le membre du gouvernement.<\/p>\n<p>Issa Tchiroma Bakary explique \u00e9galement que tous les secteurs d\u2019activit\u00e9s sont concern\u00e9s mais certains encore plus, du fait d\u2019un d\u00e9ficit des comp\u00e9tences nationales. Il s\u2019agit des secteurs concernant les grands projets infrastructurels, \u00e9nerg\u00e9tiques, miniers, industriels, agricoles, TIC, agro-industriels, agro-alimentaires, le commerce, les \u00e9tudes d\u2019impact socio-environnementales des grands projets et tout ce qui est \u00e0 forte valeur ajout\u00e9e, en termes d\u2019emplois et de revenus.<\/p>\n<p>Afin d\u2019\u00e9viter toute \u00e9quivoque concernant les 10 000 travailleurs \u00e9trangers en situation irr\u00e9guli\u00e8re au Cameroun, le Minefop a toutefois pr\u00e9cis\u00e9 que \u00ab le travailleur dont on parle est celui qui r\u00e9pond aux crit\u00e8res qui sont d\u00e9finis \u00e0 l\u2019article 1er de la loi no 92\/007 du 14 ao\u00fbt 1992 portant Code du Travail, \u00e0 savoir toute personne de nationalit\u00e9 \u00e9trang\u00e8re qui s\u2019engage \u00e0 mettre son activit\u00e9 professionnelle moyennant r\u00e9mun\u00e9ration, sous la direction et l\u2019autorit\u00e9 d\u2019une personne physique ou morale, publique ou priv\u00e9e consid\u00e9r\u00e9e comme employeur \u00bb.<\/p>\n<p>Sont exclus de ce champ d\u2019application, les actionnaires r\u00e9mun\u00e9r\u00e9s au b\u00e9n\u00e9fice, les touristes, les personnels e, mission pour six mois au maximum, les \u00e9tudiants et les \u00e9l\u00e8ves en formation<\/p>\n<p>Jean Daniel Obama<\/p>\n<p><strong>Pour plus d&rsquo;informations et d&rsquo;analyses sur la <a href=\"https:\/\/www.africa-press.net\/cameroun\">Cameroun<\/a>, suivez <a href=\"https:\/\/www.africa-press.net\/\">Africa-Press<\/a><\/strong><\/p>\n","protected":false},"excerpt":{"rendered":"<p>Africa-Press &#8211; Cameroun. En cas de refus du visa du personnel de nationalit\u00e9 \u00e9trang\u00e8re par les autorit\u00e9s comp\u00e9tentes du Cameroun, le contrat de travail est de nul effet. La pr\u00e9cision a \u00e9t\u00e9 faite par Issa Tchiroma Bakaey, ministre de l\u2019Emploi et de la formation professionnelle (Minefop), dans une interview accord\u00e9e \u00e0 l\u2019hebdomadaire Cameroon Business Today [&hellip;]<\/p>\n","protected":false},"author":82,"featured_media":24533,"comment_status":"open","ping_status":"closed","sticky":false,"template":"","format":"standard","meta":{"footnotes":""},"categories":[11,2,10],"tags":[36,50,49],"class_list":["post-24534","post","type-post","status-publish","format-standard","has-post-thumbnail","hentry","category-homepage-french","category-politique","category-toutes-les-actualites","tag-africa-press","tag-africa-press-cameroun","tag-cameroun"],"yoast_head":"<!-- This site is optimized with the Yoast SEO Premium plugin v26.1 (Yoast SEO v27.0) - https:\/\/yoast.com\/product\/yoast-seo-premium-wordpress\/ -->\n<title>Cameroun: Issa Tchiroma Bakari d\u00e9nonce les mauvaises pratiques des 10 000 travailleurs \u00e9trangers en situation dans le pays - Cameroun<\/title>\n<meta name=\"description\" content=\"En cas de refus du visa du personnel de nationalit\u00e9 \u00e9trang\u00e8re par les autorit\u00e9s comp\u00e9tentes du Cameroun, le contrat de t ...\" \/>\n<meta name=\"robots\" content=\"index, follow, max-snippet:-1, max-image-preview:large, max-video-preview:-1\" \/>\n<link rel=\"canonical\" href=\"https:\/\/www.africa-press.net\/cameroun\/politique\/cameroun-issa-tchiroma-bakari-denonce-les-mauvaises-pratiques-des-10-000-travailleurs-etrangers-en-situation-dans-le-pays\" \/>\n<meta property=\"og:locale\" content=\"fr_FR\" \/>\n<meta property=\"og:type\" content=\"article\" \/>\n<meta property=\"og:title\" content=\"Cameroun: Issa Tchiroma Bakari d\u00e9nonce les mauvaises pratiques des 10 000 travailleurs \u00e9trangers en situation dans le pays\" \/>\n<meta property=\"og:description\" content=\"En cas de refus du visa du personnel de nationalit\u00e9 \u00e9trang\u00e8re par les autorit\u00e9s comp\u00e9tentes du Cameroun, le contrat de t ...\" \/>\n<meta property=\"og:url\" content=\"https:\/\/www.africa-press.net\/cameroun\/politique\/cameroun-issa-tchiroma-bakari-denonce-les-mauvaises-pratiques-des-10-000-travailleurs-etrangers-en-situation-dans-le-pays\" \/>\n<meta property=\"og:site_name\" content=\"Cameroun\" \/>\n<meta property=\"article:published_time\" content=\"2022-07-31T15:27:42+00:00\" \/>\n<meta property=\"article:modified_time\" content=\"2022-07-31T16:12:41+00:00\" \/>\n<meta property=\"og:image\" content=\"https:\/\/static.africa-press.net\/cameroun\/sites\/57\/2022\/07\/postQueueImg_2-62e6a9c7b01ff.jpg\" \/>\n\t<meta property=\"og:image:width\" content=\"800\" \/>\n\t<meta property=\"og:image:height\" content=\"455\" \/>\n\t<meta property=\"og:image:type\" content=\"image\/jpeg\" \/>\n<meta name=\"author\" content=\"cfeditorfr\" \/>\n<meta name=\"twitter:card\" content=\"summary_large_image\" \/>\n<meta name=\"twitter:label1\" content=\"\u00c9crit par\" \/>\n\t<meta name=\"twitter:data1\" content=\"cfeditorfr\" \/>\n\t<meta name=\"twitter:label2\" content=\"Dur\u00e9e de lecture estim\u00e9e\" \/>\n\t<meta name=\"twitter:data2\" content=\"2 minutes\" \/>\n<script type=\"application\/ld+json\" class=\"yoast-schema-graph\">{\"@context\":\"https:\/\/schema.org\",\"@graph\":[{\"@type\":\"Article\",\"@id\":\"https:\/\/www.africa-press.net\/cameroun\/politique\/cameroun-issa-tchiroma-bakari-denonce-les-mauvaises-pratiques-des-10-000-travailleurs-etrangers-en-situation-dans-le-pays#article\",\"isPartOf\":{\"@id\":\"https:\/\/www.africa-press.net\/cameroun\/politique\/cameroun-issa-tchiroma-bakari-denonce-les-mauvaises-pratiques-des-10-000-travailleurs-etrangers-en-situation-dans-le-pays\"},\"author\":{\"name\":\"cfeditorfr\",\"@id\":\"https:\/\/www.africa-press.net\/cameroun\/#\/schema\/person\/2b1cf3cd81a31e3cd26889ca66d677f1\"},\"headline\":\"Cameroun: Issa Tchiroma Bakari d\u00e9nonce les mauvaises pratiques des 10 000 travailleurs \u00e9trangers en situation dans le pays\",\"datePublished\":\"2022-07-31T15:27:42+00:00\",\"dateModified\":\"2022-07-31T16:12:41+00:00\",\"mainEntityOfPage\":{\"@id\":\"https:\/\/www.africa-press.net\/cameroun\/politique\/cameroun-issa-tchiroma-bakari-denonce-les-mauvaises-pratiques-des-10-000-travailleurs-etrangers-en-situation-dans-le-pays\"},\"wordCount\":428,\"commentCount\":0,\"image\":{\"@id\":\"https:\/\/www.africa-press.net\/cameroun\/politique\/cameroun-issa-tchiroma-bakari-denonce-les-mauvaises-pratiques-des-10-000-travailleurs-etrangers-en-situation-dans-le-pays#primaryimage\"},\"thumbnailUrl\":\"https:\/\/static.africa-press.net\/cameroun\/sites\/57\/2022\/07\/postQueueImg_2-62e6a9c7b01ff.jpg\",\"keywords\":[\"Africa Press\",\"Africa Press-Cameroun\",\"Cameroun\"],\"articleSection\":[\"homepage-french\",\"Politique\",\"Toutes les actualit\u00e9s\"],\"inLanguage\":\"fr-FR\",\"potentialAction\":[{\"@type\":\"CommentAction\",\"name\":\"Comment\",\"target\":[\"https:\/\/www.africa-press.net\/cameroun\/politique\/cameroun-issa-tchiroma-bakari-denonce-les-mauvaises-pratiques-des-10-000-travailleurs-etrangers-en-situation-dans-le-pays#respond\"]}]},{\"@type\":\"WebPage\",\"@id\":\"https:\/\/www.africa-press.net\/cameroun\/politique\/cameroun-issa-tchiroma-bakari-denonce-les-mauvaises-pratiques-des-10-000-travailleurs-etrangers-en-situation-dans-le-pays\",\"url\":\"https:\/\/www.africa-press.net\/cameroun\/politique\/cameroun-issa-tchiroma-bakari-denonce-les-mauvaises-pratiques-des-10-000-travailleurs-etrangers-en-situation-dans-le-pays\",\"name\":\"Cameroun: Issa Tchiroma Bakari d\u00e9nonce les mauvaises pratiques des 10 000 travailleurs \u00e9trangers en situation dans le pays - Cameroun\",\"isPartOf\":{\"@id\":\"https:\/\/www.africa-press.net\/cameroun\/#website\"},\"primaryImageOfPage\":{\"@id\":\"https:\/\/www.africa-press.net\/cameroun\/politique\/cameroun-issa-tchiroma-bakari-denonce-les-mauvaises-pratiques-des-10-000-travailleurs-etrangers-en-situation-dans-le-pays#primaryimage\"},\"image\":{\"@id\":\"https:\/\/www.africa-press.net\/cameroun\/politique\/cameroun-issa-tchiroma-bakari-denonce-les-mauvaises-pratiques-des-10-000-travailleurs-etrangers-en-situation-dans-le-pays#primaryimage\"},\"thumbnailUrl\":\"https:\/\/static.africa-press.net\/cameroun\/sites\/57\/2022\/07\/postQueueImg_2-62e6a9c7b01ff.jpg\",\"datePublished\":\"2022-07-31T15:27:42+00:00\",\"dateModified\":\"2022-07-31T16:12:41+00:00\",\"author\":{\"@id\":\"https:\/\/www.africa-press.net\/cameroun\/#\/schema\/person\/2b1cf3cd81a31e3cd26889ca66d677f1\"},\"description\":\"En cas de refus du visa du personnel de nationalit\u00e9 \u00e9trang\u00e8re par les autorit\u00e9s comp\u00e9tentes du Cameroun, le contrat de t ...\",\"breadcrumb\":{\"@id\":\"https:\/\/www.africa-press.net\/cameroun\/politique\/cameroun-issa-tchiroma-bakari-denonce-les-mauvaises-pratiques-des-10-000-travailleurs-etrangers-en-situation-dans-le-pays#breadcrumb\"},\"inLanguage\":\"fr-FR\",\"potentialAction\":[{\"@type\":\"ReadAction\",\"target\":[\"https:\/\/www.africa-press.net\/cameroun\/politique\/cameroun-issa-tchiroma-bakari-denonce-les-mauvaises-pratiques-des-10-000-travailleurs-etrangers-en-situation-dans-le-pays\"]}]},{\"@type\":\"ImageObject\",\"inLanguage\":\"fr-FR\",\"@id\":\"https:\/\/www.africa-press.net\/cameroun\/politique\/cameroun-issa-tchiroma-bakari-denonce-les-mauvaises-pratiques-des-10-000-travailleurs-etrangers-en-situation-dans-le-pays#primaryimage\",\"url\":\"https:\/\/static.africa-press.net\/cameroun\/sites\/57\/2022\/07\/postQueueImg_2-62e6a9c7b01ff.jpg\",\"contentUrl\":\"https:\/\/static.africa-press.net\/cameroun\/sites\/57\/2022\/07\/postQueueImg_2-62e6a9c7b01ff.jpg\",\"width\":800,\"height\":455,\"caption\":\"Cameroun: Issa Tchiroma Bakari d\u00e9nonce les mauvaises pratiques des 10 000 travailleurs \u00e9trangers en situation dans le pays\"},{\"@type\":\"BreadcrumbList\",\"@id\":\"https:\/\/www.africa-press.net\/cameroun\/politique\/cameroun-issa-tchiroma-bakari-denonce-les-mauvaises-pratiques-des-10-000-travailleurs-etrangers-en-situation-dans-le-pays#breadcrumb\",\"itemListElement\":[{\"@type\":\"ListItem\",\"position\":1,\"name\":\"Accueil\",\"item\":\"https:\/\/www.africa-press.net\/cameroun\/\"},{\"@type\":\"ListItem\",\"position\":2,\"name\":\"Cameroun: Issa Tchiroma Bakari d\u00e9nonce les mauvaises pratiques des 10 000 travailleurs \u00e9trangers en situation dans le pays\"}]},{\"@type\":\"WebSite\",\"@id\":\"https:\/\/www.africa-press.net\/cameroun\/#website\",\"url\":\"https:\/\/www.africa-press.net\/cameroun\/\",\"name\":\"Cameroun\",\"description\":\"Just another Africa News Agency Sites site\",\"potentialAction\":[{\"@type\":\"SearchAction\",\"target\":{\"@type\":\"EntryPoint\",\"urlTemplate\":\"https:\/\/www.africa-press.net\/cameroun\/?s={search_term_string}\"},\"query-input\":{\"@type\":\"PropertyValueSpecification\",\"valueRequired\":true,\"valueName\":\"search_term_string\"}}],\"inLanguage\":\"fr-FR\"},{\"@type\":\"Person\",\"@id\":\"https:\/\/www.africa-press.net\/cameroun\/#\/schema\/person\/2b1cf3cd81a31e3cd26889ca66d677f1\",\"name\":\"cfeditorfr\"}]}<\/script>\n<!-- \/ Yoast SEO Premium plugin. -->","yoast_head_json":{"title":"Cameroun: Issa Tchiroma Bakari d\u00e9nonce les mauvaises pratiques des 10 000 travailleurs \u00e9trangers en situation dans le pays - Cameroun","description":"En cas de refus du visa du personnel de nationalit\u00e9 \u00e9trang\u00e8re par les autorit\u00e9s comp\u00e9tentes du Cameroun, le contrat de t ...","robots":{"index":"index","follow":"follow","max-snippet":"max-snippet:-1","max-image-preview":"max-image-preview:large","max-video-preview":"max-video-preview:-1"},"canonical":"https:\/\/www.africa-press.net\/cameroun\/politique\/cameroun-issa-tchiroma-bakari-denonce-les-mauvaises-pratiques-des-10-000-travailleurs-etrangers-en-situation-dans-le-pays","og_locale":"fr_FR","og_type":"article","og_title":"Cameroun: Issa Tchiroma Bakari d\u00e9nonce les mauvaises pratiques des 10 000 travailleurs \u00e9trangers en situation dans le pays","og_description":"En cas de refus du visa du personnel de nationalit\u00e9 \u00e9trang\u00e8re par les autorit\u00e9s comp\u00e9tentes du Cameroun, le contrat de t ...","og_url":"https:\/\/www.africa-press.net\/cameroun\/politique\/cameroun-issa-tchiroma-bakari-denonce-les-mauvaises-pratiques-des-10-000-travailleurs-etrangers-en-situation-dans-le-pays","og_site_name":"Cameroun","article_published_time":"2022-07-31T15:27:42+00:00","article_modified_time":"2022-07-31T16:12:41+00:00","og_image":[{"width":800,"height":455,"url":"https:\/\/static.africa-press.net\/cameroun\/sites\/57\/2022\/07\/postQueueImg_2-62e6a9c7b01ff.jpg","type":"image\/jpeg"}],"author":"cfeditorfr","twitter_card":"summary_large_image","twitter_misc":{"\u00c9crit par":"cfeditorfr","Dur\u00e9e de lecture estim\u00e9e":"2 minutes"},"schema":{"@context":"https:\/\/schema.org","@graph":[{"@type":"Article","@id":"https:\/\/www.africa-press.net\/cameroun\/politique\/cameroun-issa-tchiroma-bakari-denonce-les-mauvaises-pratiques-des-10-000-travailleurs-etrangers-en-situation-dans-le-pays#article","isPartOf":{"@id":"https:\/\/www.africa-press.net\/cameroun\/politique\/cameroun-issa-tchiroma-bakari-denonce-les-mauvaises-pratiques-des-10-000-travailleurs-etrangers-en-situation-dans-le-pays"},"author":{"name":"cfeditorfr","@id":"https:\/\/www.africa-press.net\/cameroun\/#\/schema\/person\/2b1cf3cd81a31e3cd26889ca66d677f1"},"headline":"Cameroun: Issa Tchiroma Bakari d\u00e9nonce les mauvaises pratiques des 10 000 travailleurs \u00e9trangers en situation dans le pays","datePublished":"2022-07-31T15:27:42+00:00","dateModified":"2022-07-31T16:12:41+00:00","mainEntityOfPage":{"@id":"https:\/\/www.africa-press.net\/cameroun\/politique\/cameroun-issa-tchiroma-bakari-denonce-les-mauvaises-pratiques-des-10-000-travailleurs-etrangers-en-situation-dans-le-pays"},"wordCount":428,"commentCount":0,"image":{"@id":"https:\/\/www.africa-press.net\/cameroun\/politique\/cameroun-issa-tchiroma-bakari-denonce-les-mauvaises-pratiques-des-10-000-travailleurs-etrangers-en-situation-dans-le-pays#primaryimage"},"thumbnailUrl":"https:\/\/static.africa-press.net\/cameroun\/sites\/57\/2022\/07\/postQueueImg_2-62e6a9c7b01ff.jpg","keywords":["Africa Press","Africa Press-Cameroun","Cameroun"],"articleSection":["homepage-french","Politique","Toutes les actualit\u00e9s"],"inLanguage":"fr-FR","potentialAction":[{"@type":"CommentAction","name":"Comment","target":["https:\/\/www.africa-press.net\/cameroun\/politique\/cameroun-issa-tchiroma-bakari-denonce-les-mauvaises-pratiques-des-10-000-travailleurs-etrangers-en-situation-dans-le-pays#respond"]}]},{"@type":"WebPage","@id":"https:\/\/www.africa-press.net\/cameroun\/politique\/cameroun-issa-tchiroma-bakari-denonce-les-mauvaises-pratiques-des-10-000-travailleurs-etrangers-en-situation-dans-le-pays","url":"https:\/\/www.africa-press.net\/cameroun\/politique\/cameroun-issa-tchiroma-bakari-denonce-les-mauvaises-pratiques-des-10-000-travailleurs-etrangers-en-situation-dans-le-pays","name":"Cameroun: Issa Tchiroma Bakari d\u00e9nonce les mauvaises pratiques des 10 000 travailleurs \u00e9trangers en situation dans le pays - Cameroun","isPartOf":{"@id":"https:\/\/www.africa-press.net\/cameroun\/#website"},"primaryImageOfPage":{"@id":"https:\/\/www.africa-press.net\/cameroun\/politique\/cameroun-issa-tchiroma-bakari-denonce-les-mauvaises-pratiques-des-10-000-travailleurs-etrangers-en-situation-dans-le-pays#primaryimage"},"image":{"@id":"https:\/\/www.africa-press.net\/cameroun\/politique\/cameroun-issa-tchiroma-bakari-denonce-les-mauvaises-pratiques-des-10-000-travailleurs-etrangers-en-situation-dans-le-pays#primaryimage"},"thumbnailUrl":"https:\/\/static.africa-press.net\/cameroun\/sites\/57\/2022\/07\/postQueueImg_2-62e6a9c7b01ff.jpg","datePublished":"2022-07-31T15:27:42+00:00","dateModified":"2022-07-31T16:12:41+00:00","author":{"@id":"https:\/\/www.africa-press.net\/cameroun\/#\/schema\/person\/2b1cf3cd81a31e3cd26889ca66d677f1"},"description":"En cas de refus du visa du personnel de nationalit\u00e9 \u00e9trang\u00e8re par les autorit\u00e9s comp\u00e9tentes du Cameroun, le contrat de t ...","breadcrumb":{"@id":"https:\/\/www.africa-press.net\/cameroun\/politique\/cameroun-issa-tchiroma-bakari-denonce-les-mauvaises-pratiques-des-10-000-travailleurs-etrangers-en-situation-dans-le-pays#breadcrumb"},"inLanguage":"fr-FR","potentialAction":[{"@type":"ReadAction","target":["https:\/\/www.africa-press.net\/cameroun\/politique\/cameroun-issa-tchiroma-bakari-denonce-les-mauvaises-pratiques-des-10-000-travailleurs-etrangers-en-situation-dans-le-pays"]}]},{"@type":"ImageObject","inLanguage":"fr-FR","@id":"https:\/\/www.africa-press.net\/cameroun\/politique\/cameroun-issa-tchiroma-bakari-denonce-les-mauvaises-pratiques-des-10-000-travailleurs-etrangers-en-situation-dans-le-pays#primaryimage","url":"https:\/\/static.africa-press.net\/cameroun\/sites\/57\/2022\/07\/postQueueImg_2-62e6a9c7b01ff.jpg","contentUrl":"https:\/\/static.africa-press.net\/cameroun\/sites\/57\/2022\/07\/postQueueImg_2-62e6a9c7b01ff.jpg","width":800,"height":455,"caption":"Cameroun: Issa Tchiroma Bakari d\u00e9nonce les mauvaises pratiques des 10 000 travailleurs \u00e9trangers en situation dans le pays"},{"@type":"BreadcrumbList","@id":"https:\/\/www.africa-press.net\/cameroun\/politique\/cameroun-issa-tchiroma-bakari-denonce-les-mauvaises-pratiques-des-10-000-travailleurs-etrangers-en-situation-dans-le-pays#breadcrumb","itemListElement":[{"@type":"ListItem","position":1,"name":"Accueil","item":"https:\/\/www.africa-press.net\/cameroun\/"},{"@type":"ListItem","position":2,"name":"Cameroun: Issa Tchiroma Bakari d\u00e9nonce les mauvaises pratiques des 10 000 travailleurs \u00e9trangers en situation dans le pays"}]},{"@type":"WebSite","@id":"https:\/\/www.africa-press.net\/cameroun\/#website","url":"https:\/\/www.africa-press.net\/cameroun\/","name":"Cameroun","description":"Just another Africa News Agency Sites site","potentialAction":[{"@type":"SearchAction","target":{"@type":"EntryPoint","urlTemplate":"https:\/\/www.africa-press.net\/cameroun\/?s={search_term_string}"},"query-input":{"@type":"PropertyValueSpecification","valueRequired":true,"valueName":"search_term_string"}}],"inLanguage":"fr-FR"},{"@type":"Person","@id":"https:\/\/www.africa-press.net\/cameroun\/#\/schema\/person\/2b1cf3cd81a31e3cd26889ca66d677f1","name":"cfeditorfr"}]}},"_links":{"self":[{"href":"https:\/\/www.africa-press.net\/cameroun\/wp-json\/wp\/v2\/posts\/24534","targetHints":{"allow":["GET"]}}],"collection":[{"href":"https:\/\/www.africa-press.net\/cameroun\/wp-json\/wp\/v2\/posts"}],"about":[{"href":"https:\/\/www.africa-press.net\/cameroun\/wp-json\/wp\/v2\/types\/post"}],"author":[{"embeddable":true,"href":"https:\/\/www.africa-press.net\/cameroun\/wp-json\/wp\/v2\/users\/82"}],"replies":[{"embeddable":true,"href":"https:\/\/www.africa-press.net\/cameroun\/wp-json\/wp\/v2\/comments?post=24534"}],"version-history":[{"count":0,"href":"https:\/\/www.africa-press.net\/cameroun\/wp-json\/wp\/v2\/posts\/24534\/revisions"}],"wp:featuredmedia":[{"embeddable":true,"href":"https:\/\/www.africa-press.net\/cameroun\/wp-json\/wp\/v2\/media\/24533"}],"wp:attachment":[{"href":"https:\/\/www.africa-press.net\/cameroun\/wp-json\/wp\/v2\/media?parent=24534"}],"wp:term":[{"taxonomy":"category","embeddable":true,"href":"https:\/\/www.africa-press.net\/cameroun\/wp-json\/wp\/v2\/categories?post=24534"},{"taxonomy":"post_tag","embeddable":true,"href":"https:\/\/www.africa-press.net\/cameroun\/wp-json\/wp\/v2\/tags?post=24534"}],"curies":[{"name":"wp","href":"https:\/\/api.w.org\/{rel}","templated":true}]}}