{"id":2454,"date":"2021-04-25T15:22:20","date_gmt":"2021-04-25T15:22:20","guid":{"rendered":"https:\/\/www.africa-press.net\/cameroun\/?p=2454"},"modified":"2021-04-26T02:00:50","modified_gmt":"2021-04-26T02:00:50","slug":"etoudi-voici-comment-franck-biya-va-succeder-a-son-pere","status":"publish","type":"post","link":"https:\/\/www.africa-press.net\/cameroun\/politique\/etoudi-voici-comment-franck-biya-va-succeder-a-son-pere","title":{"rendered":"Etoudi: voici comment Franck Biya va succeder \u00e0 son p\u00e8re"},"content":{"rendered":"<p><span style=\"color: #ff6600\"><strong><a href=\"https:\/\/www.africa-press.net\/\">Africa-Press<\/a> &#8211; <a href=\"https:\/\/www.africa-press.net\/cameroun\">Cameroun<\/a>. <\/strong><\/span>Selon l\u2019\u00e9crivain camerounais Patrice Nganang, il suffit que le fils a\u00een\u00e9 du chef de l\u2019Etat soit nomm\u00e9 s\u00e9nateur du RDPC, et puis\u2026<\/p>\n<p>Depuis plusieurs mois, le d\u00e9bat sur la succession de Paul Biya, 88 ans, fait rage au Cameroun. Le nom d\u2019Emmanuel Franck Biya, fils a\u00een\u00e9 du chef de l\u2019Etat, est cit\u00e9 comme un possible successeur.<\/p>\n<p>Malgr\u00e9 le silence du concern\u00e9, une formation politique h\u00e9t\u00e9roclite dirig\u00e9e depuis 2013 par Mohamed Rahim Noumeau, un chef d\u2019entreprise, estime que Franck Biya est un successeur cr\u00e9dible. Une th\u00e8se que l\u2019\u00e9crivain camerounais Patrice Nganang croit possible.<\/p>\n<p>\u00ab En cas de mort de Biya, il suffit que Franck Biya soit nomm\u00e9 s\u00e9nateur du RDPC, et puis pr\u00e9sident du Senat \u00e0 la place de Niat qui va refuser de succ\u00e9der, et il devient pr\u00e9sident de la r\u00e9publique du Cameroun. 24 heures \u00bb, explique-t-il sur page Facebook ce samedi 24 avril 2021.<\/p>\n<p>Pour se faire comprendre, l\u2019auteur de \u00ab Temps de chien \u00bb prend l\u2019exemple de ce qui s\u2019est pass\u00e9 au Togo. Faure Eyadema avait \u00e9t\u00e9 \u00e9lu pr\u00e9sident un dimanche : \u00ab je m\u2019en rappelle tr\u00e8s bien, oui, un dimanche en session extraordinaire de l\u2019Assembl\u00e9e nationale ou le parti de son p\u00e8re mort subitement, avait une majorit\u00e9 absolue, dimanche, 24 heures, tout avait \u00e9t\u00e9 ficelle: le changement de la Constitution par vote de l\u2019Assembl\u00e9e nationale, l\u2019inclusion de la nouvelle disposition de succession en cas de d\u00e9c\u00e8s subit, l\u2019inclusion de son nom pour \u00e9lection. \u00bb, se souvient-il.<\/p>\n<p>24h chrono<\/p>\n<p>En 24 heures donc, analyse Patrice Nganang, l\u2019Assembl\u00e9e \u00e9tait entour\u00e9e de militaires kabye, la tribu d\u2019Eyadema qui sont les Bulu du Togo comme les Saghawa du Tchad. La pr\u00e9sidente de l\u2019Assembl\u00e9e quant a lui avait \u00e9t\u00e9 \u2018bloque hors du pays\u2019, et fronti\u00e8res a\u00e9riennes, maritimes et terrestres ferm\u00e9es.<\/p>\n<p>\u00ab Apr\u00e8s modification des dispositions, Faure avait donc d\u2019abord \u00e9t\u00e9 \u00e9lu pr\u00e9sident de l\u2019Assembl\u00e9e nationale a la place du pr\u00e9sident \u2018absent\u2019, puis pr\u00e9sident de la r\u00e9publique, et puis il avait pr\u00eat\u00e9 serment comme pr\u00e9sident de la r\u00e9publique. Un dimanche. Tout \u00e7a en 24 heures. Jamais l\u2019Afrique n\u2019avait \u00e9t\u00e9 si rapide! \u00bb, rappelle l\u2019\u00e9crivain camerounais.<\/p>\n","protected":false},"excerpt":{"rendered":"<p>Africa-Press &#8211; Cameroun. Selon l\u2019\u00e9crivain camerounais Patrice Nganang, il suffit que le fils a\u00een\u00e9 du chef de l\u2019Etat soit nomm\u00e9 s\u00e9nateur du RDPC, et puis\u2026 Depuis plusieurs mois, le d\u00e9bat sur la succession de Paul Biya, 88 ans, fait rage au Cameroun. Le nom d\u2019Emmanuel Franck Biya, fils a\u00een\u00e9 du chef de l\u2019Etat, est cit\u00e9 [&hellip;]<\/p>\n","protected":false},"author":82,"featured_media":2453,"comment_status":"open","ping_status":"closed","sticky":false,"template":"","format":"standard","meta":{"footnotes":""},"categories":[11,2,10],"tags":[36,50,49],"class_list":["post-2454","post","type-post","status-publish","format-standard","has-post-thumbnail","hentry","category-homepage-french","category-politique","category-toutes-les-actualites","tag-africa-press","tag-africa-press-cameroun","tag-cameroun"],"yoast_head":"<!-- This site is optimized with the Yoast SEO Premium plugin v26.1 (Yoast SEO v27.0) - https:\/\/yoast.com\/product\/yoast-seo-premium-wordpress\/ -->\n<title>Etoudi: voici comment Franck Biya va succeder \u00e0 son p\u00e8re - Cameroun<\/title>\n<meta name=\"description\" content=\"Selon l\u2019\u00e9crivain camerounais Patrice Nganang, il suffit que le fils a\u00een\u00e9 du chef de l\u2019Etat soit nomm\u00e9 s\u00e9nateur du RDPC, ...\" \/>\n<meta name=\"robots\" content=\"index, follow, max-snippet:-1, max-image-preview:large, max-video-preview:-1\" \/>\n<link rel=\"canonical\" href=\"https:\/\/www.africa-press.net\/cameroun\/politique\/etoudi-voici-comment-franck-biya-va-succeder-a-son-pere\" \/>\n<meta property=\"og:locale\" content=\"fr_FR\" \/>\n<meta property=\"og:type\" content=\"article\" \/>\n<meta property=\"og:title\" content=\"Etoudi: voici comment Franck Biya va succeder \u00e0 son p\u00e8re\" \/>\n<meta property=\"og:description\" content=\"Selon l\u2019\u00e9crivain camerounais Patrice Nganang, il suffit que le fils a\u00een\u00e9 du chef de l\u2019Etat soit nomm\u00e9 s\u00e9nateur du RDPC, ...\" \/>\n<meta property=\"og:url\" content=\"https:\/\/www.africa-press.net\/cameroun\/politique\/etoudi-voici-comment-franck-biya-va-succeder-a-son-pere\" \/>\n<meta property=\"og:site_name\" content=\"Cameroun\" \/>\n<meta property=\"article:published_time\" content=\"2021-04-25T15:22:20+00:00\" \/>\n<meta property=\"article:modified_time\" content=\"2021-04-26T02:00:50+00:00\" \/>\n<meta property=\"og:image\" content=\"https:\/\/static.africa-press.net\/cameroun\/sites\/57\/2021\/04\/img-6085adafc9de7.jpg\" \/>\n\t<meta property=\"og:image:width\" content=\"720\" \/>\n\t<meta property=\"og:image:height\" content=\"405\" \/>\n\t<meta property=\"og:image:type\" content=\"image\/jpeg\" \/>\n<meta name=\"author\" content=\"cfeditorfr\" \/>\n<meta name=\"twitter:card\" content=\"summary_large_image\" \/>\n<meta name=\"twitter:label1\" content=\"\u00c9crit par\" \/>\n\t<meta name=\"twitter:data1\" content=\"cfeditorfr\" \/>\n\t<meta name=\"twitter:label2\" content=\"Dur\u00e9e de lecture estim\u00e9e\" \/>\n\t<meta name=\"twitter:data2\" content=\"2 minutes\" \/>\n<script type=\"application\/ld+json\" class=\"yoast-schema-graph\">{\"@context\":\"https:\/\/schema.org\",\"@graph\":[{\"@type\":\"Article\",\"@id\":\"https:\/\/www.africa-press.net\/cameroun\/politique\/etoudi-voici-comment-franck-biya-va-succeder-a-son-pere#article\",\"isPartOf\":{\"@id\":\"https:\/\/www.africa-press.net\/cameroun\/politique\/etoudi-voici-comment-franck-biya-va-succeder-a-son-pere\"},\"author\":{\"name\":\"cfeditorfr\",\"@id\":\"https:\/\/www.africa-press.net\/cameroun\/#\/schema\/person\/2b1cf3cd81a31e3cd26889ca66d677f1\"},\"headline\":\"Etoudi: voici comment Franck Biya va succeder \u00e0 son p\u00e8re\",\"datePublished\":\"2021-04-25T15:22:20+00:00\",\"dateModified\":\"2021-04-26T02:00:50+00:00\",\"mainEntityOfPage\":{\"@id\":\"https:\/\/www.africa-press.net\/cameroun\/politique\/etoudi-voici-comment-franck-biya-va-succeder-a-son-pere\"},\"wordCount\":396,\"commentCount\":0,\"image\":{\"@id\":\"https:\/\/www.africa-press.net\/cameroun\/politique\/etoudi-voici-comment-franck-biya-va-succeder-a-son-pere#primaryimage\"},\"thumbnailUrl\":\"https:\/\/static.africa-press.net\/cameroun\/sites\/57\/2021\/04\/img-6085adafc9de7.jpg\",\"keywords\":[\"Africa Press\",\"Africa Press-Cameroun\",\"Cameroun\"],\"articleSection\":[\"homepage-french\",\"Politique\",\"Toutes les actualit\u00e9s\"],\"inLanguage\":\"fr-FR\",\"potentialAction\":[{\"@type\":\"CommentAction\",\"name\":\"Comment\",\"target\":[\"https:\/\/www.africa-press.net\/cameroun\/politique\/etoudi-voici-comment-franck-biya-va-succeder-a-son-pere#respond\"]}]},{\"@type\":\"WebPage\",\"@id\":\"https:\/\/www.africa-press.net\/cameroun\/politique\/etoudi-voici-comment-franck-biya-va-succeder-a-son-pere\",\"url\":\"https:\/\/www.africa-press.net\/cameroun\/politique\/etoudi-voici-comment-franck-biya-va-succeder-a-son-pere\",\"name\":\"Etoudi: voici comment Franck Biya va succeder \u00e0 son p\u00e8re - Cameroun\",\"isPartOf\":{\"@id\":\"https:\/\/www.africa-press.net\/cameroun\/#website\"},\"primaryImageOfPage\":{\"@id\":\"https:\/\/www.africa-press.net\/cameroun\/politique\/etoudi-voici-comment-franck-biya-va-succeder-a-son-pere#primaryimage\"},\"image\":{\"@id\":\"https:\/\/www.africa-press.net\/cameroun\/politique\/etoudi-voici-comment-franck-biya-va-succeder-a-son-pere#primaryimage\"},\"thumbnailUrl\":\"https:\/\/static.africa-press.net\/cameroun\/sites\/57\/2021\/04\/img-6085adafc9de7.jpg\",\"datePublished\":\"2021-04-25T15:22:20+00:00\",\"dateModified\":\"2021-04-26T02:00:50+00:00\",\"author\":{\"@id\":\"https:\/\/www.africa-press.net\/cameroun\/#\/schema\/person\/2b1cf3cd81a31e3cd26889ca66d677f1\"},\"description\":\"Selon l\u2019\u00e9crivain camerounais Patrice Nganang, il suffit que le fils a\u00een\u00e9 du chef de l\u2019Etat soit nomm\u00e9 s\u00e9nateur du RDPC, ...\",\"breadcrumb\":{\"@id\":\"https:\/\/www.africa-press.net\/cameroun\/politique\/etoudi-voici-comment-franck-biya-va-succeder-a-son-pere#breadcrumb\"},\"inLanguage\":\"fr-FR\",\"potentialAction\":[{\"@type\":\"ReadAction\",\"target\":[\"https:\/\/www.africa-press.net\/cameroun\/politique\/etoudi-voici-comment-franck-biya-va-succeder-a-son-pere\"]}]},{\"@type\":\"ImageObject\",\"inLanguage\":\"fr-FR\",\"@id\":\"https:\/\/www.africa-press.net\/cameroun\/politique\/etoudi-voici-comment-franck-biya-va-succeder-a-son-pere#primaryimage\",\"url\":\"https:\/\/static.africa-press.net\/cameroun\/sites\/57\/2021\/04\/img-6085adafc9de7.jpg\",\"contentUrl\":\"https:\/\/static.africa-press.net\/cameroun\/sites\/57\/2021\/04\/img-6085adafc9de7.jpg\",\"width\":720,\"height\":405,\"caption\":\"Etoudi: voici comment Franck Biya va succeder \u00e0 son p\u00e8re\"},{\"@type\":\"BreadcrumbList\",\"@id\":\"https:\/\/www.africa-press.net\/cameroun\/politique\/etoudi-voici-comment-franck-biya-va-succeder-a-son-pere#breadcrumb\",\"itemListElement\":[{\"@type\":\"ListItem\",\"position\":1,\"name\":\"Accueil\",\"item\":\"https:\/\/www.africa-press.net\/cameroun\/\"},{\"@type\":\"ListItem\",\"position\":2,\"name\":\"Etoudi: voici comment Franck Biya va succeder \u00e0 son p\u00e8re\"}]},{\"@type\":\"WebSite\",\"@id\":\"https:\/\/www.africa-press.net\/cameroun\/#website\",\"url\":\"https:\/\/www.africa-press.net\/cameroun\/\",\"name\":\"Cameroun\",\"description\":\"Just another Africa News Agency Sites site\",\"potentialAction\":[{\"@type\":\"SearchAction\",\"target\":{\"@type\":\"EntryPoint\",\"urlTemplate\":\"https:\/\/www.africa-press.net\/cameroun\/?s={search_term_string}\"},\"query-input\":{\"@type\":\"PropertyValueSpecification\",\"valueRequired\":true,\"valueName\":\"search_term_string\"}}],\"inLanguage\":\"fr-FR\"},{\"@type\":\"Person\",\"@id\":\"https:\/\/www.africa-press.net\/cameroun\/#\/schema\/person\/2b1cf3cd81a31e3cd26889ca66d677f1\",\"name\":\"cfeditorfr\"}]}<\/script>\n<!-- \/ Yoast SEO Premium plugin. -->","yoast_head_json":{"title":"Etoudi: voici comment Franck Biya va succeder \u00e0 son p\u00e8re - Cameroun","description":"Selon l\u2019\u00e9crivain camerounais Patrice Nganang, il suffit que le fils a\u00een\u00e9 du chef de l\u2019Etat soit nomm\u00e9 s\u00e9nateur du RDPC, ...","robots":{"index":"index","follow":"follow","max-snippet":"max-snippet:-1","max-image-preview":"max-image-preview:large","max-video-preview":"max-video-preview:-1"},"canonical":"https:\/\/www.africa-press.net\/cameroun\/politique\/etoudi-voici-comment-franck-biya-va-succeder-a-son-pere","og_locale":"fr_FR","og_type":"article","og_title":"Etoudi: voici comment Franck Biya va succeder \u00e0 son p\u00e8re","og_description":"Selon l\u2019\u00e9crivain camerounais Patrice Nganang, il suffit que le fils a\u00een\u00e9 du chef de l\u2019Etat soit nomm\u00e9 s\u00e9nateur du RDPC, ...","og_url":"https:\/\/www.africa-press.net\/cameroun\/politique\/etoudi-voici-comment-franck-biya-va-succeder-a-son-pere","og_site_name":"Cameroun","article_published_time":"2021-04-25T15:22:20+00:00","article_modified_time":"2021-04-26T02:00:50+00:00","og_image":[{"width":720,"height":405,"url":"https:\/\/static.africa-press.net\/cameroun\/sites\/57\/2021\/04\/img-6085adafc9de7.jpg","type":"image\/jpeg"}],"author":"cfeditorfr","twitter_card":"summary_large_image","twitter_misc":{"\u00c9crit par":"cfeditorfr","Dur\u00e9e de lecture estim\u00e9e":"2 minutes"},"schema":{"@context":"https:\/\/schema.org","@graph":[{"@type":"Article","@id":"https:\/\/www.africa-press.net\/cameroun\/politique\/etoudi-voici-comment-franck-biya-va-succeder-a-son-pere#article","isPartOf":{"@id":"https:\/\/www.africa-press.net\/cameroun\/politique\/etoudi-voici-comment-franck-biya-va-succeder-a-son-pere"},"author":{"name":"cfeditorfr","@id":"https:\/\/www.africa-press.net\/cameroun\/#\/schema\/person\/2b1cf3cd81a31e3cd26889ca66d677f1"},"headline":"Etoudi: voici comment Franck Biya va succeder \u00e0 son p\u00e8re","datePublished":"2021-04-25T15:22:20+00:00","dateModified":"2021-04-26T02:00:50+00:00","mainEntityOfPage":{"@id":"https:\/\/www.africa-press.net\/cameroun\/politique\/etoudi-voici-comment-franck-biya-va-succeder-a-son-pere"},"wordCount":396,"commentCount":0,"image":{"@id":"https:\/\/www.africa-press.net\/cameroun\/politique\/etoudi-voici-comment-franck-biya-va-succeder-a-son-pere#primaryimage"},"thumbnailUrl":"https:\/\/static.africa-press.net\/cameroun\/sites\/57\/2021\/04\/img-6085adafc9de7.jpg","keywords":["Africa Press","Africa Press-Cameroun","Cameroun"],"articleSection":["homepage-french","Politique","Toutes les actualit\u00e9s"],"inLanguage":"fr-FR","potentialAction":[{"@type":"CommentAction","name":"Comment","target":["https:\/\/www.africa-press.net\/cameroun\/politique\/etoudi-voici-comment-franck-biya-va-succeder-a-son-pere#respond"]}]},{"@type":"WebPage","@id":"https:\/\/www.africa-press.net\/cameroun\/politique\/etoudi-voici-comment-franck-biya-va-succeder-a-son-pere","url":"https:\/\/www.africa-press.net\/cameroun\/politique\/etoudi-voici-comment-franck-biya-va-succeder-a-son-pere","name":"Etoudi: voici comment Franck Biya va succeder \u00e0 son p\u00e8re - Cameroun","isPartOf":{"@id":"https:\/\/www.africa-press.net\/cameroun\/#website"},"primaryImageOfPage":{"@id":"https:\/\/www.africa-press.net\/cameroun\/politique\/etoudi-voici-comment-franck-biya-va-succeder-a-son-pere#primaryimage"},"image":{"@id":"https:\/\/www.africa-press.net\/cameroun\/politique\/etoudi-voici-comment-franck-biya-va-succeder-a-son-pere#primaryimage"},"thumbnailUrl":"https:\/\/static.africa-press.net\/cameroun\/sites\/57\/2021\/04\/img-6085adafc9de7.jpg","datePublished":"2021-04-25T15:22:20+00:00","dateModified":"2021-04-26T02:00:50+00:00","author":{"@id":"https:\/\/www.africa-press.net\/cameroun\/#\/schema\/person\/2b1cf3cd81a31e3cd26889ca66d677f1"},"description":"Selon l\u2019\u00e9crivain camerounais Patrice Nganang, il suffit que le fils a\u00een\u00e9 du chef de l\u2019Etat soit nomm\u00e9 s\u00e9nateur du RDPC, ...","breadcrumb":{"@id":"https:\/\/www.africa-press.net\/cameroun\/politique\/etoudi-voici-comment-franck-biya-va-succeder-a-son-pere#breadcrumb"},"inLanguage":"fr-FR","potentialAction":[{"@type":"ReadAction","target":["https:\/\/www.africa-press.net\/cameroun\/politique\/etoudi-voici-comment-franck-biya-va-succeder-a-son-pere"]}]},{"@type":"ImageObject","inLanguage":"fr-FR","@id":"https:\/\/www.africa-press.net\/cameroun\/politique\/etoudi-voici-comment-franck-biya-va-succeder-a-son-pere#primaryimage","url":"https:\/\/static.africa-press.net\/cameroun\/sites\/57\/2021\/04\/img-6085adafc9de7.jpg","contentUrl":"https:\/\/static.africa-press.net\/cameroun\/sites\/57\/2021\/04\/img-6085adafc9de7.jpg","width":720,"height":405,"caption":"Etoudi: voici comment Franck Biya va succeder \u00e0 son p\u00e8re"},{"@type":"BreadcrumbList","@id":"https:\/\/www.africa-press.net\/cameroun\/politique\/etoudi-voici-comment-franck-biya-va-succeder-a-son-pere#breadcrumb","itemListElement":[{"@type":"ListItem","position":1,"name":"Accueil","item":"https:\/\/www.africa-press.net\/cameroun\/"},{"@type":"ListItem","position":2,"name":"Etoudi: voici comment Franck Biya va succeder \u00e0 son p\u00e8re"}]},{"@type":"WebSite","@id":"https:\/\/www.africa-press.net\/cameroun\/#website","url":"https:\/\/www.africa-press.net\/cameroun\/","name":"Cameroun","description":"Just another Africa News Agency Sites site","potentialAction":[{"@type":"SearchAction","target":{"@type":"EntryPoint","urlTemplate":"https:\/\/www.africa-press.net\/cameroun\/?s={search_term_string}"},"query-input":{"@type":"PropertyValueSpecification","valueRequired":true,"valueName":"search_term_string"}}],"inLanguage":"fr-FR"},{"@type":"Person","@id":"https:\/\/www.africa-press.net\/cameroun\/#\/schema\/person\/2b1cf3cd81a31e3cd26889ca66d677f1","name":"cfeditorfr"}]}},"_links":{"self":[{"href":"https:\/\/www.africa-press.net\/cameroun\/wp-json\/wp\/v2\/posts\/2454","targetHints":{"allow":["GET"]}}],"collection":[{"href":"https:\/\/www.africa-press.net\/cameroun\/wp-json\/wp\/v2\/posts"}],"about":[{"href":"https:\/\/www.africa-press.net\/cameroun\/wp-json\/wp\/v2\/types\/post"}],"author":[{"embeddable":true,"href":"https:\/\/www.africa-press.net\/cameroun\/wp-json\/wp\/v2\/users\/82"}],"replies":[{"embeddable":true,"href":"https:\/\/www.africa-press.net\/cameroun\/wp-json\/wp\/v2\/comments?post=2454"}],"version-history":[{"count":0,"href":"https:\/\/www.africa-press.net\/cameroun\/wp-json\/wp\/v2\/posts\/2454\/revisions"}],"wp:featuredmedia":[{"embeddable":true,"href":"https:\/\/www.africa-press.net\/cameroun\/wp-json\/wp\/v2\/media\/2453"}],"wp:attachment":[{"href":"https:\/\/www.africa-press.net\/cameroun\/wp-json\/wp\/v2\/media?parent=2454"}],"wp:term":[{"taxonomy":"category","embeddable":true,"href":"https:\/\/www.africa-press.net\/cameroun\/wp-json\/wp\/v2\/categories?post=2454"},{"taxonomy":"post_tag","embeddable":true,"href":"https:\/\/www.africa-press.net\/cameroun\/wp-json\/wp\/v2\/tags?post=2454"}],"curies":[{"name":"wp","href":"https:\/\/api.w.org\/{rel}","templated":true}]}}