{"id":24552,"date":"2022-07-31T15:41:55","date_gmt":"2022-07-31T15:41:55","guid":{"rendered":"https:\/\/www.africa-press.net\/cameroun\/politique\/cameroun-un-gendarme-abattu-par-des-bandits"},"modified":"2022-07-31T16:20:27","modified_gmt":"2022-07-31T16:20:27","slug":"cameroun-un-gendarme-abattu-par-des-bandits","status":"publish","type":"post","link":"https:\/\/www.africa-press.net\/cameroun\/toutes-les-actualites\/cameroun-un-gendarme-abattu-par-des-bandits","title":{"rendered":"Cameroun: un gendarme abattu par des bandits"},"content":{"rendered":"<p><span style=\"color: #ff6600\"><strong>Africa-Press &#8211; Cameroun. <\/strong><\/span>Alors qu&rsquo;ils \u00e9taient en pleine patrouille \u00e0 Zembe Borongo, un groupe de gendarmes est tomb\u00e9 sur des bandits en pleine op\u00e9ration. Ces dernier, arm\u00e9s de fusils d&rsquo;assauts ont ouvert le feu sur les gendarmes, causant la mort d&rsquo;un \u00e9l\u00e9ment.<\/p>\n<p>D&rsquo;apr\u00e8s nos sources, un seul gendarme est tomb\u00e9 lors des \u00e9changes de tirs. Il s&rsquo;agit du soldat Ndogmo Zeuton en service au GPGIN de Bertoua, en d\u00e9tachement au poste de surveillance de Zembe Borongo.<\/p>\n<p>\u00ab\u00a0Ndogmo Zeuton est tomb\u00e9 dans une embuscade lors d&rsquo;une patrouille. 4 malfrats arm\u00e9s de AK47 lui ont mortellement tir\u00e9 dessus tandis que son coll\u00e8gue s&rsquo;en est miraculeusement sorti vivant\u00a0\u00bb, apprend-on de notre source.<\/p>\n<p>Il y a un mois seulement, un gendarme camerounais a \u00e9t\u00e9 tu\u00e9 et deux ses camarades ont \u00e9t\u00e9 bless\u00e9s, au march\u00e9 de Nkwen \u00e0 Bamenda, dans la r\u00e9gion du Nord-Ouest.<\/p>\n<p>\u00ab\u00a0Les gendarmes effectuaient une patrouille dans le march\u00e9 quand ils ont \u00e9t\u00e9 attaqu\u00e9s par des s\u00e9cessionnistes. Ils ont tu\u00e9 un gendarme. La victime a \u00e9t\u00e9 d\u00e9capit\u00e9e, son gilet pare-balles et son arme emport\u00e9\u00a0\u00bb, avait pr\u00e9cis\u00e9 le gouverneur de la R\u00e9gion, ajoutant que les deux autres gendarmes bless\u00e9s ont r\u00e9ussi \u00e0 s\u2019\u00e9chapper aux assaillants et sont actuellement pris en charge dans un h\u00f4pital.<\/p>\n<p><strong>Pour plus d&rsquo;informations et d&rsquo;analyses sur la <a href=\"https:\/\/www.africa-press.net\/cameroun\">Cameroun<\/a>, suivez <a href=\"https:\/\/www.africa-press.net\/\">Africa-Press<\/a><\/strong><\/p>\n","protected":false},"excerpt":{"rendered":"<p>Africa-Press &#8211; Cameroun. Alors qu&rsquo;ils \u00e9taient en pleine patrouille \u00e0 Zembe Borongo, un groupe de gendarmes est tomb\u00e9 sur des bandits en pleine op\u00e9ration. Ces dernier, arm\u00e9s de fusils d&rsquo;assauts ont ouvert le feu sur les gendarmes, causant la mort d&rsquo;un \u00e9l\u00e9ment. D&rsquo;apr\u00e8s nos sources, un seul gendarme est tomb\u00e9 lors des \u00e9changes de tirs. [&hellip;]<\/p>\n","protected":false},"author":82,"featured_media":24551,"comment_status":"open","ping_status":"closed","sticky":false,"template":"","format":"standard","meta":{"footnotes":""},"categories":[21,11,10],"tags":[36,50,49],"class_list":["post-24552","post","type-post","status-publish","format-standard","has-post-thumbnail","hentry","category-communaute","category-homepage-french","category-toutes-les-actualites","tag-africa-press","tag-africa-press-cameroun","tag-cameroun"],"yoast_head":"<!-- This site is optimized with the Yoast SEO Premium plugin v26.1 (Yoast SEO v27.0) - https:\/\/yoast.com\/product\/yoast-seo-premium-wordpress\/ -->\n<title>Cameroun: un gendarme abattu par des bandits - Cameroun<\/title>\n<meta name=\"description\" content=\"Alors qu&#039;ils \u00e9taient en pleine patrouille \u00e0 Zembe Borongo, un groupe de gendarmes est tomb\u00e9 sur des bandits en pleine op ...\" \/>\n<meta name=\"robots\" content=\"index, follow, max-snippet:-1, max-image-preview:large, max-video-preview:-1\" \/>\n<link rel=\"canonical\" href=\"https:\/\/www.africa-press.net\/cameroun\/toutes-les-actualites\/cameroun-un-gendarme-abattu-par-des-bandits\" \/>\n<meta property=\"og:locale\" content=\"fr_FR\" \/>\n<meta property=\"og:type\" content=\"article\" \/>\n<meta property=\"og:title\" content=\"Cameroun: un gendarme abattu par des bandits\" \/>\n<meta property=\"og:description\" content=\"Alors qu&#039;ils \u00e9taient en pleine patrouille \u00e0 Zembe Borongo, un groupe de gendarmes est tomb\u00e9 sur des bandits en pleine op ...\" \/>\n<meta property=\"og:url\" content=\"https:\/\/www.africa-press.net\/cameroun\/toutes-les-actualites\/cameroun-un-gendarme-abattu-par-des-bandits\" \/>\n<meta property=\"og:site_name\" content=\"Cameroun\" \/>\n<meta property=\"article:published_time\" content=\"2022-07-31T15:41:55+00:00\" \/>\n<meta property=\"article:modified_time\" content=\"2022-07-31T16:20:27+00:00\" \/>\n<meta property=\"og:image\" content=\"https:\/\/static.africa-press.net\/cameroun\/sites\/57\/2022\/07\/postQueueImg_8-62e6abb83c8ab.jpg\" \/>\n\t<meta property=\"og:image:width\" content=\"600\" \/>\n\t<meta property=\"og:image:height\" content=\"350\" \/>\n\t<meta property=\"og:image:type\" content=\"image\/jpeg\" \/>\n<meta name=\"author\" content=\"cfeditorfr\" \/>\n<meta name=\"twitter:card\" content=\"summary_large_image\" \/>\n<meta name=\"twitter:label1\" content=\"\u00c9crit par\" \/>\n\t<meta name=\"twitter:data1\" content=\"cfeditorfr\" \/>\n\t<meta name=\"twitter:label2\" content=\"Dur\u00e9e de lecture estim\u00e9e\" \/>\n\t<meta name=\"twitter:data2\" content=\"2 minutes\" \/>\n<script type=\"application\/ld+json\" class=\"yoast-schema-graph\">{\"@context\":\"https:\/\/schema.org\",\"@graph\":[{\"@type\":\"Article\",\"@id\":\"https:\/\/www.africa-press.net\/cameroun\/toutes-les-actualites\/cameroun-un-gendarme-abattu-par-des-bandits#article\",\"isPartOf\":{\"@id\":\"https:\/\/www.africa-press.net\/cameroun\/toutes-les-actualites\/cameroun-un-gendarme-abattu-par-des-bandits\"},\"author\":{\"name\":\"cfeditorfr\",\"@id\":\"https:\/\/www.africa-press.net\/cameroun\/#\/schema\/person\/2b1cf3cd81a31e3cd26889ca66d677f1\"},\"headline\":\"Cameroun: un gendarme abattu par des bandits\",\"datePublished\":\"2022-07-31T15:41:55+00:00\",\"dateModified\":\"2022-07-31T16:20:27+00:00\",\"mainEntityOfPage\":{\"@id\":\"https:\/\/www.africa-press.net\/cameroun\/toutes-les-actualites\/cameroun-un-gendarme-abattu-par-des-bandits\"},\"wordCount\":242,\"commentCount\":0,\"image\":{\"@id\":\"https:\/\/www.africa-press.net\/cameroun\/toutes-les-actualites\/cameroun-un-gendarme-abattu-par-des-bandits#primaryimage\"},\"thumbnailUrl\":\"https:\/\/static.africa-press.net\/cameroun\/sites\/57\/2022\/07\/postQueueImg_8-62e6abb83c8ab.jpg\",\"keywords\":[\"Africa Press\",\"Africa Press-Cameroun\",\"Cameroun\"],\"articleSection\":[\"Communaut\u00e9\",\"homepage-french\",\"Toutes les actualit\u00e9s\"],\"inLanguage\":\"fr-FR\",\"potentialAction\":[{\"@type\":\"CommentAction\",\"name\":\"Comment\",\"target\":[\"https:\/\/www.africa-press.net\/cameroun\/toutes-les-actualites\/cameroun-un-gendarme-abattu-par-des-bandits#respond\"]}]},{\"@type\":\"WebPage\",\"@id\":\"https:\/\/www.africa-press.net\/cameroun\/toutes-les-actualites\/cameroun-un-gendarme-abattu-par-des-bandits\",\"url\":\"https:\/\/www.africa-press.net\/cameroun\/toutes-les-actualites\/cameroun-un-gendarme-abattu-par-des-bandits\",\"name\":\"Cameroun: un gendarme abattu par des bandits - Cameroun\",\"isPartOf\":{\"@id\":\"https:\/\/www.africa-press.net\/cameroun\/#website\"},\"primaryImageOfPage\":{\"@id\":\"https:\/\/www.africa-press.net\/cameroun\/toutes-les-actualites\/cameroun-un-gendarme-abattu-par-des-bandits#primaryimage\"},\"image\":{\"@id\":\"https:\/\/www.africa-press.net\/cameroun\/toutes-les-actualites\/cameroun-un-gendarme-abattu-par-des-bandits#primaryimage\"},\"thumbnailUrl\":\"https:\/\/static.africa-press.net\/cameroun\/sites\/57\/2022\/07\/postQueueImg_8-62e6abb83c8ab.jpg\",\"datePublished\":\"2022-07-31T15:41:55+00:00\",\"dateModified\":\"2022-07-31T16:20:27+00:00\",\"author\":{\"@id\":\"https:\/\/www.africa-press.net\/cameroun\/#\/schema\/person\/2b1cf3cd81a31e3cd26889ca66d677f1\"},\"description\":\"Alors qu'ils \u00e9taient en pleine patrouille \u00e0 Zembe Borongo, un groupe de gendarmes est tomb\u00e9 sur des bandits en pleine op ...\",\"breadcrumb\":{\"@id\":\"https:\/\/www.africa-press.net\/cameroun\/toutes-les-actualites\/cameroun-un-gendarme-abattu-par-des-bandits#breadcrumb\"},\"inLanguage\":\"fr-FR\",\"potentialAction\":[{\"@type\":\"ReadAction\",\"target\":[\"https:\/\/www.africa-press.net\/cameroun\/toutes-les-actualites\/cameroun-un-gendarme-abattu-par-des-bandits\"]}]},{\"@type\":\"ImageObject\",\"inLanguage\":\"fr-FR\",\"@id\":\"https:\/\/www.africa-press.net\/cameroun\/toutes-les-actualites\/cameroun-un-gendarme-abattu-par-des-bandits#primaryimage\",\"url\":\"https:\/\/static.africa-press.net\/cameroun\/sites\/57\/2022\/07\/postQueueImg_8-62e6abb83c8ab.jpg\",\"contentUrl\":\"https:\/\/static.africa-press.net\/cameroun\/sites\/57\/2022\/07\/postQueueImg_8-62e6abb83c8ab.jpg\",\"width\":600,\"height\":350,\"caption\":\"Cameroun: un gendarme abattu par des bandits\"},{\"@type\":\"BreadcrumbList\",\"@id\":\"https:\/\/www.africa-press.net\/cameroun\/toutes-les-actualites\/cameroun-un-gendarme-abattu-par-des-bandits#breadcrumb\",\"itemListElement\":[{\"@type\":\"ListItem\",\"position\":1,\"name\":\"Accueil\",\"item\":\"https:\/\/www.africa-press.net\/cameroun\/\"},{\"@type\":\"ListItem\",\"position\":2,\"name\":\"Cameroun: un gendarme abattu par des bandits\"}]},{\"@type\":\"WebSite\",\"@id\":\"https:\/\/www.africa-press.net\/cameroun\/#website\",\"url\":\"https:\/\/www.africa-press.net\/cameroun\/\",\"name\":\"Cameroun\",\"description\":\"Just another Africa News Agency Sites site\",\"potentialAction\":[{\"@type\":\"SearchAction\",\"target\":{\"@type\":\"EntryPoint\",\"urlTemplate\":\"https:\/\/www.africa-press.net\/cameroun\/?s={search_term_string}\"},\"query-input\":{\"@type\":\"PropertyValueSpecification\",\"valueRequired\":true,\"valueName\":\"search_term_string\"}}],\"inLanguage\":\"fr-FR\"},{\"@type\":\"Person\",\"@id\":\"https:\/\/www.africa-press.net\/cameroun\/#\/schema\/person\/2b1cf3cd81a31e3cd26889ca66d677f1\",\"name\":\"cfeditorfr\"}]}<\/script>\n<!-- \/ Yoast SEO Premium plugin. -->","yoast_head_json":{"title":"Cameroun: un gendarme abattu par des bandits - Cameroun","description":"Alors qu'ils \u00e9taient en pleine patrouille \u00e0 Zembe Borongo, un groupe de gendarmes est tomb\u00e9 sur des bandits en pleine op ...","robots":{"index":"index","follow":"follow","max-snippet":"max-snippet:-1","max-image-preview":"max-image-preview:large","max-video-preview":"max-video-preview:-1"},"canonical":"https:\/\/www.africa-press.net\/cameroun\/toutes-les-actualites\/cameroun-un-gendarme-abattu-par-des-bandits","og_locale":"fr_FR","og_type":"article","og_title":"Cameroun: un gendarme abattu par des bandits","og_description":"Alors qu'ils \u00e9taient en pleine patrouille \u00e0 Zembe Borongo, un groupe de gendarmes est tomb\u00e9 sur des bandits en pleine op ...","og_url":"https:\/\/www.africa-press.net\/cameroun\/toutes-les-actualites\/cameroun-un-gendarme-abattu-par-des-bandits","og_site_name":"Cameroun","article_published_time":"2022-07-31T15:41:55+00:00","article_modified_time":"2022-07-31T16:20:27+00:00","og_image":[{"width":600,"height":350,"url":"https:\/\/static.africa-press.net\/cameroun\/sites\/57\/2022\/07\/postQueueImg_8-62e6abb83c8ab.jpg","type":"image\/jpeg"}],"author":"cfeditorfr","twitter_card":"summary_large_image","twitter_misc":{"\u00c9crit par":"cfeditorfr","Dur\u00e9e de lecture estim\u00e9e":"2 minutes"},"schema":{"@context":"https:\/\/schema.org","@graph":[{"@type":"Article","@id":"https:\/\/www.africa-press.net\/cameroun\/toutes-les-actualites\/cameroun-un-gendarme-abattu-par-des-bandits#article","isPartOf":{"@id":"https:\/\/www.africa-press.net\/cameroun\/toutes-les-actualites\/cameroun-un-gendarme-abattu-par-des-bandits"},"author":{"name":"cfeditorfr","@id":"https:\/\/www.africa-press.net\/cameroun\/#\/schema\/person\/2b1cf3cd81a31e3cd26889ca66d677f1"},"headline":"Cameroun: un gendarme abattu par des bandits","datePublished":"2022-07-31T15:41:55+00:00","dateModified":"2022-07-31T16:20:27+00:00","mainEntityOfPage":{"@id":"https:\/\/www.africa-press.net\/cameroun\/toutes-les-actualites\/cameroun-un-gendarme-abattu-par-des-bandits"},"wordCount":242,"commentCount":0,"image":{"@id":"https:\/\/www.africa-press.net\/cameroun\/toutes-les-actualites\/cameroun-un-gendarme-abattu-par-des-bandits#primaryimage"},"thumbnailUrl":"https:\/\/static.africa-press.net\/cameroun\/sites\/57\/2022\/07\/postQueueImg_8-62e6abb83c8ab.jpg","keywords":["Africa Press","Africa Press-Cameroun","Cameroun"],"articleSection":["Communaut\u00e9","homepage-french","Toutes les actualit\u00e9s"],"inLanguage":"fr-FR","potentialAction":[{"@type":"CommentAction","name":"Comment","target":["https:\/\/www.africa-press.net\/cameroun\/toutes-les-actualites\/cameroun-un-gendarme-abattu-par-des-bandits#respond"]}]},{"@type":"WebPage","@id":"https:\/\/www.africa-press.net\/cameroun\/toutes-les-actualites\/cameroun-un-gendarme-abattu-par-des-bandits","url":"https:\/\/www.africa-press.net\/cameroun\/toutes-les-actualites\/cameroun-un-gendarme-abattu-par-des-bandits","name":"Cameroun: un gendarme abattu par des bandits - Cameroun","isPartOf":{"@id":"https:\/\/www.africa-press.net\/cameroun\/#website"},"primaryImageOfPage":{"@id":"https:\/\/www.africa-press.net\/cameroun\/toutes-les-actualites\/cameroun-un-gendarme-abattu-par-des-bandits#primaryimage"},"image":{"@id":"https:\/\/www.africa-press.net\/cameroun\/toutes-les-actualites\/cameroun-un-gendarme-abattu-par-des-bandits#primaryimage"},"thumbnailUrl":"https:\/\/static.africa-press.net\/cameroun\/sites\/57\/2022\/07\/postQueueImg_8-62e6abb83c8ab.jpg","datePublished":"2022-07-31T15:41:55+00:00","dateModified":"2022-07-31T16:20:27+00:00","author":{"@id":"https:\/\/www.africa-press.net\/cameroun\/#\/schema\/person\/2b1cf3cd81a31e3cd26889ca66d677f1"},"description":"Alors qu'ils \u00e9taient en pleine patrouille \u00e0 Zembe Borongo, un groupe de gendarmes est tomb\u00e9 sur des bandits en pleine op ...","breadcrumb":{"@id":"https:\/\/www.africa-press.net\/cameroun\/toutes-les-actualites\/cameroun-un-gendarme-abattu-par-des-bandits#breadcrumb"},"inLanguage":"fr-FR","potentialAction":[{"@type":"ReadAction","target":["https:\/\/www.africa-press.net\/cameroun\/toutes-les-actualites\/cameroun-un-gendarme-abattu-par-des-bandits"]}]},{"@type":"ImageObject","inLanguage":"fr-FR","@id":"https:\/\/www.africa-press.net\/cameroun\/toutes-les-actualites\/cameroun-un-gendarme-abattu-par-des-bandits#primaryimage","url":"https:\/\/static.africa-press.net\/cameroun\/sites\/57\/2022\/07\/postQueueImg_8-62e6abb83c8ab.jpg","contentUrl":"https:\/\/static.africa-press.net\/cameroun\/sites\/57\/2022\/07\/postQueueImg_8-62e6abb83c8ab.jpg","width":600,"height":350,"caption":"Cameroun: un gendarme abattu par des bandits"},{"@type":"BreadcrumbList","@id":"https:\/\/www.africa-press.net\/cameroun\/toutes-les-actualites\/cameroun-un-gendarme-abattu-par-des-bandits#breadcrumb","itemListElement":[{"@type":"ListItem","position":1,"name":"Accueil","item":"https:\/\/www.africa-press.net\/cameroun\/"},{"@type":"ListItem","position":2,"name":"Cameroun: un gendarme abattu par des bandits"}]},{"@type":"WebSite","@id":"https:\/\/www.africa-press.net\/cameroun\/#website","url":"https:\/\/www.africa-press.net\/cameroun\/","name":"Cameroun","description":"Just another Africa News Agency Sites site","potentialAction":[{"@type":"SearchAction","target":{"@type":"EntryPoint","urlTemplate":"https:\/\/www.africa-press.net\/cameroun\/?s={search_term_string}"},"query-input":{"@type":"PropertyValueSpecification","valueRequired":true,"valueName":"search_term_string"}}],"inLanguage":"fr-FR"},{"@type":"Person","@id":"https:\/\/www.africa-press.net\/cameroun\/#\/schema\/person\/2b1cf3cd81a31e3cd26889ca66d677f1","name":"cfeditorfr"}]}},"_links":{"self":[{"href":"https:\/\/www.africa-press.net\/cameroun\/wp-json\/wp\/v2\/posts\/24552","targetHints":{"allow":["GET"]}}],"collection":[{"href":"https:\/\/www.africa-press.net\/cameroun\/wp-json\/wp\/v2\/posts"}],"about":[{"href":"https:\/\/www.africa-press.net\/cameroun\/wp-json\/wp\/v2\/types\/post"}],"author":[{"embeddable":true,"href":"https:\/\/www.africa-press.net\/cameroun\/wp-json\/wp\/v2\/users\/82"}],"replies":[{"embeddable":true,"href":"https:\/\/www.africa-press.net\/cameroun\/wp-json\/wp\/v2\/comments?post=24552"}],"version-history":[{"count":0,"href":"https:\/\/www.africa-press.net\/cameroun\/wp-json\/wp\/v2\/posts\/24552\/revisions"}],"wp:featuredmedia":[{"embeddable":true,"href":"https:\/\/www.africa-press.net\/cameroun\/wp-json\/wp\/v2\/media\/24551"}],"wp:attachment":[{"href":"https:\/\/www.africa-press.net\/cameroun\/wp-json\/wp\/v2\/media?parent=24552"}],"wp:term":[{"taxonomy":"category","embeddable":true,"href":"https:\/\/www.africa-press.net\/cameroun\/wp-json\/wp\/v2\/categories?post=24552"},{"taxonomy":"post_tag","embeddable":true,"href":"https:\/\/www.africa-press.net\/cameroun\/wp-json\/wp\/v2\/tags?post=24552"}],"curies":[{"name":"wp","href":"https:\/\/api.w.org\/{rel}","templated":true}]}}