{"id":24573,"date":"2022-07-27T22:37:17","date_gmt":"2022-07-27T22:37:17","guid":{"rendered":"https:\/\/www.africa-press.net\/cameroun\/politique\/emmanuel-macron-au-cameroun-avec-quoi-le-president-reviendra-t-il-en-france"},"modified":"2022-08-01T07:12:29","modified_gmt":"2022-08-01T07:12:29","slug":"emmanuel-macron-au-cameroun-avec-quoi-le-president-reviendra-t-il-en-france","status":"publish","type":"post","link":"https:\/\/www.africa-press.net\/cameroun\/dossiers\/emmanuel-macron-au-cameroun-avec-quoi-le-president-reviendra-t-il-en-france","title":{"rendered":"Emmanuel Macron au Cameroun : Avec quoi le pr\u00e9sident reviendra-t-il en France ?"},"content":{"rendered":"<p><b>Anouar CHENNOUFI<\/b><\/p>\n<p><span style=\"color: #ff6600\"><strong>Africa-Press &#8211; Cameroun. <\/strong><\/span>Le pr\u00e9sident fran\u00e7ais, Emmanuel Macron, qui a \u00e9t\u00e9 r\u00e9\u00e9lu pour un second mandat, le dimanche 24 avril dernier, a programm\u00e9 une petite tourn\u00e9e en Afrique du 25 au 27 du mois de juillet, o\u00f9 il s\u2019est rendu d\u2019abord au Cameroun, puis au B\u00e9nin, et enfin en Guin\u00e9e-Bissau.<\/p>\n<p>Pour le Cameroun, il s\u2019agit d\u2019une visite qui intervient au moment o\u00f9 la France est en recul sur le plan \u00e9conomique avec ce pays, et que Macron visite pour la premi\u00e8re fois depuis 2017, ann\u00e9e de son \u00e9lection \u00e0 la t\u00eate de la R\u00e9publique fran\u00e7aise.<\/p>\n<p>Emmanuel Macron s\u2019est donc rendu donc au Cameroun, alors que depuis sept ans d\u00e9j\u00e0 aucun pr\u00e9sident fran\u00e7ais n&rsquo;\u00e9tait venu dans ce pays.<\/p>\n<p>Lors de cette tourn\u00e9e africaine, le pr\u00e9sident fran\u00e7ais \u00e9tait accompagn\u00e9 par les ministres des Affaires \u00e9trang\u00e8res et des Arm\u00e9es, Catherine Colonna et S\u00e9bastien Licornu, le secr\u00e9taire d&rsquo;\u00c9tat charg\u00e9 du Commerce ext\u00e9rieur Olivier Becht, et la secr\u00e9taire d&rsquo;\u00c9tat au D\u00e9veloppement Chrysola Zacharopoulou.<\/p>\n<p>Selon les sp\u00e9cialistes des affaires franco-africaines, la visite du pr\u00e9sident fran\u00e7ais entend r\u00e9pondre \u00e0 un rejet croissant de la France en Afrique, autant qu\u2019au Cameroun, et portera in\u00e9vitablement sur :<br \/>\n\u2022 la lutte contre le terrorisme,<br \/>\n\u2022 le changement climatique,<br \/>\n\u2022 la crise alimentaire provoqu\u00e9e par la guerre en Ukraine,<br \/>\n\u2022 et les enjeux des questions de production agricole et de s\u00e9curit\u00e9.<\/p>\n<p>Mais la France a un autre enjeu d\u00e9terminant, la continuit\u00e9 et la stabilit\u00e9 de l&rsquo;engagement du pr\u00e9sident de la R\u00e9publique dans le processus de renouvellement des relations avec le continent africain, \u00e0 un moment o\u00f9 la pr\u00e9sence militaire fran\u00e7aise au Sahel alimente un sentiment de m\u00e9contentement de plus en plus r\u00e9pandu en Afrique de l&rsquo;Ouest, pour ne pas dire de \u00ab rejet \u00bb, et ce, suite \u00e0 la multiplication des attaques commises par les groupes arm\u00e9s.<\/p>\n<p>Apr\u00e8s la c\u00e9r\u00e9monie traditionnelle d&rsquo;accueil, les Pr\u00e9sidents Paul Biya et Emmanuel Macron ont eu des entretiens tr\u00e8s cordiaux, le 26 juillet, et ont fait le tour d\u2019horizon de l\u2019actualit\u00e9 au Cameroun et en France, et repasser les \u00e9v\u00e9nements qui agitent la sc\u00e8ne africaine autant qu\u2019internationale.<\/p>\n<p>D\u2019o\u00f9 une large convergence de vues a \u00e9t\u00e9 constat\u00e9e entre les deux dirigeants, comme en t\u00e9moignent leurs propos liminaires respectifs lors de la conf\u00e9rence de presse qui s\u2019en est suivie.<\/p>\n<p><img loading=\"lazy\" decoding=\"async\" width=\"1374\" height=\"687\" class=\"alignnone wp-image-24557 size-full\" src=\"https:\/\/static.africa-press.net\/cameroun\/sites\/57\/2022\/08\/postMediaimg_1_20.jpg\" srcset=\"https:\/\/static.africa-press.net\/cameroun\/sites\/57\/2022\/08\/postMediaimg_1_20.jpg 1374w, https:\/\/static.africa-press.net\/cameroun\/sites\/57\/2022\/08\/postMediaimg_1_20-300x150.jpg 300w, https:\/\/static.africa-press.net\/cameroun\/sites\/57\/2022\/08\/postMediaimg_1_20-1024x512.jpg 1024w, https:\/\/static.africa-press.net\/cameroun\/sites\/57\/2022\/08\/postMediaimg_1_20-768x384.jpg 768w\" sizes=\"auto, (max-width: 1374px) 100vw, 1374px\" \/><\/p>\n<p>Certes, Macron n\u2019est pas venu au Cameroun pour faire du \u00ab tourisme \u00bb, au contraire, il avait en t\u00eate beaucoup de \u00ab tiroirs \u00bb \u00e0 ouvrir, dont booster la production agricole dans un contexte mondial d&rsquo;ins\u00e9curit\u00e9 alimentaire et surtout donner l&rsquo;exemple au Cameroun, avec un potentiel d&rsquo;investissement fran\u00e7ais.<\/p>\n<p>On doit se mettre \u00e0 l\u2019\u00e9vidence que le Cameroun est bel et bien la \u00ab premi\u00e8re \u00e9conomie d\u2019Afrique centrale \u00bb, et c\u2019est pour cette raison que les discussions ont tourn\u00e9 autour des possibilit\u00e9s d&rsquo;investissement fran\u00e7ais dans l&rsquo;agriculture camerounaise.<\/p>\n<p>Les investissements des entreprises fran\u00e7aises ont \u00e9t\u00e9 \u00e9galement \u00e9voqu\u00e9s dans un contexte de forte concurrence, puisque le Cameroun continue de renforcer ses liens avec la Chine, son premier fournisseur, sans omettre que, r\u00e9cemment, il a sign\u00e9 un accord militaire avec la Russie.<\/p>\n<p>La visite intervient \u00e9galement \u00e0 un moment o\u00f9 la France, ancienne puissance coloniale, voit son influence s\u2019\u00e9roder, en particulier sur les plans \u00e9conomique et commercial, face \u00e0 la Chine, l\u2019Inde ou l\u2019Allemagne, sachant que les entreprises fran\u00e7aises ne p\u00e8sent plus qu\u2019environ 10% de l\u2019\u00e9conomie contre 40% dans les ann\u00e9es 1990.<\/p>\n<p>C\u2019\u00e9tait donc, pour Emmanuel Macron, une occasion pour que les deux pays se d\u00e9cident \u00e0 solidifier les accords \u00e9conomiques en attirant plus les investisseurs priv\u00e9s.<\/p>\n<p>D\u2019apr\u00e8s les sp\u00e9cialistes des affaires africaines et particuli\u00e8rement camerounaises, le partenariat avec le pays est essentiel pour Paris, du fait de son r\u00f4le strat\u00e9gique dans l&rsquo;approvisionnement de la sous-r\u00e9gion et notamment du Tchad, o\u00f9 la France poss\u00e8de une base militaire.<\/p>\n<p>Pour eux, c\u2019est un partenariat dans lequel chacun apporte quelque chose. \u00ab La France a besoin du Cameroun, tout comme le Cameroun a besoin de la France \u00bb. \u00c7a va au-del\u00e0 m\u00eame des questions \u00e9conomiques.<\/p>\n<p>Il ne faut pas oublier entre-autres, qu\u2019aujourd&rsquo;hui le Cameroun, dans sa phase actuelle de d\u00e9veloppement, a besoin d&rsquo;attirer les investisseurs priv\u00e9s et les investisseurs fran\u00e7ais sont les plus dynamiques sur le territoire camerounais, selon les \u00e9conomistes.<\/p>\n<p>M\u00eame si la France n\u2019aurait point de difficult\u00e9 \u00e0 prendre certaines parts des march\u00e9s au Cameroun, il est plut\u00f4t important pour Emmanuel Macron d\u2019\u00eatre rassur\u00e9 que l&rsquo;environnement reste propice pour les Fran\u00e7ais qui voudraient investir dans ce pays, car \u00e7a ne servirait \u00e0 rien d&rsquo;investir dans les troubles ou le d\u00e9sordre et c&rsquo;est en cela peut-\u00eatre que l&rsquo;aspect politique peut int\u00e9resser le pr\u00e9sident fran\u00e7ais, du fait que le pr\u00e9sident Paul Biya est au pouvoir depuis quarante ans et \u00e0 89 ans, il est l&rsquo;un des pr\u00e9sidents les plus vieux du monde.<\/p>\n<p>Ceci place le Cameroun dans l&rsquo;incertitude de l&rsquo;apr\u00e8s Biya. Plusieurs choses pourraient arriver !<\/p>\n<p>Il n\u2019\u00e9chappe pas aux observateurs proches de ce qui se passe en Afrique, que plusieurs choix en mati\u00e8re de coop\u00e9ration et de politique \u00e9trang\u00e8re ont suscit\u00e9 de profonds d\u00e9saccords au sommet de l\u2019\u00c9tat camerounais, car Paul Biya est en fait sous la pression d\u2019un groupe issu de l\u2019\u00c9tat-major g\u00e9n\u00e9ral de l\u2019arm\u00e9e, repr\u00e9sent\u00e9 par son chef d\u2019\u00c9tat-major particulier, le g\u00e9n\u00e9ral de brigade a\u00e9rienne Emmanuel Amougou.<\/p>\n<p>Et nous croyons savoir que le pr\u00e9sident camerounais s\u2019est tourn\u00e9 vers la Russie pour satisfaire ce clan, qui, partisan de la mani\u00e8re forte face aux groupes arm\u00e9s dans l\u2019Extr\u00eame-Nord et aux s\u00e9paratistes anglophones, s\u2019oppose \u00e0 un autre clan, men\u00e9, lui, par ceux qui sont favorables aux n\u00e9gociations, comme le secr\u00e9taire g\u00e9n\u00e9ral de la pr\u00e9sidence, Ferdinand Ngoh Ngoh.<\/p>\n<p>Pour conclure, nous aimerions rappeler certains des propos des deux pr\u00e9sidents.<\/p>\n<p><b>Emmanuel Macron a mis l\u2019accent sur :<\/b><br \/>\n\u2022 la profondeur de la relation franco-camerounaise et le caract\u00e8re exceptionnel de l\u2019amiti\u00e9 entre nos deux pays,<br \/>\n\u2022 la place du Cameroun en tant que partenaire strat\u00e9gique de la France en Afrique centrale, une r\u00e9gion \u00e0 laquelle il a promis de consacrer plus de temps lors de son second mandat.<\/p>\n<p><img loading=\"lazy\" decoding=\"async\" width=\"928\" height=\"604\" class=\"alignnone wp-image-24558 size-full\" src=\"https:\/\/static.africa-press.net\/cameroun\/sites\/57\/2022\/08\/postMediaimg_1_21.jpg\" srcset=\"https:\/\/static.africa-press.net\/cameroun\/sites\/57\/2022\/08\/postMediaimg_1_21.jpg 928w, https:\/\/static.africa-press.net\/cameroun\/sites\/57\/2022\/08\/postMediaimg_1_21-300x195.jpg 300w, https:\/\/static.africa-press.net\/cameroun\/sites\/57\/2022\/08\/postMediaimg_1_21-768x500.jpg 768w\" sizes=\"auto, (max-width: 928px) 100vw, 928px\" \/><br \/>\nLors de la conf\u00e9rence de presse conjointe<\/p>\n<p>Le Pr\u00e9sident fran\u00e7ais a promis \u00e9galement de porter \u00e0 un niveau encore plus \u00e9lev\u00e9 les concours de la France en faveur du Cameroun, surtout en mati\u00e8re de d\u00e9veloppement \u00e9conomique. Par ailleurs, il s\u2019est dit admiratif des talents dont regorge la jeunesse camerounaise dans tous les domaines. Il s\u2019agit d\u2019aider ces jeunes \u00e0 r\u00e9ussir, a-t-il conclu.<\/p>\n<p><b>Quant au Pr\u00e9sident camerounais,<\/b> il a exprim\u00e9 au Pr\u00e9sident Macron sa satisfaction pour le soutien multiforme que la France apporte au Cameroun au plan s\u00e9curitaire, notamment dans la lutte contre le terrorisme, ainsi qu\u2019au plan \u00e9conomique et financier.<\/p>\n<p>Les d\u00e9fis de la lutte contre les groupes de Boko Haram dans le nord du Cameroun (depuis 2014) ne sont pas pass\u00e9s inaper\u00e7us, tout comme dans l\u2019ouest anglophone o\u00f9 le pays est confront\u00e9 \u00e0 un conflit s\u00e9paratiste (depuis 2016).<\/p>\n<p>Une question primordiale pour Emmanuel Macron, c\u2019est de mettre en avant l\u2019initiative FARM, lanc\u00e9e fin mars avec l\u2019Union Europ\u00e9enne, le G7 et l\u2019Union Africaine. Cette initiative a pour objet de doper la production agricole dans un contexte mondial d\u2019ins\u00e9curit\u00e9 alimentaire.<\/p>\n<p>Outre les questions \u00e9conomiques, et culturelles, les aspects s\u00e9curitaires ont \u00e9t\u00e9 \u00e9galement pass\u00e9s en revue, et seront d\u00e9cortiqu\u00e9s minutieusement dans les prochaines semaines, en plus d\u2019autres domaines de coop\u00e9ration qui peuvent \u00eatre envisag\u00e9s conform\u00e9ment aux conventions entre les deux parties.<\/p>\n<p>Nous y reviendrons\u2026<\/p>\n\r\n                <style type=\"text\/css\">\r\n                    \r\n                    #td_uid_1_69f1befb92f27  .td-doubleSlider-2 .td-item1 {\r\n                        background: url(https:\/\/static.africa-press.net\/cameroun\/sites\/57\/2022\/08\/postMediaimg_1_1-80x60.jpg) 0 0 no-repeat;\r\n                    }\r\n                    #td_uid_1_69f1befb92f27  .td-doubleSlider-2 .td-item2 {\r\n                        background: url(https:\/\/static.africa-press.net\/cameroun\/sites\/57\/2022\/08\/postMediaimg_1_2-80x60.jpg) 0 0 no-repeat;\r\n                    }\r\n                    #td_uid_1_69f1befb92f27  .td-doubleSlider-2 .td-item3 {\r\n                        background: url(https:\/\/static.africa-press.net\/cameroun\/sites\/57\/2022\/08\/postMediaimg_1_3-80x60.jpg) 0 0 no-repeat;\r\n                    }\r\n                    #td_uid_1_69f1befb92f27  .td-doubleSlider-2 .td-item4 {\r\n                        background: url(https:\/\/static.africa-press.net\/cameroun\/sites\/57\/2022\/08\/postMediaimg_1_4-80x60.jpg) 0 0 no-repeat;\r\n                    }\r\n                    #td_uid_1_69f1befb92f27  .td-doubleSlider-2 .td-item5 {\r\n                        background: url(https:\/\/static.africa-press.net\/cameroun\/sites\/57\/2022\/08\/postMediaimg_1_5-80x60.jpg) 0 0 no-repeat;\r\n                    }\r\n                    #td_uid_1_69f1befb92f27  .td-doubleSlider-2 .td-item6 {\r\n                        background: url(https:\/\/static.africa-press.net\/cameroun\/sites\/57\/2022\/08\/postMediaimg_1_6-80x60.jpg) 0 0 no-repeat;\r\n                    }\r\n                    #td_uid_1_69f1befb92f27  .td-doubleSlider-2 .td-item7 {\r\n                        background: url(https:\/\/static.africa-press.net\/cameroun\/sites\/57\/2022\/08\/postMediaimg_1_7-80x60.jpg) 0 0 no-repeat;\r\n                    }\r\n                    #td_uid_1_69f1befb92f27  .td-doubleSlider-2 .td-item8 {\r\n                        background: url(https:\/\/static.africa-press.net\/cameroun\/sites\/57\/2022\/08\/postMediaimg_1_8-80x60.jpg) 0 0 no-repeat;\r\n                    }\r\n                    #td_uid_1_69f1befb92f27  .td-doubleSlider-2 .td-item9 {\r\n                        background: url(https:\/\/static.africa-press.net\/cameroun\/sites\/57\/2022\/08\/postMediaimg_1_9-80x60.jpg) 0 0 no-repeat;\r\n                    }\r\n                    #td_uid_1_69f1befb92f27  .td-doubleSlider-2 .td-item10 {\r\n                        background: url(https:\/\/static.africa-press.net\/cameroun\/sites\/57\/2022\/08\/postMediaimg_1_10-80x60.jpg) 0 0 no-repeat;\r\n                    }\r\n                    #td_uid_1_69f1befb92f27  .td-doubleSlider-2 .td-item11 {\r\n                        background: url(https:\/\/static.africa-press.net\/cameroun\/sites\/57\/2022\/08\/postMediaimg_1_11-80x60.jpg) 0 0 no-repeat;\r\n                    }\r\n                    #td_uid_1_69f1befb92f27  .td-doubleSlider-2 .td-item12 {\r\n                        background: url(https:\/\/static.africa-press.net\/cameroun\/sites\/57\/2022\/08\/postMediaimg_1_12-80x60.jpg) 0 0 no-repeat;\r\n                    }\r\n                    #td_uid_1_69f1befb92f27  .td-doubleSlider-2 .td-item13 {\r\n                        background: url(https:\/\/static.africa-press.net\/cameroun\/sites\/57\/2022\/08\/postMediaimg_1_13-80x60.jpg) 0 0 no-repeat;\r\n                    }\r\n                <\/style>\r\n\r\n                <div id=\"td_uid_1_69f1befb92f27\" class=\"td-gallery td-slide-on-2-columns\">\r\n                    <div class=\"post_td_gallery\">\r\n                        <div class=\"td-gallery-slide-top\">\r\n                           <div class=\"td-gallery-title\"><\/div>\r\n\r\n                            <div class=\"td-gallery-controls-wrapper\">\r\n                                <div class=\"td-gallery-slide-count\"><span class=\"td-gallery-slide-item-focus\">1<\/span> de 13<\/div>\r\n                                <div class=\"td-gallery-slide-prev-next-but\">\r\n                                    <i class = \"td-icon-left doubleSliderPrevButton\"><\/i>\r\n                                    <i class = \"td-icon-right doubleSliderNextButton\"><\/i>\r\n                                <\/div>\r\n                            <\/div>\r\n                        <\/div>\r\n\r\n                        <div class = \"td-doubleSlider-1 \">\r\n                            <div class = \"td-slider\">\r\n                                \r\n                    <div class = \"td-slide-item td-item1\">\r\n                        <figure class=\"td-slide-galery-figure td-slide-popup-gallery\">\r\n                            <a class=\"slide-gallery-image-link\" href=\"https:\/\/static.africa-press.net\/cameroun\/sites\/57\/2022\/08\/postMediaimg_1_1.jpg\" title=\"postMediaimg_1_1\"  data-caption=\"\"  data-description=\"\">\r\n                                <img decoding=\"async\" src=\"https:\/\/static.africa-press.net\/cameroun\/sites\/57\/2022\/08\/postMediaimg_1_1.jpg\" srcset=\"https:\/\/static.africa-press.net\/cameroun\/sites\/57\/2022\/08\/postMediaimg_1_1.jpg 1372w, https:\/\/static.africa-press.net\/cameroun\/sites\/57\/2022\/08\/postMediaimg_1_1-300x149.jpg 300w, https:\/\/static.africa-press.net\/cameroun\/sites\/57\/2022\/08\/postMediaimg_1_1-1024x509.jpg 1024w, https:\/\/static.africa-press.net\/cameroun\/sites\/57\/2022\/08\/postMediaimg_1_1-768x382.jpg 768w, https:\/\/static.africa-press.net\/cameroun\/sites\/57\/2022\/08\/postMediaimg_1_1-324x160.jpg 324w\" sizes=\"(max-width: 1372px) 100vw, 1372px\" alt=\"\">\r\n                            <\/a>\r\n                            \r\n                        <\/figure>\r\n                    <\/div>\r\n                    <div class = \"td-slide-item td-item2\">\r\n                        <figure class=\"td-slide-galery-figure td-slide-popup-gallery\">\r\n                            <a class=\"slide-gallery-image-link\" href=\"https:\/\/static.africa-press.net\/cameroun\/sites\/57\/2022\/08\/postMediaimg_1_2.jpg\" title=\"postMediaimg_1_2\"  data-caption=\"\"  data-description=\"\">\r\n                                <img decoding=\"async\" src=\"https:\/\/static.africa-press.net\/cameroun\/sites\/57\/2022\/08\/postMediaimg_1_2.jpg\" srcset=\"https:\/\/static.africa-press.net\/cameroun\/sites\/57\/2022\/08\/postMediaimg_1_2.jpg 650w, https:\/\/static.africa-press.net\/cameroun\/sites\/57\/2022\/08\/postMediaimg_1_2-300x168.jpg 300w\" sizes=\"(max-width: 650px) 100vw, 650px\" alt=\"\">\r\n                            <\/a>\r\n                            \r\n                        <\/figure>\r\n                    <\/div>\r\n                    <div class = \"td-slide-item td-item3\">\r\n                        <figure class=\"td-slide-galery-figure td-slide-popup-gallery\">\r\n                            <a class=\"slide-gallery-image-link\" href=\"https:\/\/static.africa-press.net\/cameroun\/sites\/57\/2022\/08\/postMediaimg_1_3.jpg\" title=\"postMediaimg_1_3\"  data-caption=\"\"  data-description=\"\">\r\n                                <img decoding=\"async\" src=\"https:\/\/static.africa-press.net\/cameroun\/sites\/57\/2022\/08\/postMediaimg_1_3.jpg\" srcset=\"https:\/\/static.africa-press.net\/cameroun\/sites\/57\/2022\/08\/postMediaimg_1_3.jpg 650w, https:\/\/static.africa-press.net\/cameroun\/sites\/57\/2022\/08\/postMediaimg_1_3-300x168.jpg 300w\" sizes=\"(max-width: 650px) 100vw, 650px\" alt=\"\">\r\n                            <\/a>\r\n                            \r\n                        <\/figure>\r\n                    <\/div>\r\n                    <div class = \"td-slide-item td-item4\">\r\n                        <figure class=\"td-slide-galery-figure td-slide-popup-gallery\">\r\n                            <a class=\"slide-gallery-image-link\" href=\"https:\/\/static.africa-press.net\/cameroun\/sites\/57\/2022\/08\/postMediaimg_1_4.jpg\" title=\"postMediaimg_1_4\"  data-caption=\"\"  data-description=\"\">\r\n                                <img decoding=\"async\" src=\"https:\/\/static.africa-press.net\/cameroun\/sites\/57\/2022\/08\/postMediaimg_1_4.jpg\" srcset=\"https:\/\/static.africa-press.net\/cameroun\/sites\/57\/2022\/08\/postMediaimg_1_4.jpg 1374w, https:\/\/static.africa-press.net\/cameroun\/sites\/57\/2022\/08\/postMediaimg_1_4-300x150.jpg 300w, https:\/\/static.africa-press.net\/cameroun\/sites\/57\/2022\/08\/postMediaimg_1_4-1024x512.jpg 1024w, https:\/\/static.africa-press.net\/cameroun\/sites\/57\/2022\/08\/postMediaimg_1_4-768x384.jpg 768w\" sizes=\"(max-width: 1374px) 100vw, 1374px\" alt=\"\">\r\n                            <\/a>\r\n                            \r\n                        <\/figure>\r\n                    <\/div>\r\n                    <div class = \"td-slide-item td-item5\">\r\n                        <figure class=\"td-slide-galery-figure td-slide-popup-gallery\">\r\n                            <a class=\"slide-gallery-image-link\" href=\"https:\/\/static.africa-press.net\/cameroun\/sites\/57\/2022\/08\/postMediaimg_1_5.jpg\" title=\"postMediaimg_1_5\"  data-caption=\"\"  data-description=\"\">\r\n                                <img decoding=\"async\" src=\"https:\/\/static.africa-press.net\/cameroun\/sites\/57\/2022\/08\/postMediaimg_1_5.jpg\" srcset=\"https:\/\/static.africa-press.net\/cameroun\/sites\/57\/2022\/08\/postMediaimg_1_5.jpg 1375w, https:\/\/static.africa-press.net\/cameroun\/sites\/57\/2022\/08\/postMediaimg_1_5-300x150.jpg 300w, https:\/\/static.africa-press.net\/cameroun\/sites\/57\/2022\/08\/postMediaimg_1_5-1024x511.jpg 1024w, https:\/\/static.africa-press.net\/cameroun\/sites\/57\/2022\/08\/postMediaimg_1_5-768x383.jpg 768w\" sizes=\"(max-width: 1375px) 100vw, 1375px\" alt=\"\">\r\n                            <\/a>\r\n                            \r\n                        <\/figure>\r\n                    <\/div>\r\n                    <div class = \"td-slide-item td-item6\">\r\n                        <figure class=\"td-slide-galery-figure td-slide-popup-gallery\">\r\n                            <a class=\"slide-gallery-image-link\" href=\"https:\/\/static.africa-press.net\/cameroun\/sites\/57\/2022\/08\/postMediaimg_1_6.jpg\" title=\"postMediaimg_1_6\"  data-caption=\"\"  data-description=\"\">\r\n                                <img decoding=\"async\" src=\"https:\/\/static.africa-press.net\/cameroun\/sites\/57\/2022\/08\/postMediaimg_1_6.jpg\" srcset=\"https:\/\/static.africa-press.net\/cameroun\/sites\/57\/2022\/08\/postMediaimg_1_6.jpg 1440w, https:\/\/static.africa-press.net\/cameroun\/sites\/57\/2022\/08\/postMediaimg_1_6-300x150.jpg 300w, https:\/\/static.africa-press.net\/cameroun\/sites\/57\/2022\/08\/postMediaimg_1_6-1024x512.jpg 1024w, https:\/\/static.africa-press.net\/cameroun\/sites\/57\/2022\/08\/postMediaimg_1_6-768x384.jpg 768w\" sizes=\"(max-width: 1440px) 100vw, 1440px\" alt=\"\">\r\n                            <\/a>\r\n                            \r\n                        <\/figure>\r\n                    <\/div>\r\n                    <div class = \"td-slide-item td-item7\">\r\n                        <figure class=\"td-slide-galery-figure td-slide-popup-gallery\">\r\n                            <a class=\"slide-gallery-image-link\" href=\"https:\/\/static.africa-press.net\/cameroun\/sites\/57\/2022\/08\/postMediaimg_1_7.jpg\" title=\"postMediaimg_1_7\"  data-caption=\"\"  data-description=\"\">\r\n                                <img decoding=\"async\" src=\"https:\/\/static.africa-press.net\/cameroun\/sites\/57\/2022\/08\/postMediaimg_1_7.jpg\" srcset=\"https:\/\/static.africa-press.net\/cameroun\/sites\/57\/2022\/08\/postMediaimg_1_7.jpg 1374w, https:\/\/static.africa-press.net\/cameroun\/sites\/57\/2022\/08\/postMediaimg_1_7-300x150.jpg 300w, https:\/\/static.africa-press.net\/cameroun\/sites\/57\/2022\/08\/postMediaimg_1_7-1024x513.jpg 1024w, https:\/\/static.africa-press.net\/cameroun\/sites\/57\/2022\/08\/postMediaimg_1_7-768x385.jpg 768w\" sizes=\"(max-width: 1374px) 100vw, 1374px\" alt=\"\">\r\n                            <\/a>\r\n                            \r\n                        <\/figure>\r\n                    <\/div>\r\n                    <div class = \"td-slide-item td-item8\">\r\n                        <figure class=\"td-slide-galery-figure td-slide-popup-gallery\">\r\n                            <a class=\"slide-gallery-image-link\" href=\"https:\/\/static.africa-press.net\/cameroun\/sites\/57\/2022\/08\/postMediaimg_1_8.jpg\" title=\"postMediaimg_1_8\"  data-caption=\"\"  data-description=\"\">\r\n                                <img decoding=\"async\" src=\"https:\/\/static.africa-press.net\/cameroun\/sites\/57\/2022\/08\/postMediaimg_1_8.jpg\" srcset=\"https:\/\/static.africa-press.net\/cameroun\/sites\/57\/2022\/08\/postMediaimg_1_8.jpg 928w, https:\/\/static.africa-press.net\/cameroun\/sites\/57\/2022\/08\/postMediaimg_1_8-300x195.jpg 300w, https:\/\/static.africa-press.net\/cameroun\/sites\/57\/2022\/08\/postMediaimg_1_8-768x500.jpg 768w\" sizes=\"(max-width: 928px) 100vw, 928px\" alt=\"\">\r\n                            <\/a>\r\n                            \r\n                        <\/figure>\r\n                    <\/div>\r\n                    <div class = \"td-slide-item td-item9\">\r\n                        <figure class=\"td-slide-galery-figure td-slide-popup-gallery\">\r\n                            <a class=\"slide-gallery-image-link\" href=\"https:\/\/static.africa-press.net\/cameroun\/sites\/57\/2022\/08\/postMediaimg_1_9.jpg\" title=\"postMediaimg_1_9\"  data-caption=\"\"  data-description=\"\">\r\n                                <img decoding=\"async\" src=\"https:\/\/static.africa-press.net\/cameroun\/sites\/57\/2022\/08\/postMediaimg_1_9.jpg\" srcset=\"https:\/\/static.africa-press.net\/cameroun\/sites\/57\/2022\/08\/postMediaimg_1_9.jpg 1280w, https:\/\/static.africa-press.net\/cameroun\/sites\/57\/2022\/08\/postMediaimg_1_9-300x225.jpg 300w, https:\/\/static.africa-press.net\/cameroun\/sites\/57\/2022\/08\/postMediaimg_1_9-1024x768.jpg 1024w, https:\/\/static.africa-press.net\/cameroun\/sites\/57\/2022\/08\/postMediaimg_1_9-768x576.jpg 768w, https:\/\/static.africa-press.net\/cameroun\/sites\/57\/2022\/08\/postMediaimg_1_9-80x60.jpg 80w\" sizes=\"(max-width: 1280px) 100vw, 1280px\" alt=\"\">\r\n                            <\/a>\r\n                            \r\n                        <\/figure>\r\n                    <\/div>\r\n                    <div class = \"td-slide-item td-item10\">\r\n                        <figure class=\"td-slide-galery-figure td-slide-popup-gallery\">\r\n                            <a class=\"slide-gallery-image-link\" href=\"https:\/\/static.africa-press.net\/cameroun\/sites\/57\/2022\/08\/postMediaimg_1_10.jpg\" title=\"postMediaimg_1_10\"  data-caption=\"\"  data-description=\"\">\r\n                                <img decoding=\"async\" src=\"https:\/\/static.africa-press.net\/cameroun\/sites\/57\/2022\/08\/postMediaimg_1_10.jpg\" srcset=\"https:\/\/static.africa-press.net\/cameroun\/sites\/57\/2022\/08\/postMediaimg_1_10.jpg 1440w, https:\/\/static.africa-press.net\/cameroun\/sites\/57\/2022\/08\/postMediaimg_1_10-300x200.jpg 300w, https:\/\/static.africa-press.net\/cameroun\/sites\/57\/2022\/08\/postMediaimg_1_10-1024x683.jpg 1024w, https:\/\/static.africa-press.net\/cameroun\/sites\/57\/2022\/08\/postMediaimg_1_10-768x512.jpg 768w\" sizes=\"(max-width: 1440px) 100vw, 1440px\" alt=\"\">\r\n                            <\/a>\r\n                            \r\n                        <\/figure>\r\n                    <\/div>\r\n                    <div class = \"td-slide-item td-item11\">\r\n                        <figure class=\"td-slide-galery-figure td-slide-popup-gallery\">\r\n                            <a class=\"slide-gallery-image-link\" href=\"https:\/\/static.africa-press.net\/cameroun\/sites\/57\/2022\/08\/postMediaimg_1_11-scaled.jpg\" title=\"postMediaimg_1_11\"  data-caption=\"\"  data-description=\"\">\r\n                                <img decoding=\"async\" src=\"https:\/\/static.africa-press.net\/cameroun\/sites\/57\/2022\/08\/postMediaimg_1_11-scaled.jpg\" srcset=\"https:\/\/static.africa-press.net\/cameroun\/sites\/57\/2022\/08\/postMediaimg_1_11-scaled.jpg 2560w, https:\/\/static.africa-press.net\/cameroun\/sites\/57\/2022\/08\/postMediaimg_1_11-300x210.jpg 300w, https:\/\/static.africa-press.net\/cameroun\/sites\/57\/2022\/08\/postMediaimg_1_11-1024x715.jpg 1024w, https:\/\/static.africa-press.net\/cameroun\/sites\/57\/2022\/08\/postMediaimg_1_11-768x537.jpg 768w, https:\/\/static.africa-press.net\/cameroun\/sites\/57\/2022\/08\/postMediaimg_1_11-1536x1073.jpg 1536w, https:\/\/static.africa-press.net\/cameroun\/sites\/57\/2022\/08\/postMediaimg_1_11-2048x1431.jpg 2048w, https:\/\/static.africa-press.net\/cameroun\/sites\/57\/2022\/08\/postMediaimg_1_11-100x70.jpg 100w\" sizes=\"(max-width: 2560px) 100vw, 2560px\" alt=\"\">\r\n                            <\/a>\r\n                            \r\n                        <\/figure>\r\n                    <\/div>\r\n                    <div class = \"td-slide-item td-item12\">\r\n                        <figure class=\"td-slide-galery-figure td-slide-popup-gallery\">\r\n                            <a class=\"slide-gallery-image-link\" href=\"https:\/\/static.africa-press.net\/cameroun\/sites\/57\/2022\/08\/postMediaimg_1_12.jpg\" title=\"postMediaimg_1_12\"  data-caption=\"\"  data-description=\"\">\r\n                                <img decoding=\"async\" src=\"https:\/\/static.africa-press.net\/cameroun\/sites\/57\/2022\/08\/postMediaimg_1_12.jpg\" srcset=\"https:\/\/static.africa-press.net\/cameroun\/sites\/57\/2022\/08\/postMediaimg_1_12.jpg 1256w, https:\/\/static.africa-press.net\/cameroun\/sites\/57\/2022\/08\/postMediaimg_1_12-300x150.jpg 300w, https:\/\/static.africa-press.net\/cameroun\/sites\/57\/2022\/08\/postMediaimg_1_12-1024x512.jpg 1024w, https:\/\/static.africa-press.net\/cameroun\/sites\/57\/2022\/08\/postMediaimg_1_12-768x384.jpg 768w\" sizes=\"(max-width: 1256px) 100vw, 1256px\" alt=\"\">\r\n                            <\/a>\r\n                            \r\n                        <\/figure>\r\n                    <\/div>\r\n                    <div class = \"td-slide-item td-item13\">\r\n                        <figure class=\"td-slide-galery-figure td-slide-popup-gallery\">\r\n                            <a class=\"slide-gallery-image-link\" href=\"https:\/\/static.africa-press.net\/cameroun\/sites\/57\/2022\/08\/postMediaimg_1_13.jpg\" title=\"postMediaimg_1_13\"  data-caption=\"\"  data-description=\"\">\r\n                                <img decoding=\"async\" src=\"https:\/\/static.africa-press.net\/cameroun\/sites\/57\/2022\/08\/postMediaimg_1_13.jpg\" srcset=\"https:\/\/static.africa-press.net\/cameroun\/sites\/57\/2022\/08\/postMediaimg_1_13.jpg 1280w, https:\/\/static.africa-press.net\/cameroun\/sites\/57\/2022\/08\/postMediaimg_1_13-300x169.jpg 300w, https:\/\/static.africa-press.net\/cameroun\/sites\/57\/2022\/08\/postMediaimg_1_13-1024x576.jpg 1024w, https:\/\/static.africa-press.net\/cameroun\/sites\/57\/2022\/08\/postMediaimg_1_13-768x432.jpg 768w\" sizes=\"(max-width: 1280px) 100vw, 1280px\" alt=\"\">\r\n                            <\/a>\r\n                            \r\n                        <\/figure>\r\n                    <\/div>\r\n                            <\/div>\r\n                        <\/div>\r\n\r\n                        <div class = \"td-doubleSlider-2\">\r\n                            <div class = \"td-slider\">\r\n                                \r\n                    <div class = \"td-button td-item1\">\r\n                        <div class = \"td-border\"><\/div>\r\n                    <\/div>\r\n                    <div class = \"td-button td-item2\">\r\n                        <div class = \"td-border\"><\/div>\r\n                    <\/div>\r\n                    <div class = \"td-button td-item3\">\r\n                        <div class = \"td-border\"><\/div>\r\n                    <\/div>\r\n                    <div class = \"td-button td-item4\">\r\n                        <div class = \"td-border\"><\/div>\r\n                    <\/div>\r\n                    <div class = \"td-button td-item5\">\r\n                        <div class = \"td-border\"><\/div>\r\n                    <\/div>\r\n                    <div class = \"td-button td-item6\">\r\n                        <div class = \"td-border\"><\/div>\r\n                    <\/div>\r\n                    <div class = \"td-button td-item7\">\r\n                        <div class = \"td-border\"><\/div>\r\n                    <\/div>\r\n                    <div class = \"td-button td-item8\">\r\n                        <div class = \"td-border\"><\/div>\r\n                    <\/div>\r\n                    <div class = \"td-button td-item9\">\r\n                        <div class = \"td-border\"><\/div>\r\n                    <\/div>\r\n                    <div class = \"td-button td-item10\">\r\n                        <div class = \"td-border\"><\/div>\r\n                    <\/div>\r\n                    <div class = \"td-button td-item11\">\r\n                        <div class = \"td-border\"><\/div>\r\n                    <\/div>\r\n                    <div class = \"td-button td-item12\">\r\n                        <div class = \"td-border\"><\/div>\r\n                    <\/div>\r\n                    <div class = \"td-button td-item13\">\r\n                        <div class = \"td-border\"><\/div>\r\n                    <\/div>\r\n                            <\/div>\r\n                        <\/div>\r\n\r\n                    <\/div>\r\n\r\n                <\/div>\r\n                \n<p><strong>Pour plus d&rsquo;informations et d&rsquo;analyses sur la <a href=\"https:\/\/www.africa-press.net\/cameroun\">Cameroun<\/a>, suivez <a href=\"https:\/\/www.africa-press.net\/\">Africa-Press<\/a><\/strong><\/p>\n","protected":false},"excerpt":{"rendered":"<p>Anouar CHENNOUFI Africa-Press &#8211; Cameroun. Le pr\u00e9sident fran\u00e7ais, Emmanuel Macron, qui a \u00e9t\u00e9 r\u00e9\u00e9lu pour un second mandat, le dimanche 24 avril dernier, a programm\u00e9 une petite tourn\u00e9e en Afrique du 25 au 27 du mois de juillet, o\u00f9 il s\u2019est rendu d\u2019abord au Cameroun, puis au B\u00e9nin, et enfin en Guin\u00e9e-Bissau. Pour le Cameroun, [&hellip;]<\/p>\n","protected":false},"author":82,"featured_media":24572,"comment_status":"open","ping_status":"closed","sticky":false,"template":"","format":"standard","meta":{"footnotes":""},"categories":[7,11,8,20,10],"tags":[36,50,37,560,49,347,441,550,458,559,558],"class_list":["post-24573","post","type-post","status-publish","format-standard","has-post-thumbnail","hentry","category-dossiers","category-homepage-french","category-photo","category-top-nouvelles","category-toutes-les-actualites","tag-africa-press","tag-africa-press-cameroun","tag-afrique","tag-afrique-centrale","tag-cameroun","tag-emmanuel-macron","tag-investissements","tag-paul-biya","tag-securite","tag-tournee","tag-visite"],"yoast_head":"<!-- This site is optimized with the Yoast SEO Premium plugin v26.1 (Yoast SEO v27.0) - https:\/\/yoast.com\/product\/yoast-seo-premium-wordpress\/ -->\n<title>Emmanuel Macron au Cameroun : Avec quoi le pr\u00e9sident reviendra-t-il en France ? - Cameroun<\/title>\n<meta name=\"description\" content=\"Le pr\u00e9sident fran\u00e7ais, Emmanuel Macron, qui a \u00e9t\u00e9 r\u00e9\u00e9lu pour un second mandat, le dimanche 24 avril dernier, a programm\u00e9 ...\" \/>\n<meta name=\"robots\" content=\"index, follow, max-snippet:-1, max-image-preview:large, max-video-preview:-1\" \/>\n<link rel=\"canonical\" href=\"https:\/\/www.africa-press.net\/cameroun\/dossiers\/emmanuel-macron-au-cameroun-avec-quoi-le-president-reviendra-t-il-en-france\" \/>\n<meta property=\"og:locale\" content=\"fr_FR\" \/>\n<meta property=\"og:type\" content=\"article\" \/>\n<meta property=\"og:title\" content=\"Emmanuel Macron au Cameroun : Avec quoi le pr\u00e9sident reviendra-t-il en France ?\" \/>\n<meta property=\"og:description\" content=\"Le pr\u00e9sident fran\u00e7ais, Emmanuel Macron, qui a \u00e9t\u00e9 r\u00e9\u00e9lu pour un second mandat, le dimanche 24 avril dernier, a programm\u00e9 ...\" \/>\n<meta property=\"og:url\" content=\"https:\/\/www.africa-press.net\/cameroun\/dossiers\/emmanuel-macron-au-cameroun-avec-quoi-le-president-reviendra-t-il-en-france\" \/>\n<meta property=\"og:site_name\" content=\"Cameroun\" \/>\n<meta property=\"article:published_time\" content=\"2022-07-27T22:37:17+00:00\" \/>\n<meta property=\"article:modified_time\" content=\"2022-08-01T07:12:29+00:00\" \/>\n<meta property=\"og:image\" content=\"https:\/\/static.africa-press.net\/cameroun\/sites\/57\/2022\/08\/postQueueImg_1.jpg\" \/>\n\t<meta property=\"og:image:width\" content=\"1256\" \/>\n\t<meta property=\"og:image:height\" content=\"628\" \/>\n\t<meta property=\"og:image:type\" content=\"image\/jpeg\" \/>\n<meta name=\"author\" content=\"cfeditorfr\" \/>\n<meta name=\"twitter:card\" content=\"summary_large_image\" \/>\n<meta name=\"twitter:label1\" content=\"\u00c9crit par\" \/>\n\t<meta name=\"twitter:data1\" content=\"cfeditorfr\" \/>\n\t<meta name=\"twitter:label2\" content=\"Dur\u00e9e de lecture estim\u00e9e\" \/>\n\t<meta name=\"twitter:data2\" content=\"7 minutes\" \/>\n<script type=\"application\/ld+json\" class=\"yoast-schema-graph\">{\"@context\":\"https:\/\/schema.org\",\"@graph\":[{\"@type\":\"Article\",\"@id\":\"https:\/\/www.africa-press.net\/cameroun\/dossiers\/emmanuel-macron-au-cameroun-avec-quoi-le-president-reviendra-t-il-en-france#article\",\"isPartOf\":{\"@id\":\"https:\/\/www.africa-press.net\/cameroun\/dossiers\/emmanuel-macron-au-cameroun-avec-quoi-le-president-reviendra-t-il-en-france\"},\"author\":{\"name\":\"cfeditorfr\",\"@id\":\"https:\/\/www.africa-press.net\/cameroun\/#\/schema\/person\/2b1cf3cd81a31e3cd26889ca66d677f1\"},\"headline\":\"Emmanuel Macron au Cameroun : Avec quoi le pr\u00e9sident reviendra-t-il en France ?\",\"datePublished\":\"2022-07-27T22:37:17+00:00\",\"dateModified\":\"2022-08-01T07:12:29+00:00\",\"mainEntityOfPage\":{\"@id\":\"https:\/\/www.africa-press.net\/cameroun\/dossiers\/emmanuel-macron-au-cameroun-avec-quoi-le-president-reviendra-t-il-en-france\"},\"wordCount\":1393,\"commentCount\":0,\"image\":{\"@id\":\"https:\/\/www.africa-press.net\/cameroun\/dossiers\/emmanuel-macron-au-cameroun-avec-quoi-le-president-reviendra-t-il-en-france#primaryimage\"},\"thumbnailUrl\":\"https:\/\/static.africa-press.net\/cameroun\/sites\/57\/2022\/08\/postQueueImg_1.jpg\",\"keywords\":[\"Africa Press\",\"Africa Press-Cameroun\",\"Afrique\",\"Afrique centrale\",\"Cameroun\",\"Emmanuel Macron\",\"Investissements\",\"Paul Biya\",\"S\u00e9curit\u00e9\",\"Tourn\u00e9e\",\"Visite\"],\"articleSection\":[\"Dossiers\",\"homepage-french\",\"Photo\",\"Top Nouvelles\",\"Toutes les actualit\u00e9s\"],\"inLanguage\":\"fr-FR\",\"potentialAction\":[{\"@type\":\"CommentAction\",\"name\":\"Comment\",\"target\":[\"https:\/\/www.africa-press.net\/cameroun\/dossiers\/emmanuel-macron-au-cameroun-avec-quoi-le-president-reviendra-t-il-en-france#respond\"]}]},{\"@type\":\"WebPage\",\"@id\":\"https:\/\/www.africa-press.net\/cameroun\/dossiers\/emmanuel-macron-au-cameroun-avec-quoi-le-president-reviendra-t-il-en-france\",\"url\":\"https:\/\/www.africa-press.net\/cameroun\/dossiers\/emmanuel-macron-au-cameroun-avec-quoi-le-president-reviendra-t-il-en-france\",\"name\":\"Emmanuel Macron au Cameroun : Avec quoi le pr\u00e9sident reviendra-t-il en France ? - Cameroun\",\"isPartOf\":{\"@id\":\"https:\/\/www.africa-press.net\/cameroun\/#website\"},\"primaryImageOfPage\":{\"@id\":\"https:\/\/www.africa-press.net\/cameroun\/dossiers\/emmanuel-macron-au-cameroun-avec-quoi-le-president-reviendra-t-il-en-france#primaryimage\"},\"image\":{\"@id\":\"https:\/\/www.africa-press.net\/cameroun\/dossiers\/emmanuel-macron-au-cameroun-avec-quoi-le-president-reviendra-t-il-en-france#primaryimage\"},\"thumbnailUrl\":\"https:\/\/static.africa-press.net\/cameroun\/sites\/57\/2022\/08\/postQueueImg_1.jpg\",\"datePublished\":\"2022-07-27T22:37:17+00:00\",\"dateModified\":\"2022-08-01T07:12:29+00:00\",\"author\":{\"@id\":\"https:\/\/www.africa-press.net\/cameroun\/#\/schema\/person\/2b1cf3cd81a31e3cd26889ca66d677f1\"},\"description\":\"Le pr\u00e9sident fran\u00e7ais, Emmanuel Macron, qui a \u00e9t\u00e9 r\u00e9\u00e9lu pour un second mandat, le dimanche 24 avril dernier, a programm\u00e9 ...\",\"breadcrumb\":{\"@id\":\"https:\/\/www.africa-press.net\/cameroun\/dossiers\/emmanuel-macron-au-cameroun-avec-quoi-le-president-reviendra-t-il-en-france#breadcrumb\"},\"inLanguage\":\"fr-FR\",\"potentialAction\":[{\"@type\":\"ReadAction\",\"target\":[\"https:\/\/www.africa-press.net\/cameroun\/dossiers\/emmanuel-macron-au-cameroun-avec-quoi-le-president-reviendra-t-il-en-france\"]}]},{\"@type\":\"ImageObject\",\"inLanguage\":\"fr-FR\",\"@id\":\"https:\/\/www.africa-press.net\/cameroun\/dossiers\/emmanuel-macron-au-cameroun-avec-quoi-le-president-reviendra-t-il-en-france#primaryimage\",\"url\":\"https:\/\/static.africa-press.net\/cameroun\/sites\/57\/2022\/08\/postQueueImg_1.jpg\",\"contentUrl\":\"https:\/\/static.africa-press.net\/cameroun\/sites\/57\/2022\/08\/postQueueImg_1.jpg\",\"width\":1256,\"height\":628,\"caption\":\"Emmanuel Macron au Cameroun : Avec quoi le pr\u00e9sident reviendra-t-il en France ?\"},{\"@type\":\"BreadcrumbList\",\"@id\":\"https:\/\/www.africa-press.net\/cameroun\/dossiers\/emmanuel-macron-au-cameroun-avec-quoi-le-president-reviendra-t-il-en-france#breadcrumb\",\"itemListElement\":[{\"@type\":\"ListItem\",\"position\":1,\"name\":\"Accueil\",\"item\":\"https:\/\/www.africa-press.net\/cameroun\/\"},{\"@type\":\"ListItem\",\"position\":2,\"name\":\"Emmanuel Macron au Cameroun : Avec quoi le pr\u00e9sident reviendra-t-il en France ?\"}]},{\"@type\":\"WebSite\",\"@id\":\"https:\/\/www.africa-press.net\/cameroun\/#website\",\"url\":\"https:\/\/www.africa-press.net\/cameroun\/\",\"name\":\"Cameroun\",\"description\":\"Just another Africa News Agency Sites site\",\"potentialAction\":[{\"@type\":\"SearchAction\",\"target\":{\"@type\":\"EntryPoint\",\"urlTemplate\":\"https:\/\/www.africa-press.net\/cameroun\/?s={search_term_string}\"},\"query-input\":{\"@type\":\"PropertyValueSpecification\",\"valueRequired\":true,\"valueName\":\"search_term_string\"}}],\"inLanguage\":\"fr-FR\"},{\"@type\":\"Person\",\"@id\":\"https:\/\/www.africa-press.net\/cameroun\/#\/schema\/person\/2b1cf3cd81a31e3cd26889ca66d677f1\",\"name\":\"cfeditorfr\"}]}<\/script>\n<!-- \/ Yoast SEO Premium plugin. -->","yoast_head_json":{"title":"Emmanuel Macron au Cameroun : Avec quoi le pr\u00e9sident reviendra-t-il en France ? - Cameroun","description":"Le pr\u00e9sident fran\u00e7ais, Emmanuel Macron, qui a \u00e9t\u00e9 r\u00e9\u00e9lu pour un second mandat, le dimanche 24 avril dernier, a programm\u00e9 ...","robots":{"index":"index","follow":"follow","max-snippet":"max-snippet:-1","max-image-preview":"max-image-preview:large","max-video-preview":"max-video-preview:-1"},"canonical":"https:\/\/www.africa-press.net\/cameroun\/dossiers\/emmanuel-macron-au-cameroun-avec-quoi-le-president-reviendra-t-il-en-france","og_locale":"fr_FR","og_type":"article","og_title":"Emmanuel Macron au Cameroun : Avec quoi le pr\u00e9sident reviendra-t-il en France ?","og_description":"Le pr\u00e9sident fran\u00e7ais, Emmanuel Macron, qui a \u00e9t\u00e9 r\u00e9\u00e9lu pour un second mandat, le dimanche 24 avril dernier, a programm\u00e9 ...","og_url":"https:\/\/www.africa-press.net\/cameroun\/dossiers\/emmanuel-macron-au-cameroun-avec-quoi-le-president-reviendra-t-il-en-france","og_site_name":"Cameroun","article_published_time":"2022-07-27T22:37:17+00:00","article_modified_time":"2022-08-01T07:12:29+00:00","og_image":[{"width":1256,"height":628,"url":"https:\/\/static.africa-press.net\/cameroun\/sites\/57\/2022\/08\/postQueueImg_1.jpg","type":"image\/jpeg"}],"author":"cfeditorfr","twitter_card":"summary_large_image","twitter_misc":{"\u00c9crit par":"cfeditorfr","Dur\u00e9e de lecture estim\u00e9e":"7 minutes"},"schema":{"@context":"https:\/\/schema.org","@graph":[{"@type":"Article","@id":"https:\/\/www.africa-press.net\/cameroun\/dossiers\/emmanuel-macron-au-cameroun-avec-quoi-le-president-reviendra-t-il-en-france#article","isPartOf":{"@id":"https:\/\/www.africa-press.net\/cameroun\/dossiers\/emmanuel-macron-au-cameroun-avec-quoi-le-president-reviendra-t-il-en-france"},"author":{"name":"cfeditorfr","@id":"https:\/\/www.africa-press.net\/cameroun\/#\/schema\/person\/2b1cf3cd81a31e3cd26889ca66d677f1"},"headline":"Emmanuel Macron au Cameroun : Avec quoi le pr\u00e9sident reviendra-t-il en France ?","datePublished":"2022-07-27T22:37:17+00:00","dateModified":"2022-08-01T07:12:29+00:00","mainEntityOfPage":{"@id":"https:\/\/www.africa-press.net\/cameroun\/dossiers\/emmanuel-macron-au-cameroun-avec-quoi-le-president-reviendra-t-il-en-france"},"wordCount":1393,"commentCount":0,"image":{"@id":"https:\/\/www.africa-press.net\/cameroun\/dossiers\/emmanuel-macron-au-cameroun-avec-quoi-le-president-reviendra-t-il-en-france#primaryimage"},"thumbnailUrl":"https:\/\/static.africa-press.net\/cameroun\/sites\/57\/2022\/08\/postQueueImg_1.jpg","keywords":["Africa Press","Africa Press-Cameroun","Afrique","Afrique centrale","Cameroun","Emmanuel Macron","Investissements","Paul Biya","S\u00e9curit\u00e9","Tourn\u00e9e","Visite"],"articleSection":["Dossiers","homepage-french","Photo","Top Nouvelles","Toutes les actualit\u00e9s"],"inLanguage":"fr-FR","potentialAction":[{"@type":"CommentAction","name":"Comment","target":["https:\/\/www.africa-press.net\/cameroun\/dossiers\/emmanuel-macron-au-cameroun-avec-quoi-le-president-reviendra-t-il-en-france#respond"]}]},{"@type":"WebPage","@id":"https:\/\/www.africa-press.net\/cameroun\/dossiers\/emmanuel-macron-au-cameroun-avec-quoi-le-president-reviendra-t-il-en-france","url":"https:\/\/www.africa-press.net\/cameroun\/dossiers\/emmanuel-macron-au-cameroun-avec-quoi-le-president-reviendra-t-il-en-france","name":"Emmanuel Macron au Cameroun : Avec quoi le pr\u00e9sident reviendra-t-il en France ? - Cameroun","isPartOf":{"@id":"https:\/\/www.africa-press.net\/cameroun\/#website"},"primaryImageOfPage":{"@id":"https:\/\/www.africa-press.net\/cameroun\/dossiers\/emmanuel-macron-au-cameroun-avec-quoi-le-president-reviendra-t-il-en-france#primaryimage"},"image":{"@id":"https:\/\/www.africa-press.net\/cameroun\/dossiers\/emmanuel-macron-au-cameroun-avec-quoi-le-president-reviendra-t-il-en-france#primaryimage"},"thumbnailUrl":"https:\/\/static.africa-press.net\/cameroun\/sites\/57\/2022\/08\/postQueueImg_1.jpg","datePublished":"2022-07-27T22:37:17+00:00","dateModified":"2022-08-01T07:12:29+00:00","author":{"@id":"https:\/\/www.africa-press.net\/cameroun\/#\/schema\/person\/2b1cf3cd81a31e3cd26889ca66d677f1"},"description":"Le pr\u00e9sident fran\u00e7ais, Emmanuel Macron, qui a \u00e9t\u00e9 r\u00e9\u00e9lu pour un second mandat, le dimanche 24 avril dernier, a programm\u00e9 ...","breadcrumb":{"@id":"https:\/\/www.africa-press.net\/cameroun\/dossiers\/emmanuel-macron-au-cameroun-avec-quoi-le-president-reviendra-t-il-en-france#breadcrumb"},"inLanguage":"fr-FR","potentialAction":[{"@type":"ReadAction","target":["https:\/\/www.africa-press.net\/cameroun\/dossiers\/emmanuel-macron-au-cameroun-avec-quoi-le-president-reviendra-t-il-en-france"]}]},{"@type":"ImageObject","inLanguage":"fr-FR","@id":"https:\/\/www.africa-press.net\/cameroun\/dossiers\/emmanuel-macron-au-cameroun-avec-quoi-le-president-reviendra-t-il-en-france#primaryimage","url":"https:\/\/static.africa-press.net\/cameroun\/sites\/57\/2022\/08\/postQueueImg_1.jpg","contentUrl":"https:\/\/static.africa-press.net\/cameroun\/sites\/57\/2022\/08\/postQueueImg_1.jpg","width":1256,"height":628,"caption":"Emmanuel Macron au Cameroun : Avec quoi le pr\u00e9sident reviendra-t-il en France ?"},{"@type":"BreadcrumbList","@id":"https:\/\/www.africa-press.net\/cameroun\/dossiers\/emmanuel-macron-au-cameroun-avec-quoi-le-president-reviendra-t-il-en-france#breadcrumb","itemListElement":[{"@type":"ListItem","position":1,"name":"Accueil","item":"https:\/\/www.africa-press.net\/cameroun\/"},{"@type":"ListItem","position":2,"name":"Emmanuel Macron au Cameroun : Avec quoi le pr\u00e9sident reviendra-t-il en France ?"}]},{"@type":"WebSite","@id":"https:\/\/www.africa-press.net\/cameroun\/#website","url":"https:\/\/www.africa-press.net\/cameroun\/","name":"Cameroun","description":"Just another Africa News Agency Sites site","potentialAction":[{"@type":"SearchAction","target":{"@type":"EntryPoint","urlTemplate":"https:\/\/www.africa-press.net\/cameroun\/?s={search_term_string}"},"query-input":{"@type":"PropertyValueSpecification","valueRequired":true,"valueName":"search_term_string"}}],"inLanguage":"fr-FR"},{"@type":"Person","@id":"https:\/\/www.africa-press.net\/cameroun\/#\/schema\/person\/2b1cf3cd81a31e3cd26889ca66d677f1","name":"cfeditorfr"}]}},"_links":{"self":[{"href":"https:\/\/www.africa-press.net\/cameroun\/wp-json\/wp\/v2\/posts\/24573","targetHints":{"allow":["GET"]}}],"collection":[{"href":"https:\/\/www.africa-press.net\/cameroun\/wp-json\/wp\/v2\/posts"}],"about":[{"href":"https:\/\/www.africa-press.net\/cameroun\/wp-json\/wp\/v2\/types\/post"}],"author":[{"embeddable":true,"href":"https:\/\/www.africa-press.net\/cameroun\/wp-json\/wp\/v2\/users\/82"}],"replies":[{"embeddable":true,"href":"https:\/\/www.africa-press.net\/cameroun\/wp-json\/wp\/v2\/comments?post=24573"}],"version-history":[{"count":0,"href":"https:\/\/www.africa-press.net\/cameroun\/wp-json\/wp\/v2\/posts\/24573\/revisions"}],"wp:featuredmedia":[{"embeddable":true,"href":"https:\/\/www.africa-press.net\/cameroun\/wp-json\/wp\/v2\/media\/24572"}],"wp:attachment":[{"href":"https:\/\/www.africa-press.net\/cameroun\/wp-json\/wp\/v2\/media?parent=24573"}],"wp:term":[{"taxonomy":"category","embeddable":true,"href":"https:\/\/www.africa-press.net\/cameroun\/wp-json\/wp\/v2\/categories?post=24573"},{"taxonomy":"post_tag","embeddable":true,"href":"https:\/\/www.africa-press.net\/cameroun\/wp-json\/wp\/v2\/tags?post=24573"}],"curies":[{"name":"wp","href":"https:\/\/api.w.org\/{rel}","templated":true}]}}