{"id":24622,"date":"2022-08-01T18:02:46","date_gmt":"2022-08-01T18:02:46","guid":{"rendered":"https:\/\/www.africa-press.net\/cameroun\/politique\/basketball-le-nouveau-francais-joel-embiid-pas-selectionne-dans-lequipe-de-france-pour-leuro-2022"},"modified":"2022-08-01T18:03:00","modified_gmt":"2022-08-01T18:03:00","slug":"basketball-le-nouveau-francais-joel-embiid-pas-selectionne-dans-lequipe-de-france-pour-leuro-2022","status":"publish","type":"post","link":"https:\/\/www.africa-press.net\/cameroun\/sports\/basketball-le-nouveau-francais-joel-embiid-pas-selectionne-dans-lequipe-de-france-pour-leuro-2022","title":{"rendered":"Basketball: Le nouveau fran\u00e7ais Jo\u00ebl Embiid pas s\u00e9lectionn\u00e9 dans l&rsquo;\u00e9quipe de France\u00a0pour l&rsquo;Euro 2022"},"content":{"rendered":"<p><span style=\"color: #ff6600\"><strong>Africa-Press &#8211; Cameroun. <\/strong><\/span>Le basketteur fran\u00e7ais Jo\u00ebl Embiid ne d\u00e9fendra pas les couleurs de la France, son nouveau pays, lors de l&rsquo;Euro 2022 pr\u00e9vu en septembre prochain. Le manager g\u00e9n\u00e9ral des Bleus, Boris Ndiaw ne l&rsquo;a pas retenu pour cette exp\u00e9dition, en raison de d\u00e9marches administratives \u00e0 r\u00e9gler, mais aussi \u00e0 cause d&rsquo;une blessure dont il se remet \u00e0 peine \u00e0 la main. \u00ab On sait qu&rsquo;il est encore dans l&rsquo;attente d&rsquo;un passeport fran\u00e7ais. Lorsqu&rsquo;il l&rsquo;aura obtenu, il pourra entamer les d\u00e9marches et faire sa demande de licence FIBA pour l&rsquo;\u00e9quipe nationale. Il aurait bien voulu jouer cet \u00e9t\u00e9 s&rsquo;il n&rsquo;avait pas \u00e9t\u00e9 bless\u00e9. Mais il a subi une op\u00e9ration de la main et n&rsquo;a pas repris le basket. Pour lui comme pour Victor Wembanyama (dont le forfait a \u00e9t\u00e9 annonc\u00e9 vendredi), ce serait trop juste (pour l&rsquo;Euro) \u00bb.<\/p>\n<p>L&rsquo;on comprend donc que l&rsquo;absence de Jo\u00ebl Embiid sur cette liste est davantage li\u00e9e \u00e0 ses soucis administratifs et \u00e0 ses probl\u00e8mes de sant\u00e9. Il a termin\u00e9 les play-offs avec un ligament du pouce droit touch\u00e9, qui l\u2019a oblig\u00e9 \u00e0 se faire op\u00e9rer, et souffre d\u2019une fracture au niveau du visage et d\u2019une commotion c\u00e9r\u00e9brale.<\/p>\n<p>Il faut rappeler que Jo\u00ebl Embiid vise en effet l\u2019\u00e9quipe France et a toujours manifest\u00e9 son penchant pour ce pays. En 2016 d\u00e9j\u00e0, il en avait exprim\u00e9 l\u2019envie. Depuis le 5 juillet 2022, il est officiellement naturalis\u00e9 fran\u00e7ais, et apte \u00e0 jouer avec l\u2019\u00e9quipe de France. Sans-doute sera-t-il s\u00e9lectionn\u00e9 \u00e0 l\u2019occasion des prochains rendez-vous ?<\/p>\n<p><strong>Pour plus d&rsquo;informations et d&rsquo;analyses sur la <a href=\"https:\/\/www.africa-press.net\/cameroun\">Cameroun<\/a>, suivez <a href=\"https:\/\/www.africa-press.net\/\">Africa-Press<\/a><\/strong><\/p>\n","protected":false},"excerpt":{"rendered":"<p>Africa-Press &#8211; Cameroun. Le basketteur fran\u00e7ais Jo\u00ebl Embiid ne d\u00e9fendra pas les couleurs de la France, son nouveau pays, lors de l&rsquo;Euro 2022 pr\u00e9vu en septembre prochain. Le manager g\u00e9n\u00e9ral des Bleus, Boris Ndiaw ne l&rsquo;a pas retenu pour cette exp\u00e9dition, en raison de d\u00e9marches administratives \u00e0 r\u00e9gler, mais aussi \u00e0 cause d&rsquo;une blessure dont [&hellip;]<\/p>\n","protected":false},"author":82,"featured_media":24621,"comment_status":"open","ping_status":"closed","sticky":false,"template":"","format":"standard","meta":{"footnotes":""},"categories":[11,6,10],"tags":[36,50,49],"class_list":["post-24622","post","type-post","status-publish","format-standard","has-post-thumbnail","hentry","category-homepage-french","category-sports","category-toutes-les-actualites","tag-africa-press","tag-africa-press-cameroun","tag-cameroun"],"yoast_head":"<!-- This site is optimized with the Yoast SEO Premium plugin v26.1 (Yoast SEO v27.0) - https:\/\/yoast.com\/product\/yoast-seo-premium-wordpress\/ -->\n<title>Basketball: Le nouveau fran\u00e7ais Jo\u00ebl Embiid pas s\u00e9lectionn\u00e9 dans l&#039;\u00e9quipe de France\u00a0pour l&#039;Euro 2022 - Cameroun<\/title>\n<meta name=\"description\" content=\"Le basketteur fran\u00e7ais Jo\u00ebl Embiid ne d\u00e9fendra pas les couleurs de la France, son nouveau pays, lors de l&#039;Euro 2022 pr\u00e9v ...\" \/>\n<meta name=\"robots\" content=\"index, follow, max-snippet:-1, max-image-preview:large, max-video-preview:-1\" \/>\n<link rel=\"canonical\" href=\"https:\/\/www.africa-press.net\/cameroun\/sports\/basketball-le-nouveau-francais-joel-embiid-pas-selectionne-dans-lequipe-de-france-pour-leuro-2022\" \/>\n<meta property=\"og:locale\" content=\"fr_FR\" \/>\n<meta property=\"og:type\" content=\"article\" \/>\n<meta property=\"og:title\" content=\"Basketball: Le nouveau fran\u00e7ais Jo\u00ebl Embiid pas s\u00e9lectionn\u00e9 dans l&#039;\u00e9quipe de France\u00a0pour l&#039;Euro 2022\" \/>\n<meta property=\"og:description\" content=\"Le basketteur fran\u00e7ais Jo\u00ebl Embiid ne d\u00e9fendra pas les couleurs de la France, son nouveau pays, lors de l&#039;Euro 2022 pr\u00e9v ...\" \/>\n<meta property=\"og:url\" content=\"https:\/\/www.africa-press.net\/cameroun\/sports\/basketball-le-nouveau-francais-joel-embiid-pas-selectionne-dans-lequipe-de-france-pour-leuro-2022\" \/>\n<meta property=\"og:site_name\" content=\"Cameroun\" \/>\n<meta property=\"article:published_time\" content=\"2022-08-01T18:02:46+00:00\" \/>\n<meta property=\"article:modified_time\" content=\"2022-08-01T18:03:00+00:00\" \/>\n<meta property=\"og:image\" content=\"https:\/\/static.africa-press.net\/cameroun\/sites\/57\/2022\/08\/img.jpg\" \/>\n\t<meta property=\"og:image:width\" content=\"800\" \/>\n\t<meta property=\"og:image:height\" content=\"533\" \/>\n\t<meta property=\"og:image:type\" content=\"image\/jpeg\" \/>\n<meta name=\"author\" content=\"cfeditorfr\" \/>\n<meta name=\"twitter:card\" content=\"summary_large_image\" \/>\n<meta name=\"twitter:label1\" content=\"\u00c9crit par\" \/>\n\t<meta name=\"twitter:data1\" content=\"cfeditorfr\" \/>\n\t<meta name=\"twitter:label2\" content=\"Dur\u00e9e de lecture estim\u00e9e\" \/>\n\t<meta name=\"twitter:data2\" content=\"2 minutes\" \/>\n<script type=\"application\/ld+json\" class=\"yoast-schema-graph\">{\"@context\":\"https:\/\/schema.org\",\"@graph\":[{\"@type\":\"Article\",\"@id\":\"https:\/\/www.africa-press.net\/cameroun\/sports\/basketball-le-nouveau-francais-joel-embiid-pas-selectionne-dans-lequipe-de-france-pour-leuro-2022#article\",\"isPartOf\":{\"@id\":\"https:\/\/www.africa-press.net\/cameroun\/sports\/basketball-le-nouveau-francais-joel-embiid-pas-selectionne-dans-lequipe-de-france-pour-leuro-2022\"},\"author\":{\"name\":\"cfeditorfr\",\"@id\":\"https:\/\/www.africa-press.net\/cameroun\/#\/schema\/person\/2b1cf3cd81a31e3cd26889ca66d677f1\"},\"headline\":\"Basketball: Le nouveau fran\u00e7ais Jo\u00ebl Embiid pas s\u00e9lectionn\u00e9 dans l&rsquo;\u00e9quipe de France\u00a0pour l&rsquo;Euro 2022\",\"datePublished\":\"2022-08-01T18:02:46+00:00\",\"dateModified\":\"2022-08-01T18:03:00+00:00\",\"mainEntityOfPage\":{\"@id\":\"https:\/\/www.africa-press.net\/cameroun\/sports\/basketball-le-nouveau-francais-joel-embiid-pas-selectionne-dans-lequipe-de-france-pour-leuro-2022\"},\"wordCount\":308,\"commentCount\":0,\"image\":{\"@id\":\"https:\/\/www.africa-press.net\/cameroun\/sports\/basketball-le-nouveau-francais-joel-embiid-pas-selectionne-dans-lequipe-de-france-pour-leuro-2022#primaryimage\"},\"thumbnailUrl\":\"https:\/\/static.africa-press.net\/cameroun\/sites\/57\/2022\/08\/img.jpg\",\"keywords\":[\"Africa Press\",\"Africa Press-Cameroun\",\"Cameroun\"],\"articleSection\":[\"homepage-french\",\"Sports\",\"Toutes les actualit\u00e9s\"],\"inLanguage\":\"fr-FR\",\"potentialAction\":[{\"@type\":\"CommentAction\",\"name\":\"Comment\",\"target\":[\"https:\/\/www.africa-press.net\/cameroun\/sports\/basketball-le-nouveau-francais-joel-embiid-pas-selectionne-dans-lequipe-de-france-pour-leuro-2022#respond\"]}]},{\"@type\":\"WebPage\",\"@id\":\"https:\/\/www.africa-press.net\/cameroun\/sports\/basketball-le-nouveau-francais-joel-embiid-pas-selectionne-dans-lequipe-de-france-pour-leuro-2022\",\"url\":\"https:\/\/www.africa-press.net\/cameroun\/sports\/basketball-le-nouveau-francais-joel-embiid-pas-selectionne-dans-lequipe-de-france-pour-leuro-2022\",\"name\":\"Basketball: Le nouveau fran\u00e7ais Jo\u00ebl Embiid pas s\u00e9lectionn\u00e9 dans l'\u00e9quipe de France\u00a0pour l'Euro 2022 - Cameroun\",\"isPartOf\":{\"@id\":\"https:\/\/www.africa-press.net\/cameroun\/#website\"},\"primaryImageOfPage\":{\"@id\":\"https:\/\/www.africa-press.net\/cameroun\/sports\/basketball-le-nouveau-francais-joel-embiid-pas-selectionne-dans-lequipe-de-france-pour-leuro-2022#primaryimage\"},\"image\":{\"@id\":\"https:\/\/www.africa-press.net\/cameroun\/sports\/basketball-le-nouveau-francais-joel-embiid-pas-selectionne-dans-lequipe-de-france-pour-leuro-2022#primaryimage\"},\"thumbnailUrl\":\"https:\/\/static.africa-press.net\/cameroun\/sites\/57\/2022\/08\/img.jpg\",\"datePublished\":\"2022-08-01T18:02:46+00:00\",\"dateModified\":\"2022-08-01T18:03:00+00:00\",\"author\":{\"@id\":\"https:\/\/www.africa-press.net\/cameroun\/#\/schema\/person\/2b1cf3cd81a31e3cd26889ca66d677f1\"},\"description\":\"Le basketteur fran\u00e7ais Jo\u00ebl Embiid ne d\u00e9fendra pas les couleurs de la France, son nouveau pays, lors de l'Euro 2022 pr\u00e9v ...\",\"breadcrumb\":{\"@id\":\"https:\/\/www.africa-press.net\/cameroun\/sports\/basketball-le-nouveau-francais-joel-embiid-pas-selectionne-dans-lequipe-de-france-pour-leuro-2022#breadcrumb\"},\"inLanguage\":\"fr-FR\",\"potentialAction\":[{\"@type\":\"ReadAction\",\"target\":[\"https:\/\/www.africa-press.net\/cameroun\/sports\/basketball-le-nouveau-francais-joel-embiid-pas-selectionne-dans-lequipe-de-france-pour-leuro-2022\"]}]},{\"@type\":\"ImageObject\",\"inLanguage\":\"fr-FR\",\"@id\":\"https:\/\/www.africa-press.net\/cameroun\/sports\/basketball-le-nouveau-francais-joel-embiid-pas-selectionne-dans-lequipe-de-france-pour-leuro-2022#primaryimage\",\"url\":\"https:\/\/static.africa-press.net\/cameroun\/sites\/57\/2022\/08\/img.jpg\",\"contentUrl\":\"https:\/\/static.africa-press.net\/cameroun\/sites\/57\/2022\/08\/img.jpg\",\"width\":800,\"height\":533,\"caption\":\"Basketball: Le nouveau fran\u00e7ais Jo\u00ebl Embiid pas s\u00e9lectionn\u00e9 dans l'\u00e9quipe de France\u00a0pour l'Euro 2022\"},{\"@type\":\"BreadcrumbList\",\"@id\":\"https:\/\/www.africa-press.net\/cameroun\/sports\/basketball-le-nouveau-francais-joel-embiid-pas-selectionne-dans-lequipe-de-france-pour-leuro-2022#breadcrumb\",\"itemListElement\":[{\"@type\":\"ListItem\",\"position\":1,\"name\":\"Accueil\",\"item\":\"https:\/\/www.africa-press.net\/cameroun\/\"},{\"@type\":\"ListItem\",\"position\":2,\"name\":\"Basketball: Le nouveau fran\u00e7ais Jo\u00ebl Embiid pas s\u00e9lectionn\u00e9 dans l&#8217;\u00e9quipe de France\u00a0pour l&#8217;Euro 2022\"}]},{\"@type\":\"WebSite\",\"@id\":\"https:\/\/www.africa-press.net\/cameroun\/#website\",\"url\":\"https:\/\/www.africa-press.net\/cameroun\/\",\"name\":\"Cameroun\",\"description\":\"Just another Africa News Agency Sites site\",\"potentialAction\":[{\"@type\":\"SearchAction\",\"target\":{\"@type\":\"EntryPoint\",\"urlTemplate\":\"https:\/\/www.africa-press.net\/cameroun\/?s={search_term_string}\"},\"query-input\":{\"@type\":\"PropertyValueSpecification\",\"valueRequired\":true,\"valueName\":\"search_term_string\"}}],\"inLanguage\":\"fr-FR\"},{\"@type\":\"Person\",\"@id\":\"https:\/\/www.africa-press.net\/cameroun\/#\/schema\/person\/2b1cf3cd81a31e3cd26889ca66d677f1\",\"name\":\"cfeditorfr\"}]}<\/script>\n<!-- \/ Yoast SEO Premium plugin. -->","yoast_head_json":{"title":"Basketball: Le nouveau fran\u00e7ais Jo\u00ebl Embiid pas s\u00e9lectionn\u00e9 dans l'\u00e9quipe de France\u00a0pour l'Euro 2022 - Cameroun","description":"Le basketteur fran\u00e7ais Jo\u00ebl Embiid ne d\u00e9fendra pas les couleurs de la France, son nouveau pays, lors de l'Euro 2022 pr\u00e9v ...","robots":{"index":"index","follow":"follow","max-snippet":"max-snippet:-1","max-image-preview":"max-image-preview:large","max-video-preview":"max-video-preview:-1"},"canonical":"https:\/\/www.africa-press.net\/cameroun\/sports\/basketball-le-nouveau-francais-joel-embiid-pas-selectionne-dans-lequipe-de-france-pour-leuro-2022","og_locale":"fr_FR","og_type":"article","og_title":"Basketball: Le nouveau fran\u00e7ais Jo\u00ebl Embiid pas s\u00e9lectionn\u00e9 dans l'\u00e9quipe de France\u00a0pour l'Euro 2022","og_description":"Le basketteur fran\u00e7ais Jo\u00ebl Embiid ne d\u00e9fendra pas les couleurs de la France, son nouveau pays, lors de l'Euro 2022 pr\u00e9v ...","og_url":"https:\/\/www.africa-press.net\/cameroun\/sports\/basketball-le-nouveau-francais-joel-embiid-pas-selectionne-dans-lequipe-de-france-pour-leuro-2022","og_site_name":"Cameroun","article_published_time":"2022-08-01T18:02:46+00:00","article_modified_time":"2022-08-01T18:03:00+00:00","og_image":[{"width":800,"height":533,"url":"https:\/\/static.africa-press.net\/cameroun\/sites\/57\/2022\/08\/img.jpg","type":"image\/jpeg"}],"author":"cfeditorfr","twitter_card":"summary_large_image","twitter_misc":{"\u00c9crit par":"cfeditorfr","Dur\u00e9e de lecture estim\u00e9e":"2 minutes"},"schema":{"@context":"https:\/\/schema.org","@graph":[{"@type":"Article","@id":"https:\/\/www.africa-press.net\/cameroun\/sports\/basketball-le-nouveau-francais-joel-embiid-pas-selectionne-dans-lequipe-de-france-pour-leuro-2022#article","isPartOf":{"@id":"https:\/\/www.africa-press.net\/cameroun\/sports\/basketball-le-nouveau-francais-joel-embiid-pas-selectionne-dans-lequipe-de-france-pour-leuro-2022"},"author":{"name":"cfeditorfr","@id":"https:\/\/www.africa-press.net\/cameroun\/#\/schema\/person\/2b1cf3cd81a31e3cd26889ca66d677f1"},"headline":"Basketball: Le nouveau fran\u00e7ais Jo\u00ebl Embiid pas s\u00e9lectionn\u00e9 dans l&rsquo;\u00e9quipe de France\u00a0pour l&rsquo;Euro 2022","datePublished":"2022-08-01T18:02:46+00:00","dateModified":"2022-08-01T18:03:00+00:00","mainEntityOfPage":{"@id":"https:\/\/www.africa-press.net\/cameroun\/sports\/basketball-le-nouveau-francais-joel-embiid-pas-selectionne-dans-lequipe-de-france-pour-leuro-2022"},"wordCount":308,"commentCount":0,"image":{"@id":"https:\/\/www.africa-press.net\/cameroun\/sports\/basketball-le-nouveau-francais-joel-embiid-pas-selectionne-dans-lequipe-de-france-pour-leuro-2022#primaryimage"},"thumbnailUrl":"https:\/\/static.africa-press.net\/cameroun\/sites\/57\/2022\/08\/img.jpg","keywords":["Africa Press","Africa Press-Cameroun","Cameroun"],"articleSection":["homepage-french","Sports","Toutes les actualit\u00e9s"],"inLanguage":"fr-FR","potentialAction":[{"@type":"CommentAction","name":"Comment","target":["https:\/\/www.africa-press.net\/cameroun\/sports\/basketball-le-nouveau-francais-joel-embiid-pas-selectionne-dans-lequipe-de-france-pour-leuro-2022#respond"]}]},{"@type":"WebPage","@id":"https:\/\/www.africa-press.net\/cameroun\/sports\/basketball-le-nouveau-francais-joel-embiid-pas-selectionne-dans-lequipe-de-france-pour-leuro-2022","url":"https:\/\/www.africa-press.net\/cameroun\/sports\/basketball-le-nouveau-francais-joel-embiid-pas-selectionne-dans-lequipe-de-france-pour-leuro-2022","name":"Basketball: Le nouveau fran\u00e7ais Jo\u00ebl Embiid pas s\u00e9lectionn\u00e9 dans l'\u00e9quipe de France\u00a0pour l'Euro 2022 - Cameroun","isPartOf":{"@id":"https:\/\/www.africa-press.net\/cameroun\/#website"},"primaryImageOfPage":{"@id":"https:\/\/www.africa-press.net\/cameroun\/sports\/basketball-le-nouveau-francais-joel-embiid-pas-selectionne-dans-lequipe-de-france-pour-leuro-2022#primaryimage"},"image":{"@id":"https:\/\/www.africa-press.net\/cameroun\/sports\/basketball-le-nouveau-francais-joel-embiid-pas-selectionne-dans-lequipe-de-france-pour-leuro-2022#primaryimage"},"thumbnailUrl":"https:\/\/static.africa-press.net\/cameroun\/sites\/57\/2022\/08\/img.jpg","datePublished":"2022-08-01T18:02:46+00:00","dateModified":"2022-08-01T18:03:00+00:00","author":{"@id":"https:\/\/www.africa-press.net\/cameroun\/#\/schema\/person\/2b1cf3cd81a31e3cd26889ca66d677f1"},"description":"Le basketteur fran\u00e7ais Jo\u00ebl Embiid ne d\u00e9fendra pas les couleurs de la France, son nouveau pays, lors de l'Euro 2022 pr\u00e9v ...","breadcrumb":{"@id":"https:\/\/www.africa-press.net\/cameroun\/sports\/basketball-le-nouveau-francais-joel-embiid-pas-selectionne-dans-lequipe-de-france-pour-leuro-2022#breadcrumb"},"inLanguage":"fr-FR","potentialAction":[{"@type":"ReadAction","target":["https:\/\/www.africa-press.net\/cameroun\/sports\/basketball-le-nouveau-francais-joel-embiid-pas-selectionne-dans-lequipe-de-france-pour-leuro-2022"]}]},{"@type":"ImageObject","inLanguage":"fr-FR","@id":"https:\/\/www.africa-press.net\/cameroun\/sports\/basketball-le-nouveau-francais-joel-embiid-pas-selectionne-dans-lequipe-de-france-pour-leuro-2022#primaryimage","url":"https:\/\/static.africa-press.net\/cameroun\/sites\/57\/2022\/08\/img.jpg","contentUrl":"https:\/\/static.africa-press.net\/cameroun\/sites\/57\/2022\/08\/img.jpg","width":800,"height":533,"caption":"Basketball: Le nouveau fran\u00e7ais Jo\u00ebl Embiid pas s\u00e9lectionn\u00e9 dans l'\u00e9quipe de France\u00a0pour l'Euro 2022"},{"@type":"BreadcrumbList","@id":"https:\/\/www.africa-press.net\/cameroun\/sports\/basketball-le-nouveau-francais-joel-embiid-pas-selectionne-dans-lequipe-de-france-pour-leuro-2022#breadcrumb","itemListElement":[{"@type":"ListItem","position":1,"name":"Accueil","item":"https:\/\/www.africa-press.net\/cameroun\/"},{"@type":"ListItem","position":2,"name":"Basketball: Le nouveau fran\u00e7ais Jo\u00ebl Embiid pas s\u00e9lectionn\u00e9 dans l&#8217;\u00e9quipe de France\u00a0pour l&#8217;Euro 2022"}]},{"@type":"WebSite","@id":"https:\/\/www.africa-press.net\/cameroun\/#website","url":"https:\/\/www.africa-press.net\/cameroun\/","name":"Cameroun","description":"Just another Africa News Agency Sites site","potentialAction":[{"@type":"SearchAction","target":{"@type":"EntryPoint","urlTemplate":"https:\/\/www.africa-press.net\/cameroun\/?s={search_term_string}"},"query-input":{"@type":"PropertyValueSpecification","valueRequired":true,"valueName":"search_term_string"}}],"inLanguage":"fr-FR"},{"@type":"Person","@id":"https:\/\/www.africa-press.net\/cameroun\/#\/schema\/person\/2b1cf3cd81a31e3cd26889ca66d677f1","name":"cfeditorfr"}]}},"_links":{"self":[{"href":"https:\/\/www.africa-press.net\/cameroun\/wp-json\/wp\/v2\/posts\/24622","targetHints":{"allow":["GET"]}}],"collection":[{"href":"https:\/\/www.africa-press.net\/cameroun\/wp-json\/wp\/v2\/posts"}],"about":[{"href":"https:\/\/www.africa-press.net\/cameroun\/wp-json\/wp\/v2\/types\/post"}],"author":[{"embeddable":true,"href":"https:\/\/www.africa-press.net\/cameroun\/wp-json\/wp\/v2\/users\/82"}],"replies":[{"embeddable":true,"href":"https:\/\/www.africa-press.net\/cameroun\/wp-json\/wp\/v2\/comments?post=24622"}],"version-history":[{"count":0,"href":"https:\/\/www.africa-press.net\/cameroun\/wp-json\/wp\/v2\/posts\/24622\/revisions"}],"wp:featuredmedia":[{"embeddable":true,"href":"https:\/\/www.africa-press.net\/cameroun\/wp-json\/wp\/v2\/media\/24621"}],"wp:attachment":[{"href":"https:\/\/www.africa-press.net\/cameroun\/wp-json\/wp\/v2\/media?parent=24622"}],"wp:term":[{"taxonomy":"category","embeddable":true,"href":"https:\/\/www.africa-press.net\/cameroun\/wp-json\/wp\/v2\/categories?post=24622"},{"taxonomy":"post_tag","embeddable":true,"href":"https:\/\/www.africa-press.net\/cameroun\/wp-json\/wp\/v2\/tags?post=24622"}],"curies":[{"name":"wp","href":"https:\/\/api.w.org\/{rel}","templated":true}]}}