{"id":24625,"date":"2022-08-01T15:11:19","date_gmt":"2022-08-01T15:11:19","guid":{"rendered":"https:\/\/www.africa-press.net\/cameroun\/politique\/operation-epervier-apres-la-liberation-de-basile-atangana-kouna-une-marche-projetee-a-maroua-pour-exiger-la-liberation-de-marafa-vamoulke-et-iya-mohammed"},"modified":"2022-08-01T18:03:35","modified_gmt":"2022-08-01T18:03:35","slug":"operation-epervier-apres-la-liberation-de-basile-atangana-kouna-une-marche-projetee-a-maroua-pour-exiger-la-liberation-de-marafa-vamoulke-et-iya-mohammed","status":"publish","type":"post","link":"https:\/\/www.africa-press.net\/cameroun\/toutes-les-actualites\/operation-epervier-apres-la-liberation-de-basile-atangana-kouna-une-marche-projetee-a-maroua-pour-exiger-la-liberation-de-marafa-vamoulke-et-iya-mohammed","title":{"rendered":"Op\u00e9ration \u00e9pervier: Apr\u00e8s la lib\u00e9ration de Basile Atangana Kouna, une marche projet\u00e9e \u00e0 Maroua pour exiger la lib\u00e9ration de Marafa, Vamoulke et Iya Mohammed"},"content":{"rendered":"<p><span style=\"color: #ff6600\"><strong>Africa-Press &#8211; Cameroun. <\/strong><\/span>Au lendemain de la lib\u00e9ration de Basile Atangana Kouna le vendredi 29 juillet 2022, la Conf\u00e9d\u00e9ration des associations des jeunes solidaires du Cameroun (CAJSC), une organisation de la soci\u00e9t\u00e9 civile, revendique \u00e9galement la lib\u00e9ration des prisonniers Marafa Hamidou Yaya, Amadou Vamoulk\u00e9 et Iya Mohammed, trois bagnards, tous originaires du Grand-Nord.<\/p>\n<p>L\u2019antenne r\u00e9gionale de cette organisation que dirige Hamadou Habibou, a adress\u00e9 ce lundi 1er ao\u00fbt 2022, une correspondance au sous-pr\u00e9fet de l\u2019arrondissement de Maroua 1er, avec comme objet \u00ab d\u00e9claration de manifestation publique \u00bb. Elle pr\u00e9voit en effet d\u2019organiser une marche pacifique dans les art\u00e8res de cette commune d\u2019arrondissement le vendredi 12 ao\u00fbt 2022 entre 10H et 12H, pour plaider la cause de ces prisonniers de luxe.<\/p>\n<p>\u00ab A travers cette marche, nous allons dans un premier temps remercier le pr\u00e9sident de la R\u00e9publique, chef de l\u2019Etat, chef supr\u00eame des arm\u00e9es p\u00e8re de la nation, pour sa g\u00e9n\u00e9rosit\u00e9 suite \u00e0 l\u2019arr\u00eat des poursuites contre l\u2019ancien ministre, Basle Atangana Kouna. Dans un second temps, nous lui demanderons le m\u00eame acte de g\u00e9n\u00e9rosit\u00e9 pour les nomm\u00e9s Marafa Hamidou Yaya, Amadou Vamoulk\u00e9 et Iya Mohammed \u00bb, indique Hamadou Habibou. L\u2019itin\u00e9raire de cette marche pr\u00e9voit : carrefour Tradex, pont vert, deux voies renouveau, carrefour Djama, pont rouge, service du gouverneur.<\/p>\n<p>Basile Atangana Kouna a \u00e9t\u00e9 lib\u00e9r\u00e9 apr\u00e8s 4 ann\u00e9es de prison pour d\u00e9tournements publics, et ce apr\u00e8s avoir restitu\u00e9 le corps du d\u00e9lit conform\u00e9ment aux textes organiques du Tribunal Criminel Sp\u00e9cial (TCS). Un acte qui a suscit\u00e9 une vague d\u2019indignation au sein de l\u2019opinion, d\u2019aucuns estimant qu\u2019il fait partie des privil\u00e9gi\u00e9s du s\u00e9rail au d\u00e9triment d\u2019autres prisonniers dans la m\u00eame situation que lui, et qui sont incarc\u00e9r\u00e9s depuis des ann\u00e9es dans les prisons camerounaises.<\/p>\n<p><strong>Pour plus d&rsquo;informations et d&rsquo;analyses sur la <a href=\"https:\/\/www.africa-press.net\/cameroun\">Cameroun<\/a>, suivez <a href=\"https:\/\/www.africa-press.net\/\">Africa-Press<\/a><\/strong><\/p>\n","protected":false},"excerpt":{"rendered":"<p>Africa-Press &#8211; Cameroun. Au lendemain de la lib\u00e9ration de Basile Atangana Kouna le vendredi 29 juillet 2022, la Conf\u00e9d\u00e9ration des associations des jeunes solidaires du Cameroun (CAJSC), une organisation de la soci\u00e9t\u00e9 civile, revendique \u00e9galement la lib\u00e9ration des prisonniers Marafa Hamidou Yaya, Amadou Vamoulk\u00e9 et Iya Mohammed, trois bagnards, tous originaires du Grand-Nord. L\u2019antenne r\u00e9gionale [&hellip;]<\/p>\n","protected":false},"author":82,"featured_media":24624,"comment_status":"open","ping_status":"closed","sticky":false,"template":"","format":"standard","meta":{"footnotes":""},"categories":[21,11,20,10],"tags":[36,50,49],"class_list":["post-24625","post","type-post","status-publish","format-standard","has-post-thumbnail","hentry","category-communaute","category-homepage-french","category-top-nouvelles","category-toutes-les-actualites","tag-africa-press","tag-africa-press-cameroun","tag-cameroun"],"yoast_head":"<!-- This site is optimized with the Yoast SEO Premium plugin v26.1 (Yoast SEO v27.0) - https:\/\/yoast.com\/product\/yoast-seo-premium-wordpress\/ -->\n<title>Op\u00e9ration \u00e9pervier: Apr\u00e8s la lib\u00e9ration de Basile Atangana Kouna, une marche projet\u00e9e \u00e0 Maroua pour exiger la lib\u00e9ration de Marafa, Vamoulke et Iya Mohammed - Cameroun<\/title>\n<meta name=\"description\" content=\"Au lendemain de la lib\u00e9ration de Basile Atangana Kouna le vendredi 29 juillet 2022, la Conf\u00e9d\u00e9ration des associations de ...\" \/>\n<meta name=\"robots\" content=\"index, follow, max-snippet:-1, max-image-preview:large, max-video-preview:-1\" \/>\n<link rel=\"canonical\" href=\"https:\/\/www.africa-press.net\/cameroun\/toutes-les-actualites\/operation-epervier-apres-la-liberation-de-basile-atangana-kouna-une-marche-projetee-a-maroua-pour-exiger-la-liberation-de-marafa-vamoulke-et-iya-mohammed\" \/>\n<meta property=\"og:locale\" content=\"fr_FR\" \/>\n<meta property=\"og:type\" content=\"article\" \/>\n<meta property=\"og:title\" content=\"Op\u00e9ration \u00e9pervier: Apr\u00e8s la lib\u00e9ration de Basile Atangana Kouna, une marche projet\u00e9e \u00e0 Maroua pour exiger la lib\u00e9ration de Marafa, Vamoulke et Iya Mohammed\" \/>\n<meta property=\"og:description\" content=\"Au lendemain de la lib\u00e9ration de Basile Atangana Kouna le vendredi 29 juillet 2022, la Conf\u00e9d\u00e9ration des associations de ...\" \/>\n<meta property=\"og:url\" content=\"https:\/\/www.africa-press.net\/cameroun\/toutes-les-actualites\/operation-epervier-apres-la-liberation-de-basile-atangana-kouna-une-marche-projetee-a-maroua-pour-exiger-la-liberation-de-marafa-vamoulke-et-iya-mohammed\" \/>\n<meta property=\"og:site_name\" content=\"Cameroun\" \/>\n<meta property=\"article:published_time\" content=\"2022-08-01T15:11:19+00:00\" \/>\n<meta property=\"article:modified_time\" content=\"2022-08-01T18:03:35+00:00\" \/>\n<meta property=\"og:image\" content=\"https:\/\/static.africa-press.net\/cameroun\/sites\/57\/2022\/08\/img-62e8155e822dc.jpg\" \/>\n\t<meta property=\"og:image:width\" content=\"800\" \/>\n\t<meta property=\"og:image:height\" content=\"454\" \/>\n\t<meta property=\"og:image:type\" content=\"image\/jpeg\" \/>\n<meta name=\"author\" content=\"cfeditorfr\" \/>\n<meta name=\"twitter:card\" content=\"summary_large_image\" \/>\n<meta name=\"twitter:label1\" content=\"\u00c9crit par\" \/>\n\t<meta name=\"twitter:data1\" content=\"cfeditorfr\" \/>\n\t<meta name=\"twitter:label2\" content=\"Dur\u00e9e de lecture estim\u00e9e\" \/>\n\t<meta name=\"twitter:data2\" content=\"2 minutes\" \/>\n<script type=\"application\/ld+json\" class=\"yoast-schema-graph\">{\"@context\":\"https:\/\/schema.org\",\"@graph\":[{\"@type\":\"Article\",\"@id\":\"https:\/\/www.africa-press.net\/cameroun\/toutes-les-actualites\/operation-epervier-apres-la-liberation-de-basile-atangana-kouna-une-marche-projetee-a-maroua-pour-exiger-la-liberation-de-marafa-vamoulke-et-iya-mohammed#article\",\"isPartOf\":{\"@id\":\"https:\/\/www.africa-press.net\/cameroun\/toutes-les-actualites\/operation-epervier-apres-la-liberation-de-basile-atangana-kouna-une-marche-projetee-a-maroua-pour-exiger-la-liberation-de-marafa-vamoulke-et-iya-mohammed\"},\"author\":{\"name\":\"cfeditorfr\",\"@id\":\"https:\/\/www.africa-press.net\/cameroun\/#\/schema\/person\/2b1cf3cd81a31e3cd26889ca66d677f1\"},\"headline\":\"Op\u00e9ration \u00e9pervier: Apr\u00e8s la lib\u00e9ration de Basile Atangana Kouna, une marche projet\u00e9e \u00e0 Maroua pour exiger la lib\u00e9ration de Marafa, Vamoulke et Iya Mohammed\",\"datePublished\":\"2022-08-01T15:11:19+00:00\",\"dateModified\":\"2022-08-01T18:03:35+00:00\",\"mainEntityOfPage\":{\"@id\":\"https:\/\/www.africa-press.net\/cameroun\/toutes-les-actualites\/operation-epervier-apres-la-liberation-de-basile-atangana-kouna-une-marche-projetee-a-maroua-pour-exiger-la-liberation-de-marafa-vamoulke-et-iya-mohammed\"},\"wordCount\":366,\"commentCount\":0,\"image\":{\"@id\":\"https:\/\/www.africa-press.net\/cameroun\/toutes-les-actualites\/operation-epervier-apres-la-liberation-de-basile-atangana-kouna-une-marche-projetee-a-maroua-pour-exiger-la-liberation-de-marafa-vamoulke-et-iya-mohammed#primaryimage\"},\"thumbnailUrl\":\"https:\/\/static.africa-press.net\/cameroun\/sites\/57\/2022\/08\/img-62e8155e822dc.jpg\",\"keywords\":[\"Africa Press\",\"Africa Press-Cameroun\",\"Cameroun\"],\"articleSection\":[\"Communaut\u00e9\",\"homepage-french\",\"Top Nouvelles\",\"Toutes les actualit\u00e9s\"],\"inLanguage\":\"fr-FR\",\"potentialAction\":[{\"@type\":\"CommentAction\",\"name\":\"Comment\",\"target\":[\"https:\/\/www.africa-press.net\/cameroun\/toutes-les-actualites\/operation-epervier-apres-la-liberation-de-basile-atangana-kouna-une-marche-projetee-a-maroua-pour-exiger-la-liberation-de-marafa-vamoulke-et-iya-mohammed#respond\"]}]},{\"@type\":\"WebPage\",\"@id\":\"https:\/\/www.africa-press.net\/cameroun\/toutes-les-actualites\/operation-epervier-apres-la-liberation-de-basile-atangana-kouna-une-marche-projetee-a-maroua-pour-exiger-la-liberation-de-marafa-vamoulke-et-iya-mohammed\",\"url\":\"https:\/\/www.africa-press.net\/cameroun\/toutes-les-actualites\/operation-epervier-apres-la-liberation-de-basile-atangana-kouna-une-marche-projetee-a-maroua-pour-exiger-la-liberation-de-marafa-vamoulke-et-iya-mohammed\",\"name\":\"Op\u00e9ration \u00e9pervier: Apr\u00e8s la lib\u00e9ration de Basile Atangana Kouna, une marche projet\u00e9e \u00e0 Maroua pour exiger la lib\u00e9ration de Marafa, Vamoulke et Iya Mohammed - Cameroun\",\"isPartOf\":{\"@id\":\"https:\/\/www.africa-press.net\/cameroun\/#website\"},\"primaryImageOfPage\":{\"@id\":\"https:\/\/www.africa-press.net\/cameroun\/toutes-les-actualites\/operation-epervier-apres-la-liberation-de-basile-atangana-kouna-une-marche-projetee-a-maroua-pour-exiger-la-liberation-de-marafa-vamoulke-et-iya-mohammed#primaryimage\"},\"image\":{\"@id\":\"https:\/\/www.africa-press.net\/cameroun\/toutes-les-actualites\/operation-epervier-apres-la-liberation-de-basile-atangana-kouna-une-marche-projetee-a-maroua-pour-exiger-la-liberation-de-marafa-vamoulke-et-iya-mohammed#primaryimage\"},\"thumbnailUrl\":\"https:\/\/static.africa-press.net\/cameroun\/sites\/57\/2022\/08\/img-62e8155e822dc.jpg\",\"datePublished\":\"2022-08-01T15:11:19+00:00\",\"dateModified\":\"2022-08-01T18:03:35+00:00\",\"author\":{\"@id\":\"https:\/\/www.africa-press.net\/cameroun\/#\/schema\/person\/2b1cf3cd81a31e3cd26889ca66d677f1\"},\"description\":\"Au lendemain de la lib\u00e9ration de Basile Atangana Kouna le vendredi 29 juillet 2022, la Conf\u00e9d\u00e9ration des associations de ...\",\"breadcrumb\":{\"@id\":\"https:\/\/www.africa-press.net\/cameroun\/toutes-les-actualites\/operation-epervier-apres-la-liberation-de-basile-atangana-kouna-une-marche-projetee-a-maroua-pour-exiger-la-liberation-de-marafa-vamoulke-et-iya-mohammed#breadcrumb\"},\"inLanguage\":\"fr-FR\",\"potentialAction\":[{\"@type\":\"ReadAction\",\"target\":[\"https:\/\/www.africa-press.net\/cameroun\/toutes-les-actualites\/operation-epervier-apres-la-liberation-de-basile-atangana-kouna-une-marche-projetee-a-maroua-pour-exiger-la-liberation-de-marafa-vamoulke-et-iya-mohammed\"]}]},{\"@type\":\"ImageObject\",\"inLanguage\":\"fr-FR\",\"@id\":\"https:\/\/www.africa-press.net\/cameroun\/toutes-les-actualites\/operation-epervier-apres-la-liberation-de-basile-atangana-kouna-une-marche-projetee-a-maroua-pour-exiger-la-liberation-de-marafa-vamoulke-et-iya-mohammed#primaryimage\",\"url\":\"https:\/\/static.africa-press.net\/cameroun\/sites\/57\/2022\/08\/img-62e8155e822dc.jpg\",\"contentUrl\":\"https:\/\/static.africa-press.net\/cameroun\/sites\/57\/2022\/08\/img-62e8155e822dc.jpg\",\"width\":800,\"height\":454,\"caption\":\"Op\u00e9ration \u00e9pervier: Apr\u00e8s la lib\u00e9ration de Basile Atangana Kouna, une marche projet\u00e9e \u00e0 Maroua pour exiger la lib\u00e9ration de Marafa, Vamoulke et Iya Mohammed\"},{\"@type\":\"BreadcrumbList\",\"@id\":\"https:\/\/www.africa-press.net\/cameroun\/toutes-les-actualites\/operation-epervier-apres-la-liberation-de-basile-atangana-kouna-une-marche-projetee-a-maroua-pour-exiger-la-liberation-de-marafa-vamoulke-et-iya-mohammed#breadcrumb\",\"itemListElement\":[{\"@type\":\"ListItem\",\"position\":1,\"name\":\"Accueil\",\"item\":\"https:\/\/www.africa-press.net\/cameroun\/\"},{\"@type\":\"ListItem\",\"position\":2,\"name\":\"Op\u00e9ration \u00e9pervier: Apr\u00e8s la lib\u00e9ration de Basile Atangana Kouna, une marche projet\u00e9e \u00e0 Maroua pour exiger la lib\u00e9ration de Marafa, Vamoulke et Iya Mohammed\"}]},{\"@type\":\"WebSite\",\"@id\":\"https:\/\/www.africa-press.net\/cameroun\/#website\",\"url\":\"https:\/\/www.africa-press.net\/cameroun\/\",\"name\":\"Cameroun\",\"description\":\"Just another Africa News Agency Sites site\",\"potentialAction\":[{\"@type\":\"SearchAction\",\"target\":{\"@type\":\"EntryPoint\",\"urlTemplate\":\"https:\/\/www.africa-press.net\/cameroun\/?s={search_term_string}\"},\"query-input\":{\"@type\":\"PropertyValueSpecification\",\"valueRequired\":true,\"valueName\":\"search_term_string\"}}],\"inLanguage\":\"fr-FR\"},{\"@type\":\"Person\",\"@id\":\"https:\/\/www.africa-press.net\/cameroun\/#\/schema\/person\/2b1cf3cd81a31e3cd26889ca66d677f1\",\"name\":\"cfeditorfr\"}]}<\/script>\n<!-- \/ Yoast SEO Premium plugin. -->","yoast_head_json":{"title":"Op\u00e9ration \u00e9pervier: Apr\u00e8s la lib\u00e9ration de Basile Atangana Kouna, une marche projet\u00e9e \u00e0 Maroua pour exiger la lib\u00e9ration de Marafa, Vamoulke et Iya Mohammed - Cameroun","description":"Au lendemain de la lib\u00e9ration de Basile Atangana Kouna le vendredi 29 juillet 2022, la Conf\u00e9d\u00e9ration des associations de ...","robots":{"index":"index","follow":"follow","max-snippet":"max-snippet:-1","max-image-preview":"max-image-preview:large","max-video-preview":"max-video-preview:-1"},"canonical":"https:\/\/www.africa-press.net\/cameroun\/toutes-les-actualites\/operation-epervier-apres-la-liberation-de-basile-atangana-kouna-une-marche-projetee-a-maroua-pour-exiger-la-liberation-de-marafa-vamoulke-et-iya-mohammed","og_locale":"fr_FR","og_type":"article","og_title":"Op\u00e9ration \u00e9pervier: Apr\u00e8s la lib\u00e9ration de Basile Atangana Kouna, une marche projet\u00e9e \u00e0 Maroua pour exiger la lib\u00e9ration de Marafa, Vamoulke et Iya Mohammed","og_description":"Au lendemain de la lib\u00e9ration de Basile Atangana Kouna le vendredi 29 juillet 2022, la Conf\u00e9d\u00e9ration des associations de ...","og_url":"https:\/\/www.africa-press.net\/cameroun\/toutes-les-actualites\/operation-epervier-apres-la-liberation-de-basile-atangana-kouna-une-marche-projetee-a-maroua-pour-exiger-la-liberation-de-marafa-vamoulke-et-iya-mohammed","og_site_name":"Cameroun","article_published_time":"2022-08-01T15:11:19+00:00","article_modified_time":"2022-08-01T18:03:35+00:00","og_image":[{"width":800,"height":454,"url":"https:\/\/static.africa-press.net\/cameroun\/sites\/57\/2022\/08\/img-62e8155e822dc.jpg","type":"image\/jpeg"}],"author":"cfeditorfr","twitter_card":"summary_large_image","twitter_misc":{"\u00c9crit par":"cfeditorfr","Dur\u00e9e de lecture estim\u00e9e":"2 minutes"},"schema":{"@context":"https:\/\/schema.org","@graph":[{"@type":"Article","@id":"https:\/\/www.africa-press.net\/cameroun\/toutes-les-actualites\/operation-epervier-apres-la-liberation-de-basile-atangana-kouna-une-marche-projetee-a-maroua-pour-exiger-la-liberation-de-marafa-vamoulke-et-iya-mohammed#article","isPartOf":{"@id":"https:\/\/www.africa-press.net\/cameroun\/toutes-les-actualites\/operation-epervier-apres-la-liberation-de-basile-atangana-kouna-une-marche-projetee-a-maroua-pour-exiger-la-liberation-de-marafa-vamoulke-et-iya-mohammed"},"author":{"name":"cfeditorfr","@id":"https:\/\/www.africa-press.net\/cameroun\/#\/schema\/person\/2b1cf3cd81a31e3cd26889ca66d677f1"},"headline":"Op\u00e9ration \u00e9pervier: Apr\u00e8s la lib\u00e9ration de Basile Atangana Kouna, une marche projet\u00e9e \u00e0 Maroua pour exiger la lib\u00e9ration de Marafa, Vamoulke et Iya Mohammed","datePublished":"2022-08-01T15:11:19+00:00","dateModified":"2022-08-01T18:03:35+00:00","mainEntityOfPage":{"@id":"https:\/\/www.africa-press.net\/cameroun\/toutes-les-actualites\/operation-epervier-apres-la-liberation-de-basile-atangana-kouna-une-marche-projetee-a-maroua-pour-exiger-la-liberation-de-marafa-vamoulke-et-iya-mohammed"},"wordCount":366,"commentCount":0,"image":{"@id":"https:\/\/www.africa-press.net\/cameroun\/toutes-les-actualites\/operation-epervier-apres-la-liberation-de-basile-atangana-kouna-une-marche-projetee-a-maroua-pour-exiger-la-liberation-de-marafa-vamoulke-et-iya-mohammed#primaryimage"},"thumbnailUrl":"https:\/\/static.africa-press.net\/cameroun\/sites\/57\/2022\/08\/img-62e8155e822dc.jpg","keywords":["Africa Press","Africa Press-Cameroun","Cameroun"],"articleSection":["Communaut\u00e9","homepage-french","Top Nouvelles","Toutes les actualit\u00e9s"],"inLanguage":"fr-FR","potentialAction":[{"@type":"CommentAction","name":"Comment","target":["https:\/\/www.africa-press.net\/cameroun\/toutes-les-actualites\/operation-epervier-apres-la-liberation-de-basile-atangana-kouna-une-marche-projetee-a-maroua-pour-exiger-la-liberation-de-marafa-vamoulke-et-iya-mohammed#respond"]}]},{"@type":"WebPage","@id":"https:\/\/www.africa-press.net\/cameroun\/toutes-les-actualites\/operation-epervier-apres-la-liberation-de-basile-atangana-kouna-une-marche-projetee-a-maroua-pour-exiger-la-liberation-de-marafa-vamoulke-et-iya-mohammed","url":"https:\/\/www.africa-press.net\/cameroun\/toutes-les-actualites\/operation-epervier-apres-la-liberation-de-basile-atangana-kouna-une-marche-projetee-a-maroua-pour-exiger-la-liberation-de-marafa-vamoulke-et-iya-mohammed","name":"Op\u00e9ration \u00e9pervier: Apr\u00e8s la lib\u00e9ration de Basile Atangana Kouna, une marche projet\u00e9e \u00e0 Maroua pour exiger la lib\u00e9ration de Marafa, Vamoulke et Iya Mohammed - Cameroun","isPartOf":{"@id":"https:\/\/www.africa-press.net\/cameroun\/#website"},"primaryImageOfPage":{"@id":"https:\/\/www.africa-press.net\/cameroun\/toutes-les-actualites\/operation-epervier-apres-la-liberation-de-basile-atangana-kouna-une-marche-projetee-a-maroua-pour-exiger-la-liberation-de-marafa-vamoulke-et-iya-mohammed#primaryimage"},"image":{"@id":"https:\/\/www.africa-press.net\/cameroun\/toutes-les-actualites\/operation-epervier-apres-la-liberation-de-basile-atangana-kouna-une-marche-projetee-a-maroua-pour-exiger-la-liberation-de-marafa-vamoulke-et-iya-mohammed#primaryimage"},"thumbnailUrl":"https:\/\/static.africa-press.net\/cameroun\/sites\/57\/2022\/08\/img-62e8155e822dc.jpg","datePublished":"2022-08-01T15:11:19+00:00","dateModified":"2022-08-01T18:03:35+00:00","author":{"@id":"https:\/\/www.africa-press.net\/cameroun\/#\/schema\/person\/2b1cf3cd81a31e3cd26889ca66d677f1"},"description":"Au lendemain de la lib\u00e9ration de Basile Atangana Kouna le vendredi 29 juillet 2022, la Conf\u00e9d\u00e9ration des associations de ...","breadcrumb":{"@id":"https:\/\/www.africa-press.net\/cameroun\/toutes-les-actualites\/operation-epervier-apres-la-liberation-de-basile-atangana-kouna-une-marche-projetee-a-maroua-pour-exiger-la-liberation-de-marafa-vamoulke-et-iya-mohammed#breadcrumb"},"inLanguage":"fr-FR","potentialAction":[{"@type":"ReadAction","target":["https:\/\/www.africa-press.net\/cameroun\/toutes-les-actualites\/operation-epervier-apres-la-liberation-de-basile-atangana-kouna-une-marche-projetee-a-maroua-pour-exiger-la-liberation-de-marafa-vamoulke-et-iya-mohammed"]}]},{"@type":"ImageObject","inLanguage":"fr-FR","@id":"https:\/\/www.africa-press.net\/cameroun\/toutes-les-actualites\/operation-epervier-apres-la-liberation-de-basile-atangana-kouna-une-marche-projetee-a-maroua-pour-exiger-la-liberation-de-marafa-vamoulke-et-iya-mohammed#primaryimage","url":"https:\/\/static.africa-press.net\/cameroun\/sites\/57\/2022\/08\/img-62e8155e822dc.jpg","contentUrl":"https:\/\/static.africa-press.net\/cameroun\/sites\/57\/2022\/08\/img-62e8155e822dc.jpg","width":800,"height":454,"caption":"Op\u00e9ration \u00e9pervier: Apr\u00e8s la lib\u00e9ration de Basile Atangana Kouna, une marche projet\u00e9e \u00e0 Maroua pour exiger la lib\u00e9ration de Marafa, Vamoulke et Iya Mohammed"},{"@type":"BreadcrumbList","@id":"https:\/\/www.africa-press.net\/cameroun\/toutes-les-actualites\/operation-epervier-apres-la-liberation-de-basile-atangana-kouna-une-marche-projetee-a-maroua-pour-exiger-la-liberation-de-marafa-vamoulke-et-iya-mohammed#breadcrumb","itemListElement":[{"@type":"ListItem","position":1,"name":"Accueil","item":"https:\/\/www.africa-press.net\/cameroun\/"},{"@type":"ListItem","position":2,"name":"Op\u00e9ration \u00e9pervier: Apr\u00e8s la lib\u00e9ration de Basile Atangana Kouna, une marche projet\u00e9e \u00e0 Maroua pour exiger la lib\u00e9ration de Marafa, Vamoulke et Iya Mohammed"}]},{"@type":"WebSite","@id":"https:\/\/www.africa-press.net\/cameroun\/#website","url":"https:\/\/www.africa-press.net\/cameroun\/","name":"Cameroun","description":"Just another Africa News Agency Sites site","potentialAction":[{"@type":"SearchAction","target":{"@type":"EntryPoint","urlTemplate":"https:\/\/www.africa-press.net\/cameroun\/?s={search_term_string}"},"query-input":{"@type":"PropertyValueSpecification","valueRequired":true,"valueName":"search_term_string"}}],"inLanguage":"fr-FR"},{"@type":"Person","@id":"https:\/\/www.africa-press.net\/cameroun\/#\/schema\/person\/2b1cf3cd81a31e3cd26889ca66d677f1","name":"cfeditorfr"}]}},"_links":{"self":[{"href":"https:\/\/www.africa-press.net\/cameroun\/wp-json\/wp\/v2\/posts\/24625","targetHints":{"allow":["GET"]}}],"collection":[{"href":"https:\/\/www.africa-press.net\/cameroun\/wp-json\/wp\/v2\/posts"}],"about":[{"href":"https:\/\/www.africa-press.net\/cameroun\/wp-json\/wp\/v2\/types\/post"}],"author":[{"embeddable":true,"href":"https:\/\/www.africa-press.net\/cameroun\/wp-json\/wp\/v2\/users\/82"}],"replies":[{"embeddable":true,"href":"https:\/\/www.africa-press.net\/cameroun\/wp-json\/wp\/v2\/comments?post=24625"}],"version-history":[{"count":0,"href":"https:\/\/www.africa-press.net\/cameroun\/wp-json\/wp\/v2\/posts\/24625\/revisions"}],"wp:featuredmedia":[{"embeddable":true,"href":"https:\/\/www.africa-press.net\/cameroun\/wp-json\/wp\/v2\/media\/24624"}],"wp:attachment":[{"href":"https:\/\/www.africa-press.net\/cameroun\/wp-json\/wp\/v2\/media?parent=24625"}],"wp:term":[{"taxonomy":"category","embeddable":true,"href":"https:\/\/www.africa-press.net\/cameroun\/wp-json\/wp\/v2\/categories?post=24625"},{"taxonomy":"post_tag","embeddable":true,"href":"https:\/\/www.africa-press.net\/cameroun\/wp-json\/wp\/v2\/tags?post=24625"}],"curies":[{"name":"wp","href":"https:\/\/api.w.org\/{rel}","templated":true}]}}