{"id":2463,"date":"2021-04-25T15:45:08","date_gmt":"2021-04-25T15:45:08","guid":{"rendered":"https:\/\/www.africa-press.net\/cameroun\/?p=2463"},"modified":"2021-04-26T02:00:39","modified_gmt":"2021-04-26T02:00:39","slug":"direct-la-verite-sur-lassassinat-du-marechal-deby-deballee-par-un-officier-de-son-armee","status":"publish","type":"post","link":"https:\/\/www.africa-press.net\/cameroun\/politique\/direct-la-verite-sur-lassassinat-du-marechal-deby-deballee-par-un-officier-de-son-armee","title":{"rendered":"DIRECT: la v\u00e9rit\u00e9 sur l&rsquo;assassinat du mar\u00e9chal Deby d\u00e9ball\u00e9e par un officier de son arm\u00e9e"},"content":{"rendered":"<p><span style=\"color: #ff6600\"><strong><a href=\"https:\/\/www.africa-press.net\/\">Africa-Press<\/a> &#8211; <a href=\"https:\/\/www.africa-press.net\/cameroun\">Cameroun<\/a>. <\/strong><\/span>Il y a quelques heures, l&rsquo;Officier AbdelKerim Deby, un autre fils du mar\u00e9chal Idriss Deby Itno secoue la toile. Sa sortie contredit la th\u00e8se officielle des putschistes et du CMT sur la date de d\u00e9c\u00e8s de son p\u00e8re Idriss Deby.<\/p>\n<p>Ci-dessous, le direct du Professeur Franklin Nyamsi sur &lsquo;le scandale \u00e9clate \u00e0 Ndjam\u00e9na!&rsquo;<\/p>\n<p><a href=\"https:\/\/www.facebook.com\/100065567344471\/videos\/118093907052854\/\"><b>Vid\u00e9o<\/b><\/a><\/p>\n","protected":false},"excerpt":{"rendered":"<p>Africa-Press &#8211; Cameroun. Il y a quelques heures, l&rsquo;Officier AbdelKerim Deby, un autre fils du mar\u00e9chal Idriss Deby Itno secoue la toile. Sa sortie contredit la th\u00e8se officielle des putschistes et du CMT sur la date de d\u00e9c\u00e8s de son p\u00e8re Idriss Deby. Ci-dessous, le direct du Professeur Franklin Nyamsi sur &lsquo;le scandale \u00e9clate \u00e0 [&hellip;]<\/p>\n","protected":false},"author":82,"featured_media":2462,"comment_status":"open","ping_status":"closed","sticky":false,"template":"","format":"standard","meta":{"footnotes":""},"categories":[11,2,10,9],"tags":[36,50,49],"class_list":["post-2463","post","type-post","status-publish","format-standard","has-post-thumbnail","hentry","category-homepage-french","category-politique","category-toutes-les-actualites","category-video","tag-africa-press","tag-africa-press-cameroun","tag-cameroun"],"yoast_head":"<!-- This site is optimized with the Yoast SEO Premium plugin v26.1 (Yoast SEO v27.0) - https:\/\/yoast.com\/product\/yoast-seo-premium-wordpress\/ -->\n<title>DIRECT: la v\u00e9rit\u00e9 sur l&#039;assassinat du mar\u00e9chal Deby d\u00e9ball\u00e9e par un officier de son arm\u00e9e - Cameroun<\/title>\n<meta name=\"description\" content=\"Il y a quelques heures, l&#039;Officier AbdelKerim Deby, un autre fils du mar\u00e9chal Idriss Deby Itno secoue la toile. Sa sorti ...\" \/>\n<meta name=\"robots\" content=\"index, follow, max-snippet:-1, max-image-preview:large, max-video-preview:-1\" \/>\n<link rel=\"canonical\" href=\"https:\/\/www.africa-press.net\/cameroun\/politique\/direct-la-verite-sur-lassassinat-du-marechal-deby-deballee-par-un-officier-de-son-armee\" \/>\n<meta property=\"og:locale\" content=\"fr_FR\" \/>\n<meta property=\"og:type\" content=\"article\" \/>\n<meta property=\"og:title\" content=\"DIRECT: la v\u00e9rit\u00e9 sur l&#039;assassinat du mar\u00e9chal Deby d\u00e9ball\u00e9e par un officier de son arm\u00e9e\" \/>\n<meta property=\"og:description\" content=\"Il y a quelques heures, l&#039;Officier AbdelKerim Deby, un autre fils du mar\u00e9chal Idriss Deby Itno secoue la toile. Sa sorti ...\" \/>\n<meta property=\"og:url\" content=\"https:\/\/www.africa-press.net\/cameroun\/politique\/direct-la-verite-sur-lassassinat-du-marechal-deby-deballee-par-un-officier-de-son-armee\" \/>\n<meta property=\"og:site_name\" content=\"Cameroun\" \/>\n<meta property=\"article:published_time\" content=\"2021-04-25T15:45:08+00:00\" \/>\n<meta property=\"article:modified_time\" content=\"2021-04-26T02:00:39+00:00\" \/>\n<meta property=\"og:image\" content=\"https:\/\/static.africa-press.net\/cameroun\/sites\/57\/2021\/04\/img-6085ae19c89f7.jpg\" \/>\n\t<meta property=\"og:image:width\" content=\"777\" \/>\n\t<meta property=\"og:image:height\" content=\"472\" \/>\n\t<meta property=\"og:image:type\" content=\"image\/jpeg\" \/>\n<meta name=\"author\" content=\"cfeditorfr\" \/>\n<meta name=\"twitter:card\" content=\"summary_large_image\" \/>\n<meta name=\"twitter:label1\" content=\"\u00c9crit par\" \/>\n\t<meta name=\"twitter:data1\" content=\"cfeditorfr\" \/>\n<script type=\"application\/ld+json\" class=\"yoast-schema-graph\">{\"@context\":\"https:\/\/schema.org\",\"@graph\":[{\"@type\":\"Article\",\"@id\":\"https:\/\/www.africa-press.net\/cameroun\/politique\/direct-la-verite-sur-lassassinat-du-marechal-deby-deballee-par-un-officier-de-son-armee#article\",\"isPartOf\":{\"@id\":\"https:\/\/www.africa-press.net\/cameroun\/politique\/direct-la-verite-sur-lassassinat-du-marechal-deby-deballee-par-un-officier-de-son-armee\"},\"author\":{\"name\":\"cfeditorfr\",\"@id\":\"https:\/\/www.africa-press.net\/cameroun\/#\/schema\/person\/2b1cf3cd81a31e3cd26889ca66d677f1\"},\"headline\":\"DIRECT: la v\u00e9rit\u00e9 sur l&rsquo;assassinat du mar\u00e9chal Deby d\u00e9ball\u00e9e par un officier de son arm\u00e9e\",\"datePublished\":\"2021-04-25T15:45:08+00:00\",\"dateModified\":\"2021-04-26T02:00:39+00:00\",\"mainEntityOfPage\":{\"@id\":\"https:\/\/www.africa-press.net\/cameroun\/politique\/direct-la-verite-sur-lassassinat-du-marechal-deby-deballee-par-un-officier-de-son-armee\"},\"wordCount\":85,\"commentCount\":0,\"image\":{\"@id\":\"https:\/\/www.africa-press.net\/cameroun\/politique\/direct-la-verite-sur-lassassinat-du-marechal-deby-deballee-par-un-officier-de-son-armee#primaryimage\"},\"thumbnailUrl\":\"https:\/\/static.africa-press.net\/cameroun\/sites\/57\/2021\/04\/img-6085ae19c89f7.jpg\",\"keywords\":[\"Africa Press\",\"Africa Press-Cameroun\",\"Cameroun\"],\"articleSection\":[\"homepage-french\",\"Politique\",\"Toutes les actualit\u00e9s\",\"vid\u00e9o\"],\"inLanguage\":\"fr-FR\",\"potentialAction\":[{\"@type\":\"CommentAction\",\"name\":\"Comment\",\"target\":[\"https:\/\/www.africa-press.net\/cameroun\/politique\/direct-la-verite-sur-lassassinat-du-marechal-deby-deballee-par-un-officier-de-son-armee#respond\"]}]},{\"@type\":\"WebPage\",\"@id\":\"https:\/\/www.africa-press.net\/cameroun\/politique\/direct-la-verite-sur-lassassinat-du-marechal-deby-deballee-par-un-officier-de-son-armee\",\"url\":\"https:\/\/www.africa-press.net\/cameroun\/politique\/direct-la-verite-sur-lassassinat-du-marechal-deby-deballee-par-un-officier-de-son-armee\",\"name\":\"DIRECT: la v\u00e9rit\u00e9 sur l'assassinat du mar\u00e9chal Deby d\u00e9ball\u00e9e par un officier de son arm\u00e9e - Cameroun\",\"isPartOf\":{\"@id\":\"https:\/\/www.africa-press.net\/cameroun\/#website\"},\"primaryImageOfPage\":{\"@id\":\"https:\/\/www.africa-press.net\/cameroun\/politique\/direct-la-verite-sur-lassassinat-du-marechal-deby-deballee-par-un-officier-de-son-armee#primaryimage\"},\"image\":{\"@id\":\"https:\/\/www.africa-press.net\/cameroun\/politique\/direct-la-verite-sur-lassassinat-du-marechal-deby-deballee-par-un-officier-de-son-armee#primaryimage\"},\"thumbnailUrl\":\"https:\/\/static.africa-press.net\/cameroun\/sites\/57\/2021\/04\/img-6085ae19c89f7.jpg\",\"datePublished\":\"2021-04-25T15:45:08+00:00\",\"dateModified\":\"2021-04-26T02:00:39+00:00\",\"author\":{\"@id\":\"https:\/\/www.africa-press.net\/cameroun\/#\/schema\/person\/2b1cf3cd81a31e3cd26889ca66d677f1\"},\"description\":\"Il y a quelques heures, l'Officier AbdelKerim Deby, un autre fils du mar\u00e9chal Idriss Deby Itno secoue la toile. Sa sorti ...\",\"breadcrumb\":{\"@id\":\"https:\/\/www.africa-press.net\/cameroun\/politique\/direct-la-verite-sur-lassassinat-du-marechal-deby-deballee-par-un-officier-de-son-armee#breadcrumb\"},\"inLanguage\":\"fr-FR\",\"potentialAction\":[{\"@type\":\"ReadAction\",\"target\":[\"https:\/\/www.africa-press.net\/cameroun\/politique\/direct-la-verite-sur-lassassinat-du-marechal-deby-deballee-par-un-officier-de-son-armee\"]}]},{\"@type\":\"ImageObject\",\"inLanguage\":\"fr-FR\",\"@id\":\"https:\/\/www.africa-press.net\/cameroun\/politique\/direct-la-verite-sur-lassassinat-du-marechal-deby-deballee-par-un-officier-de-son-armee#primaryimage\",\"url\":\"https:\/\/static.africa-press.net\/cameroun\/sites\/57\/2021\/04\/img-6085ae19c89f7.jpg\",\"contentUrl\":\"https:\/\/static.africa-press.net\/cameroun\/sites\/57\/2021\/04\/img-6085ae19c89f7.jpg\",\"width\":777,\"height\":472,\"caption\":\"DIRECT: la v\u00e9rit\u00e9 sur l'assassinat du mar\u00e9chal Deby d\u00e9ball\u00e9e par un officier de son arm\u00e9e\"},{\"@type\":\"BreadcrumbList\",\"@id\":\"https:\/\/www.africa-press.net\/cameroun\/politique\/direct-la-verite-sur-lassassinat-du-marechal-deby-deballee-par-un-officier-de-son-armee#breadcrumb\",\"itemListElement\":[{\"@type\":\"ListItem\",\"position\":1,\"name\":\"Accueil\",\"item\":\"https:\/\/www.africa-press.net\/cameroun\/\"},{\"@type\":\"ListItem\",\"position\":2,\"name\":\"DIRECT: la v\u00e9rit\u00e9 sur l&#8217;assassinat du mar\u00e9chal Deby d\u00e9ball\u00e9e par un officier de son arm\u00e9e\"}]},{\"@type\":\"WebSite\",\"@id\":\"https:\/\/www.africa-press.net\/cameroun\/#website\",\"url\":\"https:\/\/www.africa-press.net\/cameroun\/\",\"name\":\"Cameroun\",\"description\":\"Just another Africa News Agency Sites site\",\"potentialAction\":[{\"@type\":\"SearchAction\",\"target\":{\"@type\":\"EntryPoint\",\"urlTemplate\":\"https:\/\/www.africa-press.net\/cameroun\/?s={search_term_string}\"},\"query-input\":{\"@type\":\"PropertyValueSpecification\",\"valueRequired\":true,\"valueName\":\"search_term_string\"}}],\"inLanguage\":\"fr-FR\"},{\"@type\":\"Person\",\"@id\":\"https:\/\/www.africa-press.net\/cameroun\/#\/schema\/person\/2b1cf3cd81a31e3cd26889ca66d677f1\",\"name\":\"cfeditorfr\"}]}<\/script>\n<!-- \/ Yoast SEO Premium plugin. -->","yoast_head_json":{"title":"DIRECT: la v\u00e9rit\u00e9 sur l'assassinat du mar\u00e9chal Deby d\u00e9ball\u00e9e par un officier de son arm\u00e9e - Cameroun","description":"Il y a quelques heures, l'Officier AbdelKerim Deby, un autre fils du mar\u00e9chal Idriss Deby Itno secoue la toile. Sa sorti ...","robots":{"index":"index","follow":"follow","max-snippet":"max-snippet:-1","max-image-preview":"max-image-preview:large","max-video-preview":"max-video-preview:-1"},"canonical":"https:\/\/www.africa-press.net\/cameroun\/politique\/direct-la-verite-sur-lassassinat-du-marechal-deby-deballee-par-un-officier-de-son-armee","og_locale":"fr_FR","og_type":"article","og_title":"DIRECT: la v\u00e9rit\u00e9 sur l'assassinat du mar\u00e9chal Deby d\u00e9ball\u00e9e par un officier de son arm\u00e9e","og_description":"Il y a quelques heures, l'Officier AbdelKerim Deby, un autre fils du mar\u00e9chal Idriss Deby Itno secoue la toile. Sa sorti ...","og_url":"https:\/\/www.africa-press.net\/cameroun\/politique\/direct-la-verite-sur-lassassinat-du-marechal-deby-deballee-par-un-officier-de-son-armee","og_site_name":"Cameroun","article_published_time":"2021-04-25T15:45:08+00:00","article_modified_time":"2021-04-26T02:00:39+00:00","og_image":[{"width":777,"height":472,"url":"https:\/\/static.africa-press.net\/cameroun\/sites\/57\/2021\/04\/img-6085ae19c89f7.jpg","type":"image\/jpeg"}],"author":"cfeditorfr","twitter_card":"summary_large_image","twitter_misc":{"\u00c9crit par":"cfeditorfr"},"schema":{"@context":"https:\/\/schema.org","@graph":[{"@type":"Article","@id":"https:\/\/www.africa-press.net\/cameroun\/politique\/direct-la-verite-sur-lassassinat-du-marechal-deby-deballee-par-un-officier-de-son-armee#article","isPartOf":{"@id":"https:\/\/www.africa-press.net\/cameroun\/politique\/direct-la-verite-sur-lassassinat-du-marechal-deby-deballee-par-un-officier-de-son-armee"},"author":{"name":"cfeditorfr","@id":"https:\/\/www.africa-press.net\/cameroun\/#\/schema\/person\/2b1cf3cd81a31e3cd26889ca66d677f1"},"headline":"DIRECT: la v\u00e9rit\u00e9 sur l&rsquo;assassinat du mar\u00e9chal Deby d\u00e9ball\u00e9e par un officier de son arm\u00e9e","datePublished":"2021-04-25T15:45:08+00:00","dateModified":"2021-04-26T02:00:39+00:00","mainEntityOfPage":{"@id":"https:\/\/www.africa-press.net\/cameroun\/politique\/direct-la-verite-sur-lassassinat-du-marechal-deby-deballee-par-un-officier-de-son-armee"},"wordCount":85,"commentCount":0,"image":{"@id":"https:\/\/www.africa-press.net\/cameroun\/politique\/direct-la-verite-sur-lassassinat-du-marechal-deby-deballee-par-un-officier-de-son-armee#primaryimage"},"thumbnailUrl":"https:\/\/static.africa-press.net\/cameroun\/sites\/57\/2021\/04\/img-6085ae19c89f7.jpg","keywords":["Africa Press","Africa Press-Cameroun","Cameroun"],"articleSection":["homepage-french","Politique","Toutes les actualit\u00e9s","vid\u00e9o"],"inLanguage":"fr-FR","potentialAction":[{"@type":"CommentAction","name":"Comment","target":["https:\/\/www.africa-press.net\/cameroun\/politique\/direct-la-verite-sur-lassassinat-du-marechal-deby-deballee-par-un-officier-de-son-armee#respond"]}]},{"@type":"WebPage","@id":"https:\/\/www.africa-press.net\/cameroun\/politique\/direct-la-verite-sur-lassassinat-du-marechal-deby-deballee-par-un-officier-de-son-armee","url":"https:\/\/www.africa-press.net\/cameroun\/politique\/direct-la-verite-sur-lassassinat-du-marechal-deby-deballee-par-un-officier-de-son-armee","name":"DIRECT: la v\u00e9rit\u00e9 sur l'assassinat du mar\u00e9chal Deby d\u00e9ball\u00e9e par un officier de son arm\u00e9e - Cameroun","isPartOf":{"@id":"https:\/\/www.africa-press.net\/cameroun\/#website"},"primaryImageOfPage":{"@id":"https:\/\/www.africa-press.net\/cameroun\/politique\/direct-la-verite-sur-lassassinat-du-marechal-deby-deballee-par-un-officier-de-son-armee#primaryimage"},"image":{"@id":"https:\/\/www.africa-press.net\/cameroun\/politique\/direct-la-verite-sur-lassassinat-du-marechal-deby-deballee-par-un-officier-de-son-armee#primaryimage"},"thumbnailUrl":"https:\/\/static.africa-press.net\/cameroun\/sites\/57\/2021\/04\/img-6085ae19c89f7.jpg","datePublished":"2021-04-25T15:45:08+00:00","dateModified":"2021-04-26T02:00:39+00:00","author":{"@id":"https:\/\/www.africa-press.net\/cameroun\/#\/schema\/person\/2b1cf3cd81a31e3cd26889ca66d677f1"},"description":"Il y a quelques heures, l'Officier AbdelKerim Deby, un autre fils du mar\u00e9chal Idriss Deby Itno secoue la toile. Sa sorti ...","breadcrumb":{"@id":"https:\/\/www.africa-press.net\/cameroun\/politique\/direct-la-verite-sur-lassassinat-du-marechal-deby-deballee-par-un-officier-de-son-armee#breadcrumb"},"inLanguage":"fr-FR","potentialAction":[{"@type":"ReadAction","target":["https:\/\/www.africa-press.net\/cameroun\/politique\/direct-la-verite-sur-lassassinat-du-marechal-deby-deballee-par-un-officier-de-son-armee"]}]},{"@type":"ImageObject","inLanguage":"fr-FR","@id":"https:\/\/www.africa-press.net\/cameroun\/politique\/direct-la-verite-sur-lassassinat-du-marechal-deby-deballee-par-un-officier-de-son-armee#primaryimage","url":"https:\/\/static.africa-press.net\/cameroun\/sites\/57\/2021\/04\/img-6085ae19c89f7.jpg","contentUrl":"https:\/\/static.africa-press.net\/cameroun\/sites\/57\/2021\/04\/img-6085ae19c89f7.jpg","width":777,"height":472,"caption":"DIRECT: la v\u00e9rit\u00e9 sur l'assassinat du mar\u00e9chal Deby d\u00e9ball\u00e9e par un officier de son arm\u00e9e"},{"@type":"BreadcrumbList","@id":"https:\/\/www.africa-press.net\/cameroun\/politique\/direct-la-verite-sur-lassassinat-du-marechal-deby-deballee-par-un-officier-de-son-armee#breadcrumb","itemListElement":[{"@type":"ListItem","position":1,"name":"Accueil","item":"https:\/\/www.africa-press.net\/cameroun\/"},{"@type":"ListItem","position":2,"name":"DIRECT: la v\u00e9rit\u00e9 sur l&#8217;assassinat du mar\u00e9chal Deby d\u00e9ball\u00e9e par un officier de son arm\u00e9e"}]},{"@type":"WebSite","@id":"https:\/\/www.africa-press.net\/cameroun\/#website","url":"https:\/\/www.africa-press.net\/cameroun\/","name":"Cameroun","description":"Just another Africa News Agency Sites site","potentialAction":[{"@type":"SearchAction","target":{"@type":"EntryPoint","urlTemplate":"https:\/\/www.africa-press.net\/cameroun\/?s={search_term_string}"},"query-input":{"@type":"PropertyValueSpecification","valueRequired":true,"valueName":"search_term_string"}}],"inLanguage":"fr-FR"},{"@type":"Person","@id":"https:\/\/www.africa-press.net\/cameroun\/#\/schema\/person\/2b1cf3cd81a31e3cd26889ca66d677f1","name":"cfeditorfr"}]}},"_links":{"self":[{"href":"https:\/\/www.africa-press.net\/cameroun\/wp-json\/wp\/v2\/posts\/2463","targetHints":{"allow":["GET"]}}],"collection":[{"href":"https:\/\/www.africa-press.net\/cameroun\/wp-json\/wp\/v2\/posts"}],"about":[{"href":"https:\/\/www.africa-press.net\/cameroun\/wp-json\/wp\/v2\/types\/post"}],"author":[{"embeddable":true,"href":"https:\/\/www.africa-press.net\/cameroun\/wp-json\/wp\/v2\/users\/82"}],"replies":[{"embeddable":true,"href":"https:\/\/www.africa-press.net\/cameroun\/wp-json\/wp\/v2\/comments?post=2463"}],"version-history":[{"count":0,"href":"https:\/\/www.africa-press.net\/cameroun\/wp-json\/wp\/v2\/posts\/2463\/revisions"}],"wp:featuredmedia":[{"embeddable":true,"href":"https:\/\/www.africa-press.net\/cameroun\/wp-json\/wp\/v2\/media\/2462"}],"wp:attachment":[{"href":"https:\/\/www.africa-press.net\/cameroun\/wp-json\/wp\/v2\/media?parent=2463"}],"wp:term":[{"taxonomy":"category","embeddable":true,"href":"https:\/\/www.africa-press.net\/cameroun\/wp-json\/wp\/v2\/categories?post=2463"},{"taxonomy":"post_tag","embeddable":true,"href":"https:\/\/www.africa-press.net\/cameroun\/wp-json\/wp\/v2\/tags?post=2463"}],"curies":[{"name":"wp","href":"https:\/\/api.w.org\/{rel}","templated":true}]}}