{"id":24634,"date":"2022-08-01T15:36:26","date_gmt":"2022-08-01T15:36:26","guid":{"rendered":"https:\/\/www.africa-press.net\/cameroun\/politique\/cameroun-une-cimenterie-en-gestation-dans-la-region-du-littoral"},"modified":"2022-08-01T18:05:53","modified_gmt":"2022-08-01T18:05:53","slug":"cameroun-une-cimenterie-en-gestation-dans-la-region-du-littoral","status":"publish","type":"post","link":"https:\/\/www.africa-press.net\/cameroun\/economie\/cameroun-une-cimenterie-en-gestation-dans-la-region-du-littoral","title":{"rendered":"Cameroun: Une cimenterie en gestation dans la R\u00e9gion du Littoral"},"content":{"rendered":"<p><span style=\"color: #ff6600\"><strong>Africa-Press &#8211; Cameroun. <\/strong><\/span>Entre le 8 et le 13 ao\u00fbt 2022, la localit\u00e9 de Missole I, d\u00e9partement de la Sanaga Maritime dans la r\u00e9gion du Littoral, va abriter des audiences publiques relatives \u00e0 l\u2019\u00e9tude d\u2019impact environnemental d\u00e9taill\u00e9e du projet de construction et d\u2019exploitation d\u2019une cimenterie, soumise par la soci\u00e9t\u00e9 Yousheng Cement Co. Ltd.<\/p>\n<p>Le communiqu\u00e9 de Nana Aboubakar Djalloh, ministre d\u00e9l\u00e9gu\u00e9 au minist\u00e8re de l\u2019Environnement, de la protection de la nature et du d\u00e9veloppement durable (Minepded) est publi\u00e9 dans le journal Cameroon Tribune du vendredi 29 juillet 2022. L\u2019objectif de ces audiences publiques est recueillir les observations du public sur ladite \u00e9tude.<\/p>\n<p>Au premier trimestre 2020, le Cameroun enregistrait d\u00e9j\u00e0 Mira Company comme le cinqui\u00e8me op\u00e9rateur \u00e0 se lancer sur le march\u00e9 du ciment tr\u00e8s concurrentiel dans le pays. Pour m\u00e9moire, les producteurs de ciment en activit\u00e9 au Cameroun avait indiqu\u00e9 avoir cumul\u00e9 des pertes totales d\u2019au moins 15 milliards FCFA depuis le 2e semestre 2021, \u00e0 cause de l\u2019augmentation des co\u00fbts de production, qui n\u2019ont pas induit une hausse des prix de vente aux consommateurs. L\u2019information a \u00e9t\u00e9 r\u00e9v\u00e9l\u00e9e le 18 mars 2022 par le Groupement inter-patronal du Cameroun (Gicam), au cours d\u2019une rencontre avec le Premier ministre Joseph Dion Ngute.<\/p>\n<p>Jean Daniel Obama<\/p>\n<p><strong>Pour plus d&rsquo;informations et d&rsquo;analyses sur la <a href=\"https:\/\/www.africa-press.net\/cameroun\">Cameroun<\/a>, suivez <a href=\"https:\/\/www.africa-press.net\/\">Africa-Press<\/a><\/strong><\/p>\n","protected":false},"excerpt":{"rendered":"<p>Africa-Press &#8211; Cameroun. Entre le 8 et le 13 ao\u00fbt 2022, la localit\u00e9 de Missole I, d\u00e9partement de la Sanaga Maritime dans la r\u00e9gion du Littoral, va abriter des audiences publiques relatives \u00e0 l\u2019\u00e9tude d\u2019impact environnemental d\u00e9taill\u00e9e du projet de construction et d\u2019exploitation d\u2019une cimenterie, soumise par la soci\u00e9t\u00e9 Yousheng Cement Co. Ltd. Le communiqu\u00e9 [&hellip;]<\/p>\n","protected":false},"author":82,"featured_media":24633,"comment_status":"open","ping_status":"closed","sticky":false,"template":"","format":"standard","meta":{"footnotes":""},"categories":[3,11,10],"tags":[36,50,49],"class_list":["post-24634","post","type-post","status-publish","format-standard","has-post-thumbnail","hentry","category-economie","category-homepage-french","category-toutes-les-actualites","tag-africa-press","tag-africa-press-cameroun","tag-cameroun"],"yoast_head":"<!-- This site is optimized with the Yoast SEO Premium plugin v26.1 (Yoast SEO v27.0) - https:\/\/yoast.com\/product\/yoast-seo-premium-wordpress\/ -->\n<title>Cameroun: Une cimenterie en gestation dans la R\u00e9gion du Littoral - Cameroun<\/title>\n<meta name=\"description\" content=\"Entre le 8 et le 13 ao\u00fbt 2022, la localit\u00e9 de Missole I, d\u00e9partement de la Sanaga Maritime dans la r\u00e9gion du Littoral, v ...\" \/>\n<meta name=\"robots\" content=\"index, follow, max-snippet:-1, max-image-preview:large, max-video-preview:-1\" \/>\n<link rel=\"canonical\" href=\"https:\/\/www.africa-press.net\/cameroun\/economie\/cameroun-une-cimenterie-en-gestation-dans-la-region-du-littoral\" \/>\n<meta property=\"og:locale\" content=\"fr_FR\" \/>\n<meta property=\"og:type\" content=\"article\" \/>\n<meta property=\"og:title\" content=\"Cameroun: Une cimenterie en gestation dans la R\u00e9gion du Littoral\" \/>\n<meta property=\"og:description\" content=\"Entre le 8 et le 13 ao\u00fbt 2022, la localit\u00e9 de Missole I, d\u00e9partement de la Sanaga Maritime dans la r\u00e9gion du Littoral, v ...\" \/>\n<meta property=\"og:url\" content=\"https:\/\/www.africa-press.net\/cameroun\/economie\/cameroun-une-cimenterie-en-gestation-dans-la-region-du-littoral\" \/>\n<meta property=\"og:site_name\" content=\"Cameroun\" \/>\n<meta property=\"article:published_time\" content=\"2022-08-01T15:36:26+00:00\" \/>\n<meta property=\"article:modified_time\" content=\"2022-08-01T18:05:53+00:00\" \/>\n<meta property=\"og:image\" content=\"https:\/\/static.africa-press.net\/cameroun\/sites\/57\/2022\/08\/img-62e815da3ee33.jpg\" \/>\n\t<meta property=\"og:image:width\" content=\"800\" \/>\n\t<meta property=\"og:image:height\" content=\"451\" \/>\n\t<meta property=\"og:image:type\" content=\"image\/jpeg\" \/>\n<meta name=\"author\" content=\"cfeditorfr\" \/>\n<meta name=\"twitter:card\" content=\"summary_large_image\" \/>\n<meta name=\"twitter:label1\" content=\"\u00c9crit par\" \/>\n\t<meta name=\"twitter:data1\" content=\"cfeditorfr\" \/>\n\t<meta name=\"twitter:label2\" content=\"Dur\u00e9e de lecture estim\u00e9e\" \/>\n\t<meta name=\"twitter:data2\" content=\"2 minutes\" \/>\n<script type=\"application\/ld+json\" class=\"yoast-schema-graph\">{\"@context\":\"https:\/\/schema.org\",\"@graph\":[{\"@type\":\"Article\",\"@id\":\"https:\/\/www.africa-press.net\/cameroun\/economie\/cameroun-une-cimenterie-en-gestation-dans-la-region-du-littoral#article\",\"isPartOf\":{\"@id\":\"https:\/\/www.africa-press.net\/cameroun\/economie\/cameroun-une-cimenterie-en-gestation-dans-la-region-du-littoral\"},\"author\":{\"name\":\"cfeditorfr\",\"@id\":\"https:\/\/www.africa-press.net\/cameroun\/#\/schema\/person\/2b1cf3cd81a31e3cd26889ca66d677f1\"},\"headline\":\"Cameroun: Une cimenterie en gestation dans la R\u00e9gion du Littoral\",\"datePublished\":\"2022-08-01T15:36:26+00:00\",\"dateModified\":\"2022-08-01T18:05:53+00:00\",\"mainEntityOfPage\":{\"@id\":\"https:\/\/www.africa-press.net\/cameroun\/economie\/cameroun-une-cimenterie-en-gestation-dans-la-region-du-littoral\"},\"wordCount\":245,\"commentCount\":0,\"image\":{\"@id\":\"https:\/\/www.africa-press.net\/cameroun\/economie\/cameroun-une-cimenterie-en-gestation-dans-la-region-du-littoral#primaryimage\"},\"thumbnailUrl\":\"https:\/\/static.africa-press.net\/cameroun\/sites\/57\/2022\/08\/img-62e815da3ee33.jpg\",\"keywords\":[\"Africa Press\",\"Africa Press-Cameroun\",\"Cameroun\"],\"articleSection\":[\"\u00c9conomie\",\"homepage-french\",\"Toutes les actualit\u00e9s\"],\"inLanguage\":\"fr-FR\",\"potentialAction\":[{\"@type\":\"CommentAction\",\"name\":\"Comment\",\"target\":[\"https:\/\/www.africa-press.net\/cameroun\/economie\/cameroun-une-cimenterie-en-gestation-dans-la-region-du-littoral#respond\"]}]},{\"@type\":\"WebPage\",\"@id\":\"https:\/\/www.africa-press.net\/cameroun\/economie\/cameroun-une-cimenterie-en-gestation-dans-la-region-du-littoral\",\"url\":\"https:\/\/www.africa-press.net\/cameroun\/economie\/cameroun-une-cimenterie-en-gestation-dans-la-region-du-littoral\",\"name\":\"Cameroun: Une cimenterie en gestation dans la R\u00e9gion du Littoral - Cameroun\",\"isPartOf\":{\"@id\":\"https:\/\/www.africa-press.net\/cameroun\/#website\"},\"primaryImageOfPage\":{\"@id\":\"https:\/\/www.africa-press.net\/cameroun\/economie\/cameroun-une-cimenterie-en-gestation-dans-la-region-du-littoral#primaryimage\"},\"image\":{\"@id\":\"https:\/\/www.africa-press.net\/cameroun\/economie\/cameroun-une-cimenterie-en-gestation-dans-la-region-du-littoral#primaryimage\"},\"thumbnailUrl\":\"https:\/\/static.africa-press.net\/cameroun\/sites\/57\/2022\/08\/img-62e815da3ee33.jpg\",\"datePublished\":\"2022-08-01T15:36:26+00:00\",\"dateModified\":\"2022-08-01T18:05:53+00:00\",\"author\":{\"@id\":\"https:\/\/www.africa-press.net\/cameroun\/#\/schema\/person\/2b1cf3cd81a31e3cd26889ca66d677f1\"},\"description\":\"Entre le 8 et le 13 ao\u00fbt 2022, la localit\u00e9 de Missole I, d\u00e9partement de la Sanaga Maritime dans la r\u00e9gion du Littoral, v ...\",\"breadcrumb\":{\"@id\":\"https:\/\/www.africa-press.net\/cameroun\/economie\/cameroun-une-cimenterie-en-gestation-dans-la-region-du-littoral#breadcrumb\"},\"inLanguage\":\"fr-FR\",\"potentialAction\":[{\"@type\":\"ReadAction\",\"target\":[\"https:\/\/www.africa-press.net\/cameroun\/economie\/cameroun-une-cimenterie-en-gestation-dans-la-region-du-littoral\"]}]},{\"@type\":\"ImageObject\",\"inLanguage\":\"fr-FR\",\"@id\":\"https:\/\/www.africa-press.net\/cameroun\/economie\/cameroun-une-cimenterie-en-gestation-dans-la-region-du-littoral#primaryimage\",\"url\":\"https:\/\/static.africa-press.net\/cameroun\/sites\/57\/2022\/08\/img-62e815da3ee33.jpg\",\"contentUrl\":\"https:\/\/static.africa-press.net\/cameroun\/sites\/57\/2022\/08\/img-62e815da3ee33.jpg\",\"width\":800,\"height\":451,\"caption\":\"Cameroun: Une cimenterie en gestation dans la R\u00e9gion du Littoral\"},{\"@type\":\"BreadcrumbList\",\"@id\":\"https:\/\/www.africa-press.net\/cameroun\/economie\/cameroun-une-cimenterie-en-gestation-dans-la-region-du-littoral#breadcrumb\",\"itemListElement\":[{\"@type\":\"ListItem\",\"position\":1,\"name\":\"Accueil\",\"item\":\"https:\/\/www.africa-press.net\/cameroun\/\"},{\"@type\":\"ListItem\",\"position\":2,\"name\":\"Cameroun: Une cimenterie en gestation dans la R\u00e9gion du Littoral\"}]},{\"@type\":\"WebSite\",\"@id\":\"https:\/\/www.africa-press.net\/cameroun\/#website\",\"url\":\"https:\/\/www.africa-press.net\/cameroun\/\",\"name\":\"Cameroun\",\"description\":\"Just another Africa News Agency Sites site\",\"potentialAction\":[{\"@type\":\"SearchAction\",\"target\":{\"@type\":\"EntryPoint\",\"urlTemplate\":\"https:\/\/www.africa-press.net\/cameroun\/?s={search_term_string}\"},\"query-input\":{\"@type\":\"PropertyValueSpecification\",\"valueRequired\":true,\"valueName\":\"search_term_string\"}}],\"inLanguage\":\"fr-FR\"},{\"@type\":\"Person\",\"@id\":\"https:\/\/www.africa-press.net\/cameroun\/#\/schema\/person\/2b1cf3cd81a31e3cd26889ca66d677f1\",\"name\":\"cfeditorfr\"}]}<\/script>\n<!-- \/ Yoast SEO Premium plugin. -->","yoast_head_json":{"title":"Cameroun: Une cimenterie en gestation dans la R\u00e9gion du Littoral - Cameroun","description":"Entre le 8 et le 13 ao\u00fbt 2022, la localit\u00e9 de Missole I, d\u00e9partement de la Sanaga Maritime dans la r\u00e9gion du Littoral, v ...","robots":{"index":"index","follow":"follow","max-snippet":"max-snippet:-1","max-image-preview":"max-image-preview:large","max-video-preview":"max-video-preview:-1"},"canonical":"https:\/\/www.africa-press.net\/cameroun\/economie\/cameroun-une-cimenterie-en-gestation-dans-la-region-du-littoral","og_locale":"fr_FR","og_type":"article","og_title":"Cameroun: Une cimenterie en gestation dans la R\u00e9gion du Littoral","og_description":"Entre le 8 et le 13 ao\u00fbt 2022, la localit\u00e9 de Missole I, d\u00e9partement de la Sanaga Maritime dans la r\u00e9gion du Littoral, v ...","og_url":"https:\/\/www.africa-press.net\/cameroun\/economie\/cameroun-une-cimenterie-en-gestation-dans-la-region-du-littoral","og_site_name":"Cameroun","article_published_time":"2022-08-01T15:36:26+00:00","article_modified_time":"2022-08-01T18:05:53+00:00","og_image":[{"width":800,"height":451,"url":"https:\/\/static.africa-press.net\/cameroun\/sites\/57\/2022\/08\/img-62e815da3ee33.jpg","type":"image\/jpeg"}],"author":"cfeditorfr","twitter_card":"summary_large_image","twitter_misc":{"\u00c9crit par":"cfeditorfr","Dur\u00e9e de lecture estim\u00e9e":"2 minutes"},"schema":{"@context":"https:\/\/schema.org","@graph":[{"@type":"Article","@id":"https:\/\/www.africa-press.net\/cameroun\/economie\/cameroun-une-cimenterie-en-gestation-dans-la-region-du-littoral#article","isPartOf":{"@id":"https:\/\/www.africa-press.net\/cameroun\/economie\/cameroun-une-cimenterie-en-gestation-dans-la-region-du-littoral"},"author":{"name":"cfeditorfr","@id":"https:\/\/www.africa-press.net\/cameroun\/#\/schema\/person\/2b1cf3cd81a31e3cd26889ca66d677f1"},"headline":"Cameroun: Une cimenterie en gestation dans la R\u00e9gion du Littoral","datePublished":"2022-08-01T15:36:26+00:00","dateModified":"2022-08-01T18:05:53+00:00","mainEntityOfPage":{"@id":"https:\/\/www.africa-press.net\/cameroun\/economie\/cameroun-une-cimenterie-en-gestation-dans-la-region-du-littoral"},"wordCount":245,"commentCount":0,"image":{"@id":"https:\/\/www.africa-press.net\/cameroun\/economie\/cameroun-une-cimenterie-en-gestation-dans-la-region-du-littoral#primaryimage"},"thumbnailUrl":"https:\/\/static.africa-press.net\/cameroun\/sites\/57\/2022\/08\/img-62e815da3ee33.jpg","keywords":["Africa Press","Africa Press-Cameroun","Cameroun"],"articleSection":["\u00c9conomie","homepage-french","Toutes les actualit\u00e9s"],"inLanguage":"fr-FR","potentialAction":[{"@type":"CommentAction","name":"Comment","target":["https:\/\/www.africa-press.net\/cameroun\/economie\/cameroun-une-cimenterie-en-gestation-dans-la-region-du-littoral#respond"]}]},{"@type":"WebPage","@id":"https:\/\/www.africa-press.net\/cameroun\/economie\/cameroun-une-cimenterie-en-gestation-dans-la-region-du-littoral","url":"https:\/\/www.africa-press.net\/cameroun\/economie\/cameroun-une-cimenterie-en-gestation-dans-la-region-du-littoral","name":"Cameroun: Une cimenterie en gestation dans la R\u00e9gion du Littoral - Cameroun","isPartOf":{"@id":"https:\/\/www.africa-press.net\/cameroun\/#website"},"primaryImageOfPage":{"@id":"https:\/\/www.africa-press.net\/cameroun\/economie\/cameroun-une-cimenterie-en-gestation-dans-la-region-du-littoral#primaryimage"},"image":{"@id":"https:\/\/www.africa-press.net\/cameroun\/economie\/cameroun-une-cimenterie-en-gestation-dans-la-region-du-littoral#primaryimage"},"thumbnailUrl":"https:\/\/static.africa-press.net\/cameroun\/sites\/57\/2022\/08\/img-62e815da3ee33.jpg","datePublished":"2022-08-01T15:36:26+00:00","dateModified":"2022-08-01T18:05:53+00:00","author":{"@id":"https:\/\/www.africa-press.net\/cameroun\/#\/schema\/person\/2b1cf3cd81a31e3cd26889ca66d677f1"},"description":"Entre le 8 et le 13 ao\u00fbt 2022, la localit\u00e9 de Missole I, d\u00e9partement de la Sanaga Maritime dans la r\u00e9gion du Littoral, v ...","breadcrumb":{"@id":"https:\/\/www.africa-press.net\/cameroun\/economie\/cameroun-une-cimenterie-en-gestation-dans-la-region-du-littoral#breadcrumb"},"inLanguage":"fr-FR","potentialAction":[{"@type":"ReadAction","target":["https:\/\/www.africa-press.net\/cameroun\/economie\/cameroun-une-cimenterie-en-gestation-dans-la-region-du-littoral"]}]},{"@type":"ImageObject","inLanguage":"fr-FR","@id":"https:\/\/www.africa-press.net\/cameroun\/economie\/cameroun-une-cimenterie-en-gestation-dans-la-region-du-littoral#primaryimage","url":"https:\/\/static.africa-press.net\/cameroun\/sites\/57\/2022\/08\/img-62e815da3ee33.jpg","contentUrl":"https:\/\/static.africa-press.net\/cameroun\/sites\/57\/2022\/08\/img-62e815da3ee33.jpg","width":800,"height":451,"caption":"Cameroun: Une cimenterie en gestation dans la R\u00e9gion du Littoral"},{"@type":"BreadcrumbList","@id":"https:\/\/www.africa-press.net\/cameroun\/economie\/cameroun-une-cimenterie-en-gestation-dans-la-region-du-littoral#breadcrumb","itemListElement":[{"@type":"ListItem","position":1,"name":"Accueil","item":"https:\/\/www.africa-press.net\/cameroun\/"},{"@type":"ListItem","position":2,"name":"Cameroun: Une cimenterie en gestation dans la R\u00e9gion du Littoral"}]},{"@type":"WebSite","@id":"https:\/\/www.africa-press.net\/cameroun\/#website","url":"https:\/\/www.africa-press.net\/cameroun\/","name":"Cameroun","description":"Just another Africa News Agency Sites site","potentialAction":[{"@type":"SearchAction","target":{"@type":"EntryPoint","urlTemplate":"https:\/\/www.africa-press.net\/cameroun\/?s={search_term_string}"},"query-input":{"@type":"PropertyValueSpecification","valueRequired":true,"valueName":"search_term_string"}}],"inLanguage":"fr-FR"},{"@type":"Person","@id":"https:\/\/www.africa-press.net\/cameroun\/#\/schema\/person\/2b1cf3cd81a31e3cd26889ca66d677f1","name":"cfeditorfr"}]}},"_links":{"self":[{"href":"https:\/\/www.africa-press.net\/cameroun\/wp-json\/wp\/v2\/posts\/24634","targetHints":{"allow":["GET"]}}],"collection":[{"href":"https:\/\/www.africa-press.net\/cameroun\/wp-json\/wp\/v2\/posts"}],"about":[{"href":"https:\/\/www.africa-press.net\/cameroun\/wp-json\/wp\/v2\/types\/post"}],"author":[{"embeddable":true,"href":"https:\/\/www.africa-press.net\/cameroun\/wp-json\/wp\/v2\/users\/82"}],"replies":[{"embeddable":true,"href":"https:\/\/www.africa-press.net\/cameroun\/wp-json\/wp\/v2\/comments?post=24634"}],"version-history":[{"count":0,"href":"https:\/\/www.africa-press.net\/cameroun\/wp-json\/wp\/v2\/posts\/24634\/revisions"}],"wp:featuredmedia":[{"embeddable":true,"href":"https:\/\/www.africa-press.net\/cameroun\/wp-json\/wp\/v2\/media\/24633"}],"wp:attachment":[{"href":"https:\/\/www.africa-press.net\/cameroun\/wp-json\/wp\/v2\/media?parent=24634"}],"wp:term":[{"taxonomy":"category","embeddable":true,"href":"https:\/\/www.africa-press.net\/cameroun\/wp-json\/wp\/v2\/categories?post=24634"},{"taxonomy":"post_tag","embeddable":true,"href":"https:\/\/www.africa-press.net\/cameroun\/wp-json\/wp\/v2\/tags?post=24634"}],"curies":[{"name":"wp","href":"https:\/\/api.w.org\/{rel}","templated":true}]}}