{"id":24637,"date":"2022-08-01T15:43:08","date_gmt":"2022-08-01T15:43:08","guid":{"rendered":"https:\/\/www.africa-press.net\/cameroun\/politique\/denonciation-sam-severin-ango-accuse-le-mrc-de-derive-tribalo-ethnique"},"modified":"2022-08-01T18:06:21","modified_gmt":"2022-08-01T18:06:21","slug":"denonciation-sam-severin-ango-accuse-le-mrc-de-derive-tribalo-ethnique","status":"publish","type":"post","link":"https:\/\/www.africa-press.net\/cameroun\/politique\/denonciation-sam-severin-ango-accuse-le-mrc-de-derive-tribalo-ethnique","title":{"rendered":"D\u00e9nonciation: Sam S\u00e9verin Ango accuse le MRC de \u00abd\u00e9rive tribalo-ethnique\u00bb"},"content":{"rendered":"<p><span style=\"color: #ff6600\"><strong>Africa-Press &#8211; Cameroun. <\/strong><\/span>A la fin de la semaine \u00e9coul\u00e9e, des listes de bureaux des repr\u00e9sentations du Mouvement pour la Renaissance du Cameroun (MRC) en Europe et en Am\u00e9rique du Nord sont apparues sur la toile. Elles laissaient voir une forte pr\u00e9sence de responsables originaires de la r\u00e9gion de l\u2019Ouest. Ce qui a suscit\u00e9 la suspicion certains affirmant que ce parti fait la promotion du tribalisme. Parmi les r\u00e9actions enregistr\u00e9es celles du journaliste Sam S\u00e9verin Ango. \u00ab Le MRC de Maurice Kamto tombe le masque : parti ethnique aux relents fascistes ? \u00bb, postait-il sur Facebook le week-end \u00e9coul\u00e9.<\/p>\n<p>Ce lundi 1er Ao\u00fbt 2022, le pr\u00e9sentateur du programme matinal d\u2019ABK Radio \u00ab Comme \u00e0 la Maison \u00bb a remis \u00e7a. Dans son \u00e9mission, il a demand\u00e9 \u00e0 son invit\u00e9 et aux auditeurs de se prononcer sur ce th\u00e8me. \u00ab Aujourd\u2019hui, avec leur d\u00e9cision de ne pas aller aux \u00e9lections l\u00e9gislatives et municipales (de 2020), le MRC s\u2019est retrouv\u00e9 quelque peu en perte de vitesse. Aujourd\u2019hui, il semble s\u2019\u00eatre assagi de ce c\u00f4t\u00e9-l\u00e0 apr\u00e8s les d\u00e9missions successives de bien de beau monde qui \u00e9tait \u00e0 l\u2019int\u00e9rieur de cette formation politique et qui avait \u00e9t\u00e9 d\u00e9\u00e7u par l\u2019option prise par le Conseil National \u00e0 l\u2019\u00e9poque pour ne pas aller \u00e0 ces \u00e9lections-l\u00e0. Aujourd\u2019hui, semble-t-il, le MRC est d\u00e9termin\u00e9 \u00e0 pendre part aux prochaines \u00e9lections. Dans ce sens-l\u00e0, il y des renouvellements internes un peu partout \u00e0 travers le pays, mais davantage \u00e0 l\u2019\u00e9tranger. Ce qui est survenu ce week-end, c\u2019est qu\u2019\u00e0 l\u2019\u00e9tranger, les repr\u00e9sentations du MRC, que ce soit en Belgique, en France essentiellement, ont donn\u00e9 \u00e0 publier les organigrammes de tout ce beau monde-l\u00e0. Et parmi ceux-ci, essentiellement des repr\u00e9sentants ressortissants de la r\u00e9gion de l\u2019Ouest. Cela a suscit\u00e9 un vrai d\u00e9bat tout le week-end sur les r\u00e9seaux sociaux et dans quelques m\u00e9dias de la place. Que pensez-vous de cette d\u00e9rive finalement tribalo-ethnique amorc\u00e9e par le MRC, ce grand parti alternatif au Cameroun ? Est-ce qu\u2019on peut d\u2019abord voir la chose sous ce prisme-l\u00e0 ? \u00bb, a introduit Sam S\u00e9verin Ango.<\/p>\n<p>Celui qui porte aussi la casquette de pr\u00e9sident national du parti politique La Nationale estime que \u00ab c\u2019est probl\u00e9matique dans un souci de coh\u00e9sion nationale et d\u2019int\u00e9gration nationale et d\u2019absence de tribalisme au Cameroun \u00bb. Il se dit \u00ab r\u00e9volt\u00e9 par \u00e7a \u00bb mais tente de rassurer sur ses r\u00e9elles motivations. \u00ab Je n\u2019ai rien contre mes amis de l\u2018Ouest \u00bb, assure-t-il, disant sa crainte de voir le MRC \u00ab op\u00e9rer le repli identitaire \u00bb en 2025. Comme il fallait s\u2019y attendre, le MRC n\u2019est pas rest\u00e9 de marbre face aux accusations qui le visent. Plusieurs de ses responsables ont contest\u00e9 les dires de ses procureurs. Parmi eux, Me D\u00e9sir\u00e9 Sikati, le secr\u00e9taire national en charge des droits de l\u2019homme.<\/p>\n<p>Voici sa r\u00e9ponse dans un groupe WhatsApp. Nous la publions avec son autorisation<\/p>\n<p>LE MRC EST OUVERT \u00c0 TOUTES LES COMMUNAUT\u00c9S ET \u00c0 TOUS LES CAMEROUNAIS.<\/p>\n<p>NOUS FAISONS AVEC CEUX QUI VIENNENT VERS LE PARTI.<\/p>\n<p>MONTREZ MOI UN COMPATRIOTE D&rsquo;UNE COMMUNAUT\u00c9 AUTRE QUE BAMILEKE QUI A \u00c9T\u00c9 REJET\u00c9E DU MRC \u00c0 CAUSE DE SES ORIGINES.<\/p>\n<p>SI DANS LA DIASPORA CEUX QUI S&rsquo;ENGAGENT ACTIVEMENT POUR LE CHANGEMENT SONT ESSENTIELLEMENT BAMILEKES LE MRC NE PEUT RIEN Y FAIRE AU RISQUE DE CR\u00c9ER LE VIDE EN VOULANT \u00c0 TOUT PRIX FAIRE LES \u00c9QUILIBRES.<\/p>\n<p>QUE CEUX QUI PARLENT ICI AILLENT INSTALLER LE MRC \u00c0 YABASSI , ESEKA , EBOLOWA , SANGMELIMA ETC .. JE VAIS VOIR COMMENT LES RESPONSABLES SERONT BAMILEKES.<\/p>\n<p>JE VERRAIS COMMENT LORS DES \u00c9LECTIONS LOCALES OU NATIONALES LES CANDIDATS DU MRC DANS CES LOCALIT\u00c9S SERONT BAMILEKES.<\/p>\n<p><strong>Pour plus d&rsquo;informations et d&rsquo;analyses sur la <a href=\"https:\/\/www.africa-press.net\/cameroun\">Cameroun<\/a>, suivez <a href=\"https:\/\/www.africa-press.net\/\">Africa-Press<\/a><\/strong><\/p>\n","protected":false},"excerpt":{"rendered":"<p>Africa-Press &#8211; Cameroun. A la fin de la semaine \u00e9coul\u00e9e, des listes de bureaux des repr\u00e9sentations du Mouvement pour la Renaissance du Cameroun (MRC) en Europe et en Am\u00e9rique du Nord sont apparues sur la toile. Elles laissaient voir une forte pr\u00e9sence de responsables originaires de la r\u00e9gion de l\u2019Ouest. Ce qui a suscit\u00e9 la [&hellip;]<\/p>\n","protected":false},"author":82,"featured_media":24636,"comment_status":"open","ping_status":"closed","sticky":false,"template":"","format":"standard","meta":{"footnotes":""},"categories":[11,2,10],"tags":[36,50,49],"class_list":["post-24637","post","type-post","status-publish","format-standard","has-post-thumbnail","hentry","category-homepage-french","category-politique","category-toutes-les-actualites","tag-africa-press","tag-africa-press-cameroun","tag-cameroun"],"yoast_head":"<!-- This site is optimized with the Yoast SEO Premium plugin v26.1 (Yoast SEO v27.0) - https:\/\/yoast.com\/product\/yoast-seo-premium-wordpress\/ -->\n<title>D\u00e9nonciation: Sam S\u00e9verin Ango accuse le MRC de \u00abd\u00e9rive tribalo-ethnique\u00bb - Cameroun<\/title>\n<meta name=\"description\" content=\"A la fin de la semaine \u00e9coul\u00e9e, des listes de bureaux des repr\u00e9sentations du Mouvement pour la Renaissance du Cameroun ( ...\" \/>\n<meta name=\"robots\" content=\"index, follow, max-snippet:-1, max-image-preview:large, max-video-preview:-1\" \/>\n<link rel=\"canonical\" href=\"https:\/\/www.africa-press.net\/cameroun\/politique\/denonciation-sam-severin-ango-accuse-le-mrc-de-derive-tribalo-ethnique\" \/>\n<meta property=\"og:locale\" content=\"fr_FR\" \/>\n<meta property=\"og:type\" content=\"article\" \/>\n<meta property=\"og:title\" content=\"D\u00e9nonciation: Sam S\u00e9verin Ango accuse le MRC de \u00abd\u00e9rive tribalo-ethnique\u00bb\" \/>\n<meta property=\"og:description\" content=\"A la fin de la semaine \u00e9coul\u00e9e, des listes de bureaux des repr\u00e9sentations du Mouvement pour la Renaissance du Cameroun ( ...\" \/>\n<meta property=\"og:url\" content=\"https:\/\/www.africa-press.net\/cameroun\/politique\/denonciation-sam-severin-ango-accuse-le-mrc-de-derive-tribalo-ethnique\" \/>\n<meta property=\"og:site_name\" content=\"Cameroun\" \/>\n<meta property=\"article:published_time\" content=\"2022-08-01T15:43:08+00:00\" \/>\n<meta property=\"article:modified_time\" content=\"2022-08-01T18:06:21+00:00\" \/>\n<meta property=\"og:image\" content=\"https:\/\/static.africa-press.net\/cameroun\/sites\/57\/2022\/08\/img-62e8160857ecc.jpg\" \/>\n\t<meta property=\"og:image:width\" content=\"800\" \/>\n\t<meta property=\"og:image:height\" content=\"595\" \/>\n\t<meta property=\"og:image:type\" content=\"image\/jpeg\" \/>\n<meta name=\"author\" content=\"cfeditorfr\" \/>\n<meta name=\"twitter:card\" content=\"summary_large_image\" \/>\n<meta name=\"twitter:label1\" content=\"\u00c9crit par\" \/>\n\t<meta name=\"twitter:data1\" content=\"cfeditorfr\" \/>\n\t<meta name=\"twitter:label2\" content=\"Dur\u00e9e de lecture estim\u00e9e\" \/>\n\t<meta name=\"twitter:data2\" content=\"3 minutes\" \/>\n<script type=\"application\/ld+json\" class=\"yoast-schema-graph\">{\"@context\":\"https:\/\/schema.org\",\"@graph\":[{\"@type\":\"Article\",\"@id\":\"https:\/\/www.africa-press.net\/cameroun\/politique\/denonciation-sam-severin-ango-accuse-le-mrc-de-derive-tribalo-ethnique#article\",\"isPartOf\":{\"@id\":\"https:\/\/www.africa-press.net\/cameroun\/politique\/denonciation-sam-severin-ango-accuse-le-mrc-de-derive-tribalo-ethnique\"},\"author\":{\"name\":\"cfeditorfr\",\"@id\":\"https:\/\/www.africa-press.net\/cameroun\/#\/schema\/person\/2b1cf3cd81a31e3cd26889ca66d677f1\"},\"headline\":\"D\u00e9nonciation: Sam S\u00e9verin Ango accuse le MRC de \u00abd\u00e9rive tribalo-ethnique\u00bb\",\"datePublished\":\"2022-08-01T15:43:08+00:00\",\"dateModified\":\"2022-08-01T18:06:21+00:00\",\"mainEntityOfPage\":{\"@id\":\"https:\/\/www.africa-press.net\/cameroun\/politique\/denonciation-sam-severin-ango-accuse-le-mrc-de-derive-tribalo-ethnique\"},\"wordCount\":650,\"commentCount\":0,\"image\":{\"@id\":\"https:\/\/www.africa-press.net\/cameroun\/politique\/denonciation-sam-severin-ango-accuse-le-mrc-de-derive-tribalo-ethnique#primaryimage\"},\"thumbnailUrl\":\"https:\/\/static.africa-press.net\/cameroun\/sites\/57\/2022\/08\/img-62e8160857ecc.jpg\",\"keywords\":[\"Africa Press\",\"Africa Press-Cameroun\",\"Cameroun\"],\"articleSection\":[\"homepage-french\",\"Politique\",\"Toutes les actualit\u00e9s\"],\"inLanguage\":\"fr-FR\",\"potentialAction\":[{\"@type\":\"CommentAction\",\"name\":\"Comment\",\"target\":[\"https:\/\/www.africa-press.net\/cameroun\/politique\/denonciation-sam-severin-ango-accuse-le-mrc-de-derive-tribalo-ethnique#respond\"]}]},{\"@type\":\"WebPage\",\"@id\":\"https:\/\/www.africa-press.net\/cameroun\/politique\/denonciation-sam-severin-ango-accuse-le-mrc-de-derive-tribalo-ethnique\",\"url\":\"https:\/\/www.africa-press.net\/cameroun\/politique\/denonciation-sam-severin-ango-accuse-le-mrc-de-derive-tribalo-ethnique\",\"name\":\"D\u00e9nonciation: Sam S\u00e9verin Ango accuse le MRC de \u00abd\u00e9rive tribalo-ethnique\u00bb - Cameroun\",\"isPartOf\":{\"@id\":\"https:\/\/www.africa-press.net\/cameroun\/#website\"},\"primaryImageOfPage\":{\"@id\":\"https:\/\/www.africa-press.net\/cameroun\/politique\/denonciation-sam-severin-ango-accuse-le-mrc-de-derive-tribalo-ethnique#primaryimage\"},\"image\":{\"@id\":\"https:\/\/www.africa-press.net\/cameroun\/politique\/denonciation-sam-severin-ango-accuse-le-mrc-de-derive-tribalo-ethnique#primaryimage\"},\"thumbnailUrl\":\"https:\/\/static.africa-press.net\/cameroun\/sites\/57\/2022\/08\/img-62e8160857ecc.jpg\",\"datePublished\":\"2022-08-01T15:43:08+00:00\",\"dateModified\":\"2022-08-01T18:06:21+00:00\",\"author\":{\"@id\":\"https:\/\/www.africa-press.net\/cameroun\/#\/schema\/person\/2b1cf3cd81a31e3cd26889ca66d677f1\"},\"description\":\"A la fin de la semaine \u00e9coul\u00e9e, des listes de bureaux des repr\u00e9sentations du Mouvement pour la Renaissance du Cameroun ( ...\",\"breadcrumb\":{\"@id\":\"https:\/\/www.africa-press.net\/cameroun\/politique\/denonciation-sam-severin-ango-accuse-le-mrc-de-derive-tribalo-ethnique#breadcrumb\"},\"inLanguage\":\"fr-FR\",\"potentialAction\":[{\"@type\":\"ReadAction\",\"target\":[\"https:\/\/www.africa-press.net\/cameroun\/politique\/denonciation-sam-severin-ango-accuse-le-mrc-de-derive-tribalo-ethnique\"]}]},{\"@type\":\"ImageObject\",\"inLanguage\":\"fr-FR\",\"@id\":\"https:\/\/www.africa-press.net\/cameroun\/politique\/denonciation-sam-severin-ango-accuse-le-mrc-de-derive-tribalo-ethnique#primaryimage\",\"url\":\"https:\/\/static.africa-press.net\/cameroun\/sites\/57\/2022\/08\/img-62e8160857ecc.jpg\",\"contentUrl\":\"https:\/\/static.africa-press.net\/cameroun\/sites\/57\/2022\/08\/img-62e8160857ecc.jpg\",\"width\":800,\"height\":595,\"caption\":\"D\u00e9nonciation: Sam S\u00e9verin Ango accuse le MRC de \u00abd\u00e9rive tribalo-ethnique\u00bb\"},{\"@type\":\"BreadcrumbList\",\"@id\":\"https:\/\/www.africa-press.net\/cameroun\/politique\/denonciation-sam-severin-ango-accuse-le-mrc-de-derive-tribalo-ethnique#breadcrumb\",\"itemListElement\":[{\"@type\":\"ListItem\",\"position\":1,\"name\":\"Accueil\",\"item\":\"https:\/\/www.africa-press.net\/cameroun\/\"},{\"@type\":\"ListItem\",\"position\":2,\"name\":\"D\u00e9nonciation: Sam S\u00e9verin Ango accuse le MRC de \u00abd\u00e9rive tribalo-ethnique\u00bb\"}]},{\"@type\":\"WebSite\",\"@id\":\"https:\/\/www.africa-press.net\/cameroun\/#website\",\"url\":\"https:\/\/www.africa-press.net\/cameroun\/\",\"name\":\"Cameroun\",\"description\":\"Just another Africa News Agency Sites site\",\"potentialAction\":[{\"@type\":\"SearchAction\",\"target\":{\"@type\":\"EntryPoint\",\"urlTemplate\":\"https:\/\/www.africa-press.net\/cameroun\/?s={search_term_string}\"},\"query-input\":{\"@type\":\"PropertyValueSpecification\",\"valueRequired\":true,\"valueName\":\"search_term_string\"}}],\"inLanguage\":\"fr-FR\"},{\"@type\":\"Person\",\"@id\":\"https:\/\/www.africa-press.net\/cameroun\/#\/schema\/person\/2b1cf3cd81a31e3cd26889ca66d677f1\",\"name\":\"cfeditorfr\"}]}<\/script>\n<!-- \/ Yoast SEO Premium plugin. -->","yoast_head_json":{"title":"D\u00e9nonciation: Sam S\u00e9verin Ango accuse le MRC de \u00abd\u00e9rive tribalo-ethnique\u00bb - Cameroun","description":"A la fin de la semaine \u00e9coul\u00e9e, des listes de bureaux des repr\u00e9sentations du Mouvement pour la Renaissance du Cameroun ( ...","robots":{"index":"index","follow":"follow","max-snippet":"max-snippet:-1","max-image-preview":"max-image-preview:large","max-video-preview":"max-video-preview:-1"},"canonical":"https:\/\/www.africa-press.net\/cameroun\/politique\/denonciation-sam-severin-ango-accuse-le-mrc-de-derive-tribalo-ethnique","og_locale":"fr_FR","og_type":"article","og_title":"D\u00e9nonciation: Sam S\u00e9verin Ango accuse le MRC de \u00abd\u00e9rive tribalo-ethnique\u00bb","og_description":"A la fin de la semaine \u00e9coul\u00e9e, des listes de bureaux des repr\u00e9sentations du Mouvement pour la Renaissance du Cameroun ( ...","og_url":"https:\/\/www.africa-press.net\/cameroun\/politique\/denonciation-sam-severin-ango-accuse-le-mrc-de-derive-tribalo-ethnique","og_site_name":"Cameroun","article_published_time":"2022-08-01T15:43:08+00:00","article_modified_time":"2022-08-01T18:06:21+00:00","og_image":[{"width":800,"height":595,"url":"https:\/\/static.africa-press.net\/cameroun\/sites\/57\/2022\/08\/img-62e8160857ecc.jpg","type":"image\/jpeg"}],"author":"cfeditorfr","twitter_card":"summary_large_image","twitter_misc":{"\u00c9crit par":"cfeditorfr","Dur\u00e9e de lecture estim\u00e9e":"3 minutes"},"schema":{"@context":"https:\/\/schema.org","@graph":[{"@type":"Article","@id":"https:\/\/www.africa-press.net\/cameroun\/politique\/denonciation-sam-severin-ango-accuse-le-mrc-de-derive-tribalo-ethnique#article","isPartOf":{"@id":"https:\/\/www.africa-press.net\/cameroun\/politique\/denonciation-sam-severin-ango-accuse-le-mrc-de-derive-tribalo-ethnique"},"author":{"name":"cfeditorfr","@id":"https:\/\/www.africa-press.net\/cameroun\/#\/schema\/person\/2b1cf3cd81a31e3cd26889ca66d677f1"},"headline":"D\u00e9nonciation: Sam S\u00e9verin Ango accuse le MRC de \u00abd\u00e9rive tribalo-ethnique\u00bb","datePublished":"2022-08-01T15:43:08+00:00","dateModified":"2022-08-01T18:06:21+00:00","mainEntityOfPage":{"@id":"https:\/\/www.africa-press.net\/cameroun\/politique\/denonciation-sam-severin-ango-accuse-le-mrc-de-derive-tribalo-ethnique"},"wordCount":650,"commentCount":0,"image":{"@id":"https:\/\/www.africa-press.net\/cameroun\/politique\/denonciation-sam-severin-ango-accuse-le-mrc-de-derive-tribalo-ethnique#primaryimage"},"thumbnailUrl":"https:\/\/static.africa-press.net\/cameroun\/sites\/57\/2022\/08\/img-62e8160857ecc.jpg","keywords":["Africa Press","Africa Press-Cameroun","Cameroun"],"articleSection":["homepage-french","Politique","Toutes les actualit\u00e9s"],"inLanguage":"fr-FR","potentialAction":[{"@type":"CommentAction","name":"Comment","target":["https:\/\/www.africa-press.net\/cameroun\/politique\/denonciation-sam-severin-ango-accuse-le-mrc-de-derive-tribalo-ethnique#respond"]}]},{"@type":"WebPage","@id":"https:\/\/www.africa-press.net\/cameroun\/politique\/denonciation-sam-severin-ango-accuse-le-mrc-de-derive-tribalo-ethnique","url":"https:\/\/www.africa-press.net\/cameroun\/politique\/denonciation-sam-severin-ango-accuse-le-mrc-de-derive-tribalo-ethnique","name":"D\u00e9nonciation: Sam S\u00e9verin Ango accuse le MRC de \u00abd\u00e9rive tribalo-ethnique\u00bb - Cameroun","isPartOf":{"@id":"https:\/\/www.africa-press.net\/cameroun\/#website"},"primaryImageOfPage":{"@id":"https:\/\/www.africa-press.net\/cameroun\/politique\/denonciation-sam-severin-ango-accuse-le-mrc-de-derive-tribalo-ethnique#primaryimage"},"image":{"@id":"https:\/\/www.africa-press.net\/cameroun\/politique\/denonciation-sam-severin-ango-accuse-le-mrc-de-derive-tribalo-ethnique#primaryimage"},"thumbnailUrl":"https:\/\/static.africa-press.net\/cameroun\/sites\/57\/2022\/08\/img-62e8160857ecc.jpg","datePublished":"2022-08-01T15:43:08+00:00","dateModified":"2022-08-01T18:06:21+00:00","author":{"@id":"https:\/\/www.africa-press.net\/cameroun\/#\/schema\/person\/2b1cf3cd81a31e3cd26889ca66d677f1"},"description":"A la fin de la semaine \u00e9coul\u00e9e, des listes de bureaux des repr\u00e9sentations du Mouvement pour la Renaissance du Cameroun ( ...","breadcrumb":{"@id":"https:\/\/www.africa-press.net\/cameroun\/politique\/denonciation-sam-severin-ango-accuse-le-mrc-de-derive-tribalo-ethnique#breadcrumb"},"inLanguage":"fr-FR","potentialAction":[{"@type":"ReadAction","target":["https:\/\/www.africa-press.net\/cameroun\/politique\/denonciation-sam-severin-ango-accuse-le-mrc-de-derive-tribalo-ethnique"]}]},{"@type":"ImageObject","inLanguage":"fr-FR","@id":"https:\/\/www.africa-press.net\/cameroun\/politique\/denonciation-sam-severin-ango-accuse-le-mrc-de-derive-tribalo-ethnique#primaryimage","url":"https:\/\/static.africa-press.net\/cameroun\/sites\/57\/2022\/08\/img-62e8160857ecc.jpg","contentUrl":"https:\/\/static.africa-press.net\/cameroun\/sites\/57\/2022\/08\/img-62e8160857ecc.jpg","width":800,"height":595,"caption":"D\u00e9nonciation: Sam S\u00e9verin Ango accuse le MRC de \u00abd\u00e9rive tribalo-ethnique\u00bb"},{"@type":"BreadcrumbList","@id":"https:\/\/www.africa-press.net\/cameroun\/politique\/denonciation-sam-severin-ango-accuse-le-mrc-de-derive-tribalo-ethnique#breadcrumb","itemListElement":[{"@type":"ListItem","position":1,"name":"Accueil","item":"https:\/\/www.africa-press.net\/cameroun\/"},{"@type":"ListItem","position":2,"name":"D\u00e9nonciation: Sam S\u00e9verin Ango accuse le MRC de \u00abd\u00e9rive tribalo-ethnique\u00bb"}]},{"@type":"WebSite","@id":"https:\/\/www.africa-press.net\/cameroun\/#website","url":"https:\/\/www.africa-press.net\/cameroun\/","name":"Cameroun","description":"Just another Africa News Agency Sites site","potentialAction":[{"@type":"SearchAction","target":{"@type":"EntryPoint","urlTemplate":"https:\/\/www.africa-press.net\/cameroun\/?s={search_term_string}"},"query-input":{"@type":"PropertyValueSpecification","valueRequired":true,"valueName":"search_term_string"}}],"inLanguage":"fr-FR"},{"@type":"Person","@id":"https:\/\/www.africa-press.net\/cameroun\/#\/schema\/person\/2b1cf3cd81a31e3cd26889ca66d677f1","name":"cfeditorfr"}]}},"_links":{"self":[{"href":"https:\/\/www.africa-press.net\/cameroun\/wp-json\/wp\/v2\/posts\/24637","targetHints":{"allow":["GET"]}}],"collection":[{"href":"https:\/\/www.africa-press.net\/cameroun\/wp-json\/wp\/v2\/posts"}],"about":[{"href":"https:\/\/www.africa-press.net\/cameroun\/wp-json\/wp\/v2\/types\/post"}],"author":[{"embeddable":true,"href":"https:\/\/www.africa-press.net\/cameroun\/wp-json\/wp\/v2\/users\/82"}],"replies":[{"embeddable":true,"href":"https:\/\/www.africa-press.net\/cameroun\/wp-json\/wp\/v2\/comments?post=24637"}],"version-history":[{"count":0,"href":"https:\/\/www.africa-press.net\/cameroun\/wp-json\/wp\/v2\/posts\/24637\/revisions"}],"wp:featuredmedia":[{"embeddable":true,"href":"https:\/\/www.africa-press.net\/cameroun\/wp-json\/wp\/v2\/media\/24636"}],"wp:attachment":[{"href":"https:\/\/www.africa-press.net\/cameroun\/wp-json\/wp\/v2\/media?parent=24637"}],"wp:term":[{"taxonomy":"category","embeddable":true,"href":"https:\/\/www.africa-press.net\/cameroun\/wp-json\/wp\/v2\/categories?post=24637"},{"taxonomy":"post_tag","embeddable":true,"href":"https:\/\/www.africa-press.net\/cameroun\/wp-json\/wp\/v2\/tags?post=24637"}],"curies":[{"name":"wp","href":"https:\/\/api.w.org\/{rel}","templated":true}]}}