{"id":24646,"date":"2022-08-01T16:05:36","date_gmt":"2022-08-01T16:05:36","guid":{"rendered":"https:\/\/www.africa-press.net\/cameroun\/politique\/cameroun-les-conditions-de-travail-en-revision-au-ministere-de-travail"},"modified":"2022-08-01T18:07:52","modified_gmt":"2022-08-01T18:07:52","slug":"cameroun-les-conditions-de-travail-en-revision-au-ministere-de-travail","status":"publish","type":"post","link":"https:\/\/www.africa-press.net\/cameroun\/toutes-les-actualites\/cameroun-les-conditions-de-travail-en-revision-au-ministere-de-travail","title":{"rendered":"Cameroun: les conditions de travail en r\u00e9vision au minist\u00e8re de Travail"},"content":{"rendered":"<p><span style=\"color: #ff6600\"><strong>Africa-Press &#8211; Cameroun. <\/strong><\/span>Selon le ministre camerounais charg\u00e9 du Travail, Gr\u00e9goire Owona, son d\u00e9partement a re\u00e7u des demandes de r\u00e9vision de neuf conventions collectives.<\/p>\n<p>\u00ab L\u2019administration du travail remplira sa mission dans ce processus en exhortant les parties prenantes \u00e0 privil\u00e9gier le dialogue social afin d\u2019aboutir \u00e0 des am\u00e9liorations concert\u00e9es dans le monde professionnel \u00bb, a promis le ministre Gr\u00e9goire Owona.<\/p>\n<p>Les secteurs concern\u00e9s sont les t\u00e9l\u00e9communications, l\u2019agriculture, la pharmacie, les assurances, la microfinance, les industries de transformation, les hydrocarbures, ainsi que Orange Cameroun et Campost, les op\u00e9rateurs postaux publics.<\/p>\n<p>Les demandes de r\u00e9vision des conventions collectives des secteurs et entreprises pr\u00e9cit\u00e9s, apprend-on, visent \u00e0 am\u00e9liorer les conditions de travail des salari\u00e9s et \u00e0 renforcer la notion de travail d\u00e9cent dans les secteurs et entreprises concern\u00e9s.<\/p>\n<p>Pour l\u2019heure, Gr\u00e9goire Owona assure que des travaux sont en cours pour r\u00e9viser les conventions collectives des t\u00e9l\u00e9communications et de l\u2019agriculture. Les n\u00e9gociations se poursuivent entre salari\u00e9s et employeurs sous la tutelle du minist\u00e8re du Travail et de la S\u00e9curit\u00e9 sociale.<\/p>\n<p>En revanche, la n\u00e9gociation de l\u2019accord d\u2019entreprise Campost est d\u00e9j\u00e0 achev\u00e9e. Comme pour les autres demandes de r\u00e9vision, les d\u00e9marches n\u00e9cessaires ont \u00e9t\u00e9 entreprises pour le d\u00e9marrage effectif des n\u00e9gociations.<\/p>\n<p>\u00ab Nous sommes v\u00e9ritablement dans la d\u00e9cennie de la multiplication des n\u00e9gociations d\u2019accords collectifs et d\u2019accords d\u2019\u00e9tablissement avec une dynamique constructive \u00e0 l\u2019\u0153uvre pour faciliter ce processus en vue de promouvoir le travail d\u00e9cent dans le monde professionnel dans notre pays \u00bb, a d\u00e9clar\u00e9 Gr\u00e9goire Owona \u00e0 ses coll\u00e8gues.<\/p>\n<p>La convention collective de travail, qui peut \u00eatre nationale ou d\u2019entreprise, est un accord qui a pour objet de r\u00e9glementer les relations professionnelles entre employeurs et travailleurs, soit d\u2019une entreprise ou d\u2019un groupe d\u2019entreprises, soit d\u2019une ou plusieurs branches d\u2019activit\u00e9. Cet accord est conclu entre, d\u2019une part, les repr\u00e9sentants d\u2019un ou plusieurs syndicats de travailleurs et, d\u2019autre part, les repr\u00e9sentants d\u2019un ou plusieurs syndicats d\u2019employeurs.<\/p>\n<p><strong>Pour plus d&rsquo;informations et d&rsquo;analyses sur la <a href=\"https:\/\/www.africa-press.net\/cameroun\">Cameroun<\/a>, suivez <a href=\"https:\/\/www.africa-press.net\/\">Africa-Press<\/a><\/strong><\/p>\n","protected":false},"excerpt":{"rendered":"<p>Africa-Press &#8211; Cameroun. Selon le ministre camerounais charg\u00e9 du Travail, Gr\u00e9goire Owona, son d\u00e9partement a re\u00e7u des demandes de r\u00e9vision de neuf conventions collectives. \u00ab L\u2019administration du travail remplira sa mission dans ce processus en exhortant les parties prenantes \u00e0 privil\u00e9gier le dialogue social afin d\u2019aboutir \u00e0 des am\u00e9liorations concert\u00e9es dans le monde professionnel \u00bb, [&hellip;]<\/p>\n","protected":false},"author":82,"featured_media":24645,"comment_status":"open","ping_status":"closed","sticky":false,"template":"","format":"standard","meta":{"footnotes":""},"categories":[21,11,10],"tags":[36,50,49],"class_list":["post-24646","post","type-post","status-publish","format-standard","has-post-thumbnail","hentry","category-communaute","category-homepage-french","category-toutes-les-actualites","tag-africa-press","tag-africa-press-cameroun","tag-cameroun"],"yoast_head":"<!-- This site is optimized with the Yoast SEO Premium plugin v26.1 (Yoast SEO v27.0) - https:\/\/yoast.com\/product\/yoast-seo-premium-wordpress\/ -->\n<title>Cameroun: les conditions de travail en r\u00e9vision au minist\u00e8re de Travail - Cameroun<\/title>\n<meta name=\"description\" content=\"Selon le ministre camerounais charg\u00e9 du Travail, Gr\u00e9goire Owona, son d\u00e9partement a re\u00e7u des demandes de r\u00e9vision de neuf ...\" \/>\n<meta name=\"robots\" content=\"index, follow, max-snippet:-1, max-image-preview:large, max-video-preview:-1\" \/>\n<link rel=\"canonical\" href=\"https:\/\/www.africa-press.net\/cameroun\/toutes-les-actualites\/cameroun-les-conditions-de-travail-en-revision-au-ministere-de-travail\" \/>\n<meta property=\"og:locale\" content=\"fr_FR\" \/>\n<meta property=\"og:type\" content=\"article\" \/>\n<meta property=\"og:title\" content=\"Cameroun: les conditions de travail en r\u00e9vision au minist\u00e8re de Travail\" \/>\n<meta property=\"og:description\" content=\"Selon le ministre camerounais charg\u00e9 du Travail, Gr\u00e9goire Owona, son d\u00e9partement a re\u00e7u des demandes de r\u00e9vision de neuf ...\" \/>\n<meta property=\"og:url\" content=\"https:\/\/www.africa-press.net\/cameroun\/toutes-les-actualites\/cameroun-les-conditions-de-travail-en-revision-au-ministere-de-travail\" \/>\n<meta property=\"og:site_name\" content=\"Cameroun\" \/>\n<meta property=\"article:published_time\" content=\"2022-08-01T16:05:36+00:00\" \/>\n<meta property=\"article:modified_time\" content=\"2022-08-01T18:07:52+00:00\" \/>\n<meta property=\"og:image\" content=\"https:\/\/static.africa-press.net\/cameroun\/sites\/57\/2022\/08\/img-62e81661953c6.jpg\" \/>\n\t<meta property=\"og:image:width\" content=\"720\" \/>\n\t<meta property=\"og:image:height\" content=\"493\" \/>\n\t<meta property=\"og:image:type\" content=\"image\/jpeg\" \/>\n<meta name=\"author\" content=\"cfeditorfr\" \/>\n<meta name=\"twitter:card\" content=\"summary_large_image\" \/>\n<meta name=\"twitter:label1\" content=\"\u00c9crit par\" \/>\n\t<meta name=\"twitter:data1\" content=\"cfeditorfr\" \/>\n\t<meta name=\"twitter:label2\" content=\"Dur\u00e9e de lecture estim\u00e9e\" \/>\n\t<meta name=\"twitter:data2\" content=\"2 minutes\" \/>\n<script type=\"application\/ld+json\" class=\"yoast-schema-graph\">{\"@context\":\"https:\/\/schema.org\",\"@graph\":[{\"@type\":\"Article\",\"@id\":\"https:\/\/www.africa-press.net\/cameroun\/toutes-les-actualites\/cameroun-les-conditions-de-travail-en-revision-au-ministere-de-travail#article\",\"isPartOf\":{\"@id\":\"https:\/\/www.africa-press.net\/cameroun\/toutes-les-actualites\/cameroun-les-conditions-de-travail-en-revision-au-ministere-de-travail\"},\"author\":{\"name\":\"cfeditorfr\",\"@id\":\"https:\/\/www.africa-press.net\/cameroun\/#\/schema\/person\/2b1cf3cd81a31e3cd26889ca66d677f1\"},\"headline\":\"Cameroun: les conditions de travail en r\u00e9vision au minist\u00e8re de Travail\",\"datePublished\":\"2022-08-01T16:05:36+00:00\",\"dateModified\":\"2022-08-01T18:07:52+00:00\",\"mainEntityOfPage\":{\"@id\":\"https:\/\/www.africa-press.net\/cameroun\/toutes-les-actualites\/cameroun-les-conditions-de-travail-en-revision-au-ministere-de-travail\"},\"wordCount\":393,\"commentCount\":0,\"image\":{\"@id\":\"https:\/\/www.africa-press.net\/cameroun\/toutes-les-actualites\/cameroun-les-conditions-de-travail-en-revision-au-ministere-de-travail#primaryimage\"},\"thumbnailUrl\":\"https:\/\/static.africa-press.net\/cameroun\/sites\/57\/2022\/08\/img-62e81661953c6.jpg\",\"keywords\":[\"Africa Press\",\"Africa Press-Cameroun\",\"Cameroun\"],\"articleSection\":[\"Communaut\u00e9\",\"homepage-french\",\"Toutes les actualit\u00e9s\"],\"inLanguage\":\"fr-FR\",\"potentialAction\":[{\"@type\":\"CommentAction\",\"name\":\"Comment\",\"target\":[\"https:\/\/www.africa-press.net\/cameroun\/toutes-les-actualites\/cameroun-les-conditions-de-travail-en-revision-au-ministere-de-travail#respond\"]}]},{\"@type\":\"WebPage\",\"@id\":\"https:\/\/www.africa-press.net\/cameroun\/toutes-les-actualites\/cameroun-les-conditions-de-travail-en-revision-au-ministere-de-travail\",\"url\":\"https:\/\/www.africa-press.net\/cameroun\/toutes-les-actualites\/cameroun-les-conditions-de-travail-en-revision-au-ministere-de-travail\",\"name\":\"Cameroun: les conditions de travail en r\u00e9vision au minist\u00e8re de Travail - Cameroun\",\"isPartOf\":{\"@id\":\"https:\/\/www.africa-press.net\/cameroun\/#website\"},\"primaryImageOfPage\":{\"@id\":\"https:\/\/www.africa-press.net\/cameroun\/toutes-les-actualites\/cameroun-les-conditions-de-travail-en-revision-au-ministere-de-travail#primaryimage\"},\"image\":{\"@id\":\"https:\/\/www.africa-press.net\/cameroun\/toutes-les-actualites\/cameroun-les-conditions-de-travail-en-revision-au-ministere-de-travail#primaryimage\"},\"thumbnailUrl\":\"https:\/\/static.africa-press.net\/cameroun\/sites\/57\/2022\/08\/img-62e81661953c6.jpg\",\"datePublished\":\"2022-08-01T16:05:36+00:00\",\"dateModified\":\"2022-08-01T18:07:52+00:00\",\"author\":{\"@id\":\"https:\/\/www.africa-press.net\/cameroun\/#\/schema\/person\/2b1cf3cd81a31e3cd26889ca66d677f1\"},\"description\":\"Selon le ministre camerounais charg\u00e9 du Travail, Gr\u00e9goire Owona, son d\u00e9partement a re\u00e7u des demandes de r\u00e9vision de neuf ...\",\"breadcrumb\":{\"@id\":\"https:\/\/www.africa-press.net\/cameroun\/toutes-les-actualites\/cameroun-les-conditions-de-travail-en-revision-au-ministere-de-travail#breadcrumb\"},\"inLanguage\":\"fr-FR\",\"potentialAction\":[{\"@type\":\"ReadAction\",\"target\":[\"https:\/\/www.africa-press.net\/cameroun\/toutes-les-actualites\/cameroun-les-conditions-de-travail-en-revision-au-ministere-de-travail\"]}]},{\"@type\":\"ImageObject\",\"inLanguage\":\"fr-FR\",\"@id\":\"https:\/\/www.africa-press.net\/cameroun\/toutes-les-actualites\/cameroun-les-conditions-de-travail-en-revision-au-ministere-de-travail#primaryimage\",\"url\":\"https:\/\/static.africa-press.net\/cameroun\/sites\/57\/2022\/08\/img-62e81661953c6.jpg\",\"contentUrl\":\"https:\/\/static.africa-press.net\/cameroun\/sites\/57\/2022\/08\/img-62e81661953c6.jpg\",\"width\":720,\"height\":493,\"caption\":\"Cameroun: les conditions de travail en r\u00e9vision au minist\u00e8re de Travail\"},{\"@type\":\"BreadcrumbList\",\"@id\":\"https:\/\/www.africa-press.net\/cameroun\/toutes-les-actualites\/cameroun-les-conditions-de-travail-en-revision-au-ministere-de-travail#breadcrumb\",\"itemListElement\":[{\"@type\":\"ListItem\",\"position\":1,\"name\":\"Accueil\",\"item\":\"https:\/\/www.africa-press.net\/cameroun\/\"},{\"@type\":\"ListItem\",\"position\":2,\"name\":\"Cameroun: les conditions de travail en r\u00e9vision au minist\u00e8re de Travail\"}]},{\"@type\":\"WebSite\",\"@id\":\"https:\/\/www.africa-press.net\/cameroun\/#website\",\"url\":\"https:\/\/www.africa-press.net\/cameroun\/\",\"name\":\"Cameroun\",\"description\":\"Just another Africa News Agency Sites site\",\"potentialAction\":[{\"@type\":\"SearchAction\",\"target\":{\"@type\":\"EntryPoint\",\"urlTemplate\":\"https:\/\/www.africa-press.net\/cameroun\/?s={search_term_string}\"},\"query-input\":{\"@type\":\"PropertyValueSpecification\",\"valueRequired\":true,\"valueName\":\"search_term_string\"}}],\"inLanguage\":\"fr-FR\"},{\"@type\":\"Person\",\"@id\":\"https:\/\/www.africa-press.net\/cameroun\/#\/schema\/person\/2b1cf3cd81a31e3cd26889ca66d677f1\",\"name\":\"cfeditorfr\"}]}<\/script>\n<!-- \/ Yoast SEO Premium plugin. -->","yoast_head_json":{"title":"Cameroun: les conditions de travail en r\u00e9vision au minist\u00e8re de Travail - Cameroun","description":"Selon le ministre camerounais charg\u00e9 du Travail, Gr\u00e9goire Owona, son d\u00e9partement a re\u00e7u des demandes de r\u00e9vision de neuf ...","robots":{"index":"index","follow":"follow","max-snippet":"max-snippet:-1","max-image-preview":"max-image-preview:large","max-video-preview":"max-video-preview:-1"},"canonical":"https:\/\/www.africa-press.net\/cameroun\/toutes-les-actualites\/cameroun-les-conditions-de-travail-en-revision-au-ministere-de-travail","og_locale":"fr_FR","og_type":"article","og_title":"Cameroun: les conditions de travail en r\u00e9vision au minist\u00e8re de Travail","og_description":"Selon le ministre camerounais charg\u00e9 du Travail, Gr\u00e9goire Owona, son d\u00e9partement a re\u00e7u des demandes de r\u00e9vision de neuf ...","og_url":"https:\/\/www.africa-press.net\/cameroun\/toutes-les-actualites\/cameroun-les-conditions-de-travail-en-revision-au-ministere-de-travail","og_site_name":"Cameroun","article_published_time":"2022-08-01T16:05:36+00:00","article_modified_time":"2022-08-01T18:07:52+00:00","og_image":[{"width":720,"height":493,"url":"https:\/\/static.africa-press.net\/cameroun\/sites\/57\/2022\/08\/img-62e81661953c6.jpg","type":"image\/jpeg"}],"author":"cfeditorfr","twitter_card":"summary_large_image","twitter_misc":{"\u00c9crit par":"cfeditorfr","Dur\u00e9e de lecture estim\u00e9e":"2 minutes"},"schema":{"@context":"https:\/\/schema.org","@graph":[{"@type":"Article","@id":"https:\/\/www.africa-press.net\/cameroun\/toutes-les-actualites\/cameroun-les-conditions-de-travail-en-revision-au-ministere-de-travail#article","isPartOf":{"@id":"https:\/\/www.africa-press.net\/cameroun\/toutes-les-actualites\/cameroun-les-conditions-de-travail-en-revision-au-ministere-de-travail"},"author":{"name":"cfeditorfr","@id":"https:\/\/www.africa-press.net\/cameroun\/#\/schema\/person\/2b1cf3cd81a31e3cd26889ca66d677f1"},"headline":"Cameroun: les conditions de travail en r\u00e9vision au minist\u00e8re de Travail","datePublished":"2022-08-01T16:05:36+00:00","dateModified":"2022-08-01T18:07:52+00:00","mainEntityOfPage":{"@id":"https:\/\/www.africa-press.net\/cameroun\/toutes-les-actualites\/cameroun-les-conditions-de-travail-en-revision-au-ministere-de-travail"},"wordCount":393,"commentCount":0,"image":{"@id":"https:\/\/www.africa-press.net\/cameroun\/toutes-les-actualites\/cameroun-les-conditions-de-travail-en-revision-au-ministere-de-travail#primaryimage"},"thumbnailUrl":"https:\/\/static.africa-press.net\/cameroun\/sites\/57\/2022\/08\/img-62e81661953c6.jpg","keywords":["Africa Press","Africa Press-Cameroun","Cameroun"],"articleSection":["Communaut\u00e9","homepage-french","Toutes les actualit\u00e9s"],"inLanguage":"fr-FR","potentialAction":[{"@type":"CommentAction","name":"Comment","target":["https:\/\/www.africa-press.net\/cameroun\/toutes-les-actualites\/cameroun-les-conditions-de-travail-en-revision-au-ministere-de-travail#respond"]}]},{"@type":"WebPage","@id":"https:\/\/www.africa-press.net\/cameroun\/toutes-les-actualites\/cameroun-les-conditions-de-travail-en-revision-au-ministere-de-travail","url":"https:\/\/www.africa-press.net\/cameroun\/toutes-les-actualites\/cameroun-les-conditions-de-travail-en-revision-au-ministere-de-travail","name":"Cameroun: les conditions de travail en r\u00e9vision au minist\u00e8re de Travail - Cameroun","isPartOf":{"@id":"https:\/\/www.africa-press.net\/cameroun\/#website"},"primaryImageOfPage":{"@id":"https:\/\/www.africa-press.net\/cameroun\/toutes-les-actualites\/cameroun-les-conditions-de-travail-en-revision-au-ministere-de-travail#primaryimage"},"image":{"@id":"https:\/\/www.africa-press.net\/cameroun\/toutes-les-actualites\/cameroun-les-conditions-de-travail-en-revision-au-ministere-de-travail#primaryimage"},"thumbnailUrl":"https:\/\/static.africa-press.net\/cameroun\/sites\/57\/2022\/08\/img-62e81661953c6.jpg","datePublished":"2022-08-01T16:05:36+00:00","dateModified":"2022-08-01T18:07:52+00:00","author":{"@id":"https:\/\/www.africa-press.net\/cameroun\/#\/schema\/person\/2b1cf3cd81a31e3cd26889ca66d677f1"},"description":"Selon le ministre camerounais charg\u00e9 du Travail, Gr\u00e9goire Owona, son d\u00e9partement a re\u00e7u des demandes de r\u00e9vision de neuf ...","breadcrumb":{"@id":"https:\/\/www.africa-press.net\/cameroun\/toutes-les-actualites\/cameroun-les-conditions-de-travail-en-revision-au-ministere-de-travail#breadcrumb"},"inLanguage":"fr-FR","potentialAction":[{"@type":"ReadAction","target":["https:\/\/www.africa-press.net\/cameroun\/toutes-les-actualites\/cameroun-les-conditions-de-travail-en-revision-au-ministere-de-travail"]}]},{"@type":"ImageObject","inLanguage":"fr-FR","@id":"https:\/\/www.africa-press.net\/cameroun\/toutes-les-actualites\/cameroun-les-conditions-de-travail-en-revision-au-ministere-de-travail#primaryimage","url":"https:\/\/static.africa-press.net\/cameroun\/sites\/57\/2022\/08\/img-62e81661953c6.jpg","contentUrl":"https:\/\/static.africa-press.net\/cameroun\/sites\/57\/2022\/08\/img-62e81661953c6.jpg","width":720,"height":493,"caption":"Cameroun: les conditions de travail en r\u00e9vision au minist\u00e8re de Travail"},{"@type":"BreadcrumbList","@id":"https:\/\/www.africa-press.net\/cameroun\/toutes-les-actualites\/cameroun-les-conditions-de-travail-en-revision-au-ministere-de-travail#breadcrumb","itemListElement":[{"@type":"ListItem","position":1,"name":"Accueil","item":"https:\/\/www.africa-press.net\/cameroun\/"},{"@type":"ListItem","position":2,"name":"Cameroun: les conditions de travail en r\u00e9vision au minist\u00e8re de Travail"}]},{"@type":"WebSite","@id":"https:\/\/www.africa-press.net\/cameroun\/#website","url":"https:\/\/www.africa-press.net\/cameroun\/","name":"Cameroun","description":"Just another Africa News Agency Sites site","potentialAction":[{"@type":"SearchAction","target":{"@type":"EntryPoint","urlTemplate":"https:\/\/www.africa-press.net\/cameroun\/?s={search_term_string}"},"query-input":{"@type":"PropertyValueSpecification","valueRequired":true,"valueName":"search_term_string"}}],"inLanguage":"fr-FR"},{"@type":"Person","@id":"https:\/\/www.africa-press.net\/cameroun\/#\/schema\/person\/2b1cf3cd81a31e3cd26889ca66d677f1","name":"cfeditorfr"}]}},"_links":{"self":[{"href":"https:\/\/www.africa-press.net\/cameroun\/wp-json\/wp\/v2\/posts\/24646","targetHints":{"allow":["GET"]}}],"collection":[{"href":"https:\/\/www.africa-press.net\/cameroun\/wp-json\/wp\/v2\/posts"}],"about":[{"href":"https:\/\/www.africa-press.net\/cameroun\/wp-json\/wp\/v2\/types\/post"}],"author":[{"embeddable":true,"href":"https:\/\/www.africa-press.net\/cameroun\/wp-json\/wp\/v2\/users\/82"}],"replies":[{"embeddable":true,"href":"https:\/\/www.africa-press.net\/cameroun\/wp-json\/wp\/v2\/comments?post=24646"}],"version-history":[{"count":0,"href":"https:\/\/www.africa-press.net\/cameroun\/wp-json\/wp\/v2\/posts\/24646\/revisions"}],"wp:featuredmedia":[{"embeddable":true,"href":"https:\/\/www.africa-press.net\/cameroun\/wp-json\/wp\/v2\/media\/24645"}],"wp:attachment":[{"href":"https:\/\/www.africa-press.net\/cameroun\/wp-json\/wp\/v2\/media?parent=24646"}],"wp:term":[{"taxonomy":"category","embeddable":true,"href":"https:\/\/www.africa-press.net\/cameroun\/wp-json\/wp\/v2\/categories?post=24646"},{"taxonomy":"post_tag","embeddable":true,"href":"https:\/\/www.africa-press.net\/cameroun\/wp-json\/wp\/v2\/tags?post=24646"}],"curies":[{"name":"wp","href":"https:\/\/api.w.org\/{rel}","templated":true}]}}