{"id":24649,"date":"2022-08-01T16:14:06","date_gmt":"2022-08-01T16:14:06","guid":{"rendered":"https:\/\/www.africa-press.net\/cameroun\/politique\/cooperation-les-etats-unis-sinteressent-au-made-in-cameroon"},"modified":"2022-08-01T18:08:19","modified_gmt":"2022-08-01T18:08:19","slug":"cooperation-les-etats-unis-sinteressent-au-made-in-cameroon","status":"publish","type":"post","link":"https:\/\/www.africa-press.net\/cameroun\/economie\/cooperation-les-etats-unis-sinteressent-au-made-in-cameroon","title":{"rendered":"Coop\u00e9ration\u00a0: les Etats-Unis s\u2019int\u00e9ressent au Made in Cameroon"},"content":{"rendered":"<p><span style=\"color: #ff6600\"><strong>Africa-Press &#8211; Cameroun. <\/strong><\/span>Christopher John Lamora, Ambassadeur des Etats-Unis au Cameroun et Achille Bassilekin III, ministre des PME se sont vus le 27 juillet \u00e0 cet effet.<\/p>\n<p>L\u2019ambassadeur des Etats-Unis au Cameroun et le ministre des Petites et moyennes entreprises ont \u00e9chang\u00e9 sur le renforcement des capacit\u00e9s des PME camerounaises et la possibilit\u00e9 d\u2019institutionnaliser une journ\u00e9e Cameroun- Etats-Unis de la PME.<\/p>\n<p>Cette audience s\u2019inscrit dans le cadre du renforcement de la coop\u00e9ration bilat\u00e9rale entre les deux pays, dans le secteur des comp\u00e9tences du Minpmeesa et la r\u00e9alisation des priorit\u00e9s du gouvernement dans le cadre de la SND-30.<\/p>\n<p>Les deux personnalit\u00e9s ont \u00e9chang\u00e9 sur le renforcement des capacit\u00e9s des PME camerounaises afin de mettre \u00e0 niveau les produits locaux pouvant r\u00e9pondre aux normes am\u00e9ricaines.<\/p>\n<p>\u00ab Nous allons mettre des PME du Cameroun en contact avec leurs homologues aux Etats-Unis \u00bb, a d\u00e9clar\u00e9 l\u2019ambassadeur Christopher John Lamora, qui estime que les relations entre les PME des deux pays peuvent aider \u00e0 l\u2019am\u00e9lioration et la croissance du secteur \u00e9conomique.<\/p>\n<p>\u00ab L\u2019autre point sur lequel nous sommes tomb\u00e9s d\u2019accord avec l\u2019ambassadeur, c\u2019est la possibilit\u00e9 d\u2019institutionnaliser une journ\u00e9e Cameroun- Etats-Unis de la PME \u00bb, a soulign\u00e9 le ministre Camerounais des PME.<\/p>\n<p>Il sera question dans le cadre de cette journ\u00e9e, de promouvoir les produits made in Cameroon et d\u2019entretenir ce dialogue entre les deux pays afin que les pr\u00e9occupations de la PME industrielle en particulier, et de la PME camerounaise en g\u00e9n\u00e9ral, soit \u00e0 m\u00eame de r\u00e9pondre aux exigences du march\u00e9 am\u00e9ricain et d\u2019avoir des opportunit\u00e9s d\u2019exportation sur le march\u00e9 am\u00e9ricain.<\/p>\n<p>Les PME occupent une place cruciale dans cet \u00e9cosyst\u00e8me o\u00f9 le tissu \u00e9conomique est compos\u00e9 \u00e0 99,8% de PME dont 84,2% dans le tertiaire, 15,63% dans le secondaire et 0,17% dans le primaire, pour un total de 324 250 PME.<\/p>\n<p><strong>Pour plus d&rsquo;informations et d&rsquo;analyses sur la <a href=\"https:\/\/www.africa-press.net\/cameroun\">Cameroun<\/a>, suivez <a href=\"https:\/\/www.africa-press.net\/\">Africa-Press<\/a><\/strong><\/p>\n","protected":false},"excerpt":{"rendered":"<p>Africa-Press &#8211; Cameroun. Christopher John Lamora, Ambassadeur des Etats-Unis au Cameroun et Achille Bassilekin III, ministre des PME se sont vus le 27 juillet \u00e0 cet effet. L\u2019ambassadeur des Etats-Unis au Cameroun et le ministre des Petites et moyennes entreprises ont \u00e9chang\u00e9 sur le renforcement des capacit\u00e9s des PME camerounaises et la possibilit\u00e9 d\u2019institutionnaliser une [&hellip;]<\/p>\n","protected":false},"author":82,"featured_media":24648,"comment_status":"open","ping_status":"closed","sticky":false,"template":"","format":"standard","meta":{"footnotes":""},"categories":[3,11,10],"tags":[36,50,49],"class_list":["post-24649","post","type-post","status-publish","format-standard","has-post-thumbnail","hentry","category-economie","category-homepage-french","category-toutes-les-actualites","tag-africa-press","tag-africa-press-cameroun","tag-cameroun"],"yoast_head":"<!-- This site is optimized with the Yoast SEO Premium plugin v26.1 (Yoast SEO v27.0) - https:\/\/yoast.com\/product\/yoast-seo-premium-wordpress\/ -->\n<title>Coop\u00e9ration\u00a0: les Etats-Unis s\u2019int\u00e9ressent au Made in Cameroon - Cameroun<\/title>\n<meta name=\"description\" content=\"Christopher John Lamora, Ambassadeur des Etats-Unis au Cameroun et Achille Bassilekin III, ministre des PME se sont vus ...\" \/>\n<meta name=\"robots\" content=\"index, follow, max-snippet:-1, max-image-preview:large, max-video-preview:-1\" \/>\n<link rel=\"canonical\" href=\"https:\/\/www.africa-press.net\/cameroun\/economie\/cooperation-les-etats-unis-sinteressent-au-made-in-cameroon\" \/>\n<meta property=\"og:locale\" content=\"fr_FR\" \/>\n<meta property=\"og:type\" content=\"article\" \/>\n<meta property=\"og:title\" content=\"Coop\u00e9ration\u00a0: les Etats-Unis s\u2019int\u00e9ressent au Made in Cameroon\" \/>\n<meta property=\"og:description\" content=\"Christopher John Lamora, Ambassadeur des Etats-Unis au Cameroun et Achille Bassilekin III, ministre des PME se sont vus ...\" \/>\n<meta property=\"og:url\" content=\"https:\/\/www.africa-press.net\/cameroun\/economie\/cooperation-les-etats-unis-sinteressent-au-made-in-cameroon\" \/>\n<meta property=\"og:site_name\" content=\"Cameroun\" \/>\n<meta property=\"article:published_time\" content=\"2022-08-01T16:14:06+00:00\" \/>\n<meta property=\"article:modified_time\" content=\"2022-08-01T18:08:19+00:00\" \/>\n<meta property=\"og:image\" content=\"https:\/\/static.africa-press.net\/cameroun\/sites\/57\/2022\/08\/img-62e8167d500e5.jpg\" \/>\n\t<meta property=\"og:image:width\" content=\"720\" \/>\n\t<meta property=\"og:image:height\" content=\"720\" \/>\n\t<meta property=\"og:image:type\" content=\"image\/jpeg\" \/>\n<meta name=\"author\" content=\"cfeditorfr\" \/>\n<meta name=\"twitter:card\" content=\"summary_large_image\" \/>\n<meta name=\"twitter:label1\" content=\"\u00c9crit par\" \/>\n\t<meta name=\"twitter:data1\" content=\"cfeditorfr\" \/>\n\t<meta name=\"twitter:label2\" content=\"Dur\u00e9e de lecture estim\u00e9e\" \/>\n\t<meta name=\"twitter:data2\" content=\"2 minutes\" \/>\n<script type=\"application\/ld+json\" class=\"yoast-schema-graph\">{\"@context\":\"https:\/\/schema.org\",\"@graph\":[{\"@type\":\"Article\",\"@id\":\"https:\/\/www.africa-press.net\/cameroun\/economie\/cooperation-les-etats-unis-sinteressent-au-made-in-cameroon#article\",\"isPartOf\":{\"@id\":\"https:\/\/www.africa-press.net\/cameroun\/economie\/cooperation-les-etats-unis-sinteressent-au-made-in-cameroon\"},\"author\":{\"name\":\"cfeditorfr\",\"@id\":\"https:\/\/www.africa-press.net\/cameroun\/#\/schema\/person\/2b1cf3cd81a31e3cd26889ca66d677f1\"},\"headline\":\"Coop\u00e9ration\u00a0: les Etats-Unis s\u2019int\u00e9ressent au Made in Cameroon\",\"datePublished\":\"2022-08-01T16:14:06+00:00\",\"dateModified\":\"2022-08-01T18:08:19+00:00\",\"mainEntityOfPage\":{\"@id\":\"https:\/\/www.africa-press.net\/cameroun\/economie\/cooperation-les-etats-unis-sinteressent-au-made-in-cameroon\"},\"wordCount\":341,\"commentCount\":0,\"image\":{\"@id\":\"https:\/\/www.africa-press.net\/cameroun\/economie\/cooperation-les-etats-unis-sinteressent-au-made-in-cameroon#primaryimage\"},\"thumbnailUrl\":\"https:\/\/static.africa-press.net\/cameroun\/sites\/57\/2022\/08\/img-62e8167d500e5.jpg\",\"keywords\":[\"Africa Press\",\"Africa Press-Cameroun\",\"Cameroun\"],\"articleSection\":[\"\u00c9conomie\",\"homepage-french\",\"Toutes les actualit\u00e9s\"],\"inLanguage\":\"fr-FR\",\"potentialAction\":[{\"@type\":\"CommentAction\",\"name\":\"Comment\",\"target\":[\"https:\/\/www.africa-press.net\/cameroun\/economie\/cooperation-les-etats-unis-sinteressent-au-made-in-cameroon#respond\"]}]},{\"@type\":\"WebPage\",\"@id\":\"https:\/\/www.africa-press.net\/cameroun\/economie\/cooperation-les-etats-unis-sinteressent-au-made-in-cameroon\",\"url\":\"https:\/\/www.africa-press.net\/cameroun\/economie\/cooperation-les-etats-unis-sinteressent-au-made-in-cameroon\",\"name\":\"Coop\u00e9ration\u00a0: les Etats-Unis s\u2019int\u00e9ressent au Made in Cameroon - Cameroun\",\"isPartOf\":{\"@id\":\"https:\/\/www.africa-press.net\/cameroun\/#website\"},\"primaryImageOfPage\":{\"@id\":\"https:\/\/www.africa-press.net\/cameroun\/economie\/cooperation-les-etats-unis-sinteressent-au-made-in-cameroon#primaryimage\"},\"image\":{\"@id\":\"https:\/\/www.africa-press.net\/cameroun\/economie\/cooperation-les-etats-unis-sinteressent-au-made-in-cameroon#primaryimage\"},\"thumbnailUrl\":\"https:\/\/static.africa-press.net\/cameroun\/sites\/57\/2022\/08\/img-62e8167d500e5.jpg\",\"datePublished\":\"2022-08-01T16:14:06+00:00\",\"dateModified\":\"2022-08-01T18:08:19+00:00\",\"author\":{\"@id\":\"https:\/\/www.africa-press.net\/cameroun\/#\/schema\/person\/2b1cf3cd81a31e3cd26889ca66d677f1\"},\"description\":\"Christopher John Lamora, Ambassadeur des Etats-Unis au Cameroun et Achille Bassilekin III, ministre des PME se sont vus ...\",\"breadcrumb\":{\"@id\":\"https:\/\/www.africa-press.net\/cameroun\/economie\/cooperation-les-etats-unis-sinteressent-au-made-in-cameroon#breadcrumb\"},\"inLanguage\":\"fr-FR\",\"potentialAction\":[{\"@type\":\"ReadAction\",\"target\":[\"https:\/\/www.africa-press.net\/cameroun\/economie\/cooperation-les-etats-unis-sinteressent-au-made-in-cameroon\"]}]},{\"@type\":\"ImageObject\",\"inLanguage\":\"fr-FR\",\"@id\":\"https:\/\/www.africa-press.net\/cameroun\/economie\/cooperation-les-etats-unis-sinteressent-au-made-in-cameroon#primaryimage\",\"url\":\"https:\/\/static.africa-press.net\/cameroun\/sites\/57\/2022\/08\/img-62e8167d500e5.jpg\",\"contentUrl\":\"https:\/\/static.africa-press.net\/cameroun\/sites\/57\/2022\/08\/img-62e8167d500e5.jpg\",\"width\":720,\"height\":720,\"caption\":\"Coop\u00e9ration\u00a0: les Etats-Unis s\u2019int\u00e9ressent au Made in Cameroon\"},{\"@type\":\"BreadcrumbList\",\"@id\":\"https:\/\/www.africa-press.net\/cameroun\/economie\/cooperation-les-etats-unis-sinteressent-au-made-in-cameroon#breadcrumb\",\"itemListElement\":[{\"@type\":\"ListItem\",\"position\":1,\"name\":\"Accueil\",\"item\":\"https:\/\/www.africa-press.net\/cameroun\/\"},{\"@type\":\"ListItem\",\"position\":2,\"name\":\"Coop\u00e9ration\u00a0: les Etats-Unis s\u2019int\u00e9ressent au Made in Cameroon\"}]},{\"@type\":\"WebSite\",\"@id\":\"https:\/\/www.africa-press.net\/cameroun\/#website\",\"url\":\"https:\/\/www.africa-press.net\/cameroun\/\",\"name\":\"Cameroun\",\"description\":\"Just another Africa News Agency Sites site\",\"potentialAction\":[{\"@type\":\"SearchAction\",\"target\":{\"@type\":\"EntryPoint\",\"urlTemplate\":\"https:\/\/www.africa-press.net\/cameroun\/?s={search_term_string}\"},\"query-input\":{\"@type\":\"PropertyValueSpecification\",\"valueRequired\":true,\"valueName\":\"search_term_string\"}}],\"inLanguage\":\"fr-FR\"},{\"@type\":\"Person\",\"@id\":\"https:\/\/www.africa-press.net\/cameroun\/#\/schema\/person\/2b1cf3cd81a31e3cd26889ca66d677f1\",\"name\":\"cfeditorfr\"}]}<\/script>\n<!-- \/ Yoast SEO Premium plugin. -->","yoast_head_json":{"title":"Coop\u00e9ration\u00a0: les Etats-Unis s\u2019int\u00e9ressent au Made in Cameroon - Cameroun","description":"Christopher John Lamora, Ambassadeur des Etats-Unis au Cameroun et Achille Bassilekin III, ministre des PME se sont vus ...","robots":{"index":"index","follow":"follow","max-snippet":"max-snippet:-1","max-image-preview":"max-image-preview:large","max-video-preview":"max-video-preview:-1"},"canonical":"https:\/\/www.africa-press.net\/cameroun\/economie\/cooperation-les-etats-unis-sinteressent-au-made-in-cameroon","og_locale":"fr_FR","og_type":"article","og_title":"Coop\u00e9ration\u00a0: les Etats-Unis s\u2019int\u00e9ressent au Made in Cameroon","og_description":"Christopher John Lamora, Ambassadeur des Etats-Unis au Cameroun et Achille Bassilekin III, ministre des PME se sont vus ...","og_url":"https:\/\/www.africa-press.net\/cameroun\/economie\/cooperation-les-etats-unis-sinteressent-au-made-in-cameroon","og_site_name":"Cameroun","article_published_time":"2022-08-01T16:14:06+00:00","article_modified_time":"2022-08-01T18:08:19+00:00","og_image":[{"width":720,"height":720,"url":"https:\/\/static.africa-press.net\/cameroun\/sites\/57\/2022\/08\/img-62e8167d500e5.jpg","type":"image\/jpeg"}],"author":"cfeditorfr","twitter_card":"summary_large_image","twitter_misc":{"\u00c9crit par":"cfeditorfr","Dur\u00e9e de lecture estim\u00e9e":"2 minutes"},"schema":{"@context":"https:\/\/schema.org","@graph":[{"@type":"Article","@id":"https:\/\/www.africa-press.net\/cameroun\/economie\/cooperation-les-etats-unis-sinteressent-au-made-in-cameroon#article","isPartOf":{"@id":"https:\/\/www.africa-press.net\/cameroun\/economie\/cooperation-les-etats-unis-sinteressent-au-made-in-cameroon"},"author":{"name":"cfeditorfr","@id":"https:\/\/www.africa-press.net\/cameroun\/#\/schema\/person\/2b1cf3cd81a31e3cd26889ca66d677f1"},"headline":"Coop\u00e9ration\u00a0: les Etats-Unis s\u2019int\u00e9ressent au Made in Cameroon","datePublished":"2022-08-01T16:14:06+00:00","dateModified":"2022-08-01T18:08:19+00:00","mainEntityOfPage":{"@id":"https:\/\/www.africa-press.net\/cameroun\/economie\/cooperation-les-etats-unis-sinteressent-au-made-in-cameroon"},"wordCount":341,"commentCount":0,"image":{"@id":"https:\/\/www.africa-press.net\/cameroun\/economie\/cooperation-les-etats-unis-sinteressent-au-made-in-cameroon#primaryimage"},"thumbnailUrl":"https:\/\/static.africa-press.net\/cameroun\/sites\/57\/2022\/08\/img-62e8167d500e5.jpg","keywords":["Africa Press","Africa Press-Cameroun","Cameroun"],"articleSection":["\u00c9conomie","homepage-french","Toutes les actualit\u00e9s"],"inLanguage":"fr-FR","potentialAction":[{"@type":"CommentAction","name":"Comment","target":["https:\/\/www.africa-press.net\/cameroun\/economie\/cooperation-les-etats-unis-sinteressent-au-made-in-cameroon#respond"]}]},{"@type":"WebPage","@id":"https:\/\/www.africa-press.net\/cameroun\/economie\/cooperation-les-etats-unis-sinteressent-au-made-in-cameroon","url":"https:\/\/www.africa-press.net\/cameroun\/economie\/cooperation-les-etats-unis-sinteressent-au-made-in-cameroon","name":"Coop\u00e9ration\u00a0: les Etats-Unis s\u2019int\u00e9ressent au Made in Cameroon - Cameroun","isPartOf":{"@id":"https:\/\/www.africa-press.net\/cameroun\/#website"},"primaryImageOfPage":{"@id":"https:\/\/www.africa-press.net\/cameroun\/economie\/cooperation-les-etats-unis-sinteressent-au-made-in-cameroon#primaryimage"},"image":{"@id":"https:\/\/www.africa-press.net\/cameroun\/economie\/cooperation-les-etats-unis-sinteressent-au-made-in-cameroon#primaryimage"},"thumbnailUrl":"https:\/\/static.africa-press.net\/cameroun\/sites\/57\/2022\/08\/img-62e8167d500e5.jpg","datePublished":"2022-08-01T16:14:06+00:00","dateModified":"2022-08-01T18:08:19+00:00","author":{"@id":"https:\/\/www.africa-press.net\/cameroun\/#\/schema\/person\/2b1cf3cd81a31e3cd26889ca66d677f1"},"description":"Christopher John Lamora, Ambassadeur des Etats-Unis au Cameroun et Achille Bassilekin III, ministre des PME se sont vus ...","breadcrumb":{"@id":"https:\/\/www.africa-press.net\/cameroun\/economie\/cooperation-les-etats-unis-sinteressent-au-made-in-cameroon#breadcrumb"},"inLanguage":"fr-FR","potentialAction":[{"@type":"ReadAction","target":["https:\/\/www.africa-press.net\/cameroun\/economie\/cooperation-les-etats-unis-sinteressent-au-made-in-cameroon"]}]},{"@type":"ImageObject","inLanguage":"fr-FR","@id":"https:\/\/www.africa-press.net\/cameroun\/economie\/cooperation-les-etats-unis-sinteressent-au-made-in-cameroon#primaryimage","url":"https:\/\/static.africa-press.net\/cameroun\/sites\/57\/2022\/08\/img-62e8167d500e5.jpg","contentUrl":"https:\/\/static.africa-press.net\/cameroun\/sites\/57\/2022\/08\/img-62e8167d500e5.jpg","width":720,"height":720,"caption":"Coop\u00e9ration\u00a0: les Etats-Unis s\u2019int\u00e9ressent au Made in Cameroon"},{"@type":"BreadcrumbList","@id":"https:\/\/www.africa-press.net\/cameroun\/economie\/cooperation-les-etats-unis-sinteressent-au-made-in-cameroon#breadcrumb","itemListElement":[{"@type":"ListItem","position":1,"name":"Accueil","item":"https:\/\/www.africa-press.net\/cameroun\/"},{"@type":"ListItem","position":2,"name":"Coop\u00e9ration\u00a0: les Etats-Unis s\u2019int\u00e9ressent au Made in Cameroon"}]},{"@type":"WebSite","@id":"https:\/\/www.africa-press.net\/cameroun\/#website","url":"https:\/\/www.africa-press.net\/cameroun\/","name":"Cameroun","description":"Just another Africa News Agency Sites site","potentialAction":[{"@type":"SearchAction","target":{"@type":"EntryPoint","urlTemplate":"https:\/\/www.africa-press.net\/cameroun\/?s={search_term_string}"},"query-input":{"@type":"PropertyValueSpecification","valueRequired":true,"valueName":"search_term_string"}}],"inLanguage":"fr-FR"},{"@type":"Person","@id":"https:\/\/www.africa-press.net\/cameroun\/#\/schema\/person\/2b1cf3cd81a31e3cd26889ca66d677f1","name":"cfeditorfr"}]}},"_links":{"self":[{"href":"https:\/\/www.africa-press.net\/cameroun\/wp-json\/wp\/v2\/posts\/24649","targetHints":{"allow":["GET"]}}],"collection":[{"href":"https:\/\/www.africa-press.net\/cameroun\/wp-json\/wp\/v2\/posts"}],"about":[{"href":"https:\/\/www.africa-press.net\/cameroun\/wp-json\/wp\/v2\/types\/post"}],"author":[{"embeddable":true,"href":"https:\/\/www.africa-press.net\/cameroun\/wp-json\/wp\/v2\/users\/82"}],"replies":[{"embeddable":true,"href":"https:\/\/www.africa-press.net\/cameroun\/wp-json\/wp\/v2\/comments?post=24649"}],"version-history":[{"count":0,"href":"https:\/\/www.africa-press.net\/cameroun\/wp-json\/wp\/v2\/posts\/24649\/revisions"}],"wp:featuredmedia":[{"embeddable":true,"href":"https:\/\/www.africa-press.net\/cameroun\/wp-json\/wp\/v2\/media\/24648"}],"wp:attachment":[{"href":"https:\/\/www.africa-press.net\/cameroun\/wp-json\/wp\/v2\/media?parent=24649"}],"wp:term":[{"taxonomy":"category","embeddable":true,"href":"https:\/\/www.africa-press.net\/cameroun\/wp-json\/wp\/v2\/categories?post=24649"},{"taxonomy":"post_tag","embeddable":true,"href":"https:\/\/www.africa-press.net\/cameroun\/wp-json\/wp\/v2\/tags?post=24649"}],"curies":[{"name":"wp","href":"https:\/\/api.w.org\/{rel}","templated":true}]}}