{"id":24670,"date":"2022-08-03T16:37:20","date_gmt":"2022-08-03T16:37:20","guid":{"rendered":"https:\/\/www.africa-press.net\/cameroun\/politique\/dementi-le-lamido-de-garoua-ibrahim-elrachidini-se-desolidarise-des-actions-envisagees-pour-susciter-la-liberation-de-marafa-iya-mohammed-et-hamadou-vamoulke"},"modified":"2022-08-03T16:37:34","modified_gmt":"2022-08-03T16:37:34","slug":"dementi-le-lamido-de-garoua-ibrahim-elrachidini-se-desolidarise-des-actions-envisagees-pour-susciter-la-liberation-de-marafa-iya-mohammed-et-hamadou-vamoulke","status":"publish","type":"post","link":"https:\/\/www.africa-press.net\/cameroun\/politique\/dementi-le-lamido-de-garoua-ibrahim-elrachidini-se-desolidarise-des-actions-envisagees-pour-susciter-la-liberation-de-marafa-iya-mohammed-et-hamadou-vamoulke","title":{"rendered":"D\u00e9menti: Le lamido de Garoua, Ibrahim Elrachidini, se d\u00e9solidarise des actions envisag\u00e9es pour susciter la lib\u00e9ration de Marafa, Iya Mohammed et Hamadou Vamoulke"},"content":{"rendered":"<p><span style=\"color: #ff6600\"><strong>Africa-Press &#8211; Cameroun. <\/strong><\/span>Le septentrion est en \u00e9bullition depuis la lib\u00e9ration le vendredi 29 juillet 2022 de l\u2019ex ministre de l\u2019Eau et de l\u2019Energie, Basile Atangana Kouna, arr\u00eat\u00e9 en 2018 dans le cadre de l\u2019Op\u00e9ration Epervier, pour d\u00e9tournements de deniers publics. Il a \u00e9t\u00e9 lib\u00e9r\u00e9 apr\u00e8s restitution du corps du d\u00e9lit, et depuis lors, la soci\u00e9t\u00e9 civile et des groupes de pression dans le Grand-Nord s\u2019activent pour organiser des manifestations \u00e0 Maroua ainsi qu\u2019\u00e0 Garoua, pour exiger la lib\u00e9ration de trois dignitaires de la r\u00e9gion, en l\u2019occurrence Marafa Hamidou Yaya, Amadou Vamoulke et Iya Mohammed.<\/p>\n<p>Des initiatives qui n\u2019ont pas trouv\u00e9 l\u2019assentiment du lamido de Garoua, Ibrahim Elrachidini, dont le nom aurait \u00e9t\u00e9 cit\u00e9 dans les man\u0153uvres visant \u00e0 ourdir la strat\u00e9gie de lib\u00e9ration de ces prisonniers de luxe, qui aboutirait d\u2019ailleurs \u00e0 une prise du pouvoir. Il a, dans un communiqu\u00e9 publi\u00e9 le lundi 1er ao\u00fbt 2022, apport\u00e9 un d\u00e9menti formel \u00e0 cette information. \u00ab Sa Majest\u00e9 Ibrahim Elrachidini tient \u00e0 apporter un d\u00e9menti formel \u00e0 ces all\u00e9gations d\u00e9nu\u00e9es de tout fondement ainsi qu\u2019\u00e0 une quelconque candidature li\u00e9e aux \u00e9lections \u00e0 venir dans notre pays \u00bb.<\/p>\n<p>Il est en effet accus\u00e9 d\u2019avoir organis\u00e9 une r\u00e9union au sein de sa chefferie, et \u00e0 laquelle aurait pris part certaines \u00e9lites du Nord dont l\u2019ex d\u00e9l\u00e9gu\u00e9 du Gouvernement, des honorables d\u00e9put\u00e9s \u00e0 l\u2019Assembl\u00e9e nationale et le Waziri du Lamidat de Garoua, et que ladite rencontre aurait abouti \u00e0 l\u2019intention d\u2019une marche pacifique ayant pour but ultime la demande de lib\u00e9ration des sieurs Marafa Hamidou Yaya, Iya Mohmaed et Amadou Vamoulke.<\/p>\n<p>Par ailleurs, \u00ab Sa Majeste demande formellement aux populations de Garoua de se dissocier de cette pr\u00e9tendue marche pacifique tendant \u00e0 la remise en question de cette paix si ch\u00e8re \u00e0 notre pays et incarn\u00e9e si heureusement par Son Excellence monsieur Paul Biya pr\u00e9sident de la R\u00e9publique \u00bb.<\/p>\n<p>Il faut rappeler que la Conf\u00e9d\u00e9ration des associations des jeunes solidaires du Cameroun (CAJSC) est l\u2019organisation qui projette les marches le 12 ao\u00fbt 2022 dans les villes de Garoua et de Maroua pour exiger la lib\u00e9ration de Marafa, Iya et Vamoulke.<\/p>\n<p><strong>Pour plus d&rsquo;informations et d&rsquo;analyses sur la <a href=\"https:\/\/www.africa-press.net\/cameroun\">Cameroun<\/a>, suivez <a href=\"https:\/\/www.africa-press.net\/\">Africa-Press<\/a><\/strong><\/p>\n","protected":false},"excerpt":{"rendered":"<p>Africa-Press &#8211; Cameroun. Le septentrion est en \u00e9bullition depuis la lib\u00e9ration le vendredi 29 juillet 2022 de l\u2019ex ministre de l\u2019Eau et de l\u2019Energie, Basile Atangana Kouna, arr\u00eat\u00e9 en 2018 dans le cadre de l\u2019Op\u00e9ration Epervier, pour d\u00e9tournements de deniers publics. Il a \u00e9t\u00e9 lib\u00e9r\u00e9 apr\u00e8s restitution du corps du d\u00e9lit, et depuis lors, la [&hellip;]<\/p>\n","protected":false},"author":82,"featured_media":24669,"comment_status":"open","ping_status":"closed","sticky":false,"template":"","format":"standard","meta":{"footnotes":""},"categories":[11,2,10],"tags":[36,50,49],"class_list":["post-24670","post","type-post","status-publish","format-standard","has-post-thumbnail","hentry","category-homepage-french","category-politique","category-toutes-les-actualites","tag-africa-press","tag-africa-press-cameroun","tag-cameroun"],"yoast_head":"<!-- This site is optimized with the Yoast SEO Premium plugin v26.1 (Yoast SEO v27.0) - https:\/\/yoast.com\/product\/yoast-seo-premium-wordpress\/ -->\n<title>D\u00e9menti: Le lamido de Garoua, Ibrahim Elrachidini, se d\u00e9solidarise des actions envisag\u00e9es pour susciter la lib\u00e9ration de Marafa, Iya Mohammed et Hamadou Vamoulke - Cameroun<\/title>\n<meta name=\"description\" content=\"Le septentrion est en \u00e9bullition depuis la lib\u00e9ration le vendredi 29 juillet 2022 de l\u2019ex ministre de l\u2019Eau et de l\u2019Ener ...\" \/>\n<meta name=\"robots\" content=\"index, follow, max-snippet:-1, max-image-preview:large, max-video-preview:-1\" \/>\n<link rel=\"canonical\" href=\"https:\/\/www.africa-press.net\/cameroun\/politique\/dementi-le-lamido-de-garoua-ibrahim-elrachidini-se-desolidarise-des-actions-envisagees-pour-susciter-la-liberation-de-marafa-iya-mohammed-et-hamadou-vamoulke\" \/>\n<meta property=\"og:locale\" content=\"fr_FR\" \/>\n<meta property=\"og:type\" content=\"article\" \/>\n<meta property=\"og:title\" content=\"D\u00e9menti: Le lamido de Garoua, Ibrahim Elrachidini, se d\u00e9solidarise des actions envisag\u00e9es pour susciter la lib\u00e9ration de Marafa, Iya Mohammed et Hamadou Vamoulke\" \/>\n<meta property=\"og:description\" content=\"Le septentrion est en \u00e9bullition depuis la lib\u00e9ration le vendredi 29 juillet 2022 de l\u2019ex ministre de l\u2019Eau et de l\u2019Ener ...\" \/>\n<meta property=\"og:url\" content=\"https:\/\/www.africa-press.net\/cameroun\/politique\/dementi-le-lamido-de-garoua-ibrahim-elrachidini-se-desolidarise-des-actions-envisagees-pour-susciter-la-liberation-de-marafa-iya-mohammed-et-hamadou-vamoulke\" \/>\n<meta property=\"og:site_name\" content=\"Cameroun\" \/>\n<meta property=\"article:published_time\" content=\"2022-08-03T16:37:20+00:00\" \/>\n<meta property=\"article:modified_time\" content=\"2022-08-03T16:37:34+00:00\" \/>\n<meta property=\"og:image\" content=\"https:\/\/static.africa-press.net\/cameroun\/sites\/57\/2022\/08\/img-62eaa436c2c74.jpg\" \/>\n\t<meta property=\"og:image:width\" content=\"800\" \/>\n\t<meta property=\"og:image:height\" content=\"562\" \/>\n\t<meta property=\"og:image:type\" content=\"image\/jpeg\" \/>\n<meta name=\"author\" content=\"cfeditorfr\" \/>\n<meta name=\"twitter:card\" content=\"summary_large_image\" \/>\n<meta name=\"twitter:label1\" content=\"\u00c9crit par\" \/>\n\t<meta name=\"twitter:data1\" content=\"cfeditorfr\" \/>\n\t<meta name=\"twitter:label2\" content=\"Dur\u00e9e de lecture estim\u00e9e\" \/>\n\t<meta name=\"twitter:data2\" content=\"2 minutes\" \/>\n<script type=\"application\/ld+json\" class=\"yoast-schema-graph\">{\"@context\":\"https:\/\/schema.org\",\"@graph\":[{\"@type\":\"Article\",\"@id\":\"https:\/\/www.africa-press.net\/cameroun\/politique\/dementi-le-lamido-de-garoua-ibrahim-elrachidini-se-desolidarise-des-actions-envisagees-pour-susciter-la-liberation-de-marafa-iya-mohammed-et-hamadou-vamoulke#article\",\"isPartOf\":{\"@id\":\"https:\/\/www.africa-press.net\/cameroun\/politique\/dementi-le-lamido-de-garoua-ibrahim-elrachidini-se-desolidarise-des-actions-envisagees-pour-susciter-la-liberation-de-marafa-iya-mohammed-et-hamadou-vamoulke\"},\"author\":{\"name\":\"cfeditorfr\",\"@id\":\"https:\/\/www.africa-press.net\/cameroun\/#\/schema\/person\/2b1cf3cd81a31e3cd26889ca66d677f1\"},\"headline\":\"D\u00e9menti: Le lamido de Garoua, Ibrahim Elrachidini, se d\u00e9solidarise des actions envisag\u00e9es pour susciter la lib\u00e9ration de Marafa, Iya Mohammed et Hamadou Vamoulke\",\"datePublished\":\"2022-08-03T16:37:20+00:00\",\"dateModified\":\"2022-08-03T16:37:34+00:00\",\"mainEntityOfPage\":{\"@id\":\"https:\/\/www.africa-press.net\/cameroun\/politique\/dementi-le-lamido-de-garoua-ibrahim-elrachidini-se-desolidarise-des-actions-envisagees-pour-susciter-la-liberation-de-marafa-iya-mohammed-et-hamadou-vamoulke\"},\"wordCount\":415,\"commentCount\":0,\"image\":{\"@id\":\"https:\/\/www.africa-press.net\/cameroun\/politique\/dementi-le-lamido-de-garoua-ibrahim-elrachidini-se-desolidarise-des-actions-envisagees-pour-susciter-la-liberation-de-marafa-iya-mohammed-et-hamadou-vamoulke#primaryimage\"},\"thumbnailUrl\":\"https:\/\/static.africa-press.net\/cameroun\/sites\/57\/2022\/08\/img-62eaa436c2c74.jpg\",\"keywords\":[\"Africa Press\",\"Africa Press-Cameroun\",\"Cameroun\"],\"articleSection\":[\"homepage-french\",\"Politique\",\"Toutes les actualit\u00e9s\"],\"inLanguage\":\"fr-FR\",\"potentialAction\":[{\"@type\":\"CommentAction\",\"name\":\"Comment\",\"target\":[\"https:\/\/www.africa-press.net\/cameroun\/politique\/dementi-le-lamido-de-garoua-ibrahim-elrachidini-se-desolidarise-des-actions-envisagees-pour-susciter-la-liberation-de-marafa-iya-mohammed-et-hamadou-vamoulke#respond\"]}]},{\"@type\":\"WebPage\",\"@id\":\"https:\/\/www.africa-press.net\/cameroun\/politique\/dementi-le-lamido-de-garoua-ibrahim-elrachidini-se-desolidarise-des-actions-envisagees-pour-susciter-la-liberation-de-marafa-iya-mohammed-et-hamadou-vamoulke\",\"url\":\"https:\/\/www.africa-press.net\/cameroun\/politique\/dementi-le-lamido-de-garoua-ibrahim-elrachidini-se-desolidarise-des-actions-envisagees-pour-susciter-la-liberation-de-marafa-iya-mohammed-et-hamadou-vamoulke\",\"name\":\"D\u00e9menti: Le lamido de Garoua, Ibrahim Elrachidini, se d\u00e9solidarise des actions envisag\u00e9es pour susciter la lib\u00e9ration de Marafa, Iya Mohammed et Hamadou Vamoulke - Cameroun\",\"isPartOf\":{\"@id\":\"https:\/\/www.africa-press.net\/cameroun\/#website\"},\"primaryImageOfPage\":{\"@id\":\"https:\/\/www.africa-press.net\/cameroun\/politique\/dementi-le-lamido-de-garoua-ibrahim-elrachidini-se-desolidarise-des-actions-envisagees-pour-susciter-la-liberation-de-marafa-iya-mohammed-et-hamadou-vamoulke#primaryimage\"},\"image\":{\"@id\":\"https:\/\/www.africa-press.net\/cameroun\/politique\/dementi-le-lamido-de-garoua-ibrahim-elrachidini-se-desolidarise-des-actions-envisagees-pour-susciter-la-liberation-de-marafa-iya-mohammed-et-hamadou-vamoulke#primaryimage\"},\"thumbnailUrl\":\"https:\/\/static.africa-press.net\/cameroun\/sites\/57\/2022\/08\/img-62eaa436c2c74.jpg\",\"datePublished\":\"2022-08-03T16:37:20+00:00\",\"dateModified\":\"2022-08-03T16:37:34+00:00\",\"author\":{\"@id\":\"https:\/\/www.africa-press.net\/cameroun\/#\/schema\/person\/2b1cf3cd81a31e3cd26889ca66d677f1\"},\"description\":\"Le septentrion est en \u00e9bullition depuis la lib\u00e9ration le vendredi 29 juillet 2022 de l\u2019ex ministre de l\u2019Eau et de l\u2019Ener ...\",\"breadcrumb\":{\"@id\":\"https:\/\/www.africa-press.net\/cameroun\/politique\/dementi-le-lamido-de-garoua-ibrahim-elrachidini-se-desolidarise-des-actions-envisagees-pour-susciter-la-liberation-de-marafa-iya-mohammed-et-hamadou-vamoulke#breadcrumb\"},\"inLanguage\":\"fr-FR\",\"potentialAction\":[{\"@type\":\"ReadAction\",\"target\":[\"https:\/\/www.africa-press.net\/cameroun\/politique\/dementi-le-lamido-de-garoua-ibrahim-elrachidini-se-desolidarise-des-actions-envisagees-pour-susciter-la-liberation-de-marafa-iya-mohammed-et-hamadou-vamoulke\"]}]},{\"@type\":\"ImageObject\",\"inLanguage\":\"fr-FR\",\"@id\":\"https:\/\/www.africa-press.net\/cameroun\/politique\/dementi-le-lamido-de-garoua-ibrahim-elrachidini-se-desolidarise-des-actions-envisagees-pour-susciter-la-liberation-de-marafa-iya-mohammed-et-hamadou-vamoulke#primaryimage\",\"url\":\"https:\/\/static.africa-press.net\/cameroun\/sites\/57\/2022\/08\/img-62eaa436c2c74.jpg\",\"contentUrl\":\"https:\/\/static.africa-press.net\/cameroun\/sites\/57\/2022\/08\/img-62eaa436c2c74.jpg\",\"width\":800,\"height\":562,\"caption\":\"D\u00e9menti: Le lamido de Garoua, Ibrahim Elrachidini, se d\u00e9solidarise des actions envisag\u00e9es pour susciter la lib\u00e9ration de Marafa, Iya Mohammed et Hamadou Vamoulke\"},{\"@type\":\"BreadcrumbList\",\"@id\":\"https:\/\/www.africa-press.net\/cameroun\/politique\/dementi-le-lamido-de-garoua-ibrahim-elrachidini-se-desolidarise-des-actions-envisagees-pour-susciter-la-liberation-de-marafa-iya-mohammed-et-hamadou-vamoulke#breadcrumb\",\"itemListElement\":[{\"@type\":\"ListItem\",\"position\":1,\"name\":\"Accueil\",\"item\":\"https:\/\/www.africa-press.net\/cameroun\/\"},{\"@type\":\"ListItem\",\"position\":2,\"name\":\"D\u00e9menti: Le lamido de Garoua, Ibrahim Elrachidini, se d\u00e9solidarise des actions envisag\u00e9es pour susciter la lib\u00e9ration de Marafa, Iya Mohammed et Hamadou Vamoulke\"}]},{\"@type\":\"WebSite\",\"@id\":\"https:\/\/www.africa-press.net\/cameroun\/#website\",\"url\":\"https:\/\/www.africa-press.net\/cameroun\/\",\"name\":\"Cameroun\",\"description\":\"Just another Africa News Agency Sites site\",\"potentialAction\":[{\"@type\":\"SearchAction\",\"target\":{\"@type\":\"EntryPoint\",\"urlTemplate\":\"https:\/\/www.africa-press.net\/cameroun\/?s={search_term_string}\"},\"query-input\":{\"@type\":\"PropertyValueSpecification\",\"valueRequired\":true,\"valueName\":\"search_term_string\"}}],\"inLanguage\":\"fr-FR\"},{\"@type\":\"Person\",\"@id\":\"https:\/\/www.africa-press.net\/cameroun\/#\/schema\/person\/2b1cf3cd81a31e3cd26889ca66d677f1\",\"name\":\"cfeditorfr\"}]}<\/script>\n<!-- \/ Yoast SEO Premium plugin. -->","yoast_head_json":{"title":"D\u00e9menti: Le lamido de Garoua, Ibrahim Elrachidini, se d\u00e9solidarise des actions envisag\u00e9es pour susciter la lib\u00e9ration de Marafa, Iya Mohammed et Hamadou Vamoulke - Cameroun","description":"Le septentrion est en \u00e9bullition depuis la lib\u00e9ration le vendredi 29 juillet 2022 de l\u2019ex ministre de l\u2019Eau et de l\u2019Ener ...","robots":{"index":"index","follow":"follow","max-snippet":"max-snippet:-1","max-image-preview":"max-image-preview:large","max-video-preview":"max-video-preview:-1"},"canonical":"https:\/\/www.africa-press.net\/cameroun\/politique\/dementi-le-lamido-de-garoua-ibrahim-elrachidini-se-desolidarise-des-actions-envisagees-pour-susciter-la-liberation-de-marafa-iya-mohammed-et-hamadou-vamoulke","og_locale":"fr_FR","og_type":"article","og_title":"D\u00e9menti: Le lamido de Garoua, Ibrahim Elrachidini, se d\u00e9solidarise des actions envisag\u00e9es pour susciter la lib\u00e9ration de Marafa, Iya Mohammed et Hamadou Vamoulke","og_description":"Le septentrion est en \u00e9bullition depuis la lib\u00e9ration le vendredi 29 juillet 2022 de l\u2019ex ministre de l\u2019Eau et de l\u2019Ener ...","og_url":"https:\/\/www.africa-press.net\/cameroun\/politique\/dementi-le-lamido-de-garoua-ibrahim-elrachidini-se-desolidarise-des-actions-envisagees-pour-susciter-la-liberation-de-marafa-iya-mohammed-et-hamadou-vamoulke","og_site_name":"Cameroun","article_published_time":"2022-08-03T16:37:20+00:00","article_modified_time":"2022-08-03T16:37:34+00:00","og_image":[{"width":800,"height":562,"url":"https:\/\/static.africa-press.net\/cameroun\/sites\/57\/2022\/08\/img-62eaa436c2c74.jpg","type":"image\/jpeg"}],"author":"cfeditorfr","twitter_card":"summary_large_image","twitter_misc":{"\u00c9crit par":"cfeditorfr","Dur\u00e9e de lecture estim\u00e9e":"2 minutes"},"schema":{"@context":"https:\/\/schema.org","@graph":[{"@type":"Article","@id":"https:\/\/www.africa-press.net\/cameroun\/politique\/dementi-le-lamido-de-garoua-ibrahim-elrachidini-se-desolidarise-des-actions-envisagees-pour-susciter-la-liberation-de-marafa-iya-mohammed-et-hamadou-vamoulke#article","isPartOf":{"@id":"https:\/\/www.africa-press.net\/cameroun\/politique\/dementi-le-lamido-de-garoua-ibrahim-elrachidini-se-desolidarise-des-actions-envisagees-pour-susciter-la-liberation-de-marafa-iya-mohammed-et-hamadou-vamoulke"},"author":{"name":"cfeditorfr","@id":"https:\/\/www.africa-press.net\/cameroun\/#\/schema\/person\/2b1cf3cd81a31e3cd26889ca66d677f1"},"headline":"D\u00e9menti: Le lamido de Garoua, Ibrahim Elrachidini, se d\u00e9solidarise des actions envisag\u00e9es pour susciter la lib\u00e9ration de Marafa, Iya Mohammed et Hamadou Vamoulke","datePublished":"2022-08-03T16:37:20+00:00","dateModified":"2022-08-03T16:37:34+00:00","mainEntityOfPage":{"@id":"https:\/\/www.africa-press.net\/cameroun\/politique\/dementi-le-lamido-de-garoua-ibrahim-elrachidini-se-desolidarise-des-actions-envisagees-pour-susciter-la-liberation-de-marafa-iya-mohammed-et-hamadou-vamoulke"},"wordCount":415,"commentCount":0,"image":{"@id":"https:\/\/www.africa-press.net\/cameroun\/politique\/dementi-le-lamido-de-garoua-ibrahim-elrachidini-se-desolidarise-des-actions-envisagees-pour-susciter-la-liberation-de-marafa-iya-mohammed-et-hamadou-vamoulke#primaryimage"},"thumbnailUrl":"https:\/\/static.africa-press.net\/cameroun\/sites\/57\/2022\/08\/img-62eaa436c2c74.jpg","keywords":["Africa Press","Africa Press-Cameroun","Cameroun"],"articleSection":["homepage-french","Politique","Toutes les actualit\u00e9s"],"inLanguage":"fr-FR","potentialAction":[{"@type":"CommentAction","name":"Comment","target":["https:\/\/www.africa-press.net\/cameroun\/politique\/dementi-le-lamido-de-garoua-ibrahim-elrachidini-se-desolidarise-des-actions-envisagees-pour-susciter-la-liberation-de-marafa-iya-mohammed-et-hamadou-vamoulke#respond"]}]},{"@type":"WebPage","@id":"https:\/\/www.africa-press.net\/cameroun\/politique\/dementi-le-lamido-de-garoua-ibrahim-elrachidini-se-desolidarise-des-actions-envisagees-pour-susciter-la-liberation-de-marafa-iya-mohammed-et-hamadou-vamoulke","url":"https:\/\/www.africa-press.net\/cameroun\/politique\/dementi-le-lamido-de-garoua-ibrahim-elrachidini-se-desolidarise-des-actions-envisagees-pour-susciter-la-liberation-de-marafa-iya-mohammed-et-hamadou-vamoulke","name":"D\u00e9menti: Le lamido de Garoua, Ibrahim Elrachidini, se d\u00e9solidarise des actions envisag\u00e9es pour susciter la lib\u00e9ration de Marafa, Iya Mohammed et Hamadou Vamoulke - Cameroun","isPartOf":{"@id":"https:\/\/www.africa-press.net\/cameroun\/#website"},"primaryImageOfPage":{"@id":"https:\/\/www.africa-press.net\/cameroun\/politique\/dementi-le-lamido-de-garoua-ibrahim-elrachidini-se-desolidarise-des-actions-envisagees-pour-susciter-la-liberation-de-marafa-iya-mohammed-et-hamadou-vamoulke#primaryimage"},"image":{"@id":"https:\/\/www.africa-press.net\/cameroun\/politique\/dementi-le-lamido-de-garoua-ibrahim-elrachidini-se-desolidarise-des-actions-envisagees-pour-susciter-la-liberation-de-marafa-iya-mohammed-et-hamadou-vamoulke#primaryimage"},"thumbnailUrl":"https:\/\/static.africa-press.net\/cameroun\/sites\/57\/2022\/08\/img-62eaa436c2c74.jpg","datePublished":"2022-08-03T16:37:20+00:00","dateModified":"2022-08-03T16:37:34+00:00","author":{"@id":"https:\/\/www.africa-press.net\/cameroun\/#\/schema\/person\/2b1cf3cd81a31e3cd26889ca66d677f1"},"description":"Le septentrion est en \u00e9bullition depuis la lib\u00e9ration le vendredi 29 juillet 2022 de l\u2019ex ministre de l\u2019Eau et de l\u2019Ener ...","breadcrumb":{"@id":"https:\/\/www.africa-press.net\/cameroun\/politique\/dementi-le-lamido-de-garoua-ibrahim-elrachidini-se-desolidarise-des-actions-envisagees-pour-susciter-la-liberation-de-marafa-iya-mohammed-et-hamadou-vamoulke#breadcrumb"},"inLanguage":"fr-FR","potentialAction":[{"@type":"ReadAction","target":["https:\/\/www.africa-press.net\/cameroun\/politique\/dementi-le-lamido-de-garoua-ibrahim-elrachidini-se-desolidarise-des-actions-envisagees-pour-susciter-la-liberation-de-marafa-iya-mohammed-et-hamadou-vamoulke"]}]},{"@type":"ImageObject","inLanguage":"fr-FR","@id":"https:\/\/www.africa-press.net\/cameroun\/politique\/dementi-le-lamido-de-garoua-ibrahim-elrachidini-se-desolidarise-des-actions-envisagees-pour-susciter-la-liberation-de-marafa-iya-mohammed-et-hamadou-vamoulke#primaryimage","url":"https:\/\/static.africa-press.net\/cameroun\/sites\/57\/2022\/08\/img-62eaa436c2c74.jpg","contentUrl":"https:\/\/static.africa-press.net\/cameroun\/sites\/57\/2022\/08\/img-62eaa436c2c74.jpg","width":800,"height":562,"caption":"D\u00e9menti: Le lamido de Garoua, Ibrahim Elrachidini, se d\u00e9solidarise des actions envisag\u00e9es pour susciter la lib\u00e9ration de Marafa, Iya Mohammed et Hamadou Vamoulke"},{"@type":"BreadcrumbList","@id":"https:\/\/www.africa-press.net\/cameroun\/politique\/dementi-le-lamido-de-garoua-ibrahim-elrachidini-se-desolidarise-des-actions-envisagees-pour-susciter-la-liberation-de-marafa-iya-mohammed-et-hamadou-vamoulke#breadcrumb","itemListElement":[{"@type":"ListItem","position":1,"name":"Accueil","item":"https:\/\/www.africa-press.net\/cameroun\/"},{"@type":"ListItem","position":2,"name":"D\u00e9menti: Le lamido de Garoua, Ibrahim Elrachidini, se d\u00e9solidarise des actions envisag\u00e9es pour susciter la lib\u00e9ration de Marafa, Iya Mohammed et Hamadou Vamoulke"}]},{"@type":"WebSite","@id":"https:\/\/www.africa-press.net\/cameroun\/#website","url":"https:\/\/www.africa-press.net\/cameroun\/","name":"Cameroun","description":"Just another Africa News Agency Sites site","potentialAction":[{"@type":"SearchAction","target":{"@type":"EntryPoint","urlTemplate":"https:\/\/www.africa-press.net\/cameroun\/?s={search_term_string}"},"query-input":{"@type":"PropertyValueSpecification","valueRequired":true,"valueName":"search_term_string"}}],"inLanguage":"fr-FR"},{"@type":"Person","@id":"https:\/\/www.africa-press.net\/cameroun\/#\/schema\/person\/2b1cf3cd81a31e3cd26889ca66d677f1","name":"cfeditorfr"}]}},"_links":{"self":[{"href":"https:\/\/www.africa-press.net\/cameroun\/wp-json\/wp\/v2\/posts\/24670","targetHints":{"allow":["GET"]}}],"collection":[{"href":"https:\/\/www.africa-press.net\/cameroun\/wp-json\/wp\/v2\/posts"}],"about":[{"href":"https:\/\/www.africa-press.net\/cameroun\/wp-json\/wp\/v2\/types\/post"}],"author":[{"embeddable":true,"href":"https:\/\/www.africa-press.net\/cameroun\/wp-json\/wp\/v2\/users\/82"}],"replies":[{"embeddable":true,"href":"https:\/\/www.africa-press.net\/cameroun\/wp-json\/wp\/v2\/comments?post=24670"}],"version-history":[{"count":0,"href":"https:\/\/www.africa-press.net\/cameroun\/wp-json\/wp\/v2\/posts\/24670\/revisions"}],"wp:featuredmedia":[{"embeddable":true,"href":"https:\/\/www.africa-press.net\/cameroun\/wp-json\/wp\/v2\/media\/24669"}],"wp:attachment":[{"href":"https:\/\/www.africa-press.net\/cameroun\/wp-json\/wp\/v2\/media?parent=24670"}],"wp:term":[{"taxonomy":"category","embeddable":true,"href":"https:\/\/www.africa-press.net\/cameroun\/wp-json\/wp\/v2\/categories?post=24670"},{"taxonomy":"post_tag","embeddable":true,"href":"https:\/\/www.africa-press.net\/cameroun\/wp-json\/wp\/v2\/tags?post=24670"}],"curies":[{"name":"wp","href":"https:\/\/api.w.org\/{rel}","templated":true}]}}