{"id":24679,"date":"2022-08-03T14:05:06","date_gmt":"2022-08-03T14:05:06","guid":{"rendered":"https:\/\/www.africa-press.net\/cameroun\/politique\/revolte-cabral-libii-en-colere-contre-le-mrc-maurice-kamto-valsero-sam-severin-ango"},"modified":"2022-08-03T16:39:28","modified_gmt":"2022-08-03T16:39:28","slug":"revolte-cabral-libii-en-colere-contre-le-mrc-maurice-kamto-valsero-sam-severin-ango","status":"publish","type":"post","link":"https:\/\/www.africa-press.net\/cameroun\/politique\/revolte-cabral-libii-en-colere-contre-le-mrc-maurice-kamto-valsero-sam-severin-ango","title":{"rendered":"R\u00e9volte: Cabral Libii en col\u00e8re contre le MRC,  Maurice Kamto, Valsero, Sam S\u00e9verin Ango"},"content":{"rendered":"<p><span style=\"color: #ff6600\"><strong>Africa-Press &#8211; Cameroun. <\/strong><\/span>C\u2019est un Cabral Libii tr\u00e8s remont\u00e9 contre ses d\u00e9tracteurs qui s\u2019est exprim\u00e9 dans la matinale d\u2019ABK Radio de ce 2 Ao\u00fbt 2022. Le pr\u00e9sident national du PCRN (Parti Camerounais pour la R\u00e9conciliation Nationale) est revenu longuement sur les coups qu\u2019il a pris ces derni\u00e8res ann\u00e9es. Il s\u2019est souvenu de cette \u00e9poque o\u00f9 le commissaire de police en exil Junior Zogo l\u2019accusait de collusion avec le RDPC. Il n\u2019a pas oubli\u00e9 une accusation de m\u00eame nature \u00e9manant du d\u00e9funt Paul Eric Kingue . Ce dernier lui ayant fait perdre, assure-t-il \u00ab des milliers et des milliers de voix \u00bb au scrutin pr\u00e9sidentiel de 2018.<\/p>\n<p>Le d\u00e9put\u00e9 du Nyong-Et-Kell\u00e9 se d\u00e9fend de tromper le peuple comme le pr\u00e9tendent certains. \u00ab Je ne dupe pas les gens. Le mensonge, comme a dit l\u2019artiste Petit-Pays, n\u2019a pas de longues jambes. Chaque fois qu\u2019on dit : \u00ab Cabral Libii, on a dit ceci \u00bb, je dis : \u00ab bon ok qu\u2019est-ce qu\u2019on a dit ? \u00bb. L\u2019une des choses qu\u2019on dit , c\u2019est que Cabral Libii est d\u00e9sormais avec Paul Biya. Il est d\u00e9sormais avec le r\u00e9gime. Je dis ; \u00ab bon donnez-moi un \u00e9l\u00e9ment qui atteste de cela \u00bb. On dit : \u00ab Parce que tu es all\u00e9 aux \u00e9lections l\u00e9gislatives \u00bb. Vous vous souvenez qu\u2019on m\u2019a reproch\u00e9 d\u2019\u00eatre all\u00e9 aux \u00e9lections l\u00e9gislatives. Pour la simple raison qu\u2019un de mes concurrents en 2018 a dit qu\u2019il n\u2019allait pas aux \u00e9lections l\u00e9gislatives. Donc lui-m\u00eame, pour parler de lui, le pr\u00e9sident du MRC va \u00e0 RFI dire que tous ceux qui sont en train d\u2018aller aux \u00e9lections municipales et l\u00e9gislatives sont des alli\u00e9s du r\u00e9gime en place. Tout comme ses partisans. Ce qu\u2019ils r\u00e9p\u00e8tent comme une Vulgate partout \u00bb, d\u00e9plore le jeune homme politique, jadis proche du journaliste Sam S\u00e9verin Ango. Mais ceci est de l\u2019histoire ancienne.<\/p>\n<p>\u00ab Sam S\u00e9verin Ango fait partie des personnes qui sont mont\u00e9es au cr\u00e9neau, ais qui m\u2019ont d\u00e9nigr\u00e9 comme vous n\u2019avez pas id\u00e9e dans ce pays ! Il fait partie de ceux qui disaient m\u00eame clairement dans les m\u00e9dias qu\u2019ils avaient des preuves que d\u00e9sormais je roule seulement pour le RDPC ; \u00e7a tombe bien comme il est \u00e0 ABK Radio maintenant. N\u2019h\u00e9sitez pas \u00e0 lui demander une ou deux preuves, un ou deux \u00e9l\u00e9ments probants de ce que je serais d\u00e9sormais \u00e0 la solde de je ne sais qui \u00bb, a-t-il dit lorsque le nom du journaliste-homme politique a \u00e9t\u00e9 \u00e9voqu\u00e9. \u00ab Si ce n\u2019est que pour le bonjour, on s\u2019est toujours adress\u00e9s le bonjour \u00bb, a-t-il plus tard r\u00e9pondu \u00e0 son intervieweur qui ne faisait que lui transmettre les salutations de son coll\u00e8gue. Puis s\u2019adressant \u00e0 Sam S\u00e9verin Ango pr\u00e9sent dans le studio et qui rappelle qu\u2019il est son \u00ab ami \u00bb, il r\u00e9torque : \u00ab si c\u2019\u00e9tait le cas, les amis ne se racontent pas d\u2019histoires. Vous en avez tellement racont\u00e9 \u00e0 mon sujet que je doute que cel soit un trait dominant de quelque amiti\u00e9 \u00bb.<\/p>\n<p>Cabral Libii parle d\u2019un d\u00e9bat politique au Cameroun constitu\u00e9 \u00e0 60% \u00ab par le d\u00e9nigrement des gens \u00bb. Il accuse l\u2019artiste-musicien et opposant Valsero, pr\u00e9sent\u00e9 par lui comme \u00ab un haut alli\u00e9 d\u2019un parti concurrent \u00bb, d\u2019avoir trafiqu\u00e9 la vid\u00e9o de ses propos lors de l\u2019enterrement de son p\u00e8re.<\/p>\n<p>Le parlementaire se d\u00e9finit comme l victime d\u2019un vaste complot. \u00ab Je peux vous donner les noms de ceux qui sortent des choses sur moi, mais on y passera toute la journ\u00e9e. Mais ces gens sont connus. Ils sont alli\u00e9s pratiquement tous d\u2019un m\u00eame parti politique. Et ce sont les m\u00eames qui d\u00e8s 2017, avant m\u00eame que je n\u2019aille \u00e0 ma premi\u00e8re \u00e9lection, me faisaient d\u00e9j\u00e0 passer pour un pion du r\u00e9gime. Tous pratiquement. C\u2019est une strat\u00e9gie d\u2019une organisation politique au Cameroun. Ils se sont dit : \u00ab ok la seule chose qu\u2019il faut, c\u2019est d\u00e9truire ce monsieur. Et pour le d\u00e9truire, ne l\u2019attaquons pas sur ses id\u00e9es, faisons-le passer pour quelque chose que les Camerounais n\u2019aiment pas, c\u2019est-\u00e0-dire un pion du r\u00e9gime \u00bb, soutient l\u2019honorable Cabral Libii.<\/p>\n<p><strong>Pour plus d&rsquo;informations et d&rsquo;analyses sur la <a href=\"https:\/\/www.africa-press.net\/cameroun\">Cameroun<\/a>, suivez <a href=\"https:\/\/www.africa-press.net\/\">Africa-Press<\/a><\/strong><\/p>\n","protected":false},"excerpt":{"rendered":"<p>Africa-Press &#8211; Cameroun. C\u2019est un Cabral Libii tr\u00e8s remont\u00e9 contre ses d\u00e9tracteurs qui s\u2019est exprim\u00e9 dans la matinale d\u2019ABK Radio de ce 2 Ao\u00fbt 2022. Le pr\u00e9sident national du PCRN (Parti Camerounais pour la R\u00e9conciliation Nationale) est revenu longuement sur les coups qu\u2019il a pris ces derni\u00e8res ann\u00e9es. Il s\u2019est souvenu de cette \u00e9poque o\u00f9 [&hellip;]<\/p>\n","protected":false},"author":82,"featured_media":24678,"comment_status":"open","ping_status":"closed","sticky":false,"template":"","format":"standard","meta":{"footnotes":""},"categories":[11,2,10],"tags":[36,50,49],"class_list":["post-24679","post","type-post","status-publish","format-standard","has-post-thumbnail","hentry","category-homepage-french","category-politique","category-toutes-les-actualites","tag-africa-press","tag-africa-press-cameroun","tag-cameroun"],"yoast_head":"<!-- This site is optimized with the Yoast SEO Premium plugin v26.1 (Yoast SEO v27.0) - https:\/\/yoast.com\/product\/yoast-seo-premium-wordpress\/ -->\n<title>R\u00e9volte: Cabral Libii en col\u00e8re contre le MRC, Maurice Kamto, Valsero, Sam S\u00e9verin Ango - Cameroun<\/title>\n<meta name=\"description\" content=\"C\u2019est un Cabral Libii tr\u00e8s remont\u00e9 contre ses d\u00e9tracteurs qui s\u2019est exprim\u00e9 dans la matinale d\u2019ABK Radio de ce 2 Ao\u00fbt 20 ...\" \/>\n<meta name=\"robots\" content=\"index, follow, max-snippet:-1, max-image-preview:large, max-video-preview:-1\" \/>\n<link rel=\"canonical\" href=\"https:\/\/www.africa-press.net\/cameroun\/politique\/revolte-cabral-libii-en-colere-contre-le-mrc-maurice-kamto-valsero-sam-severin-ango\" \/>\n<meta property=\"og:locale\" content=\"fr_FR\" \/>\n<meta property=\"og:type\" content=\"article\" \/>\n<meta property=\"og:title\" content=\"R\u00e9volte: Cabral Libii en col\u00e8re contre le MRC, Maurice Kamto, Valsero, Sam S\u00e9verin Ango\" \/>\n<meta property=\"og:description\" content=\"C\u2019est un Cabral Libii tr\u00e8s remont\u00e9 contre ses d\u00e9tracteurs qui s\u2019est exprim\u00e9 dans la matinale d\u2019ABK Radio de ce 2 Ao\u00fbt 20 ...\" \/>\n<meta property=\"og:url\" content=\"https:\/\/www.africa-press.net\/cameroun\/politique\/revolte-cabral-libii-en-colere-contre-le-mrc-maurice-kamto-valsero-sam-severin-ango\" \/>\n<meta property=\"og:site_name\" content=\"Cameroun\" \/>\n<meta property=\"article:published_time\" content=\"2022-08-03T14:05:06+00:00\" \/>\n<meta property=\"article:modified_time\" content=\"2022-08-03T16:39:28+00:00\" \/>\n<meta property=\"og:image\" content=\"https:\/\/static.africa-press.net\/cameroun\/sites\/57\/2022\/08\/img-62eaa49fc1a1b.jpg\" \/>\n\t<meta property=\"og:image:width\" content=\"800\" \/>\n\t<meta property=\"og:image:height\" content=\"612\" \/>\n\t<meta property=\"og:image:type\" content=\"image\/jpeg\" \/>\n<meta name=\"author\" content=\"cfeditorfr\" \/>\n<meta name=\"twitter:card\" content=\"summary_large_image\" \/>\n<meta name=\"twitter:label1\" content=\"\u00c9crit par\" \/>\n\t<meta name=\"twitter:data1\" content=\"cfeditorfr\" \/>\n\t<meta name=\"twitter:label2\" content=\"Dur\u00e9e de lecture estim\u00e9e\" \/>\n\t<meta name=\"twitter:data2\" content=\"4 minutes\" \/>\n<script type=\"application\/ld+json\" class=\"yoast-schema-graph\">{\"@context\":\"https:\/\/schema.org\",\"@graph\":[{\"@type\":\"Article\",\"@id\":\"https:\/\/www.africa-press.net\/cameroun\/politique\/revolte-cabral-libii-en-colere-contre-le-mrc-maurice-kamto-valsero-sam-severin-ango#article\",\"isPartOf\":{\"@id\":\"https:\/\/www.africa-press.net\/cameroun\/politique\/revolte-cabral-libii-en-colere-contre-le-mrc-maurice-kamto-valsero-sam-severin-ango\"},\"author\":{\"name\":\"cfeditorfr\",\"@id\":\"https:\/\/www.africa-press.net\/cameroun\/#\/schema\/person\/2b1cf3cd81a31e3cd26889ca66d677f1\"},\"headline\":\"R\u00e9volte: Cabral Libii en col\u00e8re contre le MRC, Maurice Kamto, Valsero, Sam S\u00e9verin Ango\",\"datePublished\":\"2022-08-03T14:05:06+00:00\",\"dateModified\":\"2022-08-03T16:39:28+00:00\",\"mainEntityOfPage\":{\"@id\":\"https:\/\/www.africa-press.net\/cameroun\/politique\/revolte-cabral-libii-en-colere-contre-le-mrc-maurice-kamto-valsero-sam-severin-ango\"},\"wordCount\":763,\"commentCount\":0,\"image\":{\"@id\":\"https:\/\/www.africa-press.net\/cameroun\/politique\/revolte-cabral-libii-en-colere-contre-le-mrc-maurice-kamto-valsero-sam-severin-ango#primaryimage\"},\"thumbnailUrl\":\"https:\/\/static.africa-press.net\/cameroun\/sites\/57\/2022\/08\/img-62eaa49fc1a1b.jpg\",\"keywords\":[\"Africa Press\",\"Africa Press-Cameroun\",\"Cameroun\"],\"articleSection\":[\"homepage-french\",\"Politique\",\"Toutes les actualit\u00e9s\"],\"inLanguage\":\"fr-FR\",\"potentialAction\":[{\"@type\":\"CommentAction\",\"name\":\"Comment\",\"target\":[\"https:\/\/www.africa-press.net\/cameroun\/politique\/revolte-cabral-libii-en-colere-contre-le-mrc-maurice-kamto-valsero-sam-severin-ango#respond\"]}]},{\"@type\":\"WebPage\",\"@id\":\"https:\/\/www.africa-press.net\/cameroun\/politique\/revolte-cabral-libii-en-colere-contre-le-mrc-maurice-kamto-valsero-sam-severin-ango\",\"url\":\"https:\/\/www.africa-press.net\/cameroun\/politique\/revolte-cabral-libii-en-colere-contre-le-mrc-maurice-kamto-valsero-sam-severin-ango\",\"name\":\"R\u00e9volte: Cabral Libii en col\u00e8re contre le MRC, Maurice Kamto, Valsero, Sam S\u00e9verin Ango - Cameroun\",\"isPartOf\":{\"@id\":\"https:\/\/www.africa-press.net\/cameroun\/#website\"},\"primaryImageOfPage\":{\"@id\":\"https:\/\/www.africa-press.net\/cameroun\/politique\/revolte-cabral-libii-en-colere-contre-le-mrc-maurice-kamto-valsero-sam-severin-ango#primaryimage\"},\"image\":{\"@id\":\"https:\/\/www.africa-press.net\/cameroun\/politique\/revolte-cabral-libii-en-colere-contre-le-mrc-maurice-kamto-valsero-sam-severin-ango#primaryimage\"},\"thumbnailUrl\":\"https:\/\/static.africa-press.net\/cameroun\/sites\/57\/2022\/08\/img-62eaa49fc1a1b.jpg\",\"datePublished\":\"2022-08-03T14:05:06+00:00\",\"dateModified\":\"2022-08-03T16:39:28+00:00\",\"author\":{\"@id\":\"https:\/\/www.africa-press.net\/cameroun\/#\/schema\/person\/2b1cf3cd81a31e3cd26889ca66d677f1\"},\"description\":\"C\u2019est un Cabral Libii tr\u00e8s remont\u00e9 contre ses d\u00e9tracteurs qui s\u2019est exprim\u00e9 dans la matinale d\u2019ABK Radio de ce 2 Ao\u00fbt 20 ...\",\"breadcrumb\":{\"@id\":\"https:\/\/www.africa-press.net\/cameroun\/politique\/revolte-cabral-libii-en-colere-contre-le-mrc-maurice-kamto-valsero-sam-severin-ango#breadcrumb\"},\"inLanguage\":\"fr-FR\",\"potentialAction\":[{\"@type\":\"ReadAction\",\"target\":[\"https:\/\/www.africa-press.net\/cameroun\/politique\/revolte-cabral-libii-en-colere-contre-le-mrc-maurice-kamto-valsero-sam-severin-ango\"]}]},{\"@type\":\"ImageObject\",\"inLanguage\":\"fr-FR\",\"@id\":\"https:\/\/www.africa-press.net\/cameroun\/politique\/revolte-cabral-libii-en-colere-contre-le-mrc-maurice-kamto-valsero-sam-severin-ango#primaryimage\",\"url\":\"https:\/\/static.africa-press.net\/cameroun\/sites\/57\/2022\/08\/img-62eaa49fc1a1b.jpg\",\"contentUrl\":\"https:\/\/static.africa-press.net\/cameroun\/sites\/57\/2022\/08\/img-62eaa49fc1a1b.jpg\",\"width\":800,\"height\":612,\"caption\":\"R\u00e9volte: Cabral Libii en col\u00e8re contre le MRC, Maurice Kamto, Valsero, Sam S\u00e9verin Ango\"},{\"@type\":\"BreadcrumbList\",\"@id\":\"https:\/\/www.africa-press.net\/cameroun\/politique\/revolte-cabral-libii-en-colere-contre-le-mrc-maurice-kamto-valsero-sam-severin-ango#breadcrumb\",\"itemListElement\":[{\"@type\":\"ListItem\",\"position\":1,\"name\":\"Accueil\",\"item\":\"https:\/\/www.africa-press.net\/cameroun\/\"},{\"@type\":\"ListItem\",\"position\":2,\"name\":\"R\u00e9volte: Cabral Libii en col\u00e8re contre le MRC, Maurice Kamto, Valsero, Sam S\u00e9verin Ango\"}]},{\"@type\":\"WebSite\",\"@id\":\"https:\/\/www.africa-press.net\/cameroun\/#website\",\"url\":\"https:\/\/www.africa-press.net\/cameroun\/\",\"name\":\"Cameroun\",\"description\":\"Just another Africa News Agency Sites site\",\"potentialAction\":[{\"@type\":\"SearchAction\",\"target\":{\"@type\":\"EntryPoint\",\"urlTemplate\":\"https:\/\/www.africa-press.net\/cameroun\/?s={search_term_string}\"},\"query-input\":{\"@type\":\"PropertyValueSpecification\",\"valueRequired\":true,\"valueName\":\"search_term_string\"}}],\"inLanguage\":\"fr-FR\"},{\"@type\":\"Person\",\"@id\":\"https:\/\/www.africa-press.net\/cameroun\/#\/schema\/person\/2b1cf3cd81a31e3cd26889ca66d677f1\",\"name\":\"cfeditorfr\"}]}<\/script>\n<!-- \/ Yoast SEO Premium plugin. -->","yoast_head_json":{"title":"R\u00e9volte: Cabral Libii en col\u00e8re contre le MRC, Maurice Kamto, Valsero, Sam S\u00e9verin Ango - Cameroun","description":"C\u2019est un Cabral Libii tr\u00e8s remont\u00e9 contre ses d\u00e9tracteurs qui s\u2019est exprim\u00e9 dans la matinale d\u2019ABK Radio de ce 2 Ao\u00fbt 20 ...","robots":{"index":"index","follow":"follow","max-snippet":"max-snippet:-1","max-image-preview":"max-image-preview:large","max-video-preview":"max-video-preview:-1"},"canonical":"https:\/\/www.africa-press.net\/cameroun\/politique\/revolte-cabral-libii-en-colere-contre-le-mrc-maurice-kamto-valsero-sam-severin-ango","og_locale":"fr_FR","og_type":"article","og_title":"R\u00e9volte: Cabral Libii en col\u00e8re contre le MRC, Maurice Kamto, Valsero, Sam S\u00e9verin Ango","og_description":"C\u2019est un Cabral Libii tr\u00e8s remont\u00e9 contre ses d\u00e9tracteurs qui s\u2019est exprim\u00e9 dans la matinale d\u2019ABK Radio de ce 2 Ao\u00fbt 20 ...","og_url":"https:\/\/www.africa-press.net\/cameroun\/politique\/revolte-cabral-libii-en-colere-contre-le-mrc-maurice-kamto-valsero-sam-severin-ango","og_site_name":"Cameroun","article_published_time":"2022-08-03T14:05:06+00:00","article_modified_time":"2022-08-03T16:39:28+00:00","og_image":[{"width":800,"height":612,"url":"https:\/\/static.africa-press.net\/cameroun\/sites\/57\/2022\/08\/img-62eaa49fc1a1b.jpg","type":"image\/jpeg"}],"author":"cfeditorfr","twitter_card":"summary_large_image","twitter_misc":{"\u00c9crit par":"cfeditorfr","Dur\u00e9e de lecture estim\u00e9e":"4 minutes"},"schema":{"@context":"https:\/\/schema.org","@graph":[{"@type":"Article","@id":"https:\/\/www.africa-press.net\/cameroun\/politique\/revolte-cabral-libii-en-colere-contre-le-mrc-maurice-kamto-valsero-sam-severin-ango#article","isPartOf":{"@id":"https:\/\/www.africa-press.net\/cameroun\/politique\/revolte-cabral-libii-en-colere-contre-le-mrc-maurice-kamto-valsero-sam-severin-ango"},"author":{"name":"cfeditorfr","@id":"https:\/\/www.africa-press.net\/cameroun\/#\/schema\/person\/2b1cf3cd81a31e3cd26889ca66d677f1"},"headline":"R\u00e9volte: Cabral Libii en col\u00e8re contre le MRC, Maurice Kamto, Valsero, Sam S\u00e9verin Ango","datePublished":"2022-08-03T14:05:06+00:00","dateModified":"2022-08-03T16:39:28+00:00","mainEntityOfPage":{"@id":"https:\/\/www.africa-press.net\/cameroun\/politique\/revolte-cabral-libii-en-colere-contre-le-mrc-maurice-kamto-valsero-sam-severin-ango"},"wordCount":763,"commentCount":0,"image":{"@id":"https:\/\/www.africa-press.net\/cameroun\/politique\/revolte-cabral-libii-en-colere-contre-le-mrc-maurice-kamto-valsero-sam-severin-ango#primaryimage"},"thumbnailUrl":"https:\/\/static.africa-press.net\/cameroun\/sites\/57\/2022\/08\/img-62eaa49fc1a1b.jpg","keywords":["Africa Press","Africa Press-Cameroun","Cameroun"],"articleSection":["homepage-french","Politique","Toutes les actualit\u00e9s"],"inLanguage":"fr-FR","potentialAction":[{"@type":"CommentAction","name":"Comment","target":["https:\/\/www.africa-press.net\/cameroun\/politique\/revolte-cabral-libii-en-colere-contre-le-mrc-maurice-kamto-valsero-sam-severin-ango#respond"]}]},{"@type":"WebPage","@id":"https:\/\/www.africa-press.net\/cameroun\/politique\/revolte-cabral-libii-en-colere-contre-le-mrc-maurice-kamto-valsero-sam-severin-ango","url":"https:\/\/www.africa-press.net\/cameroun\/politique\/revolte-cabral-libii-en-colere-contre-le-mrc-maurice-kamto-valsero-sam-severin-ango","name":"R\u00e9volte: Cabral Libii en col\u00e8re contre le MRC, Maurice Kamto, Valsero, Sam S\u00e9verin Ango - Cameroun","isPartOf":{"@id":"https:\/\/www.africa-press.net\/cameroun\/#website"},"primaryImageOfPage":{"@id":"https:\/\/www.africa-press.net\/cameroun\/politique\/revolte-cabral-libii-en-colere-contre-le-mrc-maurice-kamto-valsero-sam-severin-ango#primaryimage"},"image":{"@id":"https:\/\/www.africa-press.net\/cameroun\/politique\/revolte-cabral-libii-en-colere-contre-le-mrc-maurice-kamto-valsero-sam-severin-ango#primaryimage"},"thumbnailUrl":"https:\/\/static.africa-press.net\/cameroun\/sites\/57\/2022\/08\/img-62eaa49fc1a1b.jpg","datePublished":"2022-08-03T14:05:06+00:00","dateModified":"2022-08-03T16:39:28+00:00","author":{"@id":"https:\/\/www.africa-press.net\/cameroun\/#\/schema\/person\/2b1cf3cd81a31e3cd26889ca66d677f1"},"description":"C\u2019est un Cabral Libii tr\u00e8s remont\u00e9 contre ses d\u00e9tracteurs qui s\u2019est exprim\u00e9 dans la matinale d\u2019ABK Radio de ce 2 Ao\u00fbt 20 ...","breadcrumb":{"@id":"https:\/\/www.africa-press.net\/cameroun\/politique\/revolte-cabral-libii-en-colere-contre-le-mrc-maurice-kamto-valsero-sam-severin-ango#breadcrumb"},"inLanguage":"fr-FR","potentialAction":[{"@type":"ReadAction","target":["https:\/\/www.africa-press.net\/cameroun\/politique\/revolte-cabral-libii-en-colere-contre-le-mrc-maurice-kamto-valsero-sam-severin-ango"]}]},{"@type":"ImageObject","inLanguage":"fr-FR","@id":"https:\/\/www.africa-press.net\/cameroun\/politique\/revolte-cabral-libii-en-colere-contre-le-mrc-maurice-kamto-valsero-sam-severin-ango#primaryimage","url":"https:\/\/static.africa-press.net\/cameroun\/sites\/57\/2022\/08\/img-62eaa49fc1a1b.jpg","contentUrl":"https:\/\/static.africa-press.net\/cameroun\/sites\/57\/2022\/08\/img-62eaa49fc1a1b.jpg","width":800,"height":612,"caption":"R\u00e9volte: Cabral Libii en col\u00e8re contre le MRC, Maurice Kamto, Valsero, Sam S\u00e9verin Ango"},{"@type":"BreadcrumbList","@id":"https:\/\/www.africa-press.net\/cameroun\/politique\/revolte-cabral-libii-en-colere-contre-le-mrc-maurice-kamto-valsero-sam-severin-ango#breadcrumb","itemListElement":[{"@type":"ListItem","position":1,"name":"Accueil","item":"https:\/\/www.africa-press.net\/cameroun\/"},{"@type":"ListItem","position":2,"name":"R\u00e9volte: Cabral Libii en col\u00e8re contre le MRC, Maurice Kamto, Valsero, Sam S\u00e9verin Ango"}]},{"@type":"WebSite","@id":"https:\/\/www.africa-press.net\/cameroun\/#website","url":"https:\/\/www.africa-press.net\/cameroun\/","name":"Cameroun","description":"Just another Africa News Agency Sites site","potentialAction":[{"@type":"SearchAction","target":{"@type":"EntryPoint","urlTemplate":"https:\/\/www.africa-press.net\/cameroun\/?s={search_term_string}"},"query-input":{"@type":"PropertyValueSpecification","valueRequired":true,"valueName":"search_term_string"}}],"inLanguage":"fr-FR"},{"@type":"Person","@id":"https:\/\/www.africa-press.net\/cameroun\/#\/schema\/person\/2b1cf3cd81a31e3cd26889ca66d677f1","name":"cfeditorfr"}]}},"_links":{"self":[{"href":"https:\/\/www.africa-press.net\/cameroun\/wp-json\/wp\/v2\/posts\/24679","targetHints":{"allow":["GET"]}}],"collection":[{"href":"https:\/\/www.africa-press.net\/cameroun\/wp-json\/wp\/v2\/posts"}],"about":[{"href":"https:\/\/www.africa-press.net\/cameroun\/wp-json\/wp\/v2\/types\/post"}],"author":[{"embeddable":true,"href":"https:\/\/www.africa-press.net\/cameroun\/wp-json\/wp\/v2\/users\/82"}],"replies":[{"embeddable":true,"href":"https:\/\/www.africa-press.net\/cameroun\/wp-json\/wp\/v2\/comments?post=24679"}],"version-history":[{"count":0,"href":"https:\/\/www.africa-press.net\/cameroun\/wp-json\/wp\/v2\/posts\/24679\/revisions"}],"wp:featuredmedia":[{"embeddable":true,"href":"https:\/\/www.africa-press.net\/cameroun\/wp-json\/wp\/v2\/media\/24678"}],"wp:attachment":[{"href":"https:\/\/www.africa-press.net\/cameroun\/wp-json\/wp\/v2\/media?parent=24679"}],"wp:term":[{"taxonomy":"category","embeddable":true,"href":"https:\/\/www.africa-press.net\/cameroun\/wp-json\/wp\/v2\/categories?post=24679"},{"taxonomy":"post_tag","embeddable":true,"href":"https:\/\/www.africa-press.net\/cameroun\/wp-json\/wp\/v2\/tags?post=24679"}],"curies":[{"name":"wp","href":"https:\/\/api.w.org\/{rel}","templated":true}]}}