{"id":24682,"date":"2022-08-03T14:09:44","date_gmt":"2022-08-03T14:09:44","guid":{"rendered":"https:\/\/www.africa-press.net\/cameroun\/politique\/alternance-le-defenseur-des-droits-de-lhomme-et-avocat-felix-agbor-balla-milite-pour-que-le-cameroun-soit-dirige-par-un-president-anglophone"},"modified":"2022-08-03T16:39:58","modified_gmt":"2022-08-03T16:39:58","slug":"alternance-le-defenseur-des-droits-de-lhomme-et-avocat-felix-agbor-balla-milite-pour-que-le-cameroun-soit-dirige-par-un-president-anglophone","status":"publish","type":"post","link":"https:\/\/www.africa-press.net\/cameroun\/politique\/alternance-le-defenseur-des-droits-de-lhomme-et-avocat-felix-agbor-balla-milite-pour-que-le-cameroun-soit-dirige-par-un-president-anglophone","title":{"rendered":"Alternance: Le d\u00e9fenseur des droits de l&rsquo;homme et Avocat F\u00e9lix Agbor Balla, milite pour que le Cameroun soit dirig\u00e9 par un pr\u00e9sident anglophone"},"content":{"rendered":"<p><span style=\"color: #ff6600\"><strong>Africa-Press &#8211; Cameroun. <\/strong><\/span>Le Cameroun est dirig\u00e9 depuis plus de 60 ans par des pr\u00e9sidents francophones, Ahmadou Ahidjo, puis Paul Biya, qui est d\u2019ailleurs toujours en fonction. Le d\u00e9fenseur des droits de l\u2019homme, F\u00e9lix Agbor Balla, pense qu\u2019est venu le temps pour un dirigeant anglophone d\u2019\u00eatre port\u00e9 \u00e0 la t\u00eate du Cameroun. Le promoteur du Centre pour les droits de l\u2019homme et de la d\u00e9mocratie en Afrique a fait cette d\u00e9claration dans le quotidien Le Jour de ce mardi 2 ao\u00fbt 2022.<\/p>\n<p>\u00ab Plus de cinquante ann\u00e9es apr\u00e8s l\u2019ind\u00e9pendance de notre pays, il est temps qu\u2019un anglophone dirige aussi le Cameroun. Si un anglophone est \u00e9lu pr\u00e9sident, nous n\u2019aurons plus des probl\u00e8mes de majorit\u00e9 et des minorit\u00e9s, notamment en ce qui concerne la langue entre le fran\u00e7ais et l\u2019anglais. Je pense. Depuis que les gens parlent de succession de Biya en 2025, personne ne pense \u00e0 attirer l\u2019attention des dirigeants sur la n\u00e9cessit\u00e9 de donner la chance \u00e0 un candidat anglophone \u00bb, a d\u00e9clar\u00e9 F\u00e9lix Agbor Balla.<\/p>\n<p>L&rsquo;avocat se dit favorable \u00e0 une r\u00e9vision de la Constitution, qui consacrera la cr\u00e9ation d\u2019un poste de vice-pr\u00e9sident du Cameroun, puis la rotation du pouvoir entre le pr\u00e9sident et le vice-pr\u00e9sident. Ceci suppose que les deux ob\u00e9diences jouiraient \u00e0 tour de r\u00f4le de la fonction de pr\u00e9sident de la R\u00e9publique.<\/p>\n<p>Le ministre d\u00e9l\u00e9gu\u00e9 \u00e0 la Justice, Jean De Dieu Momo, r\u00e9agissant \u00e0 cette sortie, a laiss\u00e9 entendre que th\u00e8se devrait faire la part belle aux personnes ayant fait leurs \u00e9tudes en anglais, et non pas seulement \u00e0 celles originaires du Nord-Ouest ou du sud-Ouest. \u00ab Mes enfants sont tous anglophones pour avoir suivi toute leur scolarit\u00e9 en anglais et composant en anglais dans tous les examens avec ceux qui habitent les r\u00e9gions du Nord-ouest et du Sud-ouest. D\u00e9sormais anglophone dans un pays bilingue comme le Cameroun est celui qui s\u2019exprime en anglais. Voil\u00e0 ma position. Sinon o\u00f9 vont aller nos enfants qui ont suivi leur scolarit\u00e9 en anglais s\u2019ils ne sont ni francophones ni anglophones \u00bb, a r\u00e9agi Momo.<\/p>\n<p><strong>Pour plus d&rsquo;informations et d&rsquo;analyses sur la <a href=\"https:\/\/www.africa-press.net\/cameroun\">Cameroun<\/a>, suivez <a href=\"https:\/\/www.africa-press.net\/\">Africa-Press<\/a><\/strong><\/p>\n","protected":false},"excerpt":{"rendered":"<p>Africa-Press &#8211; Cameroun. Le Cameroun est dirig\u00e9 depuis plus de 60 ans par des pr\u00e9sidents francophones, Ahmadou Ahidjo, puis Paul Biya, qui est d\u2019ailleurs toujours en fonction. Le d\u00e9fenseur des droits de l\u2019homme, F\u00e9lix Agbor Balla, pense qu\u2019est venu le temps pour un dirigeant anglophone d\u2019\u00eatre port\u00e9 \u00e0 la t\u00eate du Cameroun. Le promoteur du [&hellip;]<\/p>\n","protected":false},"author":82,"featured_media":24681,"comment_status":"open","ping_status":"closed","sticky":false,"template":"","format":"standard","meta":{"footnotes":""},"categories":[11,2,10],"tags":[36,50,49],"class_list":["post-24682","post","type-post","status-publish","format-standard","has-post-thumbnail","hentry","category-homepage-french","category-politique","category-toutes-les-actualites","tag-africa-press","tag-africa-press-cameroun","tag-cameroun"],"yoast_head":"<!-- This site is optimized with the Yoast SEO Premium plugin v26.1 (Yoast SEO v27.0) - https:\/\/yoast.com\/product\/yoast-seo-premium-wordpress\/ -->\n<title>Alternance: Le d\u00e9fenseur des droits de l&#039;homme et Avocat F\u00e9lix Agbor Balla, milite pour que le Cameroun soit dirig\u00e9 par un pr\u00e9sident anglophone - Cameroun<\/title>\n<meta name=\"description\" content=\"Le Cameroun est dirig\u00e9 depuis plus de 60 ans par des pr\u00e9sidents francophones, Ahmadou Ahidjo, puis Paul Biya, qui est d\u2019 ...\" \/>\n<meta name=\"robots\" content=\"index, follow, max-snippet:-1, max-image-preview:large, max-video-preview:-1\" \/>\n<link rel=\"canonical\" href=\"https:\/\/www.africa-press.net\/cameroun\/politique\/alternance-le-defenseur-des-droits-de-lhomme-et-avocat-felix-agbor-balla-milite-pour-que-le-cameroun-soit-dirige-par-un-president-anglophone\" \/>\n<meta property=\"og:locale\" content=\"fr_FR\" \/>\n<meta property=\"og:type\" content=\"article\" \/>\n<meta property=\"og:title\" content=\"Alternance: Le d\u00e9fenseur des droits de l&#039;homme et Avocat F\u00e9lix Agbor Balla, milite pour que le Cameroun soit dirig\u00e9 par un pr\u00e9sident anglophone\" \/>\n<meta property=\"og:description\" content=\"Le Cameroun est dirig\u00e9 depuis plus de 60 ans par des pr\u00e9sidents francophones, Ahmadou Ahidjo, puis Paul Biya, qui est d\u2019 ...\" \/>\n<meta property=\"og:url\" content=\"https:\/\/www.africa-press.net\/cameroun\/politique\/alternance-le-defenseur-des-droits-de-lhomme-et-avocat-felix-agbor-balla-milite-pour-que-le-cameroun-soit-dirige-par-un-president-anglophone\" \/>\n<meta property=\"og:site_name\" content=\"Cameroun\" \/>\n<meta property=\"article:published_time\" content=\"2022-08-03T14:09:44+00:00\" \/>\n<meta property=\"article:modified_time\" content=\"2022-08-03T16:39:58+00:00\" \/>\n<meta property=\"og:image\" content=\"https:\/\/static.africa-press.net\/cameroun\/sites\/57\/2022\/08\/img-62eaa4ca1ad1c.jpg\" \/>\n\t<meta property=\"og:image:width\" content=\"800\" \/>\n\t<meta property=\"og:image:height\" content=\"484\" \/>\n\t<meta property=\"og:image:type\" content=\"image\/jpeg\" \/>\n<meta name=\"author\" content=\"cfeditorfr\" \/>\n<meta name=\"twitter:card\" content=\"summary_large_image\" \/>\n<meta name=\"twitter:label1\" content=\"\u00c9crit par\" \/>\n\t<meta name=\"twitter:data1\" content=\"cfeditorfr\" \/>\n\t<meta name=\"twitter:label2\" content=\"Dur\u00e9e de lecture estim\u00e9e\" \/>\n\t<meta name=\"twitter:data2\" content=\"2 minutes\" \/>\n<script type=\"application\/ld+json\" class=\"yoast-schema-graph\">{\"@context\":\"https:\/\/schema.org\",\"@graph\":[{\"@type\":\"Article\",\"@id\":\"https:\/\/www.africa-press.net\/cameroun\/politique\/alternance-le-defenseur-des-droits-de-lhomme-et-avocat-felix-agbor-balla-milite-pour-que-le-cameroun-soit-dirige-par-un-president-anglophone#article\",\"isPartOf\":{\"@id\":\"https:\/\/www.africa-press.net\/cameroun\/politique\/alternance-le-defenseur-des-droits-de-lhomme-et-avocat-felix-agbor-balla-milite-pour-que-le-cameroun-soit-dirige-par-un-president-anglophone\"},\"author\":{\"name\":\"cfeditorfr\",\"@id\":\"https:\/\/www.africa-press.net\/cameroun\/#\/schema\/person\/2b1cf3cd81a31e3cd26889ca66d677f1\"},\"headline\":\"Alternance: Le d\u00e9fenseur des droits de l&rsquo;homme et Avocat F\u00e9lix Agbor Balla, milite pour que le Cameroun soit dirig\u00e9 par un pr\u00e9sident anglophone\",\"datePublished\":\"2022-08-03T14:09:44+00:00\",\"dateModified\":\"2022-08-03T16:39:58+00:00\",\"mainEntityOfPage\":{\"@id\":\"https:\/\/www.africa-press.net\/cameroun\/politique\/alternance-le-defenseur-des-droits-de-lhomme-et-avocat-felix-agbor-balla-milite-pour-que-le-cameroun-soit-dirige-par-un-president-anglophone\"},\"wordCount\":406,\"commentCount\":0,\"image\":{\"@id\":\"https:\/\/www.africa-press.net\/cameroun\/politique\/alternance-le-defenseur-des-droits-de-lhomme-et-avocat-felix-agbor-balla-milite-pour-que-le-cameroun-soit-dirige-par-un-president-anglophone#primaryimage\"},\"thumbnailUrl\":\"https:\/\/static.africa-press.net\/cameroun\/sites\/57\/2022\/08\/img-62eaa4ca1ad1c.jpg\",\"keywords\":[\"Africa Press\",\"Africa Press-Cameroun\",\"Cameroun\"],\"articleSection\":[\"homepage-french\",\"Politique\",\"Toutes les actualit\u00e9s\"],\"inLanguage\":\"fr-FR\",\"potentialAction\":[{\"@type\":\"CommentAction\",\"name\":\"Comment\",\"target\":[\"https:\/\/www.africa-press.net\/cameroun\/politique\/alternance-le-defenseur-des-droits-de-lhomme-et-avocat-felix-agbor-balla-milite-pour-que-le-cameroun-soit-dirige-par-un-president-anglophone#respond\"]}]},{\"@type\":\"WebPage\",\"@id\":\"https:\/\/www.africa-press.net\/cameroun\/politique\/alternance-le-defenseur-des-droits-de-lhomme-et-avocat-felix-agbor-balla-milite-pour-que-le-cameroun-soit-dirige-par-un-president-anglophone\",\"url\":\"https:\/\/www.africa-press.net\/cameroun\/politique\/alternance-le-defenseur-des-droits-de-lhomme-et-avocat-felix-agbor-balla-milite-pour-que-le-cameroun-soit-dirige-par-un-president-anglophone\",\"name\":\"Alternance: Le d\u00e9fenseur des droits de l'homme et Avocat F\u00e9lix Agbor Balla, milite pour que le Cameroun soit dirig\u00e9 par un pr\u00e9sident anglophone - Cameroun\",\"isPartOf\":{\"@id\":\"https:\/\/www.africa-press.net\/cameroun\/#website\"},\"primaryImageOfPage\":{\"@id\":\"https:\/\/www.africa-press.net\/cameroun\/politique\/alternance-le-defenseur-des-droits-de-lhomme-et-avocat-felix-agbor-balla-milite-pour-que-le-cameroun-soit-dirige-par-un-president-anglophone#primaryimage\"},\"image\":{\"@id\":\"https:\/\/www.africa-press.net\/cameroun\/politique\/alternance-le-defenseur-des-droits-de-lhomme-et-avocat-felix-agbor-balla-milite-pour-que-le-cameroun-soit-dirige-par-un-president-anglophone#primaryimage\"},\"thumbnailUrl\":\"https:\/\/static.africa-press.net\/cameroun\/sites\/57\/2022\/08\/img-62eaa4ca1ad1c.jpg\",\"datePublished\":\"2022-08-03T14:09:44+00:00\",\"dateModified\":\"2022-08-03T16:39:58+00:00\",\"author\":{\"@id\":\"https:\/\/www.africa-press.net\/cameroun\/#\/schema\/person\/2b1cf3cd81a31e3cd26889ca66d677f1\"},\"description\":\"Le Cameroun est dirig\u00e9 depuis plus de 60 ans par des pr\u00e9sidents francophones, Ahmadou Ahidjo, puis Paul Biya, qui est d\u2019 ...\",\"breadcrumb\":{\"@id\":\"https:\/\/www.africa-press.net\/cameroun\/politique\/alternance-le-defenseur-des-droits-de-lhomme-et-avocat-felix-agbor-balla-milite-pour-que-le-cameroun-soit-dirige-par-un-president-anglophone#breadcrumb\"},\"inLanguage\":\"fr-FR\",\"potentialAction\":[{\"@type\":\"ReadAction\",\"target\":[\"https:\/\/www.africa-press.net\/cameroun\/politique\/alternance-le-defenseur-des-droits-de-lhomme-et-avocat-felix-agbor-balla-milite-pour-que-le-cameroun-soit-dirige-par-un-president-anglophone\"]}]},{\"@type\":\"ImageObject\",\"inLanguage\":\"fr-FR\",\"@id\":\"https:\/\/www.africa-press.net\/cameroun\/politique\/alternance-le-defenseur-des-droits-de-lhomme-et-avocat-felix-agbor-balla-milite-pour-que-le-cameroun-soit-dirige-par-un-president-anglophone#primaryimage\",\"url\":\"https:\/\/static.africa-press.net\/cameroun\/sites\/57\/2022\/08\/img-62eaa4ca1ad1c.jpg\",\"contentUrl\":\"https:\/\/static.africa-press.net\/cameroun\/sites\/57\/2022\/08\/img-62eaa4ca1ad1c.jpg\",\"width\":800,\"height\":484,\"caption\":\"Alternance: Le d\u00e9fenseur des droits de l'homme et Avocat F\u00e9lix Agbor Balla, milite pour que le Cameroun soit dirig\u00e9 par un pr\u00e9sident anglophone\"},{\"@type\":\"BreadcrumbList\",\"@id\":\"https:\/\/www.africa-press.net\/cameroun\/politique\/alternance-le-defenseur-des-droits-de-lhomme-et-avocat-felix-agbor-balla-milite-pour-que-le-cameroun-soit-dirige-par-un-president-anglophone#breadcrumb\",\"itemListElement\":[{\"@type\":\"ListItem\",\"position\":1,\"name\":\"Accueil\",\"item\":\"https:\/\/www.africa-press.net\/cameroun\/\"},{\"@type\":\"ListItem\",\"position\":2,\"name\":\"Alternance: Le d\u00e9fenseur des droits de l&#8217;homme et Avocat F\u00e9lix Agbor Balla, milite pour que le Cameroun soit dirig\u00e9 par un pr\u00e9sident anglophone\"}]},{\"@type\":\"WebSite\",\"@id\":\"https:\/\/www.africa-press.net\/cameroun\/#website\",\"url\":\"https:\/\/www.africa-press.net\/cameroun\/\",\"name\":\"Cameroun\",\"description\":\"Just another Africa News Agency Sites site\",\"potentialAction\":[{\"@type\":\"SearchAction\",\"target\":{\"@type\":\"EntryPoint\",\"urlTemplate\":\"https:\/\/www.africa-press.net\/cameroun\/?s={search_term_string}\"},\"query-input\":{\"@type\":\"PropertyValueSpecification\",\"valueRequired\":true,\"valueName\":\"search_term_string\"}}],\"inLanguage\":\"fr-FR\"},{\"@type\":\"Person\",\"@id\":\"https:\/\/www.africa-press.net\/cameroun\/#\/schema\/person\/2b1cf3cd81a31e3cd26889ca66d677f1\",\"name\":\"cfeditorfr\"}]}<\/script>\n<!-- \/ Yoast SEO Premium plugin. -->","yoast_head_json":{"title":"Alternance: Le d\u00e9fenseur des droits de l'homme et Avocat F\u00e9lix Agbor Balla, milite pour que le Cameroun soit dirig\u00e9 par un pr\u00e9sident anglophone - Cameroun","description":"Le Cameroun est dirig\u00e9 depuis plus de 60 ans par des pr\u00e9sidents francophones, Ahmadou Ahidjo, puis Paul Biya, qui est d\u2019 ...","robots":{"index":"index","follow":"follow","max-snippet":"max-snippet:-1","max-image-preview":"max-image-preview:large","max-video-preview":"max-video-preview:-1"},"canonical":"https:\/\/www.africa-press.net\/cameroun\/politique\/alternance-le-defenseur-des-droits-de-lhomme-et-avocat-felix-agbor-balla-milite-pour-que-le-cameroun-soit-dirige-par-un-president-anglophone","og_locale":"fr_FR","og_type":"article","og_title":"Alternance: Le d\u00e9fenseur des droits de l'homme et Avocat F\u00e9lix Agbor Balla, milite pour que le Cameroun soit dirig\u00e9 par un pr\u00e9sident anglophone","og_description":"Le Cameroun est dirig\u00e9 depuis plus de 60 ans par des pr\u00e9sidents francophones, Ahmadou Ahidjo, puis Paul Biya, qui est d\u2019 ...","og_url":"https:\/\/www.africa-press.net\/cameroun\/politique\/alternance-le-defenseur-des-droits-de-lhomme-et-avocat-felix-agbor-balla-milite-pour-que-le-cameroun-soit-dirige-par-un-president-anglophone","og_site_name":"Cameroun","article_published_time":"2022-08-03T14:09:44+00:00","article_modified_time":"2022-08-03T16:39:58+00:00","og_image":[{"width":800,"height":484,"url":"https:\/\/static.africa-press.net\/cameroun\/sites\/57\/2022\/08\/img-62eaa4ca1ad1c.jpg","type":"image\/jpeg"}],"author":"cfeditorfr","twitter_card":"summary_large_image","twitter_misc":{"\u00c9crit par":"cfeditorfr","Dur\u00e9e de lecture estim\u00e9e":"2 minutes"},"schema":{"@context":"https:\/\/schema.org","@graph":[{"@type":"Article","@id":"https:\/\/www.africa-press.net\/cameroun\/politique\/alternance-le-defenseur-des-droits-de-lhomme-et-avocat-felix-agbor-balla-milite-pour-que-le-cameroun-soit-dirige-par-un-president-anglophone#article","isPartOf":{"@id":"https:\/\/www.africa-press.net\/cameroun\/politique\/alternance-le-defenseur-des-droits-de-lhomme-et-avocat-felix-agbor-balla-milite-pour-que-le-cameroun-soit-dirige-par-un-president-anglophone"},"author":{"name":"cfeditorfr","@id":"https:\/\/www.africa-press.net\/cameroun\/#\/schema\/person\/2b1cf3cd81a31e3cd26889ca66d677f1"},"headline":"Alternance: Le d\u00e9fenseur des droits de l&rsquo;homme et Avocat F\u00e9lix Agbor Balla, milite pour que le Cameroun soit dirig\u00e9 par un pr\u00e9sident anglophone","datePublished":"2022-08-03T14:09:44+00:00","dateModified":"2022-08-03T16:39:58+00:00","mainEntityOfPage":{"@id":"https:\/\/www.africa-press.net\/cameroun\/politique\/alternance-le-defenseur-des-droits-de-lhomme-et-avocat-felix-agbor-balla-milite-pour-que-le-cameroun-soit-dirige-par-un-president-anglophone"},"wordCount":406,"commentCount":0,"image":{"@id":"https:\/\/www.africa-press.net\/cameroun\/politique\/alternance-le-defenseur-des-droits-de-lhomme-et-avocat-felix-agbor-balla-milite-pour-que-le-cameroun-soit-dirige-par-un-president-anglophone#primaryimage"},"thumbnailUrl":"https:\/\/static.africa-press.net\/cameroun\/sites\/57\/2022\/08\/img-62eaa4ca1ad1c.jpg","keywords":["Africa Press","Africa Press-Cameroun","Cameroun"],"articleSection":["homepage-french","Politique","Toutes les actualit\u00e9s"],"inLanguage":"fr-FR","potentialAction":[{"@type":"CommentAction","name":"Comment","target":["https:\/\/www.africa-press.net\/cameroun\/politique\/alternance-le-defenseur-des-droits-de-lhomme-et-avocat-felix-agbor-balla-milite-pour-que-le-cameroun-soit-dirige-par-un-president-anglophone#respond"]}]},{"@type":"WebPage","@id":"https:\/\/www.africa-press.net\/cameroun\/politique\/alternance-le-defenseur-des-droits-de-lhomme-et-avocat-felix-agbor-balla-milite-pour-que-le-cameroun-soit-dirige-par-un-president-anglophone","url":"https:\/\/www.africa-press.net\/cameroun\/politique\/alternance-le-defenseur-des-droits-de-lhomme-et-avocat-felix-agbor-balla-milite-pour-que-le-cameroun-soit-dirige-par-un-president-anglophone","name":"Alternance: Le d\u00e9fenseur des droits de l'homme et Avocat F\u00e9lix Agbor Balla, milite pour que le Cameroun soit dirig\u00e9 par un pr\u00e9sident anglophone - Cameroun","isPartOf":{"@id":"https:\/\/www.africa-press.net\/cameroun\/#website"},"primaryImageOfPage":{"@id":"https:\/\/www.africa-press.net\/cameroun\/politique\/alternance-le-defenseur-des-droits-de-lhomme-et-avocat-felix-agbor-balla-milite-pour-que-le-cameroun-soit-dirige-par-un-president-anglophone#primaryimage"},"image":{"@id":"https:\/\/www.africa-press.net\/cameroun\/politique\/alternance-le-defenseur-des-droits-de-lhomme-et-avocat-felix-agbor-balla-milite-pour-que-le-cameroun-soit-dirige-par-un-president-anglophone#primaryimage"},"thumbnailUrl":"https:\/\/static.africa-press.net\/cameroun\/sites\/57\/2022\/08\/img-62eaa4ca1ad1c.jpg","datePublished":"2022-08-03T14:09:44+00:00","dateModified":"2022-08-03T16:39:58+00:00","author":{"@id":"https:\/\/www.africa-press.net\/cameroun\/#\/schema\/person\/2b1cf3cd81a31e3cd26889ca66d677f1"},"description":"Le Cameroun est dirig\u00e9 depuis plus de 60 ans par des pr\u00e9sidents francophones, Ahmadou Ahidjo, puis Paul Biya, qui est d\u2019 ...","breadcrumb":{"@id":"https:\/\/www.africa-press.net\/cameroun\/politique\/alternance-le-defenseur-des-droits-de-lhomme-et-avocat-felix-agbor-balla-milite-pour-que-le-cameroun-soit-dirige-par-un-president-anglophone#breadcrumb"},"inLanguage":"fr-FR","potentialAction":[{"@type":"ReadAction","target":["https:\/\/www.africa-press.net\/cameroun\/politique\/alternance-le-defenseur-des-droits-de-lhomme-et-avocat-felix-agbor-balla-milite-pour-que-le-cameroun-soit-dirige-par-un-president-anglophone"]}]},{"@type":"ImageObject","inLanguage":"fr-FR","@id":"https:\/\/www.africa-press.net\/cameroun\/politique\/alternance-le-defenseur-des-droits-de-lhomme-et-avocat-felix-agbor-balla-milite-pour-que-le-cameroun-soit-dirige-par-un-president-anglophone#primaryimage","url":"https:\/\/static.africa-press.net\/cameroun\/sites\/57\/2022\/08\/img-62eaa4ca1ad1c.jpg","contentUrl":"https:\/\/static.africa-press.net\/cameroun\/sites\/57\/2022\/08\/img-62eaa4ca1ad1c.jpg","width":800,"height":484,"caption":"Alternance: Le d\u00e9fenseur des droits de l'homme et Avocat F\u00e9lix Agbor Balla, milite pour que le Cameroun soit dirig\u00e9 par un pr\u00e9sident anglophone"},{"@type":"BreadcrumbList","@id":"https:\/\/www.africa-press.net\/cameroun\/politique\/alternance-le-defenseur-des-droits-de-lhomme-et-avocat-felix-agbor-balla-milite-pour-que-le-cameroun-soit-dirige-par-un-president-anglophone#breadcrumb","itemListElement":[{"@type":"ListItem","position":1,"name":"Accueil","item":"https:\/\/www.africa-press.net\/cameroun\/"},{"@type":"ListItem","position":2,"name":"Alternance: Le d\u00e9fenseur des droits de l&#8217;homme et Avocat F\u00e9lix Agbor Balla, milite pour que le Cameroun soit dirig\u00e9 par un pr\u00e9sident anglophone"}]},{"@type":"WebSite","@id":"https:\/\/www.africa-press.net\/cameroun\/#website","url":"https:\/\/www.africa-press.net\/cameroun\/","name":"Cameroun","description":"Just another Africa News Agency Sites site","potentialAction":[{"@type":"SearchAction","target":{"@type":"EntryPoint","urlTemplate":"https:\/\/www.africa-press.net\/cameroun\/?s={search_term_string}"},"query-input":{"@type":"PropertyValueSpecification","valueRequired":true,"valueName":"search_term_string"}}],"inLanguage":"fr-FR"},{"@type":"Person","@id":"https:\/\/www.africa-press.net\/cameroun\/#\/schema\/person\/2b1cf3cd81a31e3cd26889ca66d677f1","name":"cfeditorfr"}]}},"_links":{"self":[{"href":"https:\/\/www.africa-press.net\/cameroun\/wp-json\/wp\/v2\/posts\/24682","targetHints":{"allow":["GET"]}}],"collection":[{"href":"https:\/\/www.africa-press.net\/cameroun\/wp-json\/wp\/v2\/posts"}],"about":[{"href":"https:\/\/www.africa-press.net\/cameroun\/wp-json\/wp\/v2\/types\/post"}],"author":[{"embeddable":true,"href":"https:\/\/www.africa-press.net\/cameroun\/wp-json\/wp\/v2\/users\/82"}],"replies":[{"embeddable":true,"href":"https:\/\/www.africa-press.net\/cameroun\/wp-json\/wp\/v2\/comments?post=24682"}],"version-history":[{"count":0,"href":"https:\/\/www.africa-press.net\/cameroun\/wp-json\/wp\/v2\/posts\/24682\/revisions"}],"wp:featuredmedia":[{"embeddable":true,"href":"https:\/\/www.africa-press.net\/cameroun\/wp-json\/wp\/v2\/media\/24681"}],"wp:attachment":[{"href":"https:\/\/www.africa-press.net\/cameroun\/wp-json\/wp\/v2\/media?parent=24682"}],"wp:term":[{"taxonomy":"category","embeddable":true,"href":"https:\/\/www.africa-press.net\/cameroun\/wp-json\/wp\/v2\/categories?post=24682"},{"taxonomy":"post_tag","embeddable":true,"href":"https:\/\/www.africa-press.net\/cameroun\/wp-json\/wp\/v2\/tags?post=24682"}],"curies":[{"name":"wp","href":"https:\/\/api.w.org\/{rel}","templated":true}]}}