{"id":24685,"date":"2022-08-03T14:16:14","date_gmt":"2022-08-03T14:16:14","guid":{"rendered":"https:\/\/www.africa-press.net\/cameroun\/politique\/environnement-foder-restaure-la-foret-communale-de-minta"},"modified":"2022-08-03T16:40:28","modified_gmt":"2022-08-03T16:40:28","slug":"environnement-foder-restaure-la-foret-communale-de-minta","status":"publish","type":"post","link":"https:\/\/www.africa-press.net\/cameroun\/toutes-les-actualites\/environnement-foder-restaure-la-foret-communale-de-minta","title":{"rendered":"Environnement: Foder restaure la for\u00eat communale de Minta"},"content":{"rendered":"<p><span style=\"color: #ff6600\"><strong>Africa-Press &#8211; Cameroun. <\/strong><\/span>Le vendredi 29 juillet 2022, Salomon Mout Abalang, le maire de la commune de Minta, dans le d\u00e9partement de la Haute-Sanaga, d\u00e9partement du Centre du Cameroun, a pr\u00e9sid\u00e9 la c\u00e9r\u00e9monie de planting, par l\u2019organisation Foder, du premier arbre pour le reboisement et la restauration de la savane d\u00e9grad\u00e9e de sa for\u00eat communale. Cette c\u00e9r\u00e9monie lan\u00e7ait les activit\u00e9s organis\u00e9es dans le cadre de la c\u00e9l\u00e9bration des 20 ans de cette organisation \u00e0 but non lucratif qui \u0153uvre dans la transparence mini\u00e8re et foresti\u00e8re au Cameroun.<\/p>\n<p>Dans l\u2019article de Foder informant sur cette activit\u00e9 de reboisement et de restauration de la for\u00eat communale de Minta, le Coordonnateur de Foder, Justin Kamga, justifiait l\u2019implication de l\u2019organisation qu\u2019il dirige : \u00ab La for\u00eat communale de Minta est assise sur une zone de transition for\u00eat\/savane, dans un \u00e9tat de d\u00e9gradation avanc\u00e9 du fait des activit\u00e9s d\u2019exploitation foresti\u00e8re et de d\u00e9veloppement de l\u2019agriculture \u00e0 l\u2019\u00e9chelle industrielle \u00e0 l\u2019int\u00e9rieur de ce paysage. Ces activit\u00e9s ont \u00e9t\u00e9 pour beaucoup pour ce qui est de l\u2019avanc\u00e9e du front de d\u00e9gradation de cette for\u00eat au profit de l\u2019augmentation des surfaces de savane. En engageant les activit\u00e9s de reboisement sur ce site, avec le soutien financier de la Japan Forests Technology Association (Jafta) et l\u2019appui du minist\u00e8re de l\u2019Environnement, de la Protection de la nature et du D\u00e9veloppement durable (Minepded), Foder voudrait participer au renversement de la tendance, en restaurant le paysage forestier d\u00e9grad\u00e9. \u00bb Selon M. Kamga, \u00ab Le planting des arbres dans la for\u00eat communale de Minta traduit la contribution de Foder \u00e0 la r\u00e9alisation de l\u2019engagement du Cameroun dans l\u2019initiative pour la restauration des paysages forestiers africains (AFR100) visant \u00e0 restaurer 12 millions ha de for\u00eats. Il s\u2019agit \u00e9galement pour nous de r\u00e9it\u00e9rer notre engagement \u00e0 \u0153uvrer pour l\u2019am\u00e9lioration de la gouvernance des ressources naturelles dans l\u2019int\u00e9r\u00eat de la population et la survie de notre plan\u00e8te. \u00bb<\/p>\n<p>Technique du biochar<\/p>\n<p>Pour reboiser la for\u00eat communale de Minta, la technique du Biochar sera utilis\u00e9e sur une parcelle exp\u00e9rimentale de 500 m2 sur les deux ha \u00e0 reboiser. A long terme, des stocks de carbone seront constitu\u00e9s dans cette for\u00eat pour une contribution \u00e0 la r\u00e9duction des gaz \u00e0 effet de serre (GES) dans la r\u00e9gion du Centre. Toute chose qui va contribuer \u00e0 l\u2019\u00e9laboration des sc\u00e9narios de r\u00e9duction des \u00e9missions (SRE). Le Moabi, le Frak\u00e9, le Djansang, le Pachi, le Bibolo, le Bubinga, la mangue sauvage et l\u2019allanblankia sont les essences identifi\u00e9es pour le reboisement de la for\u00eat communale de Minta \u00ab Ces esp\u00e8ces utilis\u00e9es pour le reboisement sont celles qui poussent d\u00e9j\u00e0 dans la localit\u00e9, en milieu naturel. Nous les avons choisies car elles offrent un double avantage, \u00e0 savoir la collecte du mat\u00e9riel g\u00e9n\u00e9tique (graines ou sauvageons) pour la p\u00e9pini\u00e8re, et l\u2019adaptation aux conditions climatiques de la localit\u00e9 \u00bb, indique Clovis Nzuta, assistant projet \u00e0 Foder et responsable du processus de reboisement de la for\u00eat communale de Minta. Ce dernier \u00e9voque \u00e9galement \u00ab leur croissance rapide qui permettra de faire face \u00e0 la concurrence intersp\u00e9cifique vis-\u00e0-vis de l\u2019\u00e9clairement, mais aussi fournir dans les d\u00e9lais les autres b\u00e9n\u00e9fices environnementaux reconnus aux for\u00eats (protection des bassins versants, s\u00e9questration du carbone, modification du climat local \u00bb. Enfin, selon M. Nzuta, \u00ab le choix de ces essences foresti\u00e8res a \u00e9t\u00e9 fait de mani\u00e8re consensuelle avec les associations des femmes de la localit\u00e9 pour les essences dont les fruits sont utilis\u00e9s comme produit forestiers non ligneux (PFNL) et la cellule de foresterie communales pour les essences de bois d\u2019\u0153uvre \u00bb.<\/p>\n<p>Bernard Bangda<\/p>\n<p><strong>Pour plus d&rsquo;informations et d&rsquo;analyses sur la <a href=\"https:\/\/www.africa-press.net\/cameroun\">Cameroun<\/a>, suivez <a href=\"https:\/\/www.africa-press.net\/\">Africa-Press<\/a><\/strong><\/p>\n","protected":false},"excerpt":{"rendered":"<p>Africa-Press &#8211; Cameroun. Le vendredi 29 juillet 2022, Salomon Mout Abalang, le maire de la commune de Minta, dans le d\u00e9partement de la Haute-Sanaga, d\u00e9partement du Centre du Cameroun, a pr\u00e9sid\u00e9 la c\u00e9r\u00e9monie de planting, par l\u2019organisation Foder, du premier arbre pour le reboisement et la restauration de la savane d\u00e9grad\u00e9e de sa for\u00eat communale. [&hellip;]<\/p>\n","protected":false},"author":82,"featured_media":24684,"comment_status":"open","ping_status":"closed","sticky":false,"template":"","format":"standard","meta":{"footnotes":""},"categories":[21,11,10],"tags":[36,50,49],"class_list":["post-24685","post","type-post","status-publish","format-standard","has-post-thumbnail","hentry","category-communaute","category-homepage-french","category-toutes-les-actualites","tag-africa-press","tag-africa-press-cameroun","tag-cameroun"],"yoast_head":"<!-- This site is optimized with the Yoast SEO Premium plugin v26.1 (Yoast SEO v27.0) - https:\/\/yoast.com\/product\/yoast-seo-premium-wordpress\/ -->\n<title>Environnement: Foder restaure la for\u00eat communale de Minta - Cameroun<\/title>\n<meta name=\"description\" content=\"Le vendredi 29 juillet 2022, Salomon Mout Abalang, le maire de la commune de Minta, dans le d\u00e9partement de la Haute-Sana ...\" \/>\n<meta name=\"robots\" content=\"index, follow, max-snippet:-1, max-image-preview:large, max-video-preview:-1\" \/>\n<link rel=\"canonical\" href=\"https:\/\/www.africa-press.net\/cameroun\/toutes-les-actualites\/environnement-foder-restaure-la-foret-communale-de-minta\" \/>\n<meta property=\"og:locale\" content=\"fr_FR\" \/>\n<meta property=\"og:type\" content=\"article\" \/>\n<meta property=\"og:title\" content=\"Environnement: Foder restaure la for\u00eat communale de Minta\" \/>\n<meta property=\"og:description\" content=\"Le vendredi 29 juillet 2022, Salomon Mout Abalang, le maire de la commune de Minta, dans le d\u00e9partement de la Haute-Sana ...\" \/>\n<meta property=\"og:url\" content=\"https:\/\/www.africa-press.net\/cameroun\/toutes-les-actualites\/environnement-foder-restaure-la-foret-communale-de-minta\" \/>\n<meta property=\"og:site_name\" content=\"Cameroun\" \/>\n<meta property=\"article:published_time\" content=\"2022-08-03T14:16:14+00:00\" \/>\n<meta property=\"article:modified_time\" content=\"2022-08-03T16:40:28+00:00\" \/>\n<meta property=\"og:image\" content=\"https:\/\/static.africa-press.net\/cameroun\/sites\/57\/2022\/08\/img-62eaa4e895639.jpg\" \/>\n\t<meta property=\"og:image:width\" content=\"800\" \/>\n\t<meta property=\"og:image:height\" content=\"532\" \/>\n\t<meta property=\"og:image:type\" content=\"image\/jpeg\" \/>\n<meta name=\"author\" content=\"cfeditorfr\" \/>\n<meta name=\"twitter:card\" content=\"summary_large_image\" \/>\n<meta name=\"twitter:label1\" content=\"\u00c9crit par\" \/>\n\t<meta name=\"twitter:data1\" content=\"cfeditorfr\" \/>\n\t<meta name=\"twitter:label2\" content=\"Dur\u00e9e de lecture estim\u00e9e\" \/>\n\t<meta name=\"twitter:data2\" content=\"3 minutes\" \/>\n<script type=\"application\/ld+json\" class=\"yoast-schema-graph\">{\"@context\":\"https:\/\/schema.org\",\"@graph\":[{\"@type\":\"Article\",\"@id\":\"https:\/\/www.africa-press.net\/cameroun\/toutes-les-actualites\/environnement-foder-restaure-la-foret-communale-de-minta#article\",\"isPartOf\":{\"@id\":\"https:\/\/www.africa-press.net\/cameroun\/toutes-les-actualites\/environnement-foder-restaure-la-foret-communale-de-minta\"},\"author\":{\"name\":\"cfeditorfr\",\"@id\":\"https:\/\/www.africa-press.net\/cameroun\/#\/schema\/person\/2b1cf3cd81a31e3cd26889ca66d677f1\"},\"headline\":\"Environnement: Foder restaure la for\u00eat communale de Minta\",\"datePublished\":\"2022-08-03T14:16:14+00:00\",\"dateModified\":\"2022-08-03T16:40:28+00:00\",\"mainEntityOfPage\":{\"@id\":\"https:\/\/www.africa-press.net\/cameroun\/toutes-les-actualites\/environnement-foder-restaure-la-foret-communale-de-minta\"},\"wordCount\":671,\"commentCount\":0,\"image\":{\"@id\":\"https:\/\/www.africa-press.net\/cameroun\/toutes-les-actualites\/environnement-foder-restaure-la-foret-communale-de-minta#primaryimage\"},\"thumbnailUrl\":\"https:\/\/static.africa-press.net\/cameroun\/sites\/57\/2022\/08\/img-62eaa4e895639.jpg\",\"keywords\":[\"Africa Press\",\"Africa Press-Cameroun\",\"Cameroun\"],\"articleSection\":[\"Communaut\u00e9\",\"homepage-french\",\"Toutes les actualit\u00e9s\"],\"inLanguage\":\"fr-FR\",\"potentialAction\":[{\"@type\":\"CommentAction\",\"name\":\"Comment\",\"target\":[\"https:\/\/www.africa-press.net\/cameroun\/toutes-les-actualites\/environnement-foder-restaure-la-foret-communale-de-minta#respond\"]}]},{\"@type\":\"WebPage\",\"@id\":\"https:\/\/www.africa-press.net\/cameroun\/toutes-les-actualites\/environnement-foder-restaure-la-foret-communale-de-minta\",\"url\":\"https:\/\/www.africa-press.net\/cameroun\/toutes-les-actualites\/environnement-foder-restaure-la-foret-communale-de-minta\",\"name\":\"Environnement: Foder restaure la for\u00eat communale de Minta - Cameroun\",\"isPartOf\":{\"@id\":\"https:\/\/www.africa-press.net\/cameroun\/#website\"},\"primaryImageOfPage\":{\"@id\":\"https:\/\/www.africa-press.net\/cameroun\/toutes-les-actualites\/environnement-foder-restaure-la-foret-communale-de-minta#primaryimage\"},\"image\":{\"@id\":\"https:\/\/www.africa-press.net\/cameroun\/toutes-les-actualites\/environnement-foder-restaure-la-foret-communale-de-minta#primaryimage\"},\"thumbnailUrl\":\"https:\/\/static.africa-press.net\/cameroun\/sites\/57\/2022\/08\/img-62eaa4e895639.jpg\",\"datePublished\":\"2022-08-03T14:16:14+00:00\",\"dateModified\":\"2022-08-03T16:40:28+00:00\",\"author\":{\"@id\":\"https:\/\/www.africa-press.net\/cameroun\/#\/schema\/person\/2b1cf3cd81a31e3cd26889ca66d677f1\"},\"description\":\"Le vendredi 29 juillet 2022, Salomon Mout Abalang, le maire de la commune de Minta, dans le d\u00e9partement de la Haute-Sana ...\",\"breadcrumb\":{\"@id\":\"https:\/\/www.africa-press.net\/cameroun\/toutes-les-actualites\/environnement-foder-restaure-la-foret-communale-de-minta#breadcrumb\"},\"inLanguage\":\"fr-FR\",\"potentialAction\":[{\"@type\":\"ReadAction\",\"target\":[\"https:\/\/www.africa-press.net\/cameroun\/toutes-les-actualites\/environnement-foder-restaure-la-foret-communale-de-minta\"]}]},{\"@type\":\"ImageObject\",\"inLanguage\":\"fr-FR\",\"@id\":\"https:\/\/www.africa-press.net\/cameroun\/toutes-les-actualites\/environnement-foder-restaure-la-foret-communale-de-minta#primaryimage\",\"url\":\"https:\/\/static.africa-press.net\/cameroun\/sites\/57\/2022\/08\/img-62eaa4e895639.jpg\",\"contentUrl\":\"https:\/\/static.africa-press.net\/cameroun\/sites\/57\/2022\/08\/img-62eaa4e895639.jpg\",\"width\":800,\"height\":532,\"caption\":\"Environnement: Foder restaure la for\u00eat communale de Minta\"},{\"@type\":\"BreadcrumbList\",\"@id\":\"https:\/\/www.africa-press.net\/cameroun\/toutes-les-actualites\/environnement-foder-restaure-la-foret-communale-de-minta#breadcrumb\",\"itemListElement\":[{\"@type\":\"ListItem\",\"position\":1,\"name\":\"Accueil\",\"item\":\"https:\/\/www.africa-press.net\/cameroun\/\"},{\"@type\":\"ListItem\",\"position\":2,\"name\":\"Environnement: Foder restaure la for\u00eat communale de Minta\"}]},{\"@type\":\"WebSite\",\"@id\":\"https:\/\/www.africa-press.net\/cameroun\/#website\",\"url\":\"https:\/\/www.africa-press.net\/cameroun\/\",\"name\":\"Cameroun\",\"description\":\"Just another Africa News Agency Sites site\",\"potentialAction\":[{\"@type\":\"SearchAction\",\"target\":{\"@type\":\"EntryPoint\",\"urlTemplate\":\"https:\/\/www.africa-press.net\/cameroun\/?s={search_term_string}\"},\"query-input\":{\"@type\":\"PropertyValueSpecification\",\"valueRequired\":true,\"valueName\":\"search_term_string\"}}],\"inLanguage\":\"fr-FR\"},{\"@type\":\"Person\",\"@id\":\"https:\/\/www.africa-press.net\/cameroun\/#\/schema\/person\/2b1cf3cd81a31e3cd26889ca66d677f1\",\"name\":\"cfeditorfr\"}]}<\/script>\n<!-- \/ Yoast SEO Premium plugin. -->","yoast_head_json":{"title":"Environnement: Foder restaure la for\u00eat communale de Minta - Cameroun","description":"Le vendredi 29 juillet 2022, Salomon Mout Abalang, le maire de la commune de Minta, dans le d\u00e9partement de la Haute-Sana ...","robots":{"index":"index","follow":"follow","max-snippet":"max-snippet:-1","max-image-preview":"max-image-preview:large","max-video-preview":"max-video-preview:-1"},"canonical":"https:\/\/www.africa-press.net\/cameroun\/toutes-les-actualites\/environnement-foder-restaure-la-foret-communale-de-minta","og_locale":"fr_FR","og_type":"article","og_title":"Environnement: Foder restaure la for\u00eat communale de Minta","og_description":"Le vendredi 29 juillet 2022, Salomon Mout Abalang, le maire de la commune de Minta, dans le d\u00e9partement de la Haute-Sana ...","og_url":"https:\/\/www.africa-press.net\/cameroun\/toutes-les-actualites\/environnement-foder-restaure-la-foret-communale-de-minta","og_site_name":"Cameroun","article_published_time":"2022-08-03T14:16:14+00:00","article_modified_time":"2022-08-03T16:40:28+00:00","og_image":[{"width":800,"height":532,"url":"https:\/\/static.africa-press.net\/cameroun\/sites\/57\/2022\/08\/img-62eaa4e895639.jpg","type":"image\/jpeg"}],"author":"cfeditorfr","twitter_card":"summary_large_image","twitter_misc":{"\u00c9crit par":"cfeditorfr","Dur\u00e9e de lecture estim\u00e9e":"3 minutes"},"schema":{"@context":"https:\/\/schema.org","@graph":[{"@type":"Article","@id":"https:\/\/www.africa-press.net\/cameroun\/toutes-les-actualites\/environnement-foder-restaure-la-foret-communale-de-minta#article","isPartOf":{"@id":"https:\/\/www.africa-press.net\/cameroun\/toutes-les-actualites\/environnement-foder-restaure-la-foret-communale-de-minta"},"author":{"name":"cfeditorfr","@id":"https:\/\/www.africa-press.net\/cameroun\/#\/schema\/person\/2b1cf3cd81a31e3cd26889ca66d677f1"},"headline":"Environnement: Foder restaure la for\u00eat communale de Minta","datePublished":"2022-08-03T14:16:14+00:00","dateModified":"2022-08-03T16:40:28+00:00","mainEntityOfPage":{"@id":"https:\/\/www.africa-press.net\/cameroun\/toutes-les-actualites\/environnement-foder-restaure-la-foret-communale-de-minta"},"wordCount":671,"commentCount":0,"image":{"@id":"https:\/\/www.africa-press.net\/cameroun\/toutes-les-actualites\/environnement-foder-restaure-la-foret-communale-de-minta#primaryimage"},"thumbnailUrl":"https:\/\/static.africa-press.net\/cameroun\/sites\/57\/2022\/08\/img-62eaa4e895639.jpg","keywords":["Africa Press","Africa Press-Cameroun","Cameroun"],"articleSection":["Communaut\u00e9","homepage-french","Toutes les actualit\u00e9s"],"inLanguage":"fr-FR","potentialAction":[{"@type":"CommentAction","name":"Comment","target":["https:\/\/www.africa-press.net\/cameroun\/toutes-les-actualites\/environnement-foder-restaure-la-foret-communale-de-minta#respond"]}]},{"@type":"WebPage","@id":"https:\/\/www.africa-press.net\/cameroun\/toutes-les-actualites\/environnement-foder-restaure-la-foret-communale-de-minta","url":"https:\/\/www.africa-press.net\/cameroun\/toutes-les-actualites\/environnement-foder-restaure-la-foret-communale-de-minta","name":"Environnement: Foder restaure la for\u00eat communale de Minta - Cameroun","isPartOf":{"@id":"https:\/\/www.africa-press.net\/cameroun\/#website"},"primaryImageOfPage":{"@id":"https:\/\/www.africa-press.net\/cameroun\/toutes-les-actualites\/environnement-foder-restaure-la-foret-communale-de-minta#primaryimage"},"image":{"@id":"https:\/\/www.africa-press.net\/cameroun\/toutes-les-actualites\/environnement-foder-restaure-la-foret-communale-de-minta#primaryimage"},"thumbnailUrl":"https:\/\/static.africa-press.net\/cameroun\/sites\/57\/2022\/08\/img-62eaa4e895639.jpg","datePublished":"2022-08-03T14:16:14+00:00","dateModified":"2022-08-03T16:40:28+00:00","author":{"@id":"https:\/\/www.africa-press.net\/cameroun\/#\/schema\/person\/2b1cf3cd81a31e3cd26889ca66d677f1"},"description":"Le vendredi 29 juillet 2022, Salomon Mout Abalang, le maire de la commune de Minta, dans le d\u00e9partement de la Haute-Sana ...","breadcrumb":{"@id":"https:\/\/www.africa-press.net\/cameroun\/toutes-les-actualites\/environnement-foder-restaure-la-foret-communale-de-minta#breadcrumb"},"inLanguage":"fr-FR","potentialAction":[{"@type":"ReadAction","target":["https:\/\/www.africa-press.net\/cameroun\/toutes-les-actualites\/environnement-foder-restaure-la-foret-communale-de-minta"]}]},{"@type":"ImageObject","inLanguage":"fr-FR","@id":"https:\/\/www.africa-press.net\/cameroun\/toutes-les-actualites\/environnement-foder-restaure-la-foret-communale-de-minta#primaryimage","url":"https:\/\/static.africa-press.net\/cameroun\/sites\/57\/2022\/08\/img-62eaa4e895639.jpg","contentUrl":"https:\/\/static.africa-press.net\/cameroun\/sites\/57\/2022\/08\/img-62eaa4e895639.jpg","width":800,"height":532,"caption":"Environnement: Foder restaure la for\u00eat communale de Minta"},{"@type":"BreadcrumbList","@id":"https:\/\/www.africa-press.net\/cameroun\/toutes-les-actualites\/environnement-foder-restaure-la-foret-communale-de-minta#breadcrumb","itemListElement":[{"@type":"ListItem","position":1,"name":"Accueil","item":"https:\/\/www.africa-press.net\/cameroun\/"},{"@type":"ListItem","position":2,"name":"Environnement: Foder restaure la for\u00eat communale de Minta"}]},{"@type":"WebSite","@id":"https:\/\/www.africa-press.net\/cameroun\/#website","url":"https:\/\/www.africa-press.net\/cameroun\/","name":"Cameroun","description":"Just another Africa News Agency Sites site","potentialAction":[{"@type":"SearchAction","target":{"@type":"EntryPoint","urlTemplate":"https:\/\/www.africa-press.net\/cameroun\/?s={search_term_string}"},"query-input":{"@type":"PropertyValueSpecification","valueRequired":true,"valueName":"search_term_string"}}],"inLanguage":"fr-FR"},{"@type":"Person","@id":"https:\/\/www.africa-press.net\/cameroun\/#\/schema\/person\/2b1cf3cd81a31e3cd26889ca66d677f1","name":"cfeditorfr"}]}},"_links":{"self":[{"href":"https:\/\/www.africa-press.net\/cameroun\/wp-json\/wp\/v2\/posts\/24685","targetHints":{"allow":["GET"]}}],"collection":[{"href":"https:\/\/www.africa-press.net\/cameroun\/wp-json\/wp\/v2\/posts"}],"about":[{"href":"https:\/\/www.africa-press.net\/cameroun\/wp-json\/wp\/v2\/types\/post"}],"author":[{"embeddable":true,"href":"https:\/\/www.africa-press.net\/cameroun\/wp-json\/wp\/v2\/users\/82"}],"replies":[{"embeddable":true,"href":"https:\/\/www.africa-press.net\/cameroun\/wp-json\/wp\/v2\/comments?post=24685"}],"version-history":[{"count":0,"href":"https:\/\/www.africa-press.net\/cameroun\/wp-json\/wp\/v2\/posts\/24685\/revisions"}],"wp:featuredmedia":[{"embeddable":true,"href":"https:\/\/www.africa-press.net\/cameroun\/wp-json\/wp\/v2\/media\/24684"}],"wp:attachment":[{"href":"https:\/\/www.africa-press.net\/cameroun\/wp-json\/wp\/v2\/media?parent=24685"}],"wp:term":[{"taxonomy":"category","embeddable":true,"href":"https:\/\/www.africa-press.net\/cameroun\/wp-json\/wp\/v2\/categories?post=24685"},{"taxonomy":"post_tag","embeddable":true,"href":"https:\/\/www.africa-press.net\/cameroun\/wp-json\/wp\/v2\/tags?post=24685"}],"curies":[{"name":"wp","href":"https:\/\/api.w.org\/{rel}","templated":true}]}}