{"id":24688,"date":"2022-08-03T14:25:47","date_gmt":"2022-08-03T14:25:47","guid":{"rendered":"https:\/\/www.africa-press.net\/cameroun\/politique\/exploitation-miniere-le-prefet-de-la-kadey-est-envisage-le-reboisement-du-chantier-de-kambele"},"modified":"2022-08-03T16:41:01","modified_gmt":"2022-08-03T16:41:01","slug":"exploitation-miniere-le-prefet-de-la-kadey-est-envisage-le-reboisement-du-chantier-de-kambele","status":"publish","type":"post","link":"https:\/\/www.africa-press.net\/cameroun\/toutes-les-actualites\/exploitation-miniere-le-prefet-de-la-kadey-est-envisage-le-reboisement-du-chantier-de-kambele","title":{"rendered":"Exploitation mini\u00e8re: Le Pr\u00e9fet de la Kad\u00e9y (Est) envisage le reboisement du chantier de Kambele"},"content":{"rendered":"<p><span style=\"color: #ff6600\"><strong>Africa-Press &#8211; Cameroun. <\/strong><\/span>Le 1er ao\u00fbt 2022, \u00e0 Batouri, au cours d\u2019un \u00e9change avec Ecogreen Afrik, le pr\u00e9fet du d\u00e9partement de la Kad\u00e9y, r\u00e9gion de l\u2019Est, a r\u00e9v\u00e9l\u00e9 le projet qu\u2019il entretenait sur le chantier minier de Kambele-Batouri. \u00ab Nous allons planter des arbres sur ce chantier. Pour cela, les sectorielles concern\u00e9es (Agriculture et Environnement, ndlr) sont en alerte pour nous fournir en plants que nous allons faire mettre en terre chaque fois qu\u2019une entreprise mini\u00e8re aura cl\u00f4tur\u00e9 ses activit\u00e9s sur un site \u00e0 Kambele-Batouri \u00bb, indique Djada\u00ef Yakouba. Pour le pr\u00e9fet de la Kad\u00e9y, il est question, \u00e0 travers ce projet, non seulement de prot\u00e9ger l\u2019environnement mais surtout \u00ab de pr\u00eacher par l\u2019exemple dans un contexte o\u00f9 tout le monde pense que les autorit\u00e9s administratives n\u2019excellent que dans des prises de d\u00e9cisions drastiques sans tenir compte des r\u00e9alit\u00e9s locales \u00bb.<\/p>\n<p>En fait de r\u00e9alit\u00e9s, dans son arr\u00eat\u00e9 du 27 juillet 2022 portant \u00ab fermeture de toutes les soci\u00e9t\u00e9s mini\u00e8res en activit\u00e9 \u00e0 Kambele-Batouri \u00bb, Djada\u00ef Yakouba excipe \u00ab des morts r\u00e9currentes de personnes par noyade du fait de la non fermeture des trous miniers apr\u00e8s exploitation ; des morts r\u00e9currentes par \u00e9boulement du fait du non-respect des normes d\u2019exploitation mini\u00e8re ; la menace de la d\u00e9gradation de la route nationale n\u00b010, au PK 44+820 du fait de l\u2019obstruction du lit du cours d\u2019eau par des coul\u00e9es boueuses \u00bb. \u00ab Ce n\u2019est pas de gaiet\u00e9 de c\u0153ur qu\u2019une autorit\u00e9 administrative, dont l\u2019une des principales missions est la promotion du d\u00e9veloppement \u00e9conomique dans son unit\u00e9 de commandement, prend une telle d\u00e9cision, une d\u00e9cision qui suspend la cr\u00e9ation des richesses et des emploi \u00bb, se d\u00e9sole le pr\u00e9fet de la Kad\u00e9y. Qui poursuit : \u00ab Nous ne pouvons pas non plus autoriser ou laisser prosp\u00e9rer des pratiques qui violent les lois du pays sous le pr\u00e9texte que l\u2019Etat doit s\u2019enrichir. Nous n\u2019avons jamais vu un endroit o\u00f9 l\u2019on vend les vies humaines. Il est de notre devoir de les prot\u00e9ger, de les pr\u00e9server. Cela passe par ce type de d\u00e9cisions. \u00bb<\/p>\n<p>L\u2019id\u00e9e de planter des arbres participe alors de la vision de transformer \u00ab des sites qui tuent en sites qui portent la vie \u00bb. Pour cela, le pr\u00e9fet de la Kad\u00e9y d\u00e9clare \u00ab \u00eatre pr\u00eat \u00e0 exercer une veille permanente pour que les entreprises mini\u00e8res respectent les normes environnementales contenues dans le code minier camerounais \u00bb. A ce stade, les \u00e9valuations sont faites pour savoir combien de plants il faudra commander pour lancer ce projet.<\/p>\n<p>Bernard Bangda, \u00e0 Batouri<\/p>\n<p><strong>Pour plus d&rsquo;informations et d&rsquo;analyses sur la <a href=\"https:\/\/www.africa-press.net\/cameroun\">Cameroun<\/a>, suivez <a href=\"https:\/\/www.africa-press.net\/\">Africa-Press<\/a><\/strong><\/p>\n","protected":false},"excerpt":{"rendered":"<p>Africa-Press &#8211; Cameroun. Le 1er ao\u00fbt 2022, \u00e0 Batouri, au cours d\u2019un \u00e9change avec Ecogreen Afrik, le pr\u00e9fet du d\u00e9partement de la Kad\u00e9y, r\u00e9gion de l\u2019Est, a r\u00e9v\u00e9l\u00e9 le projet qu\u2019il entretenait sur le chantier minier de Kambele-Batouri. \u00ab Nous allons planter des arbres sur ce chantier. Pour cela, les sectorielles concern\u00e9es (Agriculture et Environnement, [&hellip;]<\/p>\n","protected":false},"author":82,"featured_media":24687,"comment_status":"open","ping_status":"closed","sticky":false,"template":"","format":"standard","meta":{"footnotes":""},"categories":[21,11,10],"tags":[36,50,49],"class_list":["post-24688","post","type-post","status-publish","format-standard","has-post-thumbnail","hentry","category-communaute","category-homepage-french","category-toutes-les-actualites","tag-africa-press","tag-africa-press-cameroun","tag-cameroun"],"yoast_head":"<!-- This site is optimized with the Yoast SEO Premium plugin v26.1 (Yoast SEO v27.0) - https:\/\/yoast.com\/product\/yoast-seo-premium-wordpress\/ -->\n<title>Exploitation mini\u00e8re: Le Pr\u00e9fet de la Kad\u00e9y (Est) envisage le reboisement du chantier de Kambele - Cameroun<\/title>\n<meta name=\"description\" content=\"Le 1er ao\u00fbt 2022, \u00e0 Batouri, au cours d\u2019un \u00e9change avec Ecogreen Afrik, le pr\u00e9fet du d\u00e9partement de la Kad\u00e9y, r\u00e9gion de ...\" \/>\n<meta name=\"robots\" content=\"index, follow, max-snippet:-1, max-image-preview:large, max-video-preview:-1\" \/>\n<link rel=\"canonical\" href=\"https:\/\/www.africa-press.net\/cameroun\/toutes-les-actualites\/exploitation-miniere-le-prefet-de-la-kadey-est-envisage-le-reboisement-du-chantier-de-kambele\" \/>\n<meta property=\"og:locale\" content=\"fr_FR\" \/>\n<meta property=\"og:type\" content=\"article\" \/>\n<meta property=\"og:title\" content=\"Exploitation mini\u00e8re: Le Pr\u00e9fet de la Kad\u00e9y (Est) envisage le reboisement du chantier de Kambele\" \/>\n<meta property=\"og:description\" content=\"Le 1er ao\u00fbt 2022, \u00e0 Batouri, au cours d\u2019un \u00e9change avec Ecogreen Afrik, le pr\u00e9fet du d\u00e9partement de la Kad\u00e9y, r\u00e9gion de ...\" \/>\n<meta property=\"og:url\" content=\"https:\/\/www.africa-press.net\/cameroun\/toutes-les-actualites\/exploitation-miniere-le-prefet-de-la-kadey-est-envisage-le-reboisement-du-chantier-de-kambele\" \/>\n<meta property=\"og:site_name\" content=\"Cameroun\" \/>\n<meta property=\"article:published_time\" content=\"2022-08-03T14:25:47+00:00\" \/>\n<meta property=\"article:modified_time\" content=\"2022-08-03T16:41:01+00:00\" \/>\n<meta property=\"og:image\" content=\"https:\/\/static.africa-press.net\/cameroun\/sites\/57\/2022\/08\/img-62eaa507a0893.jpg\" \/>\n\t<meta property=\"og:image:width\" content=\"800\" \/>\n\t<meta property=\"og:image:height\" content=\"523\" \/>\n\t<meta property=\"og:image:type\" content=\"image\/jpeg\" \/>\n<meta name=\"author\" content=\"cfeditorfr\" \/>\n<meta name=\"twitter:card\" content=\"summary_large_image\" \/>\n<meta name=\"twitter:label1\" content=\"\u00c9crit par\" \/>\n\t<meta name=\"twitter:data1\" content=\"cfeditorfr\" \/>\n\t<meta name=\"twitter:label2\" content=\"Dur\u00e9e de lecture estim\u00e9e\" \/>\n\t<meta name=\"twitter:data2\" content=\"3 minutes\" \/>\n<script type=\"application\/ld+json\" class=\"yoast-schema-graph\">{\"@context\":\"https:\/\/schema.org\",\"@graph\":[{\"@type\":\"Article\",\"@id\":\"https:\/\/www.africa-press.net\/cameroun\/toutes-les-actualites\/exploitation-miniere-le-prefet-de-la-kadey-est-envisage-le-reboisement-du-chantier-de-kambele#article\",\"isPartOf\":{\"@id\":\"https:\/\/www.africa-press.net\/cameroun\/toutes-les-actualites\/exploitation-miniere-le-prefet-de-la-kadey-est-envisage-le-reboisement-du-chantier-de-kambele\"},\"author\":{\"name\":\"cfeditorfr\",\"@id\":\"https:\/\/www.africa-press.net\/cameroun\/#\/schema\/person\/2b1cf3cd81a31e3cd26889ca66d677f1\"},\"headline\":\"Exploitation mini\u00e8re: Le Pr\u00e9fet de la Kad\u00e9y (Est) envisage le reboisement du chantier de Kambele\",\"datePublished\":\"2022-08-03T14:25:47+00:00\",\"dateModified\":\"2022-08-03T16:41:01+00:00\",\"mainEntityOfPage\":{\"@id\":\"https:\/\/www.africa-press.net\/cameroun\/toutes-les-actualites\/exploitation-miniere-le-prefet-de-la-kadey-est-envisage-le-reboisement-du-chantier-de-kambele\"},\"wordCount\":487,\"commentCount\":0,\"image\":{\"@id\":\"https:\/\/www.africa-press.net\/cameroun\/toutes-les-actualites\/exploitation-miniere-le-prefet-de-la-kadey-est-envisage-le-reboisement-du-chantier-de-kambele#primaryimage\"},\"thumbnailUrl\":\"https:\/\/static.africa-press.net\/cameroun\/sites\/57\/2022\/08\/img-62eaa507a0893.jpg\",\"keywords\":[\"Africa Press\",\"Africa Press-Cameroun\",\"Cameroun\"],\"articleSection\":[\"Communaut\u00e9\",\"homepage-french\",\"Toutes les actualit\u00e9s\"],\"inLanguage\":\"fr-FR\",\"potentialAction\":[{\"@type\":\"CommentAction\",\"name\":\"Comment\",\"target\":[\"https:\/\/www.africa-press.net\/cameroun\/toutes-les-actualites\/exploitation-miniere-le-prefet-de-la-kadey-est-envisage-le-reboisement-du-chantier-de-kambele#respond\"]}]},{\"@type\":\"WebPage\",\"@id\":\"https:\/\/www.africa-press.net\/cameroun\/toutes-les-actualites\/exploitation-miniere-le-prefet-de-la-kadey-est-envisage-le-reboisement-du-chantier-de-kambele\",\"url\":\"https:\/\/www.africa-press.net\/cameroun\/toutes-les-actualites\/exploitation-miniere-le-prefet-de-la-kadey-est-envisage-le-reboisement-du-chantier-de-kambele\",\"name\":\"Exploitation mini\u00e8re: Le Pr\u00e9fet de la Kad\u00e9y (Est) envisage le reboisement du chantier de Kambele - Cameroun\",\"isPartOf\":{\"@id\":\"https:\/\/www.africa-press.net\/cameroun\/#website\"},\"primaryImageOfPage\":{\"@id\":\"https:\/\/www.africa-press.net\/cameroun\/toutes-les-actualites\/exploitation-miniere-le-prefet-de-la-kadey-est-envisage-le-reboisement-du-chantier-de-kambele#primaryimage\"},\"image\":{\"@id\":\"https:\/\/www.africa-press.net\/cameroun\/toutes-les-actualites\/exploitation-miniere-le-prefet-de-la-kadey-est-envisage-le-reboisement-du-chantier-de-kambele#primaryimage\"},\"thumbnailUrl\":\"https:\/\/static.africa-press.net\/cameroun\/sites\/57\/2022\/08\/img-62eaa507a0893.jpg\",\"datePublished\":\"2022-08-03T14:25:47+00:00\",\"dateModified\":\"2022-08-03T16:41:01+00:00\",\"author\":{\"@id\":\"https:\/\/www.africa-press.net\/cameroun\/#\/schema\/person\/2b1cf3cd81a31e3cd26889ca66d677f1\"},\"description\":\"Le 1er ao\u00fbt 2022, \u00e0 Batouri, au cours d\u2019un \u00e9change avec Ecogreen Afrik, le pr\u00e9fet du d\u00e9partement de la Kad\u00e9y, r\u00e9gion de ...\",\"breadcrumb\":{\"@id\":\"https:\/\/www.africa-press.net\/cameroun\/toutes-les-actualites\/exploitation-miniere-le-prefet-de-la-kadey-est-envisage-le-reboisement-du-chantier-de-kambele#breadcrumb\"},\"inLanguage\":\"fr-FR\",\"potentialAction\":[{\"@type\":\"ReadAction\",\"target\":[\"https:\/\/www.africa-press.net\/cameroun\/toutes-les-actualites\/exploitation-miniere-le-prefet-de-la-kadey-est-envisage-le-reboisement-du-chantier-de-kambele\"]}]},{\"@type\":\"ImageObject\",\"inLanguage\":\"fr-FR\",\"@id\":\"https:\/\/www.africa-press.net\/cameroun\/toutes-les-actualites\/exploitation-miniere-le-prefet-de-la-kadey-est-envisage-le-reboisement-du-chantier-de-kambele#primaryimage\",\"url\":\"https:\/\/static.africa-press.net\/cameroun\/sites\/57\/2022\/08\/img-62eaa507a0893.jpg\",\"contentUrl\":\"https:\/\/static.africa-press.net\/cameroun\/sites\/57\/2022\/08\/img-62eaa507a0893.jpg\",\"width\":800,\"height\":523,\"caption\":\"Exploitation mini\u00e8re: Le Pr\u00e9fet de la Kad\u00e9y (Est) envisage le reboisement du chantier de Kambele\"},{\"@type\":\"BreadcrumbList\",\"@id\":\"https:\/\/www.africa-press.net\/cameroun\/toutes-les-actualites\/exploitation-miniere-le-prefet-de-la-kadey-est-envisage-le-reboisement-du-chantier-de-kambele#breadcrumb\",\"itemListElement\":[{\"@type\":\"ListItem\",\"position\":1,\"name\":\"Accueil\",\"item\":\"https:\/\/www.africa-press.net\/cameroun\/\"},{\"@type\":\"ListItem\",\"position\":2,\"name\":\"Exploitation mini\u00e8re: Le Pr\u00e9fet de la Kad\u00e9y (Est) envisage le reboisement du chantier de Kambele\"}]},{\"@type\":\"WebSite\",\"@id\":\"https:\/\/www.africa-press.net\/cameroun\/#website\",\"url\":\"https:\/\/www.africa-press.net\/cameroun\/\",\"name\":\"Cameroun\",\"description\":\"Just another Africa News Agency Sites site\",\"potentialAction\":[{\"@type\":\"SearchAction\",\"target\":{\"@type\":\"EntryPoint\",\"urlTemplate\":\"https:\/\/www.africa-press.net\/cameroun\/?s={search_term_string}\"},\"query-input\":{\"@type\":\"PropertyValueSpecification\",\"valueRequired\":true,\"valueName\":\"search_term_string\"}}],\"inLanguage\":\"fr-FR\"},{\"@type\":\"Person\",\"@id\":\"https:\/\/www.africa-press.net\/cameroun\/#\/schema\/person\/2b1cf3cd81a31e3cd26889ca66d677f1\",\"name\":\"cfeditorfr\"}]}<\/script>\n<!-- \/ Yoast SEO Premium plugin. -->","yoast_head_json":{"title":"Exploitation mini\u00e8re: Le Pr\u00e9fet de la Kad\u00e9y (Est) envisage le reboisement du chantier de Kambele - Cameroun","description":"Le 1er ao\u00fbt 2022, \u00e0 Batouri, au cours d\u2019un \u00e9change avec Ecogreen Afrik, le pr\u00e9fet du d\u00e9partement de la Kad\u00e9y, r\u00e9gion de ...","robots":{"index":"index","follow":"follow","max-snippet":"max-snippet:-1","max-image-preview":"max-image-preview:large","max-video-preview":"max-video-preview:-1"},"canonical":"https:\/\/www.africa-press.net\/cameroun\/toutes-les-actualites\/exploitation-miniere-le-prefet-de-la-kadey-est-envisage-le-reboisement-du-chantier-de-kambele","og_locale":"fr_FR","og_type":"article","og_title":"Exploitation mini\u00e8re: Le Pr\u00e9fet de la Kad\u00e9y (Est) envisage le reboisement du chantier de Kambele","og_description":"Le 1er ao\u00fbt 2022, \u00e0 Batouri, au cours d\u2019un \u00e9change avec Ecogreen Afrik, le pr\u00e9fet du d\u00e9partement de la Kad\u00e9y, r\u00e9gion de ...","og_url":"https:\/\/www.africa-press.net\/cameroun\/toutes-les-actualites\/exploitation-miniere-le-prefet-de-la-kadey-est-envisage-le-reboisement-du-chantier-de-kambele","og_site_name":"Cameroun","article_published_time":"2022-08-03T14:25:47+00:00","article_modified_time":"2022-08-03T16:41:01+00:00","og_image":[{"width":800,"height":523,"url":"https:\/\/static.africa-press.net\/cameroun\/sites\/57\/2022\/08\/img-62eaa507a0893.jpg","type":"image\/jpeg"}],"author":"cfeditorfr","twitter_card":"summary_large_image","twitter_misc":{"\u00c9crit par":"cfeditorfr","Dur\u00e9e de lecture estim\u00e9e":"3 minutes"},"schema":{"@context":"https:\/\/schema.org","@graph":[{"@type":"Article","@id":"https:\/\/www.africa-press.net\/cameroun\/toutes-les-actualites\/exploitation-miniere-le-prefet-de-la-kadey-est-envisage-le-reboisement-du-chantier-de-kambele#article","isPartOf":{"@id":"https:\/\/www.africa-press.net\/cameroun\/toutes-les-actualites\/exploitation-miniere-le-prefet-de-la-kadey-est-envisage-le-reboisement-du-chantier-de-kambele"},"author":{"name":"cfeditorfr","@id":"https:\/\/www.africa-press.net\/cameroun\/#\/schema\/person\/2b1cf3cd81a31e3cd26889ca66d677f1"},"headline":"Exploitation mini\u00e8re: Le Pr\u00e9fet de la Kad\u00e9y (Est) envisage le reboisement du chantier de Kambele","datePublished":"2022-08-03T14:25:47+00:00","dateModified":"2022-08-03T16:41:01+00:00","mainEntityOfPage":{"@id":"https:\/\/www.africa-press.net\/cameroun\/toutes-les-actualites\/exploitation-miniere-le-prefet-de-la-kadey-est-envisage-le-reboisement-du-chantier-de-kambele"},"wordCount":487,"commentCount":0,"image":{"@id":"https:\/\/www.africa-press.net\/cameroun\/toutes-les-actualites\/exploitation-miniere-le-prefet-de-la-kadey-est-envisage-le-reboisement-du-chantier-de-kambele#primaryimage"},"thumbnailUrl":"https:\/\/static.africa-press.net\/cameroun\/sites\/57\/2022\/08\/img-62eaa507a0893.jpg","keywords":["Africa Press","Africa Press-Cameroun","Cameroun"],"articleSection":["Communaut\u00e9","homepage-french","Toutes les actualit\u00e9s"],"inLanguage":"fr-FR","potentialAction":[{"@type":"CommentAction","name":"Comment","target":["https:\/\/www.africa-press.net\/cameroun\/toutes-les-actualites\/exploitation-miniere-le-prefet-de-la-kadey-est-envisage-le-reboisement-du-chantier-de-kambele#respond"]}]},{"@type":"WebPage","@id":"https:\/\/www.africa-press.net\/cameroun\/toutes-les-actualites\/exploitation-miniere-le-prefet-de-la-kadey-est-envisage-le-reboisement-du-chantier-de-kambele","url":"https:\/\/www.africa-press.net\/cameroun\/toutes-les-actualites\/exploitation-miniere-le-prefet-de-la-kadey-est-envisage-le-reboisement-du-chantier-de-kambele","name":"Exploitation mini\u00e8re: Le Pr\u00e9fet de la Kad\u00e9y (Est) envisage le reboisement du chantier de Kambele - Cameroun","isPartOf":{"@id":"https:\/\/www.africa-press.net\/cameroun\/#website"},"primaryImageOfPage":{"@id":"https:\/\/www.africa-press.net\/cameroun\/toutes-les-actualites\/exploitation-miniere-le-prefet-de-la-kadey-est-envisage-le-reboisement-du-chantier-de-kambele#primaryimage"},"image":{"@id":"https:\/\/www.africa-press.net\/cameroun\/toutes-les-actualites\/exploitation-miniere-le-prefet-de-la-kadey-est-envisage-le-reboisement-du-chantier-de-kambele#primaryimage"},"thumbnailUrl":"https:\/\/static.africa-press.net\/cameroun\/sites\/57\/2022\/08\/img-62eaa507a0893.jpg","datePublished":"2022-08-03T14:25:47+00:00","dateModified":"2022-08-03T16:41:01+00:00","author":{"@id":"https:\/\/www.africa-press.net\/cameroun\/#\/schema\/person\/2b1cf3cd81a31e3cd26889ca66d677f1"},"description":"Le 1er ao\u00fbt 2022, \u00e0 Batouri, au cours d\u2019un \u00e9change avec Ecogreen Afrik, le pr\u00e9fet du d\u00e9partement de la Kad\u00e9y, r\u00e9gion de ...","breadcrumb":{"@id":"https:\/\/www.africa-press.net\/cameroun\/toutes-les-actualites\/exploitation-miniere-le-prefet-de-la-kadey-est-envisage-le-reboisement-du-chantier-de-kambele#breadcrumb"},"inLanguage":"fr-FR","potentialAction":[{"@type":"ReadAction","target":["https:\/\/www.africa-press.net\/cameroun\/toutes-les-actualites\/exploitation-miniere-le-prefet-de-la-kadey-est-envisage-le-reboisement-du-chantier-de-kambele"]}]},{"@type":"ImageObject","inLanguage":"fr-FR","@id":"https:\/\/www.africa-press.net\/cameroun\/toutes-les-actualites\/exploitation-miniere-le-prefet-de-la-kadey-est-envisage-le-reboisement-du-chantier-de-kambele#primaryimage","url":"https:\/\/static.africa-press.net\/cameroun\/sites\/57\/2022\/08\/img-62eaa507a0893.jpg","contentUrl":"https:\/\/static.africa-press.net\/cameroun\/sites\/57\/2022\/08\/img-62eaa507a0893.jpg","width":800,"height":523,"caption":"Exploitation mini\u00e8re: Le Pr\u00e9fet de la Kad\u00e9y (Est) envisage le reboisement du chantier de Kambele"},{"@type":"BreadcrumbList","@id":"https:\/\/www.africa-press.net\/cameroun\/toutes-les-actualites\/exploitation-miniere-le-prefet-de-la-kadey-est-envisage-le-reboisement-du-chantier-de-kambele#breadcrumb","itemListElement":[{"@type":"ListItem","position":1,"name":"Accueil","item":"https:\/\/www.africa-press.net\/cameroun\/"},{"@type":"ListItem","position":2,"name":"Exploitation mini\u00e8re: Le Pr\u00e9fet de la Kad\u00e9y (Est) envisage le reboisement du chantier de Kambele"}]},{"@type":"WebSite","@id":"https:\/\/www.africa-press.net\/cameroun\/#website","url":"https:\/\/www.africa-press.net\/cameroun\/","name":"Cameroun","description":"Just another Africa News Agency Sites site","potentialAction":[{"@type":"SearchAction","target":{"@type":"EntryPoint","urlTemplate":"https:\/\/www.africa-press.net\/cameroun\/?s={search_term_string}"},"query-input":{"@type":"PropertyValueSpecification","valueRequired":true,"valueName":"search_term_string"}}],"inLanguage":"fr-FR"},{"@type":"Person","@id":"https:\/\/www.africa-press.net\/cameroun\/#\/schema\/person\/2b1cf3cd81a31e3cd26889ca66d677f1","name":"cfeditorfr"}]}},"_links":{"self":[{"href":"https:\/\/www.africa-press.net\/cameroun\/wp-json\/wp\/v2\/posts\/24688","targetHints":{"allow":["GET"]}}],"collection":[{"href":"https:\/\/www.africa-press.net\/cameroun\/wp-json\/wp\/v2\/posts"}],"about":[{"href":"https:\/\/www.africa-press.net\/cameroun\/wp-json\/wp\/v2\/types\/post"}],"author":[{"embeddable":true,"href":"https:\/\/www.africa-press.net\/cameroun\/wp-json\/wp\/v2\/users\/82"}],"replies":[{"embeddable":true,"href":"https:\/\/www.africa-press.net\/cameroun\/wp-json\/wp\/v2\/comments?post=24688"}],"version-history":[{"count":0,"href":"https:\/\/www.africa-press.net\/cameroun\/wp-json\/wp\/v2\/posts\/24688\/revisions"}],"wp:featuredmedia":[{"embeddable":true,"href":"https:\/\/www.africa-press.net\/cameroun\/wp-json\/wp\/v2\/media\/24687"}],"wp:attachment":[{"href":"https:\/\/www.africa-press.net\/cameroun\/wp-json\/wp\/v2\/media?parent=24688"}],"wp:term":[{"taxonomy":"category","embeddable":true,"href":"https:\/\/www.africa-press.net\/cameroun\/wp-json\/wp\/v2\/categories?post=24688"},{"taxonomy":"post_tag","embeddable":true,"href":"https:\/\/www.africa-press.net\/cameroun\/wp-json\/wp\/v2\/tags?post=24688"}],"curies":[{"name":"wp","href":"https:\/\/api.w.org\/{rel}","templated":true}]}}