{"id":24691,"date":"2022-08-03T14:34:19","date_gmt":"2022-08-03T14:34:19","guid":{"rendered":"https:\/\/www.africa-press.net\/cameroun\/politique\/est-luniversite-de-bertoua-accueille-ses-premiers-responsables"},"modified":"2022-08-03T16:41:34","modified_gmt":"2022-08-03T16:41:34","slug":"est-luniversite-de-bertoua-accueille-ses-premiers-responsables","status":"publish","type":"post","link":"https:\/\/www.africa-press.net\/cameroun\/toutes-les-actualites\/est-luniversite-de-bertoua-accueille-ses-premiers-responsables","title":{"rendered":"EST:  l\u2019Universit\u00e9 de Bertoua accueille ses premiers responsables"},"content":{"rendered":"<p><span style=\"color: #ff6600\"><strong>Africa-Press &#8211; Cameroun. <\/strong><\/span>Nomm\u00e9s le 3 juin 2022 par d\u00e9cret pr\u00e9sidentiel, le PCA, Bernard Wongolo, et le recteur de l\u2019universit\u00e9 de Bertoua seront install\u00e9s dans leurs nouvelles fonctions par le ministre d\u2019Etat, ministre de l\u2019Enseignement sup\u00e9rieur, Jacques Fame Ndongo, le mardi 2 ao\u00fbt 2022. Ce sera \u00e0 la place des f\u00eates du chef-lieu de la r\u00e9gion de l\u2019Est.<\/p>\n<p>Bernard Wongolo, une carri\u00e8re de \u00abpremi\u00e8res\u00bb sous Paul Biya<\/p>\n<p>Avec sa nomination comme PCA de cette institution universitaire, Bernard Wongolo poursuit ses \u00ab premi\u00e8res \u00bb sous Paul Biya. D\u2019abord comme le \u00ab tout premier \u00bb fils du d\u00e9partement de la Boumba-et-Ngoko, comme gouverneur de r\u00e9gion. Celui que les populations du Mayo-Rey, dans le Nord, appelaient affectueusement \u00ab le p\u00e8re \u00bb y est rest\u00e9 pendant cinq ans, de 2005 \u00e0 2010, avant de prendre sa retraite. Une retraite de laquelle le sort le pr\u00e9sident du S\u00e9nat le 18 juin 2013. Ce jour-l\u00e0, Marcel Niat Njifenji fait de Bernard Wongolo son \u00ab tout premier \u00bb secr\u00e9taire g\u00e9n\u00e9ral adjoint pour appuyer Michel Meva\u2019a Meboutou dans cette lourde mission de pionnier d\u2019une institution parlementaire qui se mettait en place. Poste qu\u2019il occupe toujours jusqu\u2019\u00e0 ce jour.<\/p>\n<p>Dans la pr\u00e9fectorale, o\u00f9 il entre en janvier 1981 comme 1er adjoint pr\u00e9fectoral de la Mefou \u00e0 Mfou, Bernard Wongolo, n\u00e9 en 1954 \u00e0 Yokadouma, dans la Boumba-et-Ngoko, devient en septembre 1983, le \u00ab tout premier \u00bb pr\u00e9fet du tout nouveau d\u00e9partement du Faro \u00e0 Poli dans de qui \u00e9tait encore la province du Nord.<\/p>\n<p>Le \u00ab tout premier \u00bb PCA de l\u2019universit\u00e9 de Bertoua est celui-l\u00e0 qui, en ao\u00fbt 2012 lors de la c\u00e9r\u00e9monie de pose de la premi\u00e8re pierre du barrage hydro\u00e9lectrique de Lom Pangar, avait port\u00e9 les aspirations de la r\u00e9gion de l\u2019Est en r\u00e9it\u00e9rant la demande de la cr\u00e9ation d\u2019une universit\u00e9 d\u2019Etat \u00e0 Bertoua. Dix ans apr\u00e8s, il a \u00e9t\u00e9 entendu. Mieux, il va en \u00eatre un acteur important.<\/p>\n<p>Un recteur math\u00e9maticien<\/p>\n<p>Outre Bernard Wongolo, Jacques Fame Ndongo va proc\u00e9der \u00e0 l\u2019installation de Remy Magloire Dieudonn\u00e9 Etoua comme tout premier recteur de l\u2019universit\u00e9 de Bertoua. Le sp\u00e9cialiste des math\u00e9matiques appliqu\u00e9es \u00e9tait, avant sa nomination, directeur de l\u2019Ecole nationale sup\u00e9rieure polytechnique de Yaound\u00e9 (Enspy) depuis juin 2017. Bien avant l\u2019Enspy, Remy Magloire Dieudonn\u00e9 Etoua \u00e9tait sous-directeur de la diplomation et de l\u2019authentification au minist\u00e8re de l\u2019Enseignement sup\u00e9rieur.<\/p>\n<p>Pour rappel, l\u2019universit\u00e9 de Bertoua a \u00e9t\u00e9 cr\u00e9\u00e9e par d\u00e9cret n\u00b02022\/003 du 5 janvier 2022 du chef de l\u2019Etat. Elle comprend quatre facult\u00e9s (arts, lettres et sciences humaines ; sciences ; sciences \u00e9conomiques et gestion ; sciences juridiques et politiques dont le doyen est l\u2019ancien coordonnateur de l\u2019annexe de l\u2019universit\u00e9 de Yaound\u00e9 2, Soa) et autant de grandes \u00e9coles (Institut d\u2019agriculture, du bois, de l\u2019eau et de l\u2019environnement ; Ecole sup\u00e9rieure des sciences de l\u2019urbanisme et du tourisme ; Ecole sup\u00e9rieure des transformations des mines et des ressources \u00e9nerg\u00e9tiques ; Ecole normale sup\u00e9rieure).<\/p>\n<p>Bernard Bangda<\/p>\n<p><strong>Pour plus d&rsquo;informations et d&rsquo;analyses sur la <a href=\"https:\/\/www.africa-press.net\/cameroun\">Cameroun<\/a>, suivez <a href=\"https:\/\/www.africa-press.net\/\">Africa-Press<\/a><\/strong><\/p>\n","protected":false},"excerpt":{"rendered":"<p>Africa-Press &#8211; Cameroun. Nomm\u00e9s le 3 juin 2022 par d\u00e9cret pr\u00e9sidentiel, le PCA, Bernard Wongolo, et le recteur de l\u2019universit\u00e9 de Bertoua seront install\u00e9s dans leurs nouvelles fonctions par le ministre d\u2019Etat, ministre de l\u2019Enseignement sup\u00e9rieur, Jacques Fame Ndongo, le mardi 2 ao\u00fbt 2022. Ce sera \u00e0 la place des f\u00eates du chef-lieu de la [&hellip;]<\/p>\n","protected":false},"author":82,"featured_media":24690,"comment_status":"open","ping_status":"closed","sticky":false,"template":"","format":"standard","meta":{"footnotes":""},"categories":[21,11,10],"tags":[36,50,49],"class_list":["post-24691","post","type-post","status-publish","format-standard","has-post-thumbnail","hentry","category-communaute","category-homepage-french","category-toutes-les-actualites","tag-africa-press","tag-africa-press-cameroun","tag-cameroun"],"yoast_head":"<!-- This site is optimized with the Yoast SEO Premium plugin v26.1 (Yoast SEO v27.0) - https:\/\/yoast.com\/product\/yoast-seo-premium-wordpress\/ -->\n<title>EST: l\u2019Universit\u00e9 de Bertoua accueille ses premiers responsables - Cameroun<\/title>\n<meta name=\"description\" content=\"Nomm\u00e9s le 3 juin 2022 par d\u00e9cret pr\u00e9sidentiel, le PCA, Bernard Wongolo, et le recteur de l\u2019universit\u00e9 de Bertoua seront ...\" \/>\n<meta name=\"robots\" content=\"index, follow, max-snippet:-1, max-image-preview:large, max-video-preview:-1\" \/>\n<link rel=\"canonical\" href=\"https:\/\/www.africa-press.net\/cameroun\/toutes-les-actualites\/est-luniversite-de-bertoua-accueille-ses-premiers-responsables\" \/>\n<meta property=\"og:locale\" content=\"fr_FR\" \/>\n<meta property=\"og:type\" content=\"article\" \/>\n<meta property=\"og:title\" content=\"EST: l\u2019Universit\u00e9 de Bertoua accueille ses premiers responsables\" \/>\n<meta property=\"og:description\" content=\"Nomm\u00e9s le 3 juin 2022 par d\u00e9cret pr\u00e9sidentiel, le PCA, Bernard Wongolo, et le recteur de l\u2019universit\u00e9 de Bertoua seront ...\" \/>\n<meta property=\"og:url\" content=\"https:\/\/www.africa-press.net\/cameroun\/toutes-les-actualites\/est-luniversite-de-bertoua-accueille-ses-premiers-responsables\" \/>\n<meta property=\"og:site_name\" content=\"Cameroun\" \/>\n<meta property=\"article:published_time\" content=\"2022-08-03T14:34:19+00:00\" \/>\n<meta property=\"article:modified_time\" content=\"2022-08-03T16:41:34+00:00\" \/>\n<meta property=\"og:image\" content=\"https:\/\/static.africa-press.net\/cameroun\/sites\/57\/2022\/08\/img-62eaa5278d877.jpg\" \/>\n\t<meta property=\"og:image:width\" content=\"800\" \/>\n\t<meta property=\"og:image:height\" content=\"644\" \/>\n\t<meta property=\"og:image:type\" content=\"image\/jpeg\" \/>\n<meta name=\"author\" content=\"cfeditorfr\" \/>\n<meta name=\"twitter:card\" content=\"summary_large_image\" \/>\n<meta name=\"twitter:label1\" content=\"\u00c9crit par\" \/>\n\t<meta name=\"twitter:data1\" content=\"cfeditorfr\" \/>\n\t<meta name=\"twitter:label2\" content=\"Dur\u00e9e de lecture estim\u00e9e\" \/>\n\t<meta name=\"twitter:data2\" content=\"3 minutes\" \/>\n<script type=\"application\/ld+json\" class=\"yoast-schema-graph\">{\"@context\":\"https:\/\/schema.org\",\"@graph\":[{\"@type\":\"Article\",\"@id\":\"https:\/\/www.africa-press.net\/cameroun\/toutes-les-actualites\/est-luniversite-de-bertoua-accueille-ses-premiers-responsables#article\",\"isPartOf\":{\"@id\":\"https:\/\/www.africa-press.net\/cameroun\/toutes-les-actualites\/est-luniversite-de-bertoua-accueille-ses-premiers-responsables\"},\"author\":{\"name\":\"cfeditorfr\",\"@id\":\"https:\/\/www.africa-press.net\/cameroun\/#\/schema\/person\/2b1cf3cd81a31e3cd26889ca66d677f1\"},\"headline\":\"EST: l\u2019Universit\u00e9 de Bertoua accueille ses premiers responsables\",\"datePublished\":\"2022-08-03T14:34:19+00:00\",\"dateModified\":\"2022-08-03T16:41:34+00:00\",\"mainEntityOfPage\":{\"@id\":\"https:\/\/www.africa-press.net\/cameroun\/toutes-les-actualites\/est-luniversite-de-bertoua-accueille-ses-premiers-responsables\"},\"wordCount\":530,\"commentCount\":0,\"image\":{\"@id\":\"https:\/\/www.africa-press.net\/cameroun\/toutes-les-actualites\/est-luniversite-de-bertoua-accueille-ses-premiers-responsables#primaryimage\"},\"thumbnailUrl\":\"https:\/\/static.africa-press.net\/cameroun\/sites\/57\/2022\/08\/img-62eaa5278d877.jpg\",\"keywords\":[\"Africa Press\",\"Africa Press-Cameroun\",\"Cameroun\"],\"articleSection\":[\"Communaut\u00e9\",\"homepage-french\",\"Toutes les actualit\u00e9s\"],\"inLanguage\":\"fr-FR\",\"potentialAction\":[{\"@type\":\"CommentAction\",\"name\":\"Comment\",\"target\":[\"https:\/\/www.africa-press.net\/cameroun\/toutes-les-actualites\/est-luniversite-de-bertoua-accueille-ses-premiers-responsables#respond\"]}]},{\"@type\":\"WebPage\",\"@id\":\"https:\/\/www.africa-press.net\/cameroun\/toutes-les-actualites\/est-luniversite-de-bertoua-accueille-ses-premiers-responsables\",\"url\":\"https:\/\/www.africa-press.net\/cameroun\/toutes-les-actualites\/est-luniversite-de-bertoua-accueille-ses-premiers-responsables\",\"name\":\"EST: l\u2019Universit\u00e9 de Bertoua accueille ses premiers responsables - Cameroun\",\"isPartOf\":{\"@id\":\"https:\/\/www.africa-press.net\/cameroun\/#website\"},\"primaryImageOfPage\":{\"@id\":\"https:\/\/www.africa-press.net\/cameroun\/toutes-les-actualites\/est-luniversite-de-bertoua-accueille-ses-premiers-responsables#primaryimage\"},\"image\":{\"@id\":\"https:\/\/www.africa-press.net\/cameroun\/toutes-les-actualites\/est-luniversite-de-bertoua-accueille-ses-premiers-responsables#primaryimage\"},\"thumbnailUrl\":\"https:\/\/static.africa-press.net\/cameroun\/sites\/57\/2022\/08\/img-62eaa5278d877.jpg\",\"datePublished\":\"2022-08-03T14:34:19+00:00\",\"dateModified\":\"2022-08-03T16:41:34+00:00\",\"author\":{\"@id\":\"https:\/\/www.africa-press.net\/cameroun\/#\/schema\/person\/2b1cf3cd81a31e3cd26889ca66d677f1\"},\"description\":\"Nomm\u00e9s le 3 juin 2022 par d\u00e9cret pr\u00e9sidentiel, le PCA, Bernard Wongolo, et le recteur de l\u2019universit\u00e9 de Bertoua seront ...\",\"breadcrumb\":{\"@id\":\"https:\/\/www.africa-press.net\/cameroun\/toutes-les-actualites\/est-luniversite-de-bertoua-accueille-ses-premiers-responsables#breadcrumb\"},\"inLanguage\":\"fr-FR\",\"potentialAction\":[{\"@type\":\"ReadAction\",\"target\":[\"https:\/\/www.africa-press.net\/cameroun\/toutes-les-actualites\/est-luniversite-de-bertoua-accueille-ses-premiers-responsables\"]}]},{\"@type\":\"ImageObject\",\"inLanguage\":\"fr-FR\",\"@id\":\"https:\/\/www.africa-press.net\/cameroun\/toutes-les-actualites\/est-luniversite-de-bertoua-accueille-ses-premiers-responsables#primaryimage\",\"url\":\"https:\/\/static.africa-press.net\/cameroun\/sites\/57\/2022\/08\/img-62eaa5278d877.jpg\",\"contentUrl\":\"https:\/\/static.africa-press.net\/cameroun\/sites\/57\/2022\/08\/img-62eaa5278d877.jpg\",\"width\":800,\"height\":644,\"caption\":\"EST: l\u2019Universit\u00e9 de Bertoua accueille ses premiers responsables\"},{\"@type\":\"BreadcrumbList\",\"@id\":\"https:\/\/www.africa-press.net\/cameroun\/toutes-les-actualites\/est-luniversite-de-bertoua-accueille-ses-premiers-responsables#breadcrumb\",\"itemListElement\":[{\"@type\":\"ListItem\",\"position\":1,\"name\":\"Accueil\",\"item\":\"https:\/\/www.africa-press.net\/cameroun\/\"},{\"@type\":\"ListItem\",\"position\":2,\"name\":\"EST: l\u2019Universit\u00e9 de Bertoua accueille ses premiers responsables\"}]},{\"@type\":\"WebSite\",\"@id\":\"https:\/\/www.africa-press.net\/cameroun\/#website\",\"url\":\"https:\/\/www.africa-press.net\/cameroun\/\",\"name\":\"Cameroun\",\"description\":\"Just another Africa News Agency Sites site\",\"potentialAction\":[{\"@type\":\"SearchAction\",\"target\":{\"@type\":\"EntryPoint\",\"urlTemplate\":\"https:\/\/www.africa-press.net\/cameroun\/?s={search_term_string}\"},\"query-input\":{\"@type\":\"PropertyValueSpecification\",\"valueRequired\":true,\"valueName\":\"search_term_string\"}}],\"inLanguage\":\"fr-FR\"},{\"@type\":\"Person\",\"@id\":\"https:\/\/www.africa-press.net\/cameroun\/#\/schema\/person\/2b1cf3cd81a31e3cd26889ca66d677f1\",\"name\":\"cfeditorfr\"}]}<\/script>\n<!-- \/ Yoast SEO Premium plugin. -->","yoast_head_json":{"title":"EST: l\u2019Universit\u00e9 de Bertoua accueille ses premiers responsables - Cameroun","description":"Nomm\u00e9s le 3 juin 2022 par d\u00e9cret pr\u00e9sidentiel, le PCA, Bernard Wongolo, et le recteur de l\u2019universit\u00e9 de Bertoua seront ...","robots":{"index":"index","follow":"follow","max-snippet":"max-snippet:-1","max-image-preview":"max-image-preview:large","max-video-preview":"max-video-preview:-1"},"canonical":"https:\/\/www.africa-press.net\/cameroun\/toutes-les-actualites\/est-luniversite-de-bertoua-accueille-ses-premiers-responsables","og_locale":"fr_FR","og_type":"article","og_title":"EST: l\u2019Universit\u00e9 de Bertoua accueille ses premiers responsables","og_description":"Nomm\u00e9s le 3 juin 2022 par d\u00e9cret pr\u00e9sidentiel, le PCA, Bernard Wongolo, et le recteur de l\u2019universit\u00e9 de Bertoua seront ...","og_url":"https:\/\/www.africa-press.net\/cameroun\/toutes-les-actualites\/est-luniversite-de-bertoua-accueille-ses-premiers-responsables","og_site_name":"Cameroun","article_published_time":"2022-08-03T14:34:19+00:00","article_modified_time":"2022-08-03T16:41:34+00:00","og_image":[{"width":800,"height":644,"url":"https:\/\/static.africa-press.net\/cameroun\/sites\/57\/2022\/08\/img-62eaa5278d877.jpg","type":"image\/jpeg"}],"author":"cfeditorfr","twitter_card":"summary_large_image","twitter_misc":{"\u00c9crit par":"cfeditorfr","Dur\u00e9e de lecture estim\u00e9e":"3 minutes"},"schema":{"@context":"https:\/\/schema.org","@graph":[{"@type":"Article","@id":"https:\/\/www.africa-press.net\/cameroun\/toutes-les-actualites\/est-luniversite-de-bertoua-accueille-ses-premiers-responsables#article","isPartOf":{"@id":"https:\/\/www.africa-press.net\/cameroun\/toutes-les-actualites\/est-luniversite-de-bertoua-accueille-ses-premiers-responsables"},"author":{"name":"cfeditorfr","@id":"https:\/\/www.africa-press.net\/cameroun\/#\/schema\/person\/2b1cf3cd81a31e3cd26889ca66d677f1"},"headline":"EST: l\u2019Universit\u00e9 de Bertoua accueille ses premiers responsables","datePublished":"2022-08-03T14:34:19+00:00","dateModified":"2022-08-03T16:41:34+00:00","mainEntityOfPage":{"@id":"https:\/\/www.africa-press.net\/cameroun\/toutes-les-actualites\/est-luniversite-de-bertoua-accueille-ses-premiers-responsables"},"wordCount":530,"commentCount":0,"image":{"@id":"https:\/\/www.africa-press.net\/cameroun\/toutes-les-actualites\/est-luniversite-de-bertoua-accueille-ses-premiers-responsables#primaryimage"},"thumbnailUrl":"https:\/\/static.africa-press.net\/cameroun\/sites\/57\/2022\/08\/img-62eaa5278d877.jpg","keywords":["Africa Press","Africa Press-Cameroun","Cameroun"],"articleSection":["Communaut\u00e9","homepage-french","Toutes les actualit\u00e9s"],"inLanguage":"fr-FR","potentialAction":[{"@type":"CommentAction","name":"Comment","target":["https:\/\/www.africa-press.net\/cameroun\/toutes-les-actualites\/est-luniversite-de-bertoua-accueille-ses-premiers-responsables#respond"]}]},{"@type":"WebPage","@id":"https:\/\/www.africa-press.net\/cameroun\/toutes-les-actualites\/est-luniversite-de-bertoua-accueille-ses-premiers-responsables","url":"https:\/\/www.africa-press.net\/cameroun\/toutes-les-actualites\/est-luniversite-de-bertoua-accueille-ses-premiers-responsables","name":"EST: l\u2019Universit\u00e9 de Bertoua accueille ses premiers responsables - Cameroun","isPartOf":{"@id":"https:\/\/www.africa-press.net\/cameroun\/#website"},"primaryImageOfPage":{"@id":"https:\/\/www.africa-press.net\/cameroun\/toutes-les-actualites\/est-luniversite-de-bertoua-accueille-ses-premiers-responsables#primaryimage"},"image":{"@id":"https:\/\/www.africa-press.net\/cameroun\/toutes-les-actualites\/est-luniversite-de-bertoua-accueille-ses-premiers-responsables#primaryimage"},"thumbnailUrl":"https:\/\/static.africa-press.net\/cameroun\/sites\/57\/2022\/08\/img-62eaa5278d877.jpg","datePublished":"2022-08-03T14:34:19+00:00","dateModified":"2022-08-03T16:41:34+00:00","author":{"@id":"https:\/\/www.africa-press.net\/cameroun\/#\/schema\/person\/2b1cf3cd81a31e3cd26889ca66d677f1"},"description":"Nomm\u00e9s le 3 juin 2022 par d\u00e9cret pr\u00e9sidentiel, le PCA, Bernard Wongolo, et le recteur de l\u2019universit\u00e9 de Bertoua seront ...","breadcrumb":{"@id":"https:\/\/www.africa-press.net\/cameroun\/toutes-les-actualites\/est-luniversite-de-bertoua-accueille-ses-premiers-responsables#breadcrumb"},"inLanguage":"fr-FR","potentialAction":[{"@type":"ReadAction","target":["https:\/\/www.africa-press.net\/cameroun\/toutes-les-actualites\/est-luniversite-de-bertoua-accueille-ses-premiers-responsables"]}]},{"@type":"ImageObject","inLanguage":"fr-FR","@id":"https:\/\/www.africa-press.net\/cameroun\/toutes-les-actualites\/est-luniversite-de-bertoua-accueille-ses-premiers-responsables#primaryimage","url":"https:\/\/static.africa-press.net\/cameroun\/sites\/57\/2022\/08\/img-62eaa5278d877.jpg","contentUrl":"https:\/\/static.africa-press.net\/cameroun\/sites\/57\/2022\/08\/img-62eaa5278d877.jpg","width":800,"height":644,"caption":"EST: l\u2019Universit\u00e9 de Bertoua accueille ses premiers responsables"},{"@type":"BreadcrumbList","@id":"https:\/\/www.africa-press.net\/cameroun\/toutes-les-actualites\/est-luniversite-de-bertoua-accueille-ses-premiers-responsables#breadcrumb","itemListElement":[{"@type":"ListItem","position":1,"name":"Accueil","item":"https:\/\/www.africa-press.net\/cameroun\/"},{"@type":"ListItem","position":2,"name":"EST: l\u2019Universit\u00e9 de Bertoua accueille ses premiers responsables"}]},{"@type":"WebSite","@id":"https:\/\/www.africa-press.net\/cameroun\/#website","url":"https:\/\/www.africa-press.net\/cameroun\/","name":"Cameroun","description":"Just another Africa News Agency Sites site","potentialAction":[{"@type":"SearchAction","target":{"@type":"EntryPoint","urlTemplate":"https:\/\/www.africa-press.net\/cameroun\/?s={search_term_string}"},"query-input":{"@type":"PropertyValueSpecification","valueRequired":true,"valueName":"search_term_string"}}],"inLanguage":"fr-FR"},{"@type":"Person","@id":"https:\/\/www.africa-press.net\/cameroun\/#\/schema\/person\/2b1cf3cd81a31e3cd26889ca66d677f1","name":"cfeditorfr"}]}},"_links":{"self":[{"href":"https:\/\/www.africa-press.net\/cameroun\/wp-json\/wp\/v2\/posts\/24691","targetHints":{"allow":["GET"]}}],"collection":[{"href":"https:\/\/www.africa-press.net\/cameroun\/wp-json\/wp\/v2\/posts"}],"about":[{"href":"https:\/\/www.africa-press.net\/cameroun\/wp-json\/wp\/v2\/types\/post"}],"author":[{"embeddable":true,"href":"https:\/\/www.africa-press.net\/cameroun\/wp-json\/wp\/v2\/users\/82"}],"replies":[{"embeddable":true,"href":"https:\/\/www.africa-press.net\/cameroun\/wp-json\/wp\/v2\/comments?post=24691"}],"version-history":[{"count":0,"href":"https:\/\/www.africa-press.net\/cameroun\/wp-json\/wp\/v2\/posts\/24691\/revisions"}],"wp:featuredmedia":[{"embeddable":true,"href":"https:\/\/www.africa-press.net\/cameroun\/wp-json\/wp\/v2\/media\/24690"}],"wp:attachment":[{"href":"https:\/\/www.africa-press.net\/cameroun\/wp-json\/wp\/v2\/media?parent=24691"}],"wp:term":[{"taxonomy":"category","embeddable":true,"href":"https:\/\/www.africa-press.net\/cameroun\/wp-json\/wp\/v2\/categories?post=24691"},{"taxonomy":"post_tag","embeddable":true,"href":"https:\/\/www.africa-press.net\/cameroun\/wp-json\/wp\/v2\/tags?post=24691"}],"curies":[{"name":"wp","href":"https:\/\/api.w.org\/{rel}","templated":true}]}}