{"id":24700,"date":"2022-08-03T14:54:57","date_gmt":"2022-08-03T14:54:57","guid":{"rendered":"https:\/\/www.africa-press.net\/cameroun\/politique\/reconnaissance-le-professeur-joseph-kamgno-laureat-du-prestigieux-prix-christophe-merieux-honore-par-le-gouvernement"},"modified":"2022-08-03T16:43:11","modified_gmt":"2022-08-03T16:43:11","slug":"reconnaissance-le-professeur-joseph-kamgno-laureat-du-prestigieux-prix-christophe-merieux-honore-par-le-gouvernement","status":"publish","type":"post","link":"https:\/\/www.africa-press.net\/cameroun\/toutes-les-actualites\/reconnaissance-le-professeur-joseph-kamgno-laureat-du-prestigieux-prix-christophe-merieux-honore-par-le-gouvernement","title":{"rendered":"Reconnaissance: Le professeur Joseph Kamgno, laur\u00e9at du prestigieux prix Christophe-M\u00e9rieux, honor\u00e9 par le gouvernement"},"content":{"rendered":"<p><span style=\"color: #ff6600\"><strong>Africa-Press &#8211; Cameroun. <\/strong><\/span>Le Cameroun exprime sa reconnaissance \u00e0 l\u2019un de ses valeureux fils. Apr\u00e8s les f\u00e9licitations qu\u2019il a re\u00e7ues du pr\u00e9sident de la R\u00e9publique, le professeur Joseph Kamgno s\u2019est fait recevoir en audience officielle par le premier ministre chef du gouvernement le mardi 2 Ao\u00fbt 2022. L\u2019\u00e9pid\u00e9miologiste r\u00e9compens\u00e9 \u00e0 Paris en Juin du prix de la fondation Christophe-M\u00e9rieux pour ses travaux sur les maladies Tropicales N\u00e9glig\u00e9es a pr\u00e9sent\u00e9 son prix \u00e0 Joseph Dion Ngute. Le scientifique a re\u00e7u de ce dernier les encouragements du gouvernement.<\/p>\n<p>\u00ab Pour nous, c\u2019est un tr\u00e8s grand honneur. C\u2019est une reconnaissance extr\u00eame. Nous ne pouvons que dire merci \u00e0 cette nation qui nous a vus na\u00eetre et qui nous accompagne dans tout ce que nous faisons. L\u2019Etat du Cameroun, ce pays continue \u00e0 se d\u00e9velopper et permet de donner les conditions favorables \u00e0 tous ceux qui veulent se d\u00e9ployer \u00bb, a r\u00e9agi l\u2019invit\u00e9 sp\u00e9cial.<\/p>\n<p>D\u00e9cern\u00e9 chaque ann\u00e9e depuis 2007 \u00e0 l&rsquo;Institut de France, le prix Christophe-M\u00e9rieux r\u00e9compense des chercheurs travaillant sur les maladies infectieuses dans les pays en d\u00e9veloppement. Distinguant un scientifique ou une \u00e9quipe, et dot\u00e9 de 500 000 \u20ac (environ 325 millions de Francs CFA), il favorise une recherche locale de haut niveau et contribue \u00e0 enraciner les chercheurs dans leur pays d\u2019origine. Dans de pr\u00e9c\u00e9dentes \u00e9ditions, ce prix a r\u00e9compens\u00e9 des travaux sur le COVID-19, la tuberculose, les maladies infectieuses en Am\u00e9rique latine et Afrique de l\u2019Ouest et centrale, la fi\u00e8vre Ebola, sur la dengue, la grippe aviaire et les fi\u00e8vres tropicales au Cambodge\u2026<\/p>\n<p>Le prix de la fondation Christophe M\u00e9rieux consacre les 28 ann\u00e9es de recherche du professeur Kamgno, consacres \u00e0 la lutte contre l\u2019onchocerchose. Partenaire de l\u2019IRD, il occupe de nombreuses responsabilit\u00e9s dans les instances de sant\u00e9, d\u2019enseignement sup\u00e9rieur et de recherche au Cameroun et sur le continent africain. Kamgno est pr\u00e9sent\u00e9 comme \u00ab le chef de file et l\u2019animateur d\u2019une communaut\u00e9 scientifique camerounaise en plein d\u00e9veloppement, jeune, enthousiaste et bien d\u00e9cid\u00e9e \u00e0 faire disparaitre les maladies parasitaires d\u2019Afrique centrale \u00bb.<\/p>\n<p><strong>Pour plus d&rsquo;informations et d&rsquo;analyses sur la <a href=\"https:\/\/www.africa-press.net\/cameroun\">Cameroun<\/a>, suivez <a href=\"https:\/\/www.africa-press.net\/\">Africa-Press<\/a><\/strong><\/p>\n","protected":false},"excerpt":{"rendered":"<p>Africa-Press &#8211; Cameroun. Le Cameroun exprime sa reconnaissance \u00e0 l\u2019un de ses valeureux fils. Apr\u00e8s les f\u00e9licitations qu\u2019il a re\u00e7ues du pr\u00e9sident de la R\u00e9publique, le professeur Joseph Kamgno s\u2019est fait recevoir en audience officielle par le premier ministre chef du gouvernement le mardi 2 Ao\u00fbt 2022. L\u2019\u00e9pid\u00e9miologiste r\u00e9compens\u00e9 \u00e0 Paris en Juin du prix [&hellip;]<\/p>\n","protected":false},"author":82,"featured_media":24699,"comment_status":"open","ping_status":"closed","sticky":false,"template":"","format":"standard","meta":{"footnotes":""},"categories":[21,11,10],"tags":[36,50,49],"class_list":["post-24700","post","type-post","status-publish","format-standard","has-post-thumbnail","hentry","category-communaute","category-homepage-french","category-toutes-les-actualites","tag-africa-press","tag-africa-press-cameroun","tag-cameroun"],"yoast_head":"<!-- This site is optimized with the Yoast SEO Premium plugin v26.1 (Yoast SEO v27.0) - https:\/\/yoast.com\/product\/yoast-seo-premium-wordpress\/ -->\n<title>Reconnaissance: Le professeur Joseph Kamgno, laur\u00e9at du prestigieux prix Christophe-M\u00e9rieux, honor\u00e9 par le gouvernement - Cameroun<\/title>\n<meta name=\"description\" content=\"Le Cameroun exprime sa reconnaissance \u00e0 l\u2019un de ses valeureux fils. Apr\u00e8s les f\u00e9licitations qu\u2019il a re\u00e7ues du pr\u00e9sident ...\" \/>\n<meta name=\"robots\" content=\"index, follow, max-snippet:-1, max-image-preview:large, max-video-preview:-1\" \/>\n<link rel=\"canonical\" href=\"https:\/\/www.africa-press.net\/cameroun\/toutes-les-actualites\/reconnaissance-le-professeur-joseph-kamgno-laureat-du-prestigieux-prix-christophe-merieux-honore-par-le-gouvernement\" \/>\n<meta property=\"og:locale\" content=\"fr_FR\" \/>\n<meta property=\"og:type\" content=\"article\" \/>\n<meta property=\"og:title\" content=\"Reconnaissance: Le professeur Joseph Kamgno, laur\u00e9at du prestigieux prix Christophe-M\u00e9rieux, honor\u00e9 par le gouvernement\" \/>\n<meta property=\"og:description\" content=\"Le Cameroun exprime sa reconnaissance \u00e0 l\u2019un de ses valeureux fils. Apr\u00e8s les f\u00e9licitations qu\u2019il a re\u00e7ues du pr\u00e9sident ...\" \/>\n<meta property=\"og:url\" content=\"https:\/\/www.africa-press.net\/cameroun\/toutes-les-actualites\/reconnaissance-le-professeur-joseph-kamgno-laureat-du-prestigieux-prix-christophe-merieux-honore-par-le-gouvernement\" \/>\n<meta property=\"og:site_name\" content=\"Cameroun\" \/>\n<meta property=\"article:published_time\" content=\"2022-08-03T14:54:57+00:00\" \/>\n<meta property=\"article:modified_time\" content=\"2022-08-03T16:43:11+00:00\" \/>\n<meta property=\"og:image\" content=\"https:\/\/static.africa-press.net\/cameroun\/sites\/57\/2022\/08\/img-62eaa58b57344.jpg\" \/>\n\t<meta property=\"og:image:width\" content=\"800\" \/>\n\t<meta property=\"og:image:height\" content=\"481\" \/>\n\t<meta property=\"og:image:type\" content=\"image\/jpeg\" \/>\n<meta name=\"author\" content=\"cfeditorfr\" \/>\n<meta name=\"twitter:card\" content=\"summary_large_image\" \/>\n<meta name=\"twitter:label1\" content=\"\u00c9crit par\" \/>\n\t<meta name=\"twitter:data1\" content=\"cfeditorfr\" \/>\n\t<meta name=\"twitter:label2\" content=\"Dur\u00e9e de lecture estim\u00e9e\" \/>\n\t<meta name=\"twitter:data2\" content=\"2 minutes\" \/>\n<script type=\"application\/ld+json\" class=\"yoast-schema-graph\">{\"@context\":\"https:\/\/schema.org\",\"@graph\":[{\"@type\":\"Article\",\"@id\":\"https:\/\/www.africa-press.net\/cameroun\/toutes-les-actualites\/reconnaissance-le-professeur-joseph-kamgno-laureat-du-prestigieux-prix-christophe-merieux-honore-par-le-gouvernement#article\",\"isPartOf\":{\"@id\":\"https:\/\/www.africa-press.net\/cameroun\/toutes-les-actualites\/reconnaissance-le-professeur-joseph-kamgno-laureat-du-prestigieux-prix-christophe-merieux-honore-par-le-gouvernement\"},\"author\":{\"name\":\"cfeditorfr\",\"@id\":\"https:\/\/www.africa-press.net\/cameroun\/#\/schema\/person\/2b1cf3cd81a31e3cd26889ca66d677f1\"},\"headline\":\"Reconnaissance: Le professeur Joseph Kamgno, laur\u00e9at du prestigieux prix Christophe-M\u00e9rieux, honor\u00e9 par le gouvernement\",\"datePublished\":\"2022-08-03T14:54:57+00:00\",\"dateModified\":\"2022-08-03T16:43:11+00:00\",\"mainEntityOfPage\":{\"@id\":\"https:\/\/www.africa-press.net\/cameroun\/toutes-les-actualites\/reconnaissance-le-professeur-joseph-kamgno-laureat-du-prestigieux-prix-christophe-merieux-honore-par-le-gouvernement\"},\"wordCount\":394,\"commentCount\":0,\"image\":{\"@id\":\"https:\/\/www.africa-press.net\/cameroun\/toutes-les-actualites\/reconnaissance-le-professeur-joseph-kamgno-laureat-du-prestigieux-prix-christophe-merieux-honore-par-le-gouvernement#primaryimage\"},\"thumbnailUrl\":\"https:\/\/static.africa-press.net\/cameroun\/sites\/57\/2022\/08\/img-62eaa58b57344.jpg\",\"keywords\":[\"Africa Press\",\"Africa Press-Cameroun\",\"Cameroun\"],\"articleSection\":[\"Communaut\u00e9\",\"homepage-french\",\"Toutes les actualit\u00e9s\"],\"inLanguage\":\"fr-FR\",\"potentialAction\":[{\"@type\":\"CommentAction\",\"name\":\"Comment\",\"target\":[\"https:\/\/www.africa-press.net\/cameroun\/toutes-les-actualites\/reconnaissance-le-professeur-joseph-kamgno-laureat-du-prestigieux-prix-christophe-merieux-honore-par-le-gouvernement#respond\"]}]},{\"@type\":\"WebPage\",\"@id\":\"https:\/\/www.africa-press.net\/cameroun\/toutes-les-actualites\/reconnaissance-le-professeur-joseph-kamgno-laureat-du-prestigieux-prix-christophe-merieux-honore-par-le-gouvernement\",\"url\":\"https:\/\/www.africa-press.net\/cameroun\/toutes-les-actualites\/reconnaissance-le-professeur-joseph-kamgno-laureat-du-prestigieux-prix-christophe-merieux-honore-par-le-gouvernement\",\"name\":\"Reconnaissance: Le professeur Joseph Kamgno, laur\u00e9at du prestigieux prix Christophe-M\u00e9rieux, honor\u00e9 par le gouvernement - Cameroun\",\"isPartOf\":{\"@id\":\"https:\/\/www.africa-press.net\/cameroun\/#website\"},\"primaryImageOfPage\":{\"@id\":\"https:\/\/www.africa-press.net\/cameroun\/toutes-les-actualites\/reconnaissance-le-professeur-joseph-kamgno-laureat-du-prestigieux-prix-christophe-merieux-honore-par-le-gouvernement#primaryimage\"},\"image\":{\"@id\":\"https:\/\/www.africa-press.net\/cameroun\/toutes-les-actualites\/reconnaissance-le-professeur-joseph-kamgno-laureat-du-prestigieux-prix-christophe-merieux-honore-par-le-gouvernement#primaryimage\"},\"thumbnailUrl\":\"https:\/\/static.africa-press.net\/cameroun\/sites\/57\/2022\/08\/img-62eaa58b57344.jpg\",\"datePublished\":\"2022-08-03T14:54:57+00:00\",\"dateModified\":\"2022-08-03T16:43:11+00:00\",\"author\":{\"@id\":\"https:\/\/www.africa-press.net\/cameroun\/#\/schema\/person\/2b1cf3cd81a31e3cd26889ca66d677f1\"},\"description\":\"Le Cameroun exprime sa reconnaissance \u00e0 l\u2019un de ses valeureux fils. Apr\u00e8s les f\u00e9licitations qu\u2019il a re\u00e7ues du pr\u00e9sident ...\",\"breadcrumb\":{\"@id\":\"https:\/\/www.africa-press.net\/cameroun\/toutes-les-actualites\/reconnaissance-le-professeur-joseph-kamgno-laureat-du-prestigieux-prix-christophe-merieux-honore-par-le-gouvernement#breadcrumb\"},\"inLanguage\":\"fr-FR\",\"potentialAction\":[{\"@type\":\"ReadAction\",\"target\":[\"https:\/\/www.africa-press.net\/cameroun\/toutes-les-actualites\/reconnaissance-le-professeur-joseph-kamgno-laureat-du-prestigieux-prix-christophe-merieux-honore-par-le-gouvernement\"]}]},{\"@type\":\"ImageObject\",\"inLanguage\":\"fr-FR\",\"@id\":\"https:\/\/www.africa-press.net\/cameroun\/toutes-les-actualites\/reconnaissance-le-professeur-joseph-kamgno-laureat-du-prestigieux-prix-christophe-merieux-honore-par-le-gouvernement#primaryimage\",\"url\":\"https:\/\/static.africa-press.net\/cameroun\/sites\/57\/2022\/08\/img-62eaa58b57344.jpg\",\"contentUrl\":\"https:\/\/static.africa-press.net\/cameroun\/sites\/57\/2022\/08\/img-62eaa58b57344.jpg\",\"width\":800,\"height\":481,\"caption\":\"Reconnaissance: Le professeur Joseph Kamgno, laur\u00e9at du prestigieux prix Christophe-M\u00e9rieux, honor\u00e9 par le gouvernement\"},{\"@type\":\"BreadcrumbList\",\"@id\":\"https:\/\/www.africa-press.net\/cameroun\/toutes-les-actualites\/reconnaissance-le-professeur-joseph-kamgno-laureat-du-prestigieux-prix-christophe-merieux-honore-par-le-gouvernement#breadcrumb\",\"itemListElement\":[{\"@type\":\"ListItem\",\"position\":1,\"name\":\"Accueil\",\"item\":\"https:\/\/www.africa-press.net\/cameroun\/\"},{\"@type\":\"ListItem\",\"position\":2,\"name\":\"Reconnaissance: Le professeur Joseph Kamgno, laur\u00e9at du prestigieux prix Christophe-M\u00e9rieux, honor\u00e9 par le gouvernement\"}]},{\"@type\":\"WebSite\",\"@id\":\"https:\/\/www.africa-press.net\/cameroun\/#website\",\"url\":\"https:\/\/www.africa-press.net\/cameroun\/\",\"name\":\"Cameroun\",\"description\":\"Just another Africa News Agency Sites site\",\"potentialAction\":[{\"@type\":\"SearchAction\",\"target\":{\"@type\":\"EntryPoint\",\"urlTemplate\":\"https:\/\/www.africa-press.net\/cameroun\/?s={search_term_string}\"},\"query-input\":{\"@type\":\"PropertyValueSpecification\",\"valueRequired\":true,\"valueName\":\"search_term_string\"}}],\"inLanguage\":\"fr-FR\"},{\"@type\":\"Person\",\"@id\":\"https:\/\/www.africa-press.net\/cameroun\/#\/schema\/person\/2b1cf3cd81a31e3cd26889ca66d677f1\",\"name\":\"cfeditorfr\"}]}<\/script>\n<!-- \/ Yoast SEO Premium plugin. -->","yoast_head_json":{"title":"Reconnaissance: Le professeur Joseph Kamgno, laur\u00e9at du prestigieux prix Christophe-M\u00e9rieux, honor\u00e9 par le gouvernement - Cameroun","description":"Le Cameroun exprime sa reconnaissance \u00e0 l\u2019un de ses valeureux fils. Apr\u00e8s les f\u00e9licitations qu\u2019il a re\u00e7ues du pr\u00e9sident ...","robots":{"index":"index","follow":"follow","max-snippet":"max-snippet:-1","max-image-preview":"max-image-preview:large","max-video-preview":"max-video-preview:-1"},"canonical":"https:\/\/www.africa-press.net\/cameroun\/toutes-les-actualites\/reconnaissance-le-professeur-joseph-kamgno-laureat-du-prestigieux-prix-christophe-merieux-honore-par-le-gouvernement","og_locale":"fr_FR","og_type":"article","og_title":"Reconnaissance: Le professeur Joseph Kamgno, laur\u00e9at du prestigieux prix Christophe-M\u00e9rieux, honor\u00e9 par le gouvernement","og_description":"Le Cameroun exprime sa reconnaissance \u00e0 l\u2019un de ses valeureux fils. Apr\u00e8s les f\u00e9licitations qu\u2019il a re\u00e7ues du pr\u00e9sident ...","og_url":"https:\/\/www.africa-press.net\/cameroun\/toutes-les-actualites\/reconnaissance-le-professeur-joseph-kamgno-laureat-du-prestigieux-prix-christophe-merieux-honore-par-le-gouvernement","og_site_name":"Cameroun","article_published_time":"2022-08-03T14:54:57+00:00","article_modified_time":"2022-08-03T16:43:11+00:00","og_image":[{"width":800,"height":481,"url":"https:\/\/static.africa-press.net\/cameroun\/sites\/57\/2022\/08\/img-62eaa58b57344.jpg","type":"image\/jpeg"}],"author":"cfeditorfr","twitter_card":"summary_large_image","twitter_misc":{"\u00c9crit par":"cfeditorfr","Dur\u00e9e de lecture estim\u00e9e":"2 minutes"},"schema":{"@context":"https:\/\/schema.org","@graph":[{"@type":"Article","@id":"https:\/\/www.africa-press.net\/cameroun\/toutes-les-actualites\/reconnaissance-le-professeur-joseph-kamgno-laureat-du-prestigieux-prix-christophe-merieux-honore-par-le-gouvernement#article","isPartOf":{"@id":"https:\/\/www.africa-press.net\/cameroun\/toutes-les-actualites\/reconnaissance-le-professeur-joseph-kamgno-laureat-du-prestigieux-prix-christophe-merieux-honore-par-le-gouvernement"},"author":{"name":"cfeditorfr","@id":"https:\/\/www.africa-press.net\/cameroun\/#\/schema\/person\/2b1cf3cd81a31e3cd26889ca66d677f1"},"headline":"Reconnaissance: Le professeur Joseph Kamgno, laur\u00e9at du prestigieux prix Christophe-M\u00e9rieux, honor\u00e9 par le gouvernement","datePublished":"2022-08-03T14:54:57+00:00","dateModified":"2022-08-03T16:43:11+00:00","mainEntityOfPage":{"@id":"https:\/\/www.africa-press.net\/cameroun\/toutes-les-actualites\/reconnaissance-le-professeur-joseph-kamgno-laureat-du-prestigieux-prix-christophe-merieux-honore-par-le-gouvernement"},"wordCount":394,"commentCount":0,"image":{"@id":"https:\/\/www.africa-press.net\/cameroun\/toutes-les-actualites\/reconnaissance-le-professeur-joseph-kamgno-laureat-du-prestigieux-prix-christophe-merieux-honore-par-le-gouvernement#primaryimage"},"thumbnailUrl":"https:\/\/static.africa-press.net\/cameroun\/sites\/57\/2022\/08\/img-62eaa58b57344.jpg","keywords":["Africa Press","Africa Press-Cameroun","Cameroun"],"articleSection":["Communaut\u00e9","homepage-french","Toutes les actualit\u00e9s"],"inLanguage":"fr-FR","potentialAction":[{"@type":"CommentAction","name":"Comment","target":["https:\/\/www.africa-press.net\/cameroun\/toutes-les-actualites\/reconnaissance-le-professeur-joseph-kamgno-laureat-du-prestigieux-prix-christophe-merieux-honore-par-le-gouvernement#respond"]}]},{"@type":"WebPage","@id":"https:\/\/www.africa-press.net\/cameroun\/toutes-les-actualites\/reconnaissance-le-professeur-joseph-kamgno-laureat-du-prestigieux-prix-christophe-merieux-honore-par-le-gouvernement","url":"https:\/\/www.africa-press.net\/cameroun\/toutes-les-actualites\/reconnaissance-le-professeur-joseph-kamgno-laureat-du-prestigieux-prix-christophe-merieux-honore-par-le-gouvernement","name":"Reconnaissance: Le professeur Joseph Kamgno, laur\u00e9at du prestigieux prix Christophe-M\u00e9rieux, honor\u00e9 par le gouvernement - Cameroun","isPartOf":{"@id":"https:\/\/www.africa-press.net\/cameroun\/#website"},"primaryImageOfPage":{"@id":"https:\/\/www.africa-press.net\/cameroun\/toutes-les-actualites\/reconnaissance-le-professeur-joseph-kamgno-laureat-du-prestigieux-prix-christophe-merieux-honore-par-le-gouvernement#primaryimage"},"image":{"@id":"https:\/\/www.africa-press.net\/cameroun\/toutes-les-actualites\/reconnaissance-le-professeur-joseph-kamgno-laureat-du-prestigieux-prix-christophe-merieux-honore-par-le-gouvernement#primaryimage"},"thumbnailUrl":"https:\/\/static.africa-press.net\/cameroun\/sites\/57\/2022\/08\/img-62eaa58b57344.jpg","datePublished":"2022-08-03T14:54:57+00:00","dateModified":"2022-08-03T16:43:11+00:00","author":{"@id":"https:\/\/www.africa-press.net\/cameroun\/#\/schema\/person\/2b1cf3cd81a31e3cd26889ca66d677f1"},"description":"Le Cameroun exprime sa reconnaissance \u00e0 l\u2019un de ses valeureux fils. Apr\u00e8s les f\u00e9licitations qu\u2019il a re\u00e7ues du pr\u00e9sident ...","breadcrumb":{"@id":"https:\/\/www.africa-press.net\/cameroun\/toutes-les-actualites\/reconnaissance-le-professeur-joseph-kamgno-laureat-du-prestigieux-prix-christophe-merieux-honore-par-le-gouvernement#breadcrumb"},"inLanguage":"fr-FR","potentialAction":[{"@type":"ReadAction","target":["https:\/\/www.africa-press.net\/cameroun\/toutes-les-actualites\/reconnaissance-le-professeur-joseph-kamgno-laureat-du-prestigieux-prix-christophe-merieux-honore-par-le-gouvernement"]}]},{"@type":"ImageObject","inLanguage":"fr-FR","@id":"https:\/\/www.africa-press.net\/cameroun\/toutes-les-actualites\/reconnaissance-le-professeur-joseph-kamgno-laureat-du-prestigieux-prix-christophe-merieux-honore-par-le-gouvernement#primaryimage","url":"https:\/\/static.africa-press.net\/cameroun\/sites\/57\/2022\/08\/img-62eaa58b57344.jpg","contentUrl":"https:\/\/static.africa-press.net\/cameroun\/sites\/57\/2022\/08\/img-62eaa58b57344.jpg","width":800,"height":481,"caption":"Reconnaissance: Le professeur Joseph Kamgno, laur\u00e9at du prestigieux prix Christophe-M\u00e9rieux, honor\u00e9 par le gouvernement"},{"@type":"BreadcrumbList","@id":"https:\/\/www.africa-press.net\/cameroun\/toutes-les-actualites\/reconnaissance-le-professeur-joseph-kamgno-laureat-du-prestigieux-prix-christophe-merieux-honore-par-le-gouvernement#breadcrumb","itemListElement":[{"@type":"ListItem","position":1,"name":"Accueil","item":"https:\/\/www.africa-press.net\/cameroun\/"},{"@type":"ListItem","position":2,"name":"Reconnaissance: Le professeur Joseph Kamgno, laur\u00e9at du prestigieux prix Christophe-M\u00e9rieux, honor\u00e9 par le gouvernement"}]},{"@type":"WebSite","@id":"https:\/\/www.africa-press.net\/cameroun\/#website","url":"https:\/\/www.africa-press.net\/cameroun\/","name":"Cameroun","description":"Just another Africa News Agency Sites site","potentialAction":[{"@type":"SearchAction","target":{"@type":"EntryPoint","urlTemplate":"https:\/\/www.africa-press.net\/cameroun\/?s={search_term_string}"},"query-input":{"@type":"PropertyValueSpecification","valueRequired":true,"valueName":"search_term_string"}}],"inLanguage":"fr-FR"},{"@type":"Person","@id":"https:\/\/www.africa-press.net\/cameroun\/#\/schema\/person\/2b1cf3cd81a31e3cd26889ca66d677f1","name":"cfeditorfr"}]}},"_links":{"self":[{"href":"https:\/\/www.africa-press.net\/cameroun\/wp-json\/wp\/v2\/posts\/24700","targetHints":{"allow":["GET"]}}],"collection":[{"href":"https:\/\/www.africa-press.net\/cameroun\/wp-json\/wp\/v2\/posts"}],"about":[{"href":"https:\/\/www.africa-press.net\/cameroun\/wp-json\/wp\/v2\/types\/post"}],"author":[{"embeddable":true,"href":"https:\/\/www.africa-press.net\/cameroun\/wp-json\/wp\/v2\/users\/82"}],"replies":[{"embeddable":true,"href":"https:\/\/www.africa-press.net\/cameroun\/wp-json\/wp\/v2\/comments?post=24700"}],"version-history":[{"count":0,"href":"https:\/\/www.africa-press.net\/cameroun\/wp-json\/wp\/v2\/posts\/24700\/revisions"}],"wp:featuredmedia":[{"embeddable":true,"href":"https:\/\/www.africa-press.net\/cameroun\/wp-json\/wp\/v2\/media\/24699"}],"wp:attachment":[{"href":"https:\/\/www.africa-press.net\/cameroun\/wp-json\/wp\/v2\/media?parent=24700"}],"wp:term":[{"taxonomy":"category","embeddable":true,"href":"https:\/\/www.africa-press.net\/cameroun\/wp-json\/wp\/v2\/categories?post=24700"},{"taxonomy":"post_tag","embeddable":true,"href":"https:\/\/www.africa-press.net\/cameroun\/wp-json\/wp\/v2\/tags?post=24700"}],"curies":[{"name":"wp","href":"https:\/\/api.w.org\/{rel}","templated":true}]}}