{"id":24703,"date":"2022-08-03T15:03:26","date_gmt":"2022-08-03T15:03:26","guid":{"rendered":"https:\/\/www.africa-press.net\/cameroun\/politique\/justice-lancien-sous-prefet-a-lorigine-de-la-mort-de-lydienne-taba-desormais-accuse-d-homicide-involontaire"},"modified":"2022-08-03T16:55:45","modified_gmt":"2022-08-03T16:55:45","slug":"justice-lancien-sous-prefet-a-lorigine-de-la-mort-de-lydienne-taba-desormais-accuse-d-homicide-involontaire","status":"publish","type":"post","link":"https:\/\/www.africa-press.net\/cameroun\/toutes-les-actualites\/justice-lancien-sous-prefet-a-lorigine-de-la-mort-de-lydienne-taba-desormais-accuse-d-homicide-involontaire","title":{"rendered":"Justice: L&rsquo;ancien sous-pr\u00e9fet \u00e0 l\u2019origine de la mort de Lydienne Taba d\u00e9sormais accus\u00e9 d\u2019 \u00abhomicide involontaire\u00bb"},"content":{"rendered":"<p><span style=\"color: #ff6600\"><strong>Africa-Press &#8211; Cameroun. <\/strong><\/span>L\u2019on se demandait ce qu\u2019il advenait des poursuites engag\u00e9es contre le meurtrier pr\u00e9sum\u00e9 de l\u2018\u00e9tudiante Lydienne Solange Taba deux ans apr\u00e8s sa mort tragique. L\u2019interrogation a trouv\u00e9 une r\u00e9ponse claire ce 2 Ao\u00fbt 2022. La premi\u00e8re audience du proc\u00e8s intent\u00e9 contre Franck Derlin Eyono Ebanga, ancien sous-pr\u00e9fet de la Lokoundj\u00e9 (r\u00e9gion du Sud) s\u2019est d\u00e9roul\u00e9e ce mardi au Tribunal militaire d\u2019Ebolowa. Me Guy Olivier Moteng, un des membres du collectif Universal Lawyers and Human Rights D\u00e9fense en charge de charge la protection juridique des ayants droits de la d\u00e9funte r\u00e9sume ces d\u00e9buts dans un texte publi\u00e9 sur Facebook.<\/p>\n<p>Il fait ainsi savoir que \u00ab le Tribunal a requalifi\u00e9 les faits d&rsquo;homicide involontaire retenus par le Juge d&rsquo;instruction en ceux de meurtre \u00bb. Cette d\u00e9cision ne r\u00e9jouit pas particuli\u00e8rement le juriste. \u00ab Il faut dire qu&rsquo;il \u00e9tait quand m\u00eame curieux que le magistrat en charge de l&rsquo;information judiciaire ait trouv\u00e9 moyen devant la gravit\u00e9 des faits, d&rsquo;en faire une infraction mineure c&rsquo;est \u00e0 dire un d\u00e9lit au moment de rendre son ordonnance de r\u00e8glement dans cette cause \u00bb, r\u00e9agit Me Moteng tout en esp\u00e9rant que la prochaine audience se tienne rapidement.<\/p>\n<p>En rappel Lydienne Solange Taba, \u00e9tudiante \u00e2g\u00e9e de 23 ans au moment de son d\u00e9c\u00e8s, a trouv\u00e9 la mort chez son compagnon Eyono Ebanga dans la nuit du 26 au 27 Juillet 2020 \u00e0 Kribi. Elle succombait aux blessures occasionn\u00e9es par les balles sorties de l\u2019arme \u00e0 feu du chef de terre d\u2019alors. Le 3 Septembre 2020 le collectif d\u2019avocats Universal Lawyers and Human Rights D\u00e9fense portait plainte contre le pr\u00e9sum\u00e9 tueur. Il aura fallu deux ans pour que le proc\u00e8s commence.<\/p>\n<p><strong>Pour plus d&rsquo;informations et d&rsquo;analyses sur la <a href=\"https:\/\/www.africa-press.net\/cameroun\">Cameroun<\/a>, suivez <a href=\"https:\/\/www.africa-press.net\/\">Africa-Press<\/a><\/strong><\/p>\n","protected":false},"excerpt":{"rendered":"<p>Africa-Press &#8211; Cameroun. L\u2019on se demandait ce qu\u2019il advenait des poursuites engag\u00e9es contre le meurtrier pr\u00e9sum\u00e9 de l\u2018\u00e9tudiante Lydienne Solange Taba deux ans apr\u00e8s sa mort tragique. L\u2019interrogation a trouv\u00e9 une r\u00e9ponse claire ce 2 Ao\u00fbt 2022. La premi\u00e8re audience du proc\u00e8s intent\u00e9 contre Franck Derlin Eyono Ebanga, ancien sous-pr\u00e9fet de la Lokoundj\u00e9 (r\u00e9gion du [&hellip;]<\/p>\n","protected":false},"author":82,"featured_media":24702,"comment_status":"open","ping_status":"closed","sticky":false,"template":"","format":"standard","meta":{"footnotes":""},"categories":[21,11,10],"tags":[36,50,49],"class_list":["post-24703","post","type-post","status-publish","format-standard","has-post-thumbnail","hentry","category-communaute","category-homepage-french","category-toutes-les-actualites","tag-africa-press","tag-africa-press-cameroun","tag-cameroun"],"yoast_head":"<!-- This site is optimized with the Yoast SEO Premium plugin v26.1 (Yoast SEO v27.0) - https:\/\/yoast.com\/product\/yoast-seo-premium-wordpress\/ -->\n<title>Justice: L&#039;ancien sous-pr\u00e9fet \u00e0 l\u2019origine de la mort de Lydienne Taba d\u00e9sormais accus\u00e9 d\u2019 \u00abhomicide involontaire\u00bb - Cameroun<\/title>\n<meta name=\"description\" content=\"L\u2019on se demandait ce qu\u2019il advenait des poursuites engag\u00e9es contre le meurtrier pr\u00e9sum\u00e9 de l\u2018\u00e9tudiante Lydienne Solange ...\" \/>\n<meta name=\"robots\" content=\"index, follow, max-snippet:-1, max-image-preview:large, max-video-preview:-1\" \/>\n<link rel=\"canonical\" href=\"https:\/\/www.africa-press.net\/cameroun\/toutes-les-actualites\/justice-lancien-sous-prefet-a-lorigine-de-la-mort-de-lydienne-taba-desormais-accuse-d-homicide-involontaire\" \/>\n<meta property=\"og:locale\" content=\"fr_FR\" \/>\n<meta property=\"og:type\" content=\"article\" \/>\n<meta property=\"og:title\" content=\"Justice: L&#039;ancien sous-pr\u00e9fet \u00e0 l\u2019origine de la mort de Lydienne Taba d\u00e9sormais accus\u00e9 d\u2019 \u00abhomicide involontaire\u00bb\" \/>\n<meta property=\"og:description\" content=\"L\u2019on se demandait ce qu\u2019il advenait des poursuites engag\u00e9es contre le meurtrier pr\u00e9sum\u00e9 de l\u2018\u00e9tudiante Lydienne Solange ...\" \/>\n<meta property=\"og:url\" content=\"https:\/\/www.africa-press.net\/cameroun\/toutes-les-actualites\/justice-lancien-sous-prefet-a-lorigine-de-la-mort-de-lydienne-taba-desormais-accuse-d-homicide-involontaire\" \/>\n<meta property=\"og:site_name\" content=\"Cameroun\" \/>\n<meta property=\"article:published_time\" content=\"2022-08-03T15:03:26+00:00\" \/>\n<meta property=\"article:modified_time\" content=\"2022-08-03T16:55:45+00:00\" \/>\n<meta property=\"og:image\" content=\"https:\/\/static.africa-press.net\/cameroun\/sites\/57\/2022\/08\/img-62eaa5a86d03d.jpg\" \/>\n\t<meta property=\"og:image:width\" content=\"800\" \/>\n\t<meta property=\"og:image:height\" content=\"532\" \/>\n\t<meta property=\"og:image:type\" content=\"image\/jpeg\" \/>\n<meta name=\"author\" content=\"cfeditorfr\" \/>\n<meta name=\"twitter:card\" content=\"summary_large_image\" \/>\n<meta name=\"twitter:label1\" content=\"\u00c9crit par\" \/>\n\t<meta name=\"twitter:data1\" content=\"cfeditorfr\" \/>\n\t<meta name=\"twitter:label2\" content=\"Dur\u00e9e de lecture estim\u00e9e\" \/>\n\t<meta name=\"twitter:data2\" content=\"2 minutes\" \/>\n<script type=\"application\/ld+json\" class=\"yoast-schema-graph\">{\"@context\":\"https:\/\/schema.org\",\"@graph\":[{\"@type\":\"Article\",\"@id\":\"https:\/\/www.africa-press.net\/cameroun\/toutes-les-actualites\/justice-lancien-sous-prefet-a-lorigine-de-la-mort-de-lydienne-taba-desormais-accuse-d-homicide-involontaire#article\",\"isPartOf\":{\"@id\":\"https:\/\/www.africa-press.net\/cameroun\/toutes-les-actualites\/justice-lancien-sous-prefet-a-lorigine-de-la-mort-de-lydienne-taba-desormais-accuse-d-homicide-involontaire\"},\"author\":{\"name\":\"cfeditorfr\",\"@id\":\"https:\/\/www.africa-press.net\/cameroun\/#\/schema\/person\/2b1cf3cd81a31e3cd26889ca66d677f1\"},\"headline\":\"Justice: L&rsquo;ancien sous-pr\u00e9fet \u00e0 l\u2019origine de la mort de Lydienne Taba d\u00e9sormais accus\u00e9 d\u2019 \u00abhomicide involontaire\u00bb\",\"datePublished\":\"2022-08-03T15:03:26+00:00\",\"dateModified\":\"2022-08-03T16:55:45+00:00\",\"mainEntityOfPage\":{\"@id\":\"https:\/\/www.africa-press.net\/cameroun\/toutes-les-actualites\/justice-lancien-sous-prefet-a-lorigine-de-la-mort-de-lydienne-taba-desormais-accuse-d-homicide-involontaire\"},\"wordCount\":336,\"commentCount\":0,\"image\":{\"@id\":\"https:\/\/www.africa-press.net\/cameroun\/toutes-les-actualites\/justice-lancien-sous-prefet-a-lorigine-de-la-mort-de-lydienne-taba-desormais-accuse-d-homicide-involontaire#primaryimage\"},\"thumbnailUrl\":\"https:\/\/static.africa-press.net\/cameroun\/sites\/57\/2022\/08\/img-62eaa5a86d03d.jpg\",\"keywords\":[\"Africa Press\",\"Africa Press-Cameroun\",\"Cameroun\"],\"articleSection\":[\"Communaut\u00e9\",\"homepage-french\",\"Toutes les actualit\u00e9s\"],\"inLanguage\":\"fr-FR\",\"potentialAction\":[{\"@type\":\"CommentAction\",\"name\":\"Comment\",\"target\":[\"https:\/\/www.africa-press.net\/cameroun\/toutes-les-actualites\/justice-lancien-sous-prefet-a-lorigine-de-la-mort-de-lydienne-taba-desormais-accuse-d-homicide-involontaire#respond\"]}]},{\"@type\":\"WebPage\",\"@id\":\"https:\/\/www.africa-press.net\/cameroun\/toutes-les-actualites\/justice-lancien-sous-prefet-a-lorigine-de-la-mort-de-lydienne-taba-desormais-accuse-d-homicide-involontaire\",\"url\":\"https:\/\/www.africa-press.net\/cameroun\/toutes-les-actualites\/justice-lancien-sous-prefet-a-lorigine-de-la-mort-de-lydienne-taba-desormais-accuse-d-homicide-involontaire\",\"name\":\"Justice: L'ancien sous-pr\u00e9fet \u00e0 l\u2019origine de la mort de Lydienne Taba d\u00e9sormais accus\u00e9 d\u2019 \u00abhomicide involontaire\u00bb - Cameroun\",\"isPartOf\":{\"@id\":\"https:\/\/www.africa-press.net\/cameroun\/#website\"},\"primaryImageOfPage\":{\"@id\":\"https:\/\/www.africa-press.net\/cameroun\/toutes-les-actualites\/justice-lancien-sous-prefet-a-lorigine-de-la-mort-de-lydienne-taba-desormais-accuse-d-homicide-involontaire#primaryimage\"},\"image\":{\"@id\":\"https:\/\/www.africa-press.net\/cameroun\/toutes-les-actualites\/justice-lancien-sous-prefet-a-lorigine-de-la-mort-de-lydienne-taba-desormais-accuse-d-homicide-involontaire#primaryimage\"},\"thumbnailUrl\":\"https:\/\/static.africa-press.net\/cameroun\/sites\/57\/2022\/08\/img-62eaa5a86d03d.jpg\",\"datePublished\":\"2022-08-03T15:03:26+00:00\",\"dateModified\":\"2022-08-03T16:55:45+00:00\",\"author\":{\"@id\":\"https:\/\/www.africa-press.net\/cameroun\/#\/schema\/person\/2b1cf3cd81a31e3cd26889ca66d677f1\"},\"description\":\"L\u2019on se demandait ce qu\u2019il advenait des poursuites engag\u00e9es contre le meurtrier pr\u00e9sum\u00e9 de l\u2018\u00e9tudiante Lydienne Solange ...\",\"breadcrumb\":{\"@id\":\"https:\/\/www.africa-press.net\/cameroun\/toutes-les-actualites\/justice-lancien-sous-prefet-a-lorigine-de-la-mort-de-lydienne-taba-desormais-accuse-d-homicide-involontaire#breadcrumb\"},\"inLanguage\":\"fr-FR\",\"potentialAction\":[{\"@type\":\"ReadAction\",\"target\":[\"https:\/\/www.africa-press.net\/cameroun\/toutes-les-actualites\/justice-lancien-sous-prefet-a-lorigine-de-la-mort-de-lydienne-taba-desormais-accuse-d-homicide-involontaire\"]}]},{\"@type\":\"ImageObject\",\"inLanguage\":\"fr-FR\",\"@id\":\"https:\/\/www.africa-press.net\/cameroun\/toutes-les-actualites\/justice-lancien-sous-prefet-a-lorigine-de-la-mort-de-lydienne-taba-desormais-accuse-d-homicide-involontaire#primaryimage\",\"url\":\"https:\/\/static.africa-press.net\/cameroun\/sites\/57\/2022\/08\/img-62eaa5a86d03d.jpg\",\"contentUrl\":\"https:\/\/static.africa-press.net\/cameroun\/sites\/57\/2022\/08\/img-62eaa5a86d03d.jpg\",\"width\":800,\"height\":532,\"caption\":\"Justice: L'ancien sous-pr\u00e9fet \u00e0 l\u2019origine de la mort de Lydienne Taba d\u00e9sormais accus\u00e9 d\u2019 \u00abhomicide involontaire\u00bb\"},{\"@type\":\"BreadcrumbList\",\"@id\":\"https:\/\/www.africa-press.net\/cameroun\/toutes-les-actualites\/justice-lancien-sous-prefet-a-lorigine-de-la-mort-de-lydienne-taba-desormais-accuse-d-homicide-involontaire#breadcrumb\",\"itemListElement\":[{\"@type\":\"ListItem\",\"position\":1,\"name\":\"Accueil\",\"item\":\"https:\/\/www.africa-press.net\/cameroun\/\"},{\"@type\":\"ListItem\",\"position\":2,\"name\":\"Justice: L&#8217;ancien sous-pr\u00e9fet \u00e0 l\u2019origine de la mort de Lydienne Taba d\u00e9sormais accus\u00e9 d\u2019 \u00abhomicide involontaire\u00bb\"}]},{\"@type\":\"WebSite\",\"@id\":\"https:\/\/www.africa-press.net\/cameroun\/#website\",\"url\":\"https:\/\/www.africa-press.net\/cameroun\/\",\"name\":\"Cameroun\",\"description\":\"Just another Africa News Agency Sites site\",\"potentialAction\":[{\"@type\":\"SearchAction\",\"target\":{\"@type\":\"EntryPoint\",\"urlTemplate\":\"https:\/\/www.africa-press.net\/cameroun\/?s={search_term_string}\"},\"query-input\":{\"@type\":\"PropertyValueSpecification\",\"valueRequired\":true,\"valueName\":\"search_term_string\"}}],\"inLanguage\":\"fr-FR\"},{\"@type\":\"Person\",\"@id\":\"https:\/\/www.africa-press.net\/cameroun\/#\/schema\/person\/2b1cf3cd81a31e3cd26889ca66d677f1\",\"name\":\"cfeditorfr\"}]}<\/script>\n<!-- \/ Yoast SEO Premium plugin. -->","yoast_head_json":{"title":"Justice: L'ancien sous-pr\u00e9fet \u00e0 l\u2019origine de la mort de Lydienne Taba d\u00e9sormais accus\u00e9 d\u2019 \u00abhomicide involontaire\u00bb - Cameroun","description":"L\u2019on se demandait ce qu\u2019il advenait des poursuites engag\u00e9es contre le meurtrier pr\u00e9sum\u00e9 de l\u2018\u00e9tudiante Lydienne Solange ...","robots":{"index":"index","follow":"follow","max-snippet":"max-snippet:-1","max-image-preview":"max-image-preview:large","max-video-preview":"max-video-preview:-1"},"canonical":"https:\/\/www.africa-press.net\/cameroun\/toutes-les-actualites\/justice-lancien-sous-prefet-a-lorigine-de-la-mort-de-lydienne-taba-desormais-accuse-d-homicide-involontaire","og_locale":"fr_FR","og_type":"article","og_title":"Justice: L'ancien sous-pr\u00e9fet \u00e0 l\u2019origine de la mort de Lydienne Taba d\u00e9sormais accus\u00e9 d\u2019 \u00abhomicide involontaire\u00bb","og_description":"L\u2019on se demandait ce qu\u2019il advenait des poursuites engag\u00e9es contre le meurtrier pr\u00e9sum\u00e9 de l\u2018\u00e9tudiante Lydienne Solange ...","og_url":"https:\/\/www.africa-press.net\/cameroun\/toutes-les-actualites\/justice-lancien-sous-prefet-a-lorigine-de-la-mort-de-lydienne-taba-desormais-accuse-d-homicide-involontaire","og_site_name":"Cameroun","article_published_time":"2022-08-03T15:03:26+00:00","article_modified_time":"2022-08-03T16:55:45+00:00","og_image":[{"width":800,"height":532,"url":"https:\/\/static.africa-press.net\/cameroun\/sites\/57\/2022\/08\/img-62eaa5a86d03d.jpg","type":"image\/jpeg"}],"author":"cfeditorfr","twitter_card":"summary_large_image","twitter_misc":{"\u00c9crit par":"cfeditorfr","Dur\u00e9e de lecture estim\u00e9e":"2 minutes"},"schema":{"@context":"https:\/\/schema.org","@graph":[{"@type":"Article","@id":"https:\/\/www.africa-press.net\/cameroun\/toutes-les-actualites\/justice-lancien-sous-prefet-a-lorigine-de-la-mort-de-lydienne-taba-desormais-accuse-d-homicide-involontaire#article","isPartOf":{"@id":"https:\/\/www.africa-press.net\/cameroun\/toutes-les-actualites\/justice-lancien-sous-prefet-a-lorigine-de-la-mort-de-lydienne-taba-desormais-accuse-d-homicide-involontaire"},"author":{"name":"cfeditorfr","@id":"https:\/\/www.africa-press.net\/cameroun\/#\/schema\/person\/2b1cf3cd81a31e3cd26889ca66d677f1"},"headline":"Justice: L&rsquo;ancien sous-pr\u00e9fet \u00e0 l\u2019origine de la mort de Lydienne Taba d\u00e9sormais accus\u00e9 d\u2019 \u00abhomicide involontaire\u00bb","datePublished":"2022-08-03T15:03:26+00:00","dateModified":"2022-08-03T16:55:45+00:00","mainEntityOfPage":{"@id":"https:\/\/www.africa-press.net\/cameroun\/toutes-les-actualites\/justice-lancien-sous-prefet-a-lorigine-de-la-mort-de-lydienne-taba-desormais-accuse-d-homicide-involontaire"},"wordCount":336,"commentCount":0,"image":{"@id":"https:\/\/www.africa-press.net\/cameroun\/toutes-les-actualites\/justice-lancien-sous-prefet-a-lorigine-de-la-mort-de-lydienne-taba-desormais-accuse-d-homicide-involontaire#primaryimage"},"thumbnailUrl":"https:\/\/static.africa-press.net\/cameroun\/sites\/57\/2022\/08\/img-62eaa5a86d03d.jpg","keywords":["Africa Press","Africa Press-Cameroun","Cameroun"],"articleSection":["Communaut\u00e9","homepage-french","Toutes les actualit\u00e9s"],"inLanguage":"fr-FR","potentialAction":[{"@type":"CommentAction","name":"Comment","target":["https:\/\/www.africa-press.net\/cameroun\/toutes-les-actualites\/justice-lancien-sous-prefet-a-lorigine-de-la-mort-de-lydienne-taba-desormais-accuse-d-homicide-involontaire#respond"]}]},{"@type":"WebPage","@id":"https:\/\/www.africa-press.net\/cameroun\/toutes-les-actualites\/justice-lancien-sous-prefet-a-lorigine-de-la-mort-de-lydienne-taba-desormais-accuse-d-homicide-involontaire","url":"https:\/\/www.africa-press.net\/cameroun\/toutes-les-actualites\/justice-lancien-sous-prefet-a-lorigine-de-la-mort-de-lydienne-taba-desormais-accuse-d-homicide-involontaire","name":"Justice: L'ancien sous-pr\u00e9fet \u00e0 l\u2019origine de la mort de Lydienne Taba d\u00e9sormais accus\u00e9 d\u2019 \u00abhomicide involontaire\u00bb - Cameroun","isPartOf":{"@id":"https:\/\/www.africa-press.net\/cameroun\/#website"},"primaryImageOfPage":{"@id":"https:\/\/www.africa-press.net\/cameroun\/toutes-les-actualites\/justice-lancien-sous-prefet-a-lorigine-de-la-mort-de-lydienne-taba-desormais-accuse-d-homicide-involontaire#primaryimage"},"image":{"@id":"https:\/\/www.africa-press.net\/cameroun\/toutes-les-actualites\/justice-lancien-sous-prefet-a-lorigine-de-la-mort-de-lydienne-taba-desormais-accuse-d-homicide-involontaire#primaryimage"},"thumbnailUrl":"https:\/\/static.africa-press.net\/cameroun\/sites\/57\/2022\/08\/img-62eaa5a86d03d.jpg","datePublished":"2022-08-03T15:03:26+00:00","dateModified":"2022-08-03T16:55:45+00:00","author":{"@id":"https:\/\/www.africa-press.net\/cameroun\/#\/schema\/person\/2b1cf3cd81a31e3cd26889ca66d677f1"},"description":"L\u2019on se demandait ce qu\u2019il advenait des poursuites engag\u00e9es contre le meurtrier pr\u00e9sum\u00e9 de l\u2018\u00e9tudiante Lydienne Solange ...","breadcrumb":{"@id":"https:\/\/www.africa-press.net\/cameroun\/toutes-les-actualites\/justice-lancien-sous-prefet-a-lorigine-de-la-mort-de-lydienne-taba-desormais-accuse-d-homicide-involontaire#breadcrumb"},"inLanguage":"fr-FR","potentialAction":[{"@type":"ReadAction","target":["https:\/\/www.africa-press.net\/cameroun\/toutes-les-actualites\/justice-lancien-sous-prefet-a-lorigine-de-la-mort-de-lydienne-taba-desormais-accuse-d-homicide-involontaire"]}]},{"@type":"ImageObject","inLanguage":"fr-FR","@id":"https:\/\/www.africa-press.net\/cameroun\/toutes-les-actualites\/justice-lancien-sous-prefet-a-lorigine-de-la-mort-de-lydienne-taba-desormais-accuse-d-homicide-involontaire#primaryimage","url":"https:\/\/static.africa-press.net\/cameroun\/sites\/57\/2022\/08\/img-62eaa5a86d03d.jpg","contentUrl":"https:\/\/static.africa-press.net\/cameroun\/sites\/57\/2022\/08\/img-62eaa5a86d03d.jpg","width":800,"height":532,"caption":"Justice: L'ancien sous-pr\u00e9fet \u00e0 l\u2019origine de la mort de Lydienne Taba d\u00e9sormais accus\u00e9 d\u2019 \u00abhomicide involontaire\u00bb"},{"@type":"BreadcrumbList","@id":"https:\/\/www.africa-press.net\/cameroun\/toutes-les-actualites\/justice-lancien-sous-prefet-a-lorigine-de-la-mort-de-lydienne-taba-desormais-accuse-d-homicide-involontaire#breadcrumb","itemListElement":[{"@type":"ListItem","position":1,"name":"Accueil","item":"https:\/\/www.africa-press.net\/cameroun\/"},{"@type":"ListItem","position":2,"name":"Justice: L&#8217;ancien sous-pr\u00e9fet \u00e0 l\u2019origine de la mort de Lydienne Taba d\u00e9sormais accus\u00e9 d\u2019 \u00abhomicide involontaire\u00bb"}]},{"@type":"WebSite","@id":"https:\/\/www.africa-press.net\/cameroun\/#website","url":"https:\/\/www.africa-press.net\/cameroun\/","name":"Cameroun","description":"Just another Africa News Agency Sites site","potentialAction":[{"@type":"SearchAction","target":{"@type":"EntryPoint","urlTemplate":"https:\/\/www.africa-press.net\/cameroun\/?s={search_term_string}"},"query-input":{"@type":"PropertyValueSpecification","valueRequired":true,"valueName":"search_term_string"}}],"inLanguage":"fr-FR"},{"@type":"Person","@id":"https:\/\/www.africa-press.net\/cameroun\/#\/schema\/person\/2b1cf3cd81a31e3cd26889ca66d677f1","name":"cfeditorfr"}]}},"_links":{"self":[{"href":"https:\/\/www.africa-press.net\/cameroun\/wp-json\/wp\/v2\/posts\/24703","targetHints":{"allow":["GET"]}}],"collection":[{"href":"https:\/\/www.africa-press.net\/cameroun\/wp-json\/wp\/v2\/posts"}],"about":[{"href":"https:\/\/www.africa-press.net\/cameroun\/wp-json\/wp\/v2\/types\/post"}],"author":[{"embeddable":true,"href":"https:\/\/www.africa-press.net\/cameroun\/wp-json\/wp\/v2\/users\/82"}],"replies":[{"embeddable":true,"href":"https:\/\/www.africa-press.net\/cameroun\/wp-json\/wp\/v2\/comments?post=24703"}],"version-history":[{"count":0,"href":"https:\/\/www.africa-press.net\/cameroun\/wp-json\/wp\/v2\/posts\/24703\/revisions"}],"wp:featuredmedia":[{"embeddable":true,"href":"https:\/\/www.africa-press.net\/cameroun\/wp-json\/wp\/v2\/media\/24702"}],"wp:attachment":[{"href":"https:\/\/www.africa-press.net\/cameroun\/wp-json\/wp\/v2\/media?parent=24703"}],"wp:term":[{"taxonomy":"category","embeddable":true,"href":"https:\/\/www.africa-press.net\/cameroun\/wp-json\/wp\/v2\/categories?post=24703"},{"taxonomy":"post_tag","embeddable":true,"href":"https:\/\/www.africa-press.net\/cameroun\/wp-json\/wp\/v2\/tags?post=24703"}],"curies":[{"name":"wp","href":"https:\/\/api.w.org\/{rel}","templated":true}]}}