{"id":24706,"date":"2022-08-03T15:09:56","date_gmt":"2022-08-03T15:09:56","guid":{"rendered":"https:\/\/www.africa-press.net\/cameroun\/politique\/crise-apres-lautorisation-dune-conference-de-presse-de-militants-mecontents-le-mrc-ouest-accuse-certaines-autorites-politiques-de-complot"},"modified":"2022-08-03T16:44:10","modified_gmt":"2022-08-03T16:44:10","slug":"crise-apres-lautorisation-dune-conference-de-presse-de-militants-mecontents-le-mrc-ouest-accuse-certaines-autorites-politiques-de-complot","status":"publish","type":"post","link":"https:\/\/www.africa-press.net\/cameroun\/politique\/crise-apres-lautorisation-dune-conference-de-presse-de-militants-mecontents-le-mrc-ouest-accuse-certaines-autorites-politiques-de-complot","title":{"rendered":"Crise: Apr\u00e8s l\u2019autorisation d\u2019une conf\u00e9rence de presse de militants m\u00e9contents, le MRC-Ouest accuse \u00ab\u00a0certaines autorit\u00e9s politiques\u00a0\u00bb  de complot"},"content":{"rendered":"<p><span style=\"color: #ff6600\"><strong>Africa-Press &#8211; Cameroun. <\/strong><\/span>Les tensions n\u00e9es des r\u00e9centes \u00e9lections internes du MRC (Mouvement pour la Renaissance du Cameroun) dans la r\u00e9gion de l\u2018Ouest n\u2019ont pas baiss\u00e9. En r\u00e9action \u00e0 leur exclusion des scrutins, le Collectif dit \u00ab des candidats abusivement d\u00e9chus \u00bb sous la conduite de Guy Kenmegne Tama, a entrepris d\u2019organiser une conf\u00e9rence de presse ce 3 Ao\u00fbt 2022 de 14 \u00e0 16 heures au \u00ab parc des loisirs \u00bb, \u00e0 Bafoussam . Ses membres veulent \u00ab d\u00e9noncer la d\u00e9marche non objective de la commission \u00e9lectorale \u00e0 l\u2019Ouest, expliquer \u00e0 l\u2019opinion publique leur raisons de la saisine du juge de r\u00e9f\u00e9r\u00e9 d\u2019heure \u00e0 heure aux fins de la suspension de la tenue des \u00e9lections internes du parti dans la R\u00e9gion de l\u2019Ouest, donner leur position \u00bb. La communication a re\u00e7u une \u00ab autorisation sp\u00e9ciale \u00bb du sous-pr\u00e9fet de l\u2019arrondissement de Bafoussam 1er Aboubacar Garba. Ce qui n\u2019est pas du go\u00fbt de ma hi\u00e9rarchie du MRC dans la r\u00e9gion de l\u2019Ouest.<\/p>\n<p>Dans un communiqu\u00e9 publi\u00e9 tard dans la soir\u00e9e du 2 Ao\u00fbt 2022, le secr\u00e9taire de f\u00e9d\u00e9ration r\u00e9gionale, Me Andr\u00e9 Marie Tassa d\u00e9nonce une \u00ab campagne de d\u00e9stabilisation du Mouvement pour la Renaissance du Cameroun (MRC) dans la r\u00e9gion de l\u2019Ouest \u00bb. Il parle d\u2019une \u00ab op\u00e9ration lugubre \u00bb, qui \u00ab se tient avec le soutien actif et visible du sous-pr\u00e9fet de l&rsquo;arrondissement de Bafoussam 1er qui leur a d\u00e9livr\u00e9 une \u00ab\u00a0autorisation sp\u00e9ciale\u00a0\u00bb, acte qui n&rsquo;existe pas dans la nomenclature administrative camerounaise et qui viole les dispositions de la loi 90\/55 du 19 d\u00e9cembre1990 fixant le r\u00e9gime des r\u00e9unions et des manifestations publiques \u00bb. Et de poursuivre sur la m\u00eame lanc\u00e9e : \u00ab cette campagne est mise en \u0153uvre avec la complicit\u00e9 de certaines autorit\u00e9s politiques avec qui ce collectif se concerte et planifie la fragilisation de notre formation politique \u00bb.<\/p>\n<p>Me Tassa d\u00e9plore ce qu\u2019il qualifie de \u00ab d\u00e9rive antid\u00e9mocratique \u00bb et invite les militants et sympathisants du MRC \u00ab au calme et \u00e0 la retenue \u00bb. Il appelle les hommes des medias \u00e0 \u00ab comprendre qu\u2019il s\u2019agit l\u00e0 d\u2019une autre tentative de d\u00e9stabilisation port\u00e9e par des individus qui ont cru infiltrer et prendre en otage les militants du MRC \u00e0 l\u2019Ouest en vue de livrer le parti sur un plateau en or au RDPC le moment venu \u00bb. Le patron du MRC-Ouest pointe une \u00ab actualit\u00e9 manipul\u00e9e et orchestr\u00e9e par des infiltr\u00e9s d\u00e9masqu\u00e9s \u00bb.<\/p>\n<p>Mardi, des confr\u00e8res pr\u00e9voyaient que la conf\u00e9rence de presse de ce jour \u00e0 Bafoussam d\u00e9bouche sur l\u2019annonce de la cr\u00e9ation d\u2019une formation politique dissidente du MRC form\u00e9 par les m\u00e9contents des r\u00e9centes \u00e9lections \u00e0 l\u2019Ouest. Ils croyaient savoir qu\u2019il s\u2019appellerait l\u2019ANRC (Alliance Nationale pour la Reconstruction du Cameroun). La suite des \u00e9v\u00e9nements va-t-elle donner raison \u00e0 ces journalistes ? .<\/p>\n<p>Voici dans son int\u00e9gralit\u00e9 le communiqu\u00e9 du secr\u00e9taire du MRC-Ouest<\/p>\n<p>Communiqu\u00e9 de Presse<\/p>\n<p>La f\u00e9d\u00e9ration r\u00e9gionale du Mouvement pour la Renaissance du Cameroun (MRC) de l\u2019Ouest porte \u00e0 la connaissance de l\u2019opinion publique nationale et internationale que des individus regroup\u00e9s au sein d\u2019une organisation sans existence l\u00e9gale sont d\u00e9termin\u00e9s \u00e0 amplifier la campagne de d\u00e9stabilisation du Mouvement pour la Renaissance du Cameroun (MRC) dans la r\u00e9gion de l\u2019Ouest. Cette op\u00e9ration lugubre, pr\u00e9cisons-le, se tient avec le soutien actif et visible du sous-pr\u00e9fet de l&rsquo;arrondissement de Bafoussam 1er qui leur a d\u00e9livr\u00e9 une \u00ab\u00a0autorisation sp\u00e9ciale\u00a0\u00bb, acte qui n&rsquo;existe pas dans la nomenclature administrative camerounaise et qui viole les dispositions de la loi 90\/55 du 19 d\u00e9cembre1990 fixant le r\u00e9gime des r\u00e9unions et des manifestations publiques.<\/p>\n<p>Cette campagne est mise en \u0153uvre avec la complicit\u00e9 de certaines autorit\u00e9s politiques avec qui ce collectif se concerte et planifie la fragilisation de notre formation politique. Suite aux nombreuses man\u0153uvres de tripatouillages et de falsification des cartes de membre du parti et des fausses d\u00e9clarations sur leur anciennet\u00e9 dans le parti, les listes de candidature de ces individus ont \u00e9t\u00e9 rejet\u00e9es par la commission \u00e9lectorale du MRC les \u00e9cartant du processus de renouvellement des bureaux des organes de base tenu dans 33 communes et 07 d\u00e9partements et achev\u00e9 le 31 juillet dernier avec l\u2019\u00e9lection de la liste conduite par des Me Andr\u00e9 Marie Tassa au bureau de la f\u00e9d\u00e9ration r\u00e9gionale de l\u2019Ouest.<\/p>\n<p>\u00ab Frustr\u00e9s et indign\u00e9s \u00bb, comme ils le pr\u00e9tendent, ils ont renonc\u00e9 \u00e0 saisir les m\u00e9canismes de recours internes au parti pour s&rsquo;engager, sans succ\u00e8s, dans un acharnement judiciaire. Vainement ,ils ont demand\u00e9 \u00e0 deux reprises au juge de r\u00e9f\u00e9r\u00e9 de suspendre les \u00e9lections internes des F\u00e9d\u00e9rations communales et d\u00e9partementales et de la F\u00e9d\u00e9ration r\u00e9gionale du MRC \u00e0 l\u2019Ouest. D\u00e9bout\u00e9s par la justice, ils projettent l&rsquo;organisation d&rsquo;une conf\u00e9rence de presse au Parc des loisirs de Bafoussam demain mercredi 03 ao\u00fbt 2022.<\/p>\n<p>D\u00e9plorant cette d\u00e9rive antid\u00e9mocratique, nous invitons les militants et sympathisants du MRC au calme et \u00e0 la retenue et nous appelons les hommes des medias \u00e0 rester comprendre qu\u2019il s\u2019agit l\u00e0 d\u2019une autre tentative de d\u00e9stabilisation port\u00e9e par des individus qui ont cru infiltrer et prendre en otage les militants du MRC \u00e0 l\u2019Ouest en vue de livrer le parti sur un plateau en or au RDPC le moment venu.<\/p>\n<p>Enfin, nous prenons \u00e0 t\u00e9moin l\u2019opinion nationale et internationale de cette op\u00e9ration de d\u00e9stabilisation. Tout comme, nous demandons \u00e0 nos militants et sympathisants de rester vigilants et de garder leur sens de discernement face \u00e0 cette actualit\u00e9 manipul\u00e9e et orchestr\u00e9e par des infiltr\u00e9s d\u00e9masqu\u00e9s.<\/p>\n<p>Fait \u00e0 Bafoussam, le 2 ao\u00fbt 2022<\/p>\n<p>Le secr\u00e9taire r\u00e9gional<\/p>\n<p>Me Andr\u00e9 Marie Tassa<\/p>\n<p><strong>Pour plus d&rsquo;informations et d&rsquo;analyses sur la <a href=\"https:\/\/www.africa-press.net\/cameroun\">Cameroun<\/a>, suivez <a href=\"https:\/\/www.africa-press.net\/\">Africa-Press<\/a><\/strong><\/p>\n","protected":false},"excerpt":{"rendered":"<p>Africa-Press &#8211; Cameroun. Les tensions n\u00e9es des r\u00e9centes \u00e9lections internes du MRC (Mouvement pour la Renaissance du Cameroun) dans la r\u00e9gion de l\u2018Ouest n\u2019ont pas baiss\u00e9. En r\u00e9action \u00e0 leur exclusion des scrutins, le Collectif dit \u00ab des candidats abusivement d\u00e9chus \u00bb sous la conduite de Guy Kenmegne Tama, a entrepris d\u2019organiser une conf\u00e9rence de [&hellip;]<\/p>\n","protected":false},"author":82,"featured_media":24705,"comment_status":"open","ping_status":"closed","sticky":false,"template":"","format":"standard","meta":{"footnotes":""},"categories":[11,2,10],"tags":[36,50,49],"class_list":["post-24706","post","type-post","status-publish","format-standard","has-post-thumbnail","hentry","category-homepage-french","category-politique","category-toutes-les-actualites","tag-africa-press","tag-africa-press-cameroun","tag-cameroun"],"yoast_head":"<!-- This site is optimized with the Yoast SEO Premium plugin v26.1 (Yoast SEO v27.0) - https:\/\/yoast.com\/product\/yoast-seo-premium-wordpress\/ -->\n<title>Crise: Apr\u00e8s l\u2019autorisation d\u2019une conf\u00e9rence de presse de militants m\u00e9contents, le MRC-Ouest accuse &quot;certaines autorit\u00e9s politiques&quot; de complot - Cameroun<\/title>\n<meta name=\"description\" content=\"Les tensions n\u00e9es des r\u00e9centes \u00e9lections internes du MRC (Mouvement pour la Renaissance du Cameroun) dans la r\u00e9gion de l ...\" \/>\n<meta name=\"robots\" content=\"index, follow, max-snippet:-1, max-image-preview:large, max-video-preview:-1\" \/>\n<link rel=\"canonical\" href=\"https:\/\/www.africa-press.net\/cameroun\/politique\/crise-apres-lautorisation-dune-conference-de-presse-de-militants-mecontents-le-mrc-ouest-accuse-certaines-autorites-politiques-de-complot\" \/>\n<meta property=\"og:locale\" content=\"fr_FR\" \/>\n<meta property=\"og:type\" content=\"article\" \/>\n<meta property=\"og:title\" content=\"Crise: Apr\u00e8s l\u2019autorisation d\u2019une conf\u00e9rence de presse de militants m\u00e9contents, le MRC-Ouest accuse &quot;certaines autorit\u00e9s politiques&quot; de complot\" \/>\n<meta property=\"og:description\" content=\"Les tensions n\u00e9es des r\u00e9centes \u00e9lections internes du MRC (Mouvement pour la Renaissance du Cameroun) dans la r\u00e9gion de l ...\" \/>\n<meta property=\"og:url\" content=\"https:\/\/www.africa-press.net\/cameroun\/politique\/crise-apres-lautorisation-dune-conference-de-presse-de-militants-mecontents-le-mrc-ouest-accuse-certaines-autorites-politiques-de-complot\" \/>\n<meta property=\"og:site_name\" content=\"Cameroun\" \/>\n<meta property=\"article:published_time\" content=\"2022-08-03T15:09:56+00:00\" \/>\n<meta property=\"article:modified_time\" content=\"2022-08-03T16:44:10+00:00\" \/>\n<meta property=\"og:image\" content=\"https:\/\/static.africa-press.net\/cameroun\/sites\/57\/2022\/08\/img-62eaa5c6cfb33.jpg\" \/>\n\t<meta property=\"og:image:width\" content=\"800\" \/>\n\t<meta property=\"og:image:height\" content=\"424\" \/>\n\t<meta property=\"og:image:type\" content=\"image\/jpeg\" \/>\n<meta name=\"author\" content=\"cfeditorfr\" \/>\n<meta name=\"twitter:card\" content=\"summary_large_image\" \/>\n<meta name=\"twitter:label1\" content=\"\u00c9crit par\" \/>\n\t<meta name=\"twitter:data1\" content=\"cfeditorfr\" \/>\n\t<meta name=\"twitter:label2\" content=\"Dur\u00e9e de lecture estim\u00e9e\" \/>\n\t<meta name=\"twitter:data2\" content=\"5 minutes\" \/>\n<script type=\"application\/ld+json\" class=\"yoast-schema-graph\">{\"@context\":\"https:\/\/schema.org\",\"@graph\":[{\"@type\":\"Article\",\"@id\":\"https:\/\/www.africa-press.net\/cameroun\/politique\/crise-apres-lautorisation-dune-conference-de-presse-de-militants-mecontents-le-mrc-ouest-accuse-certaines-autorites-politiques-de-complot#article\",\"isPartOf\":{\"@id\":\"https:\/\/www.africa-press.net\/cameroun\/politique\/crise-apres-lautorisation-dune-conference-de-presse-de-militants-mecontents-le-mrc-ouest-accuse-certaines-autorites-politiques-de-complot\"},\"author\":{\"name\":\"cfeditorfr\",\"@id\":\"https:\/\/www.africa-press.net\/cameroun\/#\/schema\/person\/2b1cf3cd81a31e3cd26889ca66d677f1\"},\"headline\":\"Crise: Apr\u00e8s l\u2019autorisation d\u2019une conf\u00e9rence de presse de militants m\u00e9contents, le MRC-Ouest accuse \u00ab\u00a0certaines autorit\u00e9s politiques\u00a0\u00bb de complot\",\"datePublished\":\"2022-08-03T15:09:56+00:00\",\"dateModified\":\"2022-08-03T16:44:10+00:00\",\"mainEntityOfPage\":{\"@id\":\"https:\/\/www.africa-press.net\/cameroun\/politique\/crise-apres-lautorisation-dune-conference-de-presse-de-militants-mecontents-le-mrc-ouest-accuse-certaines-autorites-politiques-de-complot\"},\"wordCount\":1024,\"commentCount\":0,\"image\":{\"@id\":\"https:\/\/www.africa-press.net\/cameroun\/politique\/crise-apres-lautorisation-dune-conference-de-presse-de-militants-mecontents-le-mrc-ouest-accuse-certaines-autorites-politiques-de-complot#primaryimage\"},\"thumbnailUrl\":\"https:\/\/static.africa-press.net\/cameroun\/sites\/57\/2022\/08\/img-62eaa5c6cfb33.jpg\",\"keywords\":[\"Africa Press\",\"Africa Press-Cameroun\",\"Cameroun\"],\"articleSection\":[\"homepage-french\",\"Politique\",\"Toutes les actualit\u00e9s\"],\"inLanguage\":\"fr-FR\",\"potentialAction\":[{\"@type\":\"CommentAction\",\"name\":\"Comment\",\"target\":[\"https:\/\/www.africa-press.net\/cameroun\/politique\/crise-apres-lautorisation-dune-conference-de-presse-de-militants-mecontents-le-mrc-ouest-accuse-certaines-autorites-politiques-de-complot#respond\"]}]},{\"@type\":\"WebPage\",\"@id\":\"https:\/\/www.africa-press.net\/cameroun\/politique\/crise-apres-lautorisation-dune-conference-de-presse-de-militants-mecontents-le-mrc-ouest-accuse-certaines-autorites-politiques-de-complot\",\"url\":\"https:\/\/www.africa-press.net\/cameroun\/politique\/crise-apres-lautorisation-dune-conference-de-presse-de-militants-mecontents-le-mrc-ouest-accuse-certaines-autorites-politiques-de-complot\",\"name\":\"Crise: Apr\u00e8s l\u2019autorisation d\u2019une conf\u00e9rence de presse de militants m\u00e9contents, le MRC-Ouest accuse \\\"certaines autorit\u00e9s politiques\\\" de complot - Cameroun\",\"isPartOf\":{\"@id\":\"https:\/\/www.africa-press.net\/cameroun\/#website\"},\"primaryImageOfPage\":{\"@id\":\"https:\/\/www.africa-press.net\/cameroun\/politique\/crise-apres-lautorisation-dune-conference-de-presse-de-militants-mecontents-le-mrc-ouest-accuse-certaines-autorites-politiques-de-complot#primaryimage\"},\"image\":{\"@id\":\"https:\/\/www.africa-press.net\/cameroun\/politique\/crise-apres-lautorisation-dune-conference-de-presse-de-militants-mecontents-le-mrc-ouest-accuse-certaines-autorites-politiques-de-complot#primaryimage\"},\"thumbnailUrl\":\"https:\/\/static.africa-press.net\/cameroun\/sites\/57\/2022\/08\/img-62eaa5c6cfb33.jpg\",\"datePublished\":\"2022-08-03T15:09:56+00:00\",\"dateModified\":\"2022-08-03T16:44:10+00:00\",\"author\":{\"@id\":\"https:\/\/www.africa-press.net\/cameroun\/#\/schema\/person\/2b1cf3cd81a31e3cd26889ca66d677f1\"},\"description\":\"Les tensions n\u00e9es des r\u00e9centes \u00e9lections internes du MRC (Mouvement pour la Renaissance du Cameroun) dans la r\u00e9gion de l ...\",\"breadcrumb\":{\"@id\":\"https:\/\/www.africa-press.net\/cameroun\/politique\/crise-apres-lautorisation-dune-conference-de-presse-de-militants-mecontents-le-mrc-ouest-accuse-certaines-autorites-politiques-de-complot#breadcrumb\"},\"inLanguage\":\"fr-FR\",\"potentialAction\":[{\"@type\":\"ReadAction\",\"target\":[\"https:\/\/www.africa-press.net\/cameroun\/politique\/crise-apres-lautorisation-dune-conference-de-presse-de-militants-mecontents-le-mrc-ouest-accuse-certaines-autorites-politiques-de-complot\"]}]},{\"@type\":\"ImageObject\",\"inLanguage\":\"fr-FR\",\"@id\":\"https:\/\/www.africa-press.net\/cameroun\/politique\/crise-apres-lautorisation-dune-conference-de-presse-de-militants-mecontents-le-mrc-ouest-accuse-certaines-autorites-politiques-de-complot#primaryimage\",\"url\":\"https:\/\/static.africa-press.net\/cameroun\/sites\/57\/2022\/08\/img-62eaa5c6cfb33.jpg\",\"contentUrl\":\"https:\/\/static.africa-press.net\/cameroun\/sites\/57\/2022\/08\/img-62eaa5c6cfb33.jpg\",\"width\":800,\"height\":424,\"caption\":\"Crise: Apr\u00e8s l\u2019autorisation d\u2019une conf\u00e9rence de presse de militants m\u00e9contents, le MRC-Ouest accuse \\\"certaines autorit\u00e9s politiques\\\" de complot\"},{\"@type\":\"BreadcrumbList\",\"@id\":\"https:\/\/www.africa-press.net\/cameroun\/politique\/crise-apres-lautorisation-dune-conference-de-presse-de-militants-mecontents-le-mrc-ouest-accuse-certaines-autorites-politiques-de-complot#breadcrumb\",\"itemListElement\":[{\"@type\":\"ListItem\",\"position\":1,\"name\":\"Accueil\",\"item\":\"https:\/\/www.africa-press.net\/cameroun\/\"},{\"@type\":\"ListItem\",\"position\":2,\"name\":\"Crise: Apr\u00e8s l\u2019autorisation d\u2019une conf\u00e9rence de presse de militants m\u00e9contents, le MRC-Ouest accuse &#8220;certaines autorit\u00e9s politiques&#8221; de complot\"}]},{\"@type\":\"WebSite\",\"@id\":\"https:\/\/www.africa-press.net\/cameroun\/#website\",\"url\":\"https:\/\/www.africa-press.net\/cameroun\/\",\"name\":\"Cameroun\",\"description\":\"Just another Africa News Agency Sites site\",\"potentialAction\":[{\"@type\":\"SearchAction\",\"target\":{\"@type\":\"EntryPoint\",\"urlTemplate\":\"https:\/\/www.africa-press.net\/cameroun\/?s={search_term_string}\"},\"query-input\":{\"@type\":\"PropertyValueSpecification\",\"valueRequired\":true,\"valueName\":\"search_term_string\"}}],\"inLanguage\":\"fr-FR\"},{\"@type\":\"Person\",\"@id\":\"https:\/\/www.africa-press.net\/cameroun\/#\/schema\/person\/2b1cf3cd81a31e3cd26889ca66d677f1\",\"name\":\"cfeditorfr\"}]}<\/script>\n<!-- \/ Yoast SEO Premium plugin. -->","yoast_head_json":{"title":"Crise: Apr\u00e8s l\u2019autorisation d\u2019une conf\u00e9rence de presse de militants m\u00e9contents, le MRC-Ouest accuse \"certaines autorit\u00e9s politiques\" de complot - Cameroun","description":"Les tensions n\u00e9es des r\u00e9centes \u00e9lections internes du MRC (Mouvement pour la Renaissance du Cameroun) dans la r\u00e9gion de l ...","robots":{"index":"index","follow":"follow","max-snippet":"max-snippet:-1","max-image-preview":"max-image-preview:large","max-video-preview":"max-video-preview:-1"},"canonical":"https:\/\/www.africa-press.net\/cameroun\/politique\/crise-apres-lautorisation-dune-conference-de-presse-de-militants-mecontents-le-mrc-ouest-accuse-certaines-autorites-politiques-de-complot","og_locale":"fr_FR","og_type":"article","og_title":"Crise: Apr\u00e8s l\u2019autorisation d\u2019une conf\u00e9rence de presse de militants m\u00e9contents, le MRC-Ouest accuse \"certaines autorit\u00e9s politiques\" de complot","og_description":"Les tensions n\u00e9es des r\u00e9centes \u00e9lections internes du MRC (Mouvement pour la Renaissance du Cameroun) dans la r\u00e9gion de l ...","og_url":"https:\/\/www.africa-press.net\/cameroun\/politique\/crise-apres-lautorisation-dune-conference-de-presse-de-militants-mecontents-le-mrc-ouest-accuse-certaines-autorites-politiques-de-complot","og_site_name":"Cameroun","article_published_time":"2022-08-03T15:09:56+00:00","article_modified_time":"2022-08-03T16:44:10+00:00","og_image":[{"width":800,"height":424,"url":"https:\/\/static.africa-press.net\/cameroun\/sites\/57\/2022\/08\/img-62eaa5c6cfb33.jpg","type":"image\/jpeg"}],"author":"cfeditorfr","twitter_card":"summary_large_image","twitter_misc":{"\u00c9crit par":"cfeditorfr","Dur\u00e9e de lecture estim\u00e9e":"5 minutes"},"schema":{"@context":"https:\/\/schema.org","@graph":[{"@type":"Article","@id":"https:\/\/www.africa-press.net\/cameroun\/politique\/crise-apres-lautorisation-dune-conference-de-presse-de-militants-mecontents-le-mrc-ouest-accuse-certaines-autorites-politiques-de-complot#article","isPartOf":{"@id":"https:\/\/www.africa-press.net\/cameroun\/politique\/crise-apres-lautorisation-dune-conference-de-presse-de-militants-mecontents-le-mrc-ouest-accuse-certaines-autorites-politiques-de-complot"},"author":{"name":"cfeditorfr","@id":"https:\/\/www.africa-press.net\/cameroun\/#\/schema\/person\/2b1cf3cd81a31e3cd26889ca66d677f1"},"headline":"Crise: Apr\u00e8s l\u2019autorisation d\u2019une conf\u00e9rence de presse de militants m\u00e9contents, le MRC-Ouest accuse \u00ab\u00a0certaines autorit\u00e9s politiques\u00a0\u00bb de complot","datePublished":"2022-08-03T15:09:56+00:00","dateModified":"2022-08-03T16:44:10+00:00","mainEntityOfPage":{"@id":"https:\/\/www.africa-press.net\/cameroun\/politique\/crise-apres-lautorisation-dune-conference-de-presse-de-militants-mecontents-le-mrc-ouest-accuse-certaines-autorites-politiques-de-complot"},"wordCount":1024,"commentCount":0,"image":{"@id":"https:\/\/www.africa-press.net\/cameroun\/politique\/crise-apres-lautorisation-dune-conference-de-presse-de-militants-mecontents-le-mrc-ouest-accuse-certaines-autorites-politiques-de-complot#primaryimage"},"thumbnailUrl":"https:\/\/static.africa-press.net\/cameroun\/sites\/57\/2022\/08\/img-62eaa5c6cfb33.jpg","keywords":["Africa Press","Africa Press-Cameroun","Cameroun"],"articleSection":["homepage-french","Politique","Toutes les actualit\u00e9s"],"inLanguage":"fr-FR","potentialAction":[{"@type":"CommentAction","name":"Comment","target":["https:\/\/www.africa-press.net\/cameroun\/politique\/crise-apres-lautorisation-dune-conference-de-presse-de-militants-mecontents-le-mrc-ouest-accuse-certaines-autorites-politiques-de-complot#respond"]}]},{"@type":"WebPage","@id":"https:\/\/www.africa-press.net\/cameroun\/politique\/crise-apres-lautorisation-dune-conference-de-presse-de-militants-mecontents-le-mrc-ouest-accuse-certaines-autorites-politiques-de-complot","url":"https:\/\/www.africa-press.net\/cameroun\/politique\/crise-apres-lautorisation-dune-conference-de-presse-de-militants-mecontents-le-mrc-ouest-accuse-certaines-autorites-politiques-de-complot","name":"Crise: Apr\u00e8s l\u2019autorisation d\u2019une conf\u00e9rence de presse de militants m\u00e9contents, le MRC-Ouest accuse \"certaines autorit\u00e9s politiques\" de complot - Cameroun","isPartOf":{"@id":"https:\/\/www.africa-press.net\/cameroun\/#website"},"primaryImageOfPage":{"@id":"https:\/\/www.africa-press.net\/cameroun\/politique\/crise-apres-lautorisation-dune-conference-de-presse-de-militants-mecontents-le-mrc-ouest-accuse-certaines-autorites-politiques-de-complot#primaryimage"},"image":{"@id":"https:\/\/www.africa-press.net\/cameroun\/politique\/crise-apres-lautorisation-dune-conference-de-presse-de-militants-mecontents-le-mrc-ouest-accuse-certaines-autorites-politiques-de-complot#primaryimage"},"thumbnailUrl":"https:\/\/static.africa-press.net\/cameroun\/sites\/57\/2022\/08\/img-62eaa5c6cfb33.jpg","datePublished":"2022-08-03T15:09:56+00:00","dateModified":"2022-08-03T16:44:10+00:00","author":{"@id":"https:\/\/www.africa-press.net\/cameroun\/#\/schema\/person\/2b1cf3cd81a31e3cd26889ca66d677f1"},"description":"Les tensions n\u00e9es des r\u00e9centes \u00e9lections internes du MRC (Mouvement pour la Renaissance du Cameroun) dans la r\u00e9gion de l ...","breadcrumb":{"@id":"https:\/\/www.africa-press.net\/cameroun\/politique\/crise-apres-lautorisation-dune-conference-de-presse-de-militants-mecontents-le-mrc-ouest-accuse-certaines-autorites-politiques-de-complot#breadcrumb"},"inLanguage":"fr-FR","potentialAction":[{"@type":"ReadAction","target":["https:\/\/www.africa-press.net\/cameroun\/politique\/crise-apres-lautorisation-dune-conference-de-presse-de-militants-mecontents-le-mrc-ouest-accuse-certaines-autorites-politiques-de-complot"]}]},{"@type":"ImageObject","inLanguage":"fr-FR","@id":"https:\/\/www.africa-press.net\/cameroun\/politique\/crise-apres-lautorisation-dune-conference-de-presse-de-militants-mecontents-le-mrc-ouest-accuse-certaines-autorites-politiques-de-complot#primaryimage","url":"https:\/\/static.africa-press.net\/cameroun\/sites\/57\/2022\/08\/img-62eaa5c6cfb33.jpg","contentUrl":"https:\/\/static.africa-press.net\/cameroun\/sites\/57\/2022\/08\/img-62eaa5c6cfb33.jpg","width":800,"height":424,"caption":"Crise: Apr\u00e8s l\u2019autorisation d\u2019une conf\u00e9rence de presse de militants m\u00e9contents, le MRC-Ouest accuse \"certaines autorit\u00e9s politiques\" de complot"},{"@type":"BreadcrumbList","@id":"https:\/\/www.africa-press.net\/cameroun\/politique\/crise-apres-lautorisation-dune-conference-de-presse-de-militants-mecontents-le-mrc-ouest-accuse-certaines-autorites-politiques-de-complot#breadcrumb","itemListElement":[{"@type":"ListItem","position":1,"name":"Accueil","item":"https:\/\/www.africa-press.net\/cameroun\/"},{"@type":"ListItem","position":2,"name":"Crise: Apr\u00e8s l\u2019autorisation d\u2019une conf\u00e9rence de presse de militants m\u00e9contents, le MRC-Ouest accuse &#8220;certaines autorit\u00e9s politiques&#8221; de complot"}]},{"@type":"WebSite","@id":"https:\/\/www.africa-press.net\/cameroun\/#website","url":"https:\/\/www.africa-press.net\/cameroun\/","name":"Cameroun","description":"Just another Africa News Agency Sites site","potentialAction":[{"@type":"SearchAction","target":{"@type":"EntryPoint","urlTemplate":"https:\/\/www.africa-press.net\/cameroun\/?s={search_term_string}"},"query-input":{"@type":"PropertyValueSpecification","valueRequired":true,"valueName":"search_term_string"}}],"inLanguage":"fr-FR"},{"@type":"Person","@id":"https:\/\/www.africa-press.net\/cameroun\/#\/schema\/person\/2b1cf3cd81a31e3cd26889ca66d677f1","name":"cfeditorfr"}]}},"_links":{"self":[{"href":"https:\/\/www.africa-press.net\/cameroun\/wp-json\/wp\/v2\/posts\/24706","targetHints":{"allow":["GET"]}}],"collection":[{"href":"https:\/\/www.africa-press.net\/cameroun\/wp-json\/wp\/v2\/posts"}],"about":[{"href":"https:\/\/www.africa-press.net\/cameroun\/wp-json\/wp\/v2\/types\/post"}],"author":[{"embeddable":true,"href":"https:\/\/www.africa-press.net\/cameroun\/wp-json\/wp\/v2\/users\/82"}],"replies":[{"embeddable":true,"href":"https:\/\/www.africa-press.net\/cameroun\/wp-json\/wp\/v2\/comments?post=24706"}],"version-history":[{"count":0,"href":"https:\/\/www.africa-press.net\/cameroun\/wp-json\/wp\/v2\/posts\/24706\/revisions"}],"wp:featuredmedia":[{"embeddable":true,"href":"https:\/\/www.africa-press.net\/cameroun\/wp-json\/wp\/v2\/media\/24705"}],"wp:attachment":[{"href":"https:\/\/www.africa-press.net\/cameroun\/wp-json\/wp\/v2\/media?parent=24706"}],"wp:term":[{"taxonomy":"category","embeddable":true,"href":"https:\/\/www.africa-press.net\/cameroun\/wp-json\/wp\/v2\/categories?post=24706"},{"taxonomy":"post_tag","embeddable":true,"href":"https:\/\/www.africa-press.net\/cameroun\/wp-json\/wp\/v2\/tags?post=24706"}],"curies":[{"name":"wp","href":"https:\/\/api.w.org\/{rel}","templated":true}]}}