{"id":24709,"date":"2022-08-03T15:16:25","date_gmt":"2022-08-03T15:16:25","guid":{"rendered":"https:\/\/www.africa-press.net\/cameroun\/politique\/mines-croisade-de-la-sonamines-contre-le-travail-des-enfants-dans-les-sites-miniers-de-la-region-de-lest"},"modified":"2022-08-03T16:44:38","modified_gmt":"2022-08-03T16:44:38","slug":"mines-croisade-de-la-sonamines-contre-le-travail-des-enfants-dans-les-sites-miniers-de-la-region-de-lest","status":"publish","type":"post","link":"https:\/\/www.africa-press.net\/cameroun\/toutes-les-actualites\/mines-croisade-de-la-sonamines-contre-le-travail-des-enfants-dans-les-sites-miniers-de-la-region-de-lest","title":{"rendered":"Mines: Croisade de la Sonamines contre le travail des enfants dans les sites miniers de la r\u00e9gion de l\u2019Est"},"content":{"rendered":"<p><span style=\"color: #ff6600\"><strong>Africa-Press &#8211; Cameroun. <\/strong><\/span>D\u2019apr\u00e8s la Soci\u00e9t\u00e9 nationale des mines (Sonamines), un peu plus de 800 enfants ont \u00e9t\u00e9 recens\u00e9s sur les sites miniers de la r\u00e9gion de l\u2019Est en 2021. Il s\u2019agit d\u2019enfants scolarisables qui sont conduits dans les mines par leurs parents, \u00e0 la recherche de l\u2019or pour fructifier les \u00e9conomies de leurs familles.<\/p>\n<p>\u00ab Dans le but d\u2019aider leurs familles et emprunter un chemin apparemment facile, les enfants s\u2019engagent dans la mine. Ils ne sont pas employ\u00e9s par les soci\u00e9t\u00e9s mini\u00e8res, il faut bien le pr\u00e9ciser, mais m\u00e8nent une activit\u00e9 mini\u00e8re artisanale avec les rebus miniers mis \u00e0 disposition par ces derni\u00e8res \u00bb, indique la Sonamines dans un article publi\u00e9 par le journal EcoMatin de ce mercredi 3 ao\u00fbt 2022.<\/p>\n<p>Cette entreprise publique rapporte que l\u2019activit\u00e9 a des effets n\u00e9fastes sur plusieurs plans : la sant\u00e9, le d\u00e9veloppement physique, intellectuel et cognitif de ces enfants ; la s\u00e9curit\u00e9 \u00e0 travers le mode de vie dans la mine les expose \u00e0 toute forme d\u2019exploitation, de violences, d\u2019agressions ; l\u2019\u00e9ducation en les privant de la possibilit\u00e9 d\u2019aller \u00e0 l\u2019\u00e9cole ou d\u2019avoir une scolarit\u00e9 normale.<\/p>\n<p>Ceci \u00e9tant, la soci\u00e9t\u00e9, bras s\u00e9culier de l\u2019Etat dans le secteur minier, a entrepris depuis l\u2019ann\u00e9e derni\u00e8re une op\u00e9ration d\u00e9nomm\u00e9e \u00ab Z\u00e9ro enfant dans la mine \u00bb, dont la deuxi\u00e8me \u00e9dition est pr\u00e9vue cette ann\u00e9e, du 26 au 30 septembre 2022 \u00e0 Colomine, \u00e0 Betare-Oya et \u00e0 Kambel\u00e9, trois localit\u00e9s de la r\u00e9gion de l\u2019Est o\u00f9 l\u2019activit\u00e9 aurif\u00e8re est tr\u00e8s pr\u00e9pond\u00e9rante. La Sonamines veut ainsi contribuer \u00e0 la r\u00e9insertion des enfants dans le syst\u00e8me \u00e9ducatif, \u00e0 travers un ensemble de mesures d\u2019accompagnement \u00e0 la scolarisation et l\u2019alphab\u00e9tisation.<\/p>\n<p><strong>Pour plus d&rsquo;informations et d&rsquo;analyses sur la <a href=\"https:\/\/www.africa-press.net\/cameroun\">Cameroun<\/a>, suivez <a href=\"https:\/\/www.africa-press.net\/\">Africa-Press<\/a><\/strong><\/p>\n","protected":false},"excerpt":{"rendered":"<p>Africa-Press &#8211; Cameroun. D\u2019apr\u00e8s la Soci\u00e9t\u00e9 nationale des mines (Sonamines), un peu plus de 800 enfants ont \u00e9t\u00e9 recens\u00e9s sur les sites miniers de la r\u00e9gion de l\u2019Est en 2021. Il s\u2019agit d\u2019enfants scolarisables qui sont conduits dans les mines par leurs parents, \u00e0 la recherche de l\u2019or pour fructifier les \u00e9conomies de leurs familles. [&hellip;]<\/p>\n","protected":false},"author":82,"featured_media":24708,"comment_status":"open","ping_status":"closed","sticky":false,"template":"","format":"standard","meta":{"footnotes":""},"categories":[21,11,10],"tags":[36,50,49],"class_list":["post-24709","post","type-post","status-publish","format-standard","has-post-thumbnail","hentry","category-communaute","category-homepage-french","category-toutes-les-actualites","tag-africa-press","tag-africa-press-cameroun","tag-cameroun"],"yoast_head":"<!-- This site is optimized with the Yoast SEO Premium plugin v26.1 (Yoast SEO v27.0) - https:\/\/yoast.com\/product\/yoast-seo-premium-wordpress\/ -->\n<title>Mines: Croisade de la Sonamines contre le travail des enfants dans les sites miniers de la r\u00e9gion de l\u2019Est - Cameroun<\/title>\n<meta name=\"description\" content=\"D\u2019apr\u00e8s la Soci\u00e9t\u00e9 nationale des mines (Sonamines), un peu plus de 800 enfants ont \u00e9t\u00e9 recens\u00e9s sur les sites miniers de ...\" \/>\n<meta name=\"robots\" content=\"index, follow, max-snippet:-1, max-image-preview:large, max-video-preview:-1\" \/>\n<link rel=\"canonical\" href=\"https:\/\/www.africa-press.net\/cameroun\/toutes-les-actualites\/mines-croisade-de-la-sonamines-contre-le-travail-des-enfants-dans-les-sites-miniers-de-la-region-de-lest\" \/>\n<meta property=\"og:locale\" content=\"fr_FR\" \/>\n<meta property=\"og:type\" content=\"article\" \/>\n<meta property=\"og:title\" content=\"Mines: Croisade de la Sonamines contre le travail des enfants dans les sites miniers de la r\u00e9gion de l\u2019Est\" \/>\n<meta property=\"og:description\" content=\"D\u2019apr\u00e8s la Soci\u00e9t\u00e9 nationale des mines (Sonamines), un peu plus de 800 enfants ont \u00e9t\u00e9 recens\u00e9s sur les sites miniers de ...\" \/>\n<meta property=\"og:url\" content=\"https:\/\/www.africa-press.net\/cameroun\/toutes-les-actualites\/mines-croisade-de-la-sonamines-contre-le-travail-des-enfants-dans-les-sites-miniers-de-la-region-de-lest\" \/>\n<meta property=\"og:site_name\" content=\"Cameroun\" \/>\n<meta property=\"article:published_time\" content=\"2022-08-03T15:16:25+00:00\" \/>\n<meta property=\"article:modified_time\" content=\"2022-08-03T16:44:38+00:00\" \/>\n<meta property=\"og:image\" content=\"https:\/\/static.africa-press.net\/cameroun\/sites\/57\/2022\/08\/img-62eaa5e33bcc3.jpg\" \/>\n\t<meta property=\"og:image:width\" content=\"800\" \/>\n\t<meta property=\"og:image:height\" content=\"611\" \/>\n\t<meta property=\"og:image:type\" content=\"image\/jpeg\" \/>\n<meta name=\"author\" content=\"cfeditorfr\" \/>\n<meta name=\"twitter:card\" content=\"summary_large_image\" \/>\n<meta name=\"twitter:label1\" content=\"\u00c9crit par\" \/>\n\t<meta name=\"twitter:data1\" content=\"cfeditorfr\" \/>\n\t<meta name=\"twitter:label2\" content=\"Dur\u00e9e de lecture estim\u00e9e\" \/>\n\t<meta name=\"twitter:data2\" content=\"2 minutes\" \/>\n<script type=\"application\/ld+json\" class=\"yoast-schema-graph\">{\"@context\":\"https:\/\/schema.org\",\"@graph\":[{\"@type\":\"Article\",\"@id\":\"https:\/\/www.africa-press.net\/cameroun\/toutes-les-actualites\/mines-croisade-de-la-sonamines-contre-le-travail-des-enfants-dans-les-sites-miniers-de-la-region-de-lest#article\",\"isPartOf\":{\"@id\":\"https:\/\/www.africa-press.net\/cameroun\/toutes-les-actualites\/mines-croisade-de-la-sonamines-contre-le-travail-des-enfants-dans-les-sites-miniers-de-la-region-de-lest\"},\"author\":{\"name\":\"cfeditorfr\",\"@id\":\"https:\/\/www.africa-press.net\/cameroun\/#\/schema\/person\/2b1cf3cd81a31e3cd26889ca66d677f1\"},\"headline\":\"Mines: Croisade de la Sonamines contre le travail des enfants dans les sites miniers de la r\u00e9gion de l\u2019Est\",\"datePublished\":\"2022-08-03T15:16:25+00:00\",\"dateModified\":\"2022-08-03T16:44:38+00:00\",\"mainEntityOfPage\":{\"@id\":\"https:\/\/www.africa-press.net\/cameroun\/toutes-les-actualites\/mines-croisade-de-la-sonamines-contre-le-travail-des-enfants-dans-les-sites-miniers-de-la-region-de-lest\"},\"wordCount\":335,\"commentCount\":0,\"image\":{\"@id\":\"https:\/\/www.africa-press.net\/cameroun\/toutes-les-actualites\/mines-croisade-de-la-sonamines-contre-le-travail-des-enfants-dans-les-sites-miniers-de-la-region-de-lest#primaryimage\"},\"thumbnailUrl\":\"https:\/\/static.africa-press.net\/cameroun\/sites\/57\/2022\/08\/img-62eaa5e33bcc3.jpg\",\"keywords\":[\"Africa Press\",\"Africa Press-Cameroun\",\"Cameroun\"],\"articleSection\":[\"Communaut\u00e9\",\"homepage-french\",\"Toutes les actualit\u00e9s\"],\"inLanguage\":\"fr-FR\",\"potentialAction\":[{\"@type\":\"CommentAction\",\"name\":\"Comment\",\"target\":[\"https:\/\/www.africa-press.net\/cameroun\/toutes-les-actualites\/mines-croisade-de-la-sonamines-contre-le-travail-des-enfants-dans-les-sites-miniers-de-la-region-de-lest#respond\"]}]},{\"@type\":\"WebPage\",\"@id\":\"https:\/\/www.africa-press.net\/cameroun\/toutes-les-actualites\/mines-croisade-de-la-sonamines-contre-le-travail-des-enfants-dans-les-sites-miniers-de-la-region-de-lest\",\"url\":\"https:\/\/www.africa-press.net\/cameroun\/toutes-les-actualites\/mines-croisade-de-la-sonamines-contre-le-travail-des-enfants-dans-les-sites-miniers-de-la-region-de-lest\",\"name\":\"Mines: Croisade de la Sonamines contre le travail des enfants dans les sites miniers de la r\u00e9gion de l\u2019Est - Cameroun\",\"isPartOf\":{\"@id\":\"https:\/\/www.africa-press.net\/cameroun\/#website\"},\"primaryImageOfPage\":{\"@id\":\"https:\/\/www.africa-press.net\/cameroun\/toutes-les-actualites\/mines-croisade-de-la-sonamines-contre-le-travail-des-enfants-dans-les-sites-miniers-de-la-region-de-lest#primaryimage\"},\"image\":{\"@id\":\"https:\/\/www.africa-press.net\/cameroun\/toutes-les-actualites\/mines-croisade-de-la-sonamines-contre-le-travail-des-enfants-dans-les-sites-miniers-de-la-region-de-lest#primaryimage\"},\"thumbnailUrl\":\"https:\/\/static.africa-press.net\/cameroun\/sites\/57\/2022\/08\/img-62eaa5e33bcc3.jpg\",\"datePublished\":\"2022-08-03T15:16:25+00:00\",\"dateModified\":\"2022-08-03T16:44:38+00:00\",\"author\":{\"@id\":\"https:\/\/www.africa-press.net\/cameroun\/#\/schema\/person\/2b1cf3cd81a31e3cd26889ca66d677f1\"},\"description\":\"D\u2019apr\u00e8s la Soci\u00e9t\u00e9 nationale des mines (Sonamines), un peu plus de 800 enfants ont \u00e9t\u00e9 recens\u00e9s sur les sites miniers de ...\",\"breadcrumb\":{\"@id\":\"https:\/\/www.africa-press.net\/cameroun\/toutes-les-actualites\/mines-croisade-de-la-sonamines-contre-le-travail-des-enfants-dans-les-sites-miniers-de-la-region-de-lest#breadcrumb\"},\"inLanguage\":\"fr-FR\",\"potentialAction\":[{\"@type\":\"ReadAction\",\"target\":[\"https:\/\/www.africa-press.net\/cameroun\/toutes-les-actualites\/mines-croisade-de-la-sonamines-contre-le-travail-des-enfants-dans-les-sites-miniers-de-la-region-de-lest\"]}]},{\"@type\":\"ImageObject\",\"inLanguage\":\"fr-FR\",\"@id\":\"https:\/\/www.africa-press.net\/cameroun\/toutes-les-actualites\/mines-croisade-de-la-sonamines-contre-le-travail-des-enfants-dans-les-sites-miniers-de-la-region-de-lest#primaryimage\",\"url\":\"https:\/\/static.africa-press.net\/cameroun\/sites\/57\/2022\/08\/img-62eaa5e33bcc3.jpg\",\"contentUrl\":\"https:\/\/static.africa-press.net\/cameroun\/sites\/57\/2022\/08\/img-62eaa5e33bcc3.jpg\",\"width\":800,\"height\":611,\"caption\":\"Mines: Croisade de la Sonamines contre le travail des enfants dans les sites miniers de la r\u00e9gion de l\u2019Est\"},{\"@type\":\"BreadcrumbList\",\"@id\":\"https:\/\/www.africa-press.net\/cameroun\/toutes-les-actualites\/mines-croisade-de-la-sonamines-contre-le-travail-des-enfants-dans-les-sites-miniers-de-la-region-de-lest#breadcrumb\",\"itemListElement\":[{\"@type\":\"ListItem\",\"position\":1,\"name\":\"Accueil\",\"item\":\"https:\/\/www.africa-press.net\/cameroun\/\"},{\"@type\":\"ListItem\",\"position\":2,\"name\":\"Mines: Croisade de la Sonamines contre le travail des enfants dans les sites miniers de la r\u00e9gion de l\u2019Est\"}]},{\"@type\":\"WebSite\",\"@id\":\"https:\/\/www.africa-press.net\/cameroun\/#website\",\"url\":\"https:\/\/www.africa-press.net\/cameroun\/\",\"name\":\"Cameroun\",\"description\":\"Just another Africa News Agency Sites site\",\"potentialAction\":[{\"@type\":\"SearchAction\",\"target\":{\"@type\":\"EntryPoint\",\"urlTemplate\":\"https:\/\/www.africa-press.net\/cameroun\/?s={search_term_string}\"},\"query-input\":{\"@type\":\"PropertyValueSpecification\",\"valueRequired\":true,\"valueName\":\"search_term_string\"}}],\"inLanguage\":\"fr-FR\"},{\"@type\":\"Person\",\"@id\":\"https:\/\/www.africa-press.net\/cameroun\/#\/schema\/person\/2b1cf3cd81a31e3cd26889ca66d677f1\",\"name\":\"cfeditorfr\"}]}<\/script>\n<!-- \/ Yoast SEO Premium plugin. -->","yoast_head_json":{"title":"Mines: Croisade de la Sonamines contre le travail des enfants dans les sites miniers de la r\u00e9gion de l\u2019Est - Cameroun","description":"D\u2019apr\u00e8s la Soci\u00e9t\u00e9 nationale des mines (Sonamines), un peu plus de 800 enfants ont \u00e9t\u00e9 recens\u00e9s sur les sites miniers de ...","robots":{"index":"index","follow":"follow","max-snippet":"max-snippet:-1","max-image-preview":"max-image-preview:large","max-video-preview":"max-video-preview:-1"},"canonical":"https:\/\/www.africa-press.net\/cameroun\/toutes-les-actualites\/mines-croisade-de-la-sonamines-contre-le-travail-des-enfants-dans-les-sites-miniers-de-la-region-de-lest","og_locale":"fr_FR","og_type":"article","og_title":"Mines: Croisade de la Sonamines contre le travail des enfants dans les sites miniers de la r\u00e9gion de l\u2019Est","og_description":"D\u2019apr\u00e8s la Soci\u00e9t\u00e9 nationale des mines (Sonamines), un peu plus de 800 enfants ont \u00e9t\u00e9 recens\u00e9s sur les sites miniers de ...","og_url":"https:\/\/www.africa-press.net\/cameroun\/toutes-les-actualites\/mines-croisade-de-la-sonamines-contre-le-travail-des-enfants-dans-les-sites-miniers-de-la-region-de-lest","og_site_name":"Cameroun","article_published_time":"2022-08-03T15:16:25+00:00","article_modified_time":"2022-08-03T16:44:38+00:00","og_image":[{"width":800,"height":611,"url":"https:\/\/static.africa-press.net\/cameroun\/sites\/57\/2022\/08\/img-62eaa5e33bcc3.jpg","type":"image\/jpeg"}],"author":"cfeditorfr","twitter_card":"summary_large_image","twitter_misc":{"\u00c9crit par":"cfeditorfr","Dur\u00e9e de lecture estim\u00e9e":"2 minutes"},"schema":{"@context":"https:\/\/schema.org","@graph":[{"@type":"Article","@id":"https:\/\/www.africa-press.net\/cameroun\/toutes-les-actualites\/mines-croisade-de-la-sonamines-contre-le-travail-des-enfants-dans-les-sites-miniers-de-la-region-de-lest#article","isPartOf":{"@id":"https:\/\/www.africa-press.net\/cameroun\/toutes-les-actualites\/mines-croisade-de-la-sonamines-contre-le-travail-des-enfants-dans-les-sites-miniers-de-la-region-de-lest"},"author":{"name":"cfeditorfr","@id":"https:\/\/www.africa-press.net\/cameroun\/#\/schema\/person\/2b1cf3cd81a31e3cd26889ca66d677f1"},"headline":"Mines: Croisade de la Sonamines contre le travail des enfants dans les sites miniers de la r\u00e9gion de l\u2019Est","datePublished":"2022-08-03T15:16:25+00:00","dateModified":"2022-08-03T16:44:38+00:00","mainEntityOfPage":{"@id":"https:\/\/www.africa-press.net\/cameroun\/toutes-les-actualites\/mines-croisade-de-la-sonamines-contre-le-travail-des-enfants-dans-les-sites-miniers-de-la-region-de-lest"},"wordCount":335,"commentCount":0,"image":{"@id":"https:\/\/www.africa-press.net\/cameroun\/toutes-les-actualites\/mines-croisade-de-la-sonamines-contre-le-travail-des-enfants-dans-les-sites-miniers-de-la-region-de-lest#primaryimage"},"thumbnailUrl":"https:\/\/static.africa-press.net\/cameroun\/sites\/57\/2022\/08\/img-62eaa5e33bcc3.jpg","keywords":["Africa Press","Africa Press-Cameroun","Cameroun"],"articleSection":["Communaut\u00e9","homepage-french","Toutes les actualit\u00e9s"],"inLanguage":"fr-FR","potentialAction":[{"@type":"CommentAction","name":"Comment","target":["https:\/\/www.africa-press.net\/cameroun\/toutes-les-actualites\/mines-croisade-de-la-sonamines-contre-le-travail-des-enfants-dans-les-sites-miniers-de-la-region-de-lest#respond"]}]},{"@type":"WebPage","@id":"https:\/\/www.africa-press.net\/cameroun\/toutes-les-actualites\/mines-croisade-de-la-sonamines-contre-le-travail-des-enfants-dans-les-sites-miniers-de-la-region-de-lest","url":"https:\/\/www.africa-press.net\/cameroun\/toutes-les-actualites\/mines-croisade-de-la-sonamines-contre-le-travail-des-enfants-dans-les-sites-miniers-de-la-region-de-lest","name":"Mines: Croisade de la Sonamines contre le travail des enfants dans les sites miniers de la r\u00e9gion de l\u2019Est - Cameroun","isPartOf":{"@id":"https:\/\/www.africa-press.net\/cameroun\/#website"},"primaryImageOfPage":{"@id":"https:\/\/www.africa-press.net\/cameroun\/toutes-les-actualites\/mines-croisade-de-la-sonamines-contre-le-travail-des-enfants-dans-les-sites-miniers-de-la-region-de-lest#primaryimage"},"image":{"@id":"https:\/\/www.africa-press.net\/cameroun\/toutes-les-actualites\/mines-croisade-de-la-sonamines-contre-le-travail-des-enfants-dans-les-sites-miniers-de-la-region-de-lest#primaryimage"},"thumbnailUrl":"https:\/\/static.africa-press.net\/cameroun\/sites\/57\/2022\/08\/img-62eaa5e33bcc3.jpg","datePublished":"2022-08-03T15:16:25+00:00","dateModified":"2022-08-03T16:44:38+00:00","author":{"@id":"https:\/\/www.africa-press.net\/cameroun\/#\/schema\/person\/2b1cf3cd81a31e3cd26889ca66d677f1"},"description":"D\u2019apr\u00e8s la Soci\u00e9t\u00e9 nationale des mines (Sonamines), un peu plus de 800 enfants ont \u00e9t\u00e9 recens\u00e9s sur les sites miniers de ...","breadcrumb":{"@id":"https:\/\/www.africa-press.net\/cameroun\/toutes-les-actualites\/mines-croisade-de-la-sonamines-contre-le-travail-des-enfants-dans-les-sites-miniers-de-la-region-de-lest#breadcrumb"},"inLanguage":"fr-FR","potentialAction":[{"@type":"ReadAction","target":["https:\/\/www.africa-press.net\/cameroun\/toutes-les-actualites\/mines-croisade-de-la-sonamines-contre-le-travail-des-enfants-dans-les-sites-miniers-de-la-region-de-lest"]}]},{"@type":"ImageObject","inLanguage":"fr-FR","@id":"https:\/\/www.africa-press.net\/cameroun\/toutes-les-actualites\/mines-croisade-de-la-sonamines-contre-le-travail-des-enfants-dans-les-sites-miniers-de-la-region-de-lest#primaryimage","url":"https:\/\/static.africa-press.net\/cameroun\/sites\/57\/2022\/08\/img-62eaa5e33bcc3.jpg","contentUrl":"https:\/\/static.africa-press.net\/cameroun\/sites\/57\/2022\/08\/img-62eaa5e33bcc3.jpg","width":800,"height":611,"caption":"Mines: Croisade de la Sonamines contre le travail des enfants dans les sites miniers de la r\u00e9gion de l\u2019Est"},{"@type":"BreadcrumbList","@id":"https:\/\/www.africa-press.net\/cameroun\/toutes-les-actualites\/mines-croisade-de-la-sonamines-contre-le-travail-des-enfants-dans-les-sites-miniers-de-la-region-de-lest#breadcrumb","itemListElement":[{"@type":"ListItem","position":1,"name":"Accueil","item":"https:\/\/www.africa-press.net\/cameroun\/"},{"@type":"ListItem","position":2,"name":"Mines: Croisade de la Sonamines contre le travail des enfants dans les sites miniers de la r\u00e9gion de l\u2019Est"}]},{"@type":"WebSite","@id":"https:\/\/www.africa-press.net\/cameroun\/#website","url":"https:\/\/www.africa-press.net\/cameroun\/","name":"Cameroun","description":"Just another Africa News Agency Sites site","potentialAction":[{"@type":"SearchAction","target":{"@type":"EntryPoint","urlTemplate":"https:\/\/www.africa-press.net\/cameroun\/?s={search_term_string}"},"query-input":{"@type":"PropertyValueSpecification","valueRequired":true,"valueName":"search_term_string"}}],"inLanguage":"fr-FR"},{"@type":"Person","@id":"https:\/\/www.africa-press.net\/cameroun\/#\/schema\/person\/2b1cf3cd81a31e3cd26889ca66d677f1","name":"cfeditorfr"}]}},"_links":{"self":[{"href":"https:\/\/www.africa-press.net\/cameroun\/wp-json\/wp\/v2\/posts\/24709","targetHints":{"allow":["GET"]}}],"collection":[{"href":"https:\/\/www.africa-press.net\/cameroun\/wp-json\/wp\/v2\/posts"}],"about":[{"href":"https:\/\/www.africa-press.net\/cameroun\/wp-json\/wp\/v2\/types\/post"}],"author":[{"embeddable":true,"href":"https:\/\/www.africa-press.net\/cameroun\/wp-json\/wp\/v2\/users\/82"}],"replies":[{"embeddable":true,"href":"https:\/\/www.africa-press.net\/cameroun\/wp-json\/wp\/v2\/comments?post=24709"}],"version-history":[{"count":0,"href":"https:\/\/www.africa-press.net\/cameroun\/wp-json\/wp\/v2\/posts\/24709\/revisions"}],"wp:featuredmedia":[{"embeddable":true,"href":"https:\/\/www.africa-press.net\/cameroun\/wp-json\/wp\/v2\/media\/24708"}],"wp:attachment":[{"href":"https:\/\/www.africa-press.net\/cameroun\/wp-json\/wp\/v2\/media?parent=24709"}],"wp:term":[{"taxonomy":"category","embeddable":true,"href":"https:\/\/www.africa-press.net\/cameroun\/wp-json\/wp\/v2\/categories?post=24709"},{"taxonomy":"post_tag","embeddable":true,"href":"https:\/\/www.africa-press.net\/cameroun\/wp-json\/wp\/v2\/tags?post=24709"}],"curies":[{"name":"wp","href":"https:\/\/api.w.org\/{rel}","templated":true}]}}