{"id":24718,"date":"2022-08-03T15:42:06","date_gmt":"2022-08-03T15:42:06","guid":{"rendered":"https:\/\/www.africa-press.net\/cameroun\/politique\/cameroun-le-film-de-la-liberation-de-basile-atangana-kouna-miracule-de-loperation-epervier"},"modified":"2022-08-03T16:46:19","modified_gmt":"2022-08-03T16:46:19","slug":"cameroun-le-film-de-la-liberation-de-basile-atangana-kouna-miracule-de-loperation-epervier","status":"publish","type":"post","link":"https:\/\/www.africa-press.net\/cameroun\/politique\/cameroun-le-film-de-la-liberation-de-basile-atangana-kouna-miracule-de-loperation-epervier","title":{"rendered":"Cameroun\u00a0: le film de la lib\u00e9ration de Basile Atangana Kouna, miracul\u00e9 de \u00ab\u00a0l\u2019op\u00e9ration \u00c9pervier\u00a0\u00bb"},"content":{"rendered":"<p><span style=\"color: #ff6600\"><strong>Africa-Press &#8211; Cameroun. <\/strong><\/span>Dix minutes ont suffi \u00e0 Annie No\u00eblle Bahounoui, pr\u00e9sidente du Tribunal criminel sp\u00e9cial (TCS) \u2013 la juridiction charg\u00e9e de l\u2019examen des crimes \u00e9conomiques \u2013 pour mettre fin \u00e0 un feuilleton judiciaire de quatre ann\u00e9es dans lequel Basile Atangana Kouna \u00e9tait emp\u00eatr\u00e9. L\u2019ancien ministre de l\u2019Eau et de l\u2019\u00c9nergie avait \u00e9t\u00e9 arr\u00eat\u00e9 de mani\u00e8re rocambolesque le 9 mars 2018 au Nigeria.<\/p>\n<p>Au cours de cette audience de d\u00e9lib\u00e9r\u00e9, la Cour a ainsi annonc\u00e9 que le procureur g\u00e9n\u00e9ral pr\u00e8s du TCS avait, \u00e0 la demande du ministre de la Justice Laurent Esso, requis un arr\u00eat des poursuites, en raison de la restitution du corps du d\u00e9lit au Tr\u00e9sor public par l\u2019accus\u00e9, soit un montant de 1,265 milliard de francs CFA. Une d\u00e9cision pr\u00e9c\u00e9demment ent\u00e9rin\u00e9e par les avocats du minist\u00e8re des Finances et ceux de la Camwater, \u2013 les deux parties civiles.<\/p>\n<p>Une lib\u00e9ration venue d\u2019Etoudi<\/p>\n<p>Selon nos informations, ceux-ci n\u2019ont en r\u00e9alit\u00e9 eu d\u2019autres choix que de se plier aux exigences du palais pr\u00e9sidentiel. C\u2019est en effet d\u2019Etoudi que la d\u00e9cision de lib\u00e9rer Atangana Kouna a \u00e9t\u00e9 instruite aux autorit\u00e9s judiciaires. Dans une correspondance datant du 25 juillet, le secr\u00e9taire g\u00e9n\u00e9ral de la pr\u00e9sidence de la R\u00e9publique Ferdinand Ngoh Ngoh a transmis \u00e0 Laurent Esso l\u2019autorisation du pr\u00e9sident Paul Biya de mettre fin aux poursuites contre son ancien ministre.<\/p>\n<p>Selon l\u2019entourage de l\u2019ancien directeur g\u00e9n\u00e9ral de Camwater, Paul Biya aurait d\u00e9cid\u00e9 de l\u2019abandon des poursuites en raison de l\u2019\u00e9tat de sant\u00e9 de l\u2019int\u00e9ress\u00e9, qui se serait d\u00e9grad\u00e9 lors de son s\u00e9jour \u00e0 la prison de Kondengui. Avant m\u00eame son arrestation en 2018, cet ancien cadre de l\u2019administration, alors sous le coup d\u2019une interdiction de sortie du territoire, avait adress\u00e9 pas moins de trois demandes d\u2019\u00e9vacuation sanitaire \u00e0 la pr\u00e9sidence.<\/p>\n<p>Celles-ci \u00e9taient rest\u00e9es lettre morte. Lors de son s\u00e9jour carc\u00e9ral, Atangana Kouna a confi\u00e9 \u00e0 des visiteurs \u00eatre convaincu que ses dol\u00e9ances n\u2019avaient pas \u00e9t\u00e9 transmises \u00e0 Paul Biya.<\/p>\n<p>Bilan de sant\u00e9 et repos<\/p>\n<p>D\u2019apr\u00e8s nos informations, Basile Atangana Kouna attendait cette lib\u00e9ration depuis de nombreux mois. D\u00e8s d\u00e9cembre 2021, le principe d\u2019une remise en libert\u00e9 contre restitution du corps du d\u00e9lit \u2013 d\u00e9j\u00e0 appliqu\u00e9e au co-accus\u00e9 de l\u2019ancien ministre, le Belge Jacques Massard \u2013 avait en effet \u00e9t\u00e9 act\u00e9, apr\u00e8s plusieurs requ\u00eates pr\u00e9sent\u00e9es \u00e0 la pr\u00e9sidence camerounaise pas les avocats Atangana Ayissi et Luc Sack.<\/p>\n<p>Restait alors encore \u00e0 mettre en \u0153uvre les modalit\u00e9s pratiques du remboursement des fonds d\u00e9tourn\u00e9s aupr\u00e8s du Tr\u00e9sor public. Basile Atangana Kouna a ainsi d\u00fb patienter jusqu\u2019au 11 avril 2022 afin d\u2019obtenir le d\u00e9blocage partiel de ses comptes bancaires et de pouvoir, ensuite, transmettre au tribunal, via une correspondance du Tr\u00e9sorier payeur g\u00e9n\u00e9ral de Yaound\u00e9 I, les preuves de sa d\u00e9marche et du versement de la somme de plus d\u20191,2 milliard de francs CFA \u00e0 l\u2019\u00c9tat.<\/p>\n<p>C\u2019est ce remboursement qui a donc autoris\u00e9 la remise en libert\u00e9 de l\u2019ancien ministre, laquelle n\u2019interviendra toutefois que le 29 juillet, apr\u00e8s une derni\u00e8re confirmation du secr\u00e9tariat g\u00e9n\u00e9ral de la pr\u00e9sidence. De retour \u00e0 son domicile, au lieu-dit Golf Bastos, \u00e0 un jet de pierre de la pr\u00e9sidence, Atangana Kouna a \u00e9t\u00e9 accueilli par des proches en liesse. Apr\u00e8s quelques jours de repos \u2013 au cours desquels il est pr\u00e9vu qu\u2019il effectue un bilan de sant\u00e9 \u2013, Basile Atangana Kouna a pr\u00e9vu de se rendre dans son village de Ngoumou, \u00e0 une quarantaine de kilom\u00e8tres de Yaound\u00e9.<\/p>\n<p><strong>Pour plus d&rsquo;informations et d&rsquo;analyses sur la <a href=\"https:\/\/www.africa-press.net\/cameroun\">Cameroun<\/a>, suivez <a href=\"https:\/\/www.africa-press.net\/\">Africa-Press<\/a><\/strong><\/p>\n","protected":false},"excerpt":{"rendered":"<p>Africa-Press &#8211; Cameroun. Dix minutes ont suffi \u00e0 Annie No\u00eblle Bahounoui, pr\u00e9sidente du Tribunal criminel sp\u00e9cial (TCS) \u2013 la juridiction charg\u00e9e de l\u2019examen des crimes \u00e9conomiques \u2013 pour mettre fin \u00e0 un feuilleton judiciaire de quatre ann\u00e9es dans lequel Basile Atangana Kouna \u00e9tait emp\u00eatr\u00e9. L\u2019ancien ministre de l\u2019Eau et de l\u2019\u00c9nergie avait \u00e9t\u00e9 arr\u00eat\u00e9 de [&hellip;]<\/p>\n","protected":false},"author":82,"featured_media":24717,"comment_status":"open","ping_status":"closed","sticky":false,"template":"","format":"standard","meta":{"footnotes":""},"categories":[11,2,10],"tags":[36,50,49],"class_list":["post-24718","post","type-post","status-publish","format-standard","has-post-thumbnail","hentry","category-homepage-french","category-politique","category-toutes-les-actualites","tag-africa-press","tag-africa-press-cameroun","tag-cameroun"],"yoast_head":"<!-- This site is optimized with the Yoast SEO Premium plugin v26.1 (Yoast SEO v27.0) - https:\/\/yoast.com\/product\/yoast-seo-premium-wordpress\/ -->\n<title>Cameroun\u00a0: le film de la lib\u00e9ration de Basile Atangana Kouna, miracul\u00e9 de \u00ab\u00a0l\u2019op\u00e9ration \u00c9pervier\u00a0\u00bb - Cameroun<\/title>\n<meta name=\"description\" content=\"Dix minutes ont suffi \u00e0 Annie No\u00eblle Bahounoui, pr\u00e9sidente du Tribunal criminel sp\u00e9cial (TCS) \u2013 la juridiction charg\u00e9e d ...\" \/>\n<meta name=\"robots\" content=\"index, follow, max-snippet:-1, max-image-preview:large, max-video-preview:-1\" \/>\n<link rel=\"canonical\" href=\"https:\/\/www.africa-press.net\/cameroun\/politique\/cameroun-le-film-de-la-liberation-de-basile-atangana-kouna-miracule-de-loperation-epervier\" \/>\n<meta property=\"og:locale\" content=\"fr_FR\" \/>\n<meta property=\"og:type\" content=\"article\" \/>\n<meta property=\"og:title\" content=\"Cameroun\u00a0: le film de la lib\u00e9ration de Basile Atangana Kouna, miracul\u00e9 de \u00ab\u00a0l\u2019op\u00e9ration \u00c9pervier\u00a0\u00bb\" \/>\n<meta property=\"og:description\" content=\"Dix minutes ont suffi \u00e0 Annie No\u00eblle Bahounoui, pr\u00e9sidente du Tribunal criminel sp\u00e9cial (TCS) \u2013 la juridiction charg\u00e9e d ...\" \/>\n<meta property=\"og:url\" content=\"https:\/\/www.africa-press.net\/cameroun\/politique\/cameroun-le-film-de-la-liberation-de-basile-atangana-kouna-miracule-de-loperation-epervier\" \/>\n<meta property=\"og:site_name\" content=\"Cameroun\" \/>\n<meta property=\"article:published_time\" content=\"2022-08-03T15:42:06+00:00\" \/>\n<meta property=\"article:modified_time\" content=\"2022-08-03T16:46:19+00:00\" \/>\n<meta property=\"og:image\" content=\"https:\/\/static.africa-press.net\/cameroun\/sites\/57\/2022\/08\/img-62eaa6480815c.jpg\" \/>\n\t<meta property=\"og:image:width\" content=\"1256\" \/>\n\t<meta property=\"og:image:height\" content=\"628\" \/>\n\t<meta property=\"og:image:type\" content=\"image\/jpeg\" \/>\n<meta name=\"author\" content=\"cfeditorfr\" \/>\n<meta name=\"twitter:card\" content=\"summary_large_image\" \/>\n<meta name=\"twitter:label1\" content=\"\u00c9crit par\" \/>\n\t<meta name=\"twitter:data1\" content=\"cfeditorfr\" \/>\n\t<meta name=\"twitter:label2\" content=\"Dur\u00e9e de lecture estim\u00e9e\" \/>\n\t<meta name=\"twitter:data2\" content=\"3 minutes\" \/>\n<script type=\"application\/ld+json\" class=\"yoast-schema-graph\">{\"@context\":\"https:\/\/schema.org\",\"@graph\":[{\"@type\":\"Article\",\"@id\":\"https:\/\/www.africa-press.net\/cameroun\/politique\/cameroun-le-film-de-la-liberation-de-basile-atangana-kouna-miracule-de-loperation-epervier#article\",\"isPartOf\":{\"@id\":\"https:\/\/www.africa-press.net\/cameroun\/politique\/cameroun-le-film-de-la-liberation-de-basile-atangana-kouna-miracule-de-loperation-epervier\"},\"author\":{\"name\":\"cfeditorfr\",\"@id\":\"https:\/\/www.africa-press.net\/cameroun\/#\/schema\/person\/2b1cf3cd81a31e3cd26889ca66d677f1\"},\"headline\":\"Cameroun\u00a0: le film de la lib\u00e9ration de Basile Atangana Kouna, miracul\u00e9 de \u00ab\u00a0l\u2019op\u00e9ration \u00c9pervier\u00a0\u00bb\",\"datePublished\":\"2022-08-03T15:42:06+00:00\",\"dateModified\":\"2022-08-03T16:46:19+00:00\",\"mainEntityOfPage\":{\"@id\":\"https:\/\/www.africa-press.net\/cameroun\/politique\/cameroun-le-film-de-la-liberation-de-basile-atangana-kouna-miracule-de-loperation-epervier\"},\"wordCount\":667,\"commentCount\":0,\"image\":{\"@id\":\"https:\/\/www.africa-press.net\/cameroun\/politique\/cameroun-le-film-de-la-liberation-de-basile-atangana-kouna-miracule-de-loperation-epervier#primaryimage\"},\"thumbnailUrl\":\"https:\/\/static.africa-press.net\/cameroun\/sites\/57\/2022\/08\/img-62eaa6480815c.jpg\",\"keywords\":[\"Africa Press\",\"Africa Press-Cameroun\",\"Cameroun\"],\"articleSection\":[\"homepage-french\",\"Politique\",\"Toutes les actualit\u00e9s\"],\"inLanguage\":\"fr-FR\",\"potentialAction\":[{\"@type\":\"CommentAction\",\"name\":\"Comment\",\"target\":[\"https:\/\/www.africa-press.net\/cameroun\/politique\/cameroun-le-film-de-la-liberation-de-basile-atangana-kouna-miracule-de-loperation-epervier#respond\"]}]},{\"@type\":\"WebPage\",\"@id\":\"https:\/\/www.africa-press.net\/cameroun\/politique\/cameroun-le-film-de-la-liberation-de-basile-atangana-kouna-miracule-de-loperation-epervier\",\"url\":\"https:\/\/www.africa-press.net\/cameroun\/politique\/cameroun-le-film-de-la-liberation-de-basile-atangana-kouna-miracule-de-loperation-epervier\",\"name\":\"Cameroun\u00a0: le film de la lib\u00e9ration de Basile Atangana Kouna, miracul\u00e9 de \u00ab\u00a0l\u2019op\u00e9ration \u00c9pervier\u00a0\u00bb - Cameroun\",\"isPartOf\":{\"@id\":\"https:\/\/www.africa-press.net\/cameroun\/#website\"},\"primaryImageOfPage\":{\"@id\":\"https:\/\/www.africa-press.net\/cameroun\/politique\/cameroun-le-film-de-la-liberation-de-basile-atangana-kouna-miracule-de-loperation-epervier#primaryimage\"},\"image\":{\"@id\":\"https:\/\/www.africa-press.net\/cameroun\/politique\/cameroun-le-film-de-la-liberation-de-basile-atangana-kouna-miracule-de-loperation-epervier#primaryimage\"},\"thumbnailUrl\":\"https:\/\/static.africa-press.net\/cameroun\/sites\/57\/2022\/08\/img-62eaa6480815c.jpg\",\"datePublished\":\"2022-08-03T15:42:06+00:00\",\"dateModified\":\"2022-08-03T16:46:19+00:00\",\"author\":{\"@id\":\"https:\/\/www.africa-press.net\/cameroun\/#\/schema\/person\/2b1cf3cd81a31e3cd26889ca66d677f1\"},\"description\":\"Dix minutes ont suffi \u00e0 Annie No\u00eblle Bahounoui, pr\u00e9sidente du Tribunal criminel sp\u00e9cial (TCS) \u2013 la juridiction charg\u00e9e d ...\",\"breadcrumb\":{\"@id\":\"https:\/\/www.africa-press.net\/cameroun\/politique\/cameroun-le-film-de-la-liberation-de-basile-atangana-kouna-miracule-de-loperation-epervier#breadcrumb\"},\"inLanguage\":\"fr-FR\",\"potentialAction\":[{\"@type\":\"ReadAction\",\"target\":[\"https:\/\/www.africa-press.net\/cameroun\/politique\/cameroun-le-film-de-la-liberation-de-basile-atangana-kouna-miracule-de-loperation-epervier\"]}]},{\"@type\":\"ImageObject\",\"inLanguage\":\"fr-FR\",\"@id\":\"https:\/\/www.africa-press.net\/cameroun\/politique\/cameroun-le-film-de-la-liberation-de-basile-atangana-kouna-miracule-de-loperation-epervier#primaryimage\",\"url\":\"https:\/\/static.africa-press.net\/cameroun\/sites\/57\/2022\/08\/img-62eaa6480815c.jpg\",\"contentUrl\":\"https:\/\/static.africa-press.net\/cameroun\/sites\/57\/2022\/08\/img-62eaa6480815c.jpg\",\"width\":1256,\"height\":628,\"caption\":\"Cameroun\u00a0: le film de la lib\u00e9ration de Basile Atangana Kouna, miracul\u00e9 de \u00ab\u00a0l\u2019op\u00e9ration \u00c9pervier\u00a0\u00bb\"},{\"@type\":\"BreadcrumbList\",\"@id\":\"https:\/\/www.africa-press.net\/cameroun\/politique\/cameroun-le-film-de-la-liberation-de-basile-atangana-kouna-miracule-de-loperation-epervier#breadcrumb\",\"itemListElement\":[{\"@type\":\"ListItem\",\"position\":1,\"name\":\"Accueil\",\"item\":\"https:\/\/www.africa-press.net\/cameroun\/\"},{\"@type\":\"ListItem\",\"position\":2,\"name\":\"Cameroun\u00a0: le film de la lib\u00e9ration de Basile Atangana Kouna, miracul\u00e9 de \u00ab\u00a0l\u2019op\u00e9ration \u00c9pervier\u00a0\u00bb\"}]},{\"@type\":\"WebSite\",\"@id\":\"https:\/\/www.africa-press.net\/cameroun\/#website\",\"url\":\"https:\/\/www.africa-press.net\/cameroun\/\",\"name\":\"Cameroun\",\"description\":\"Just another Africa News Agency Sites site\",\"potentialAction\":[{\"@type\":\"SearchAction\",\"target\":{\"@type\":\"EntryPoint\",\"urlTemplate\":\"https:\/\/www.africa-press.net\/cameroun\/?s={search_term_string}\"},\"query-input\":{\"@type\":\"PropertyValueSpecification\",\"valueRequired\":true,\"valueName\":\"search_term_string\"}}],\"inLanguage\":\"fr-FR\"},{\"@type\":\"Person\",\"@id\":\"https:\/\/www.africa-press.net\/cameroun\/#\/schema\/person\/2b1cf3cd81a31e3cd26889ca66d677f1\",\"name\":\"cfeditorfr\"}]}<\/script>\n<!-- \/ Yoast SEO Premium plugin. -->","yoast_head_json":{"title":"Cameroun\u00a0: le film de la lib\u00e9ration de Basile Atangana Kouna, miracul\u00e9 de \u00ab\u00a0l\u2019op\u00e9ration \u00c9pervier\u00a0\u00bb - Cameroun","description":"Dix minutes ont suffi \u00e0 Annie No\u00eblle Bahounoui, pr\u00e9sidente du Tribunal criminel sp\u00e9cial (TCS) \u2013 la juridiction charg\u00e9e d ...","robots":{"index":"index","follow":"follow","max-snippet":"max-snippet:-1","max-image-preview":"max-image-preview:large","max-video-preview":"max-video-preview:-1"},"canonical":"https:\/\/www.africa-press.net\/cameroun\/politique\/cameroun-le-film-de-la-liberation-de-basile-atangana-kouna-miracule-de-loperation-epervier","og_locale":"fr_FR","og_type":"article","og_title":"Cameroun\u00a0: le film de la lib\u00e9ration de Basile Atangana Kouna, miracul\u00e9 de \u00ab\u00a0l\u2019op\u00e9ration \u00c9pervier\u00a0\u00bb","og_description":"Dix minutes ont suffi \u00e0 Annie No\u00eblle Bahounoui, pr\u00e9sidente du Tribunal criminel sp\u00e9cial (TCS) \u2013 la juridiction charg\u00e9e d ...","og_url":"https:\/\/www.africa-press.net\/cameroun\/politique\/cameroun-le-film-de-la-liberation-de-basile-atangana-kouna-miracule-de-loperation-epervier","og_site_name":"Cameroun","article_published_time":"2022-08-03T15:42:06+00:00","article_modified_time":"2022-08-03T16:46:19+00:00","og_image":[{"width":1256,"height":628,"url":"https:\/\/static.africa-press.net\/cameroun\/sites\/57\/2022\/08\/img-62eaa6480815c.jpg","type":"image\/jpeg"}],"author":"cfeditorfr","twitter_card":"summary_large_image","twitter_misc":{"\u00c9crit par":"cfeditorfr","Dur\u00e9e de lecture estim\u00e9e":"3 minutes"},"schema":{"@context":"https:\/\/schema.org","@graph":[{"@type":"Article","@id":"https:\/\/www.africa-press.net\/cameroun\/politique\/cameroun-le-film-de-la-liberation-de-basile-atangana-kouna-miracule-de-loperation-epervier#article","isPartOf":{"@id":"https:\/\/www.africa-press.net\/cameroun\/politique\/cameroun-le-film-de-la-liberation-de-basile-atangana-kouna-miracule-de-loperation-epervier"},"author":{"name":"cfeditorfr","@id":"https:\/\/www.africa-press.net\/cameroun\/#\/schema\/person\/2b1cf3cd81a31e3cd26889ca66d677f1"},"headline":"Cameroun\u00a0: le film de la lib\u00e9ration de Basile Atangana Kouna, miracul\u00e9 de \u00ab\u00a0l\u2019op\u00e9ration \u00c9pervier\u00a0\u00bb","datePublished":"2022-08-03T15:42:06+00:00","dateModified":"2022-08-03T16:46:19+00:00","mainEntityOfPage":{"@id":"https:\/\/www.africa-press.net\/cameroun\/politique\/cameroun-le-film-de-la-liberation-de-basile-atangana-kouna-miracule-de-loperation-epervier"},"wordCount":667,"commentCount":0,"image":{"@id":"https:\/\/www.africa-press.net\/cameroun\/politique\/cameroun-le-film-de-la-liberation-de-basile-atangana-kouna-miracule-de-loperation-epervier#primaryimage"},"thumbnailUrl":"https:\/\/static.africa-press.net\/cameroun\/sites\/57\/2022\/08\/img-62eaa6480815c.jpg","keywords":["Africa Press","Africa Press-Cameroun","Cameroun"],"articleSection":["homepage-french","Politique","Toutes les actualit\u00e9s"],"inLanguage":"fr-FR","potentialAction":[{"@type":"CommentAction","name":"Comment","target":["https:\/\/www.africa-press.net\/cameroun\/politique\/cameroun-le-film-de-la-liberation-de-basile-atangana-kouna-miracule-de-loperation-epervier#respond"]}]},{"@type":"WebPage","@id":"https:\/\/www.africa-press.net\/cameroun\/politique\/cameroun-le-film-de-la-liberation-de-basile-atangana-kouna-miracule-de-loperation-epervier","url":"https:\/\/www.africa-press.net\/cameroun\/politique\/cameroun-le-film-de-la-liberation-de-basile-atangana-kouna-miracule-de-loperation-epervier","name":"Cameroun\u00a0: le film de la lib\u00e9ration de Basile Atangana Kouna, miracul\u00e9 de \u00ab\u00a0l\u2019op\u00e9ration \u00c9pervier\u00a0\u00bb - Cameroun","isPartOf":{"@id":"https:\/\/www.africa-press.net\/cameroun\/#website"},"primaryImageOfPage":{"@id":"https:\/\/www.africa-press.net\/cameroun\/politique\/cameroun-le-film-de-la-liberation-de-basile-atangana-kouna-miracule-de-loperation-epervier#primaryimage"},"image":{"@id":"https:\/\/www.africa-press.net\/cameroun\/politique\/cameroun-le-film-de-la-liberation-de-basile-atangana-kouna-miracule-de-loperation-epervier#primaryimage"},"thumbnailUrl":"https:\/\/static.africa-press.net\/cameroun\/sites\/57\/2022\/08\/img-62eaa6480815c.jpg","datePublished":"2022-08-03T15:42:06+00:00","dateModified":"2022-08-03T16:46:19+00:00","author":{"@id":"https:\/\/www.africa-press.net\/cameroun\/#\/schema\/person\/2b1cf3cd81a31e3cd26889ca66d677f1"},"description":"Dix minutes ont suffi \u00e0 Annie No\u00eblle Bahounoui, pr\u00e9sidente du Tribunal criminel sp\u00e9cial (TCS) \u2013 la juridiction charg\u00e9e d ...","breadcrumb":{"@id":"https:\/\/www.africa-press.net\/cameroun\/politique\/cameroun-le-film-de-la-liberation-de-basile-atangana-kouna-miracule-de-loperation-epervier#breadcrumb"},"inLanguage":"fr-FR","potentialAction":[{"@type":"ReadAction","target":["https:\/\/www.africa-press.net\/cameroun\/politique\/cameroun-le-film-de-la-liberation-de-basile-atangana-kouna-miracule-de-loperation-epervier"]}]},{"@type":"ImageObject","inLanguage":"fr-FR","@id":"https:\/\/www.africa-press.net\/cameroun\/politique\/cameroun-le-film-de-la-liberation-de-basile-atangana-kouna-miracule-de-loperation-epervier#primaryimage","url":"https:\/\/static.africa-press.net\/cameroun\/sites\/57\/2022\/08\/img-62eaa6480815c.jpg","contentUrl":"https:\/\/static.africa-press.net\/cameroun\/sites\/57\/2022\/08\/img-62eaa6480815c.jpg","width":1256,"height":628,"caption":"Cameroun\u00a0: le film de la lib\u00e9ration de Basile Atangana Kouna, miracul\u00e9 de \u00ab\u00a0l\u2019op\u00e9ration \u00c9pervier\u00a0\u00bb"},{"@type":"BreadcrumbList","@id":"https:\/\/www.africa-press.net\/cameroun\/politique\/cameroun-le-film-de-la-liberation-de-basile-atangana-kouna-miracule-de-loperation-epervier#breadcrumb","itemListElement":[{"@type":"ListItem","position":1,"name":"Accueil","item":"https:\/\/www.africa-press.net\/cameroun\/"},{"@type":"ListItem","position":2,"name":"Cameroun\u00a0: le film de la lib\u00e9ration de Basile Atangana Kouna, miracul\u00e9 de \u00ab\u00a0l\u2019op\u00e9ration \u00c9pervier\u00a0\u00bb"}]},{"@type":"WebSite","@id":"https:\/\/www.africa-press.net\/cameroun\/#website","url":"https:\/\/www.africa-press.net\/cameroun\/","name":"Cameroun","description":"Just another Africa News Agency Sites site","potentialAction":[{"@type":"SearchAction","target":{"@type":"EntryPoint","urlTemplate":"https:\/\/www.africa-press.net\/cameroun\/?s={search_term_string}"},"query-input":{"@type":"PropertyValueSpecification","valueRequired":true,"valueName":"search_term_string"}}],"inLanguage":"fr-FR"},{"@type":"Person","@id":"https:\/\/www.africa-press.net\/cameroun\/#\/schema\/person\/2b1cf3cd81a31e3cd26889ca66d677f1","name":"cfeditorfr"}]}},"_links":{"self":[{"href":"https:\/\/www.africa-press.net\/cameroun\/wp-json\/wp\/v2\/posts\/24718","targetHints":{"allow":["GET"]}}],"collection":[{"href":"https:\/\/www.africa-press.net\/cameroun\/wp-json\/wp\/v2\/posts"}],"about":[{"href":"https:\/\/www.africa-press.net\/cameroun\/wp-json\/wp\/v2\/types\/post"}],"author":[{"embeddable":true,"href":"https:\/\/www.africa-press.net\/cameroun\/wp-json\/wp\/v2\/users\/82"}],"replies":[{"embeddable":true,"href":"https:\/\/www.africa-press.net\/cameroun\/wp-json\/wp\/v2\/comments?post=24718"}],"version-history":[{"count":0,"href":"https:\/\/www.africa-press.net\/cameroun\/wp-json\/wp\/v2\/posts\/24718\/revisions"}],"wp:featuredmedia":[{"embeddable":true,"href":"https:\/\/www.africa-press.net\/cameroun\/wp-json\/wp\/v2\/media\/24717"}],"wp:attachment":[{"href":"https:\/\/www.africa-press.net\/cameroun\/wp-json\/wp\/v2\/media?parent=24718"}],"wp:term":[{"taxonomy":"category","embeddable":true,"href":"https:\/\/www.africa-press.net\/cameroun\/wp-json\/wp\/v2\/categories?post=24718"},{"taxonomy":"post_tag","embeddable":true,"href":"https:\/\/www.africa-press.net\/cameroun\/wp-json\/wp\/v2\/tags?post=24718"}],"curies":[{"name":"wp","href":"https:\/\/api.w.org\/{rel}","templated":true}]}}