{"id":2472,"date":"2021-04-25T16:08:52","date_gmt":"2021-04-25T16:08:52","guid":{"rendered":"https:\/\/www.africa-press.net\/cameroun\/?p=2472"},"modified":"2021-04-26T01:25:59","modified_gmt":"2021-04-26T01:25:59","slug":"human-rights-watch-demande-une-enquete-sur-la-gestion-des-fonds-covid-19","status":"publish","type":"post","link":"https:\/\/www.africa-press.net\/cameroun\/politique\/human-rights-watch-demande-une-enquete-sur-la-gestion-des-fonds-covid-19","title":{"rendered":"Human Rights Watch  demande une enqu\u00eate sur la gestion des fonds Covid-19"},"content":{"rendered":"<p><span style=\"color: #ff6600\"><strong><a href=\"https:\/\/www.africa-press.net\/\">Africa-Press<\/a> &#8211; <a href=\"https:\/\/www.africa-press.net\/cameroun\">Cameroun<\/a>. <\/strong><\/span>Dans un communiqu\u00e9, l\u2019ONG Human Rights Watch (HRW) a exig\u00e9 au gouvernement une enqu\u00eate cr\u00e9dible sur le d\u00e9tournement suppos\u00e9 des fonds d\u00e9di\u00e9s \u00e0 la riposte contre le coronavirus.<\/p>\n<p>L\u2019ONG Human Rights Watch (HRW) continue de mettre la pression sur le gouvernement pour que lumi\u00e8re soit faite sur le suppos\u00e9 de d\u00e9tournement des fonds allou\u00e9s \u00e0 la lutte contre le coronavirus.<\/p>\n<p>\u00ab Les r\u00e9centes directives du pr\u00e9sident Paul Biya visant \u00e0 am\u00e9liorer la surveillance et \u00e0 enqu\u00eater sur les d\u00e9tournements de fonds du programme Covid-19 devraient \u00eatre assorties de garanties suppl\u00e9mentaires\u00ab , a \u00e9crit l\u2019ONG dans un communiqu\u00e9.<\/p>\n","protected":false},"excerpt":{"rendered":"<p>Africa-Press &#8211; Cameroun. Dans un communiqu\u00e9, l\u2019ONG Human Rights Watch (HRW) a exig\u00e9 au gouvernement une enqu\u00eate cr\u00e9dible sur le d\u00e9tournement suppos\u00e9 des fonds d\u00e9di\u00e9s \u00e0 la riposte contre le coronavirus. L\u2019ONG Human Rights Watch (HRW) continue de mettre la pression sur le gouvernement pour que lumi\u00e8re soit faite sur le suppos\u00e9 de d\u00e9tournement des [&hellip;]<\/p>\n","protected":false},"author":82,"featured_media":2471,"comment_status":"open","ping_status":"closed","sticky":false,"template":"","format":"standard","meta":{"footnotes":""},"categories":[11,2,10],"tags":[36,50,49],"class_list":["post-2472","post","type-post","status-publish","format-standard","has-post-thumbnail","hentry","category-homepage-french","category-politique","category-toutes-les-actualites","tag-africa-press","tag-africa-press-cameroun","tag-cameroun"],"yoast_head":"<!-- This site is optimized with the Yoast SEO Premium plugin v26.1 (Yoast SEO v27.0) - https:\/\/yoast.com\/product\/yoast-seo-premium-wordpress\/ -->\n<title>Human Rights Watch demande une enqu\u00eate sur la gestion des fonds Covid-19 - Cameroun<\/title>\n<meta name=\"description\" content=\"Dans un communiqu\u00e9, l\u2019ONG Human Rights Watch (HRW) a exig\u00e9 au gouvernement une enqu\u00eate cr\u00e9dible sur le d\u00e9tournement supp ...\" \/>\n<meta name=\"robots\" content=\"index, follow, max-snippet:-1, max-image-preview:large, max-video-preview:-1\" \/>\n<link rel=\"canonical\" href=\"https:\/\/www.africa-press.net\/cameroun\/politique\/human-rights-watch-demande-une-enquete-sur-la-gestion-des-fonds-covid-19\" \/>\n<meta property=\"og:locale\" content=\"fr_FR\" \/>\n<meta property=\"og:type\" content=\"article\" \/>\n<meta property=\"og:title\" content=\"Human Rights Watch demande une enqu\u00eate sur la gestion des fonds Covid-19\" \/>\n<meta property=\"og:description\" content=\"Dans un communiqu\u00e9, l\u2019ONG Human Rights Watch (HRW) a exig\u00e9 au gouvernement une enqu\u00eate cr\u00e9dible sur le d\u00e9tournement supp ...\" \/>\n<meta property=\"og:url\" content=\"https:\/\/www.africa-press.net\/cameroun\/politique\/human-rights-watch-demande-une-enquete-sur-la-gestion-des-fonds-covid-19\" \/>\n<meta property=\"og:site_name\" content=\"Cameroun\" \/>\n<meta property=\"article:published_time\" content=\"2021-04-25T16:08:52+00:00\" \/>\n<meta property=\"article:modified_time\" content=\"2021-04-26T01:25:59+00:00\" \/>\n<meta property=\"og:image\" content=\"https:\/\/static.africa-press.net\/cameroun\/sites\/57\/2021\/04\/img-6085ae836adfe.jpg\" \/>\n\t<meta property=\"og:image:width\" content=\"720\" \/>\n\t<meta property=\"og:image:height\" content=\"388\" \/>\n\t<meta property=\"og:image:type\" content=\"image\/jpeg\" \/>\n<meta name=\"author\" content=\"cfeditorfr\" \/>\n<meta name=\"twitter:card\" content=\"summary_large_image\" \/>\n<meta name=\"twitter:label1\" content=\"\u00c9crit par\" \/>\n\t<meta name=\"twitter:data1\" content=\"cfeditorfr\" \/>\n\t<meta name=\"twitter:label2\" content=\"Dur\u00e9e de lecture estim\u00e9e\" \/>\n\t<meta name=\"twitter:data2\" content=\"1 minute\" \/>\n<script type=\"application\/ld+json\" class=\"yoast-schema-graph\">{\"@context\":\"https:\/\/schema.org\",\"@graph\":[{\"@type\":\"Article\",\"@id\":\"https:\/\/www.africa-press.net\/cameroun\/politique\/human-rights-watch-demande-une-enquete-sur-la-gestion-des-fonds-covid-19#article\",\"isPartOf\":{\"@id\":\"https:\/\/www.africa-press.net\/cameroun\/politique\/human-rights-watch-demande-une-enquete-sur-la-gestion-des-fonds-covid-19\"},\"author\":{\"name\":\"cfeditorfr\",\"@id\":\"https:\/\/www.africa-press.net\/cameroun\/#\/schema\/person\/2b1cf3cd81a31e3cd26889ca66d677f1\"},\"headline\":\"Human Rights Watch demande une enqu\u00eate sur la gestion des fonds Covid-19\",\"datePublished\":\"2021-04-25T16:08:52+00:00\",\"dateModified\":\"2021-04-26T01:25:59+00:00\",\"mainEntityOfPage\":{\"@id\":\"https:\/\/www.africa-press.net\/cameroun\/politique\/human-rights-watch-demande-une-enquete-sur-la-gestion-des-fonds-covid-19\"},\"wordCount\":124,\"commentCount\":0,\"image\":{\"@id\":\"https:\/\/www.africa-press.net\/cameroun\/politique\/human-rights-watch-demande-une-enquete-sur-la-gestion-des-fonds-covid-19#primaryimage\"},\"thumbnailUrl\":\"https:\/\/static.africa-press.net\/cameroun\/sites\/57\/2021\/04\/img-6085ae836adfe.jpg\",\"keywords\":[\"Africa Press\",\"Africa Press-Cameroun\",\"Cameroun\"],\"articleSection\":[\"homepage-french\",\"Politique\",\"Toutes les actualit\u00e9s\"],\"inLanguage\":\"fr-FR\",\"potentialAction\":[{\"@type\":\"CommentAction\",\"name\":\"Comment\",\"target\":[\"https:\/\/www.africa-press.net\/cameroun\/politique\/human-rights-watch-demande-une-enquete-sur-la-gestion-des-fonds-covid-19#respond\"]}]},{\"@type\":\"WebPage\",\"@id\":\"https:\/\/www.africa-press.net\/cameroun\/politique\/human-rights-watch-demande-une-enquete-sur-la-gestion-des-fonds-covid-19\",\"url\":\"https:\/\/www.africa-press.net\/cameroun\/politique\/human-rights-watch-demande-une-enquete-sur-la-gestion-des-fonds-covid-19\",\"name\":\"Human Rights Watch demande une enqu\u00eate sur la gestion des fonds Covid-19 - Cameroun\",\"isPartOf\":{\"@id\":\"https:\/\/www.africa-press.net\/cameroun\/#website\"},\"primaryImageOfPage\":{\"@id\":\"https:\/\/www.africa-press.net\/cameroun\/politique\/human-rights-watch-demande-une-enquete-sur-la-gestion-des-fonds-covid-19#primaryimage\"},\"image\":{\"@id\":\"https:\/\/www.africa-press.net\/cameroun\/politique\/human-rights-watch-demande-une-enquete-sur-la-gestion-des-fonds-covid-19#primaryimage\"},\"thumbnailUrl\":\"https:\/\/static.africa-press.net\/cameroun\/sites\/57\/2021\/04\/img-6085ae836adfe.jpg\",\"datePublished\":\"2021-04-25T16:08:52+00:00\",\"dateModified\":\"2021-04-26T01:25:59+00:00\",\"author\":{\"@id\":\"https:\/\/www.africa-press.net\/cameroun\/#\/schema\/person\/2b1cf3cd81a31e3cd26889ca66d677f1\"},\"description\":\"Dans un communiqu\u00e9, l\u2019ONG Human Rights Watch (HRW) a exig\u00e9 au gouvernement une enqu\u00eate cr\u00e9dible sur le d\u00e9tournement supp ...\",\"breadcrumb\":{\"@id\":\"https:\/\/www.africa-press.net\/cameroun\/politique\/human-rights-watch-demande-une-enquete-sur-la-gestion-des-fonds-covid-19#breadcrumb\"},\"inLanguage\":\"fr-FR\",\"potentialAction\":[{\"@type\":\"ReadAction\",\"target\":[\"https:\/\/www.africa-press.net\/cameroun\/politique\/human-rights-watch-demande-une-enquete-sur-la-gestion-des-fonds-covid-19\"]}]},{\"@type\":\"ImageObject\",\"inLanguage\":\"fr-FR\",\"@id\":\"https:\/\/www.africa-press.net\/cameroun\/politique\/human-rights-watch-demande-une-enquete-sur-la-gestion-des-fonds-covid-19#primaryimage\",\"url\":\"https:\/\/static.africa-press.net\/cameroun\/sites\/57\/2021\/04\/img-6085ae836adfe.jpg\",\"contentUrl\":\"https:\/\/static.africa-press.net\/cameroun\/sites\/57\/2021\/04\/img-6085ae836adfe.jpg\",\"width\":720,\"height\":388,\"caption\":\"Human Rights Watch demande une enqu\u00eate sur la gestion des fonds Covid-19\"},{\"@type\":\"BreadcrumbList\",\"@id\":\"https:\/\/www.africa-press.net\/cameroun\/politique\/human-rights-watch-demande-une-enquete-sur-la-gestion-des-fonds-covid-19#breadcrumb\",\"itemListElement\":[{\"@type\":\"ListItem\",\"position\":1,\"name\":\"Accueil\",\"item\":\"https:\/\/www.africa-press.net\/cameroun\/\"},{\"@type\":\"ListItem\",\"position\":2,\"name\":\"Human Rights Watch demande une enqu\u00eate sur la gestion des fonds Covid-19\"}]},{\"@type\":\"WebSite\",\"@id\":\"https:\/\/www.africa-press.net\/cameroun\/#website\",\"url\":\"https:\/\/www.africa-press.net\/cameroun\/\",\"name\":\"Cameroun\",\"description\":\"Just another Africa News Agency Sites site\",\"potentialAction\":[{\"@type\":\"SearchAction\",\"target\":{\"@type\":\"EntryPoint\",\"urlTemplate\":\"https:\/\/www.africa-press.net\/cameroun\/?s={search_term_string}\"},\"query-input\":{\"@type\":\"PropertyValueSpecification\",\"valueRequired\":true,\"valueName\":\"search_term_string\"}}],\"inLanguage\":\"fr-FR\"},{\"@type\":\"Person\",\"@id\":\"https:\/\/www.africa-press.net\/cameroun\/#\/schema\/person\/2b1cf3cd81a31e3cd26889ca66d677f1\",\"name\":\"cfeditorfr\"}]}<\/script>\n<!-- \/ Yoast SEO Premium plugin. -->","yoast_head_json":{"title":"Human Rights Watch demande une enqu\u00eate sur la gestion des fonds Covid-19 - Cameroun","description":"Dans un communiqu\u00e9, l\u2019ONG Human Rights Watch (HRW) a exig\u00e9 au gouvernement une enqu\u00eate cr\u00e9dible sur le d\u00e9tournement supp ...","robots":{"index":"index","follow":"follow","max-snippet":"max-snippet:-1","max-image-preview":"max-image-preview:large","max-video-preview":"max-video-preview:-1"},"canonical":"https:\/\/www.africa-press.net\/cameroun\/politique\/human-rights-watch-demande-une-enquete-sur-la-gestion-des-fonds-covid-19","og_locale":"fr_FR","og_type":"article","og_title":"Human Rights Watch demande une enqu\u00eate sur la gestion des fonds Covid-19","og_description":"Dans un communiqu\u00e9, l\u2019ONG Human Rights Watch (HRW) a exig\u00e9 au gouvernement une enqu\u00eate cr\u00e9dible sur le d\u00e9tournement supp ...","og_url":"https:\/\/www.africa-press.net\/cameroun\/politique\/human-rights-watch-demande-une-enquete-sur-la-gestion-des-fonds-covid-19","og_site_name":"Cameroun","article_published_time":"2021-04-25T16:08:52+00:00","article_modified_time":"2021-04-26T01:25:59+00:00","og_image":[{"width":720,"height":388,"url":"https:\/\/static.africa-press.net\/cameroun\/sites\/57\/2021\/04\/img-6085ae836adfe.jpg","type":"image\/jpeg"}],"author":"cfeditorfr","twitter_card":"summary_large_image","twitter_misc":{"\u00c9crit par":"cfeditorfr","Dur\u00e9e de lecture estim\u00e9e":"1 minute"},"schema":{"@context":"https:\/\/schema.org","@graph":[{"@type":"Article","@id":"https:\/\/www.africa-press.net\/cameroun\/politique\/human-rights-watch-demande-une-enquete-sur-la-gestion-des-fonds-covid-19#article","isPartOf":{"@id":"https:\/\/www.africa-press.net\/cameroun\/politique\/human-rights-watch-demande-une-enquete-sur-la-gestion-des-fonds-covid-19"},"author":{"name":"cfeditorfr","@id":"https:\/\/www.africa-press.net\/cameroun\/#\/schema\/person\/2b1cf3cd81a31e3cd26889ca66d677f1"},"headline":"Human Rights Watch demande une enqu\u00eate sur la gestion des fonds Covid-19","datePublished":"2021-04-25T16:08:52+00:00","dateModified":"2021-04-26T01:25:59+00:00","mainEntityOfPage":{"@id":"https:\/\/www.africa-press.net\/cameroun\/politique\/human-rights-watch-demande-une-enquete-sur-la-gestion-des-fonds-covid-19"},"wordCount":124,"commentCount":0,"image":{"@id":"https:\/\/www.africa-press.net\/cameroun\/politique\/human-rights-watch-demande-une-enquete-sur-la-gestion-des-fonds-covid-19#primaryimage"},"thumbnailUrl":"https:\/\/static.africa-press.net\/cameroun\/sites\/57\/2021\/04\/img-6085ae836adfe.jpg","keywords":["Africa Press","Africa Press-Cameroun","Cameroun"],"articleSection":["homepage-french","Politique","Toutes les actualit\u00e9s"],"inLanguage":"fr-FR","potentialAction":[{"@type":"CommentAction","name":"Comment","target":["https:\/\/www.africa-press.net\/cameroun\/politique\/human-rights-watch-demande-une-enquete-sur-la-gestion-des-fonds-covid-19#respond"]}]},{"@type":"WebPage","@id":"https:\/\/www.africa-press.net\/cameroun\/politique\/human-rights-watch-demande-une-enquete-sur-la-gestion-des-fonds-covid-19","url":"https:\/\/www.africa-press.net\/cameroun\/politique\/human-rights-watch-demande-une-enquete-sur-la-gestion-des-fonds-covid-19","name":"Human Rights Watch demande une enqu\u00eate sur la gestion des fonds Covid-19 - Cameroun","isPartOf":{"@id":"https:\/\/www.africa-press.net\/cameroun\/#website"},"primaryImageOfPage":{"@id":"https:\/\/www.africa-press.net\/cameroun\/politique\/human-rights-watch-demande-une-enquete-sur-la-gestion-des-fonds-covid-19#primaryimage"},"image":{"@id":"https:\/\/www.africa-press.net\/cameroun\/politique\/human-rights-watch-demande-une-enquete-sur-la-gestion-des-fonds-covid-19#primaryimage"},"thumbnailUrl":"https:\/\/static.africa-press.net\/cameroun\/sites\/57\/2021\/04\/img-6085ae836adfe.jpg","datePublished":"2021-04-25T16:08:52+00:00","dateModified":"2021-04-26T01:25:59+00:00","author":{"@id":"https:\/\/www.africa-press.net\/cameroun\/#\/schema\/person\/2b1cf3cd81a31e3cd26889ca66d677f1"},"description":"Dans un communiqu\u00e9, l\u2019ONG Human Rights Watch (HRW) a exig\u00e9 au gouvernement une enqu\u00eate cr\u00e9dible sur le d\u00e9tournement supp ...","breadcrumb":{"@id":"https:\/\/www.africa-press.net\/cameroun\/politique\/human-rights-watch-demande-une-enquete-sur-la-gestion-des-fonds-covid-19#breadcrumb"},"inLanguage":"fr-FR","potentialAction":[{"@type":"ReadAction","target":["https:\/\/www.africa-press.net\/cameroun\/politique\/human-rights-watch-demande-une-enquete-sur-la-gestion-des-fonds-covid-19"]}]},{"@type":"ImageObject","inLanguage":"fr-FR","@id":"https:\/\/www.africa-press.net\/cameroun\/politique\/human-rights-watch-demande-une-enquete-sur-la-gestion-des-fonds-covid-19#primaryimage","url":"https:\/\/static.africa-press.net\/cameroun\/sites\/57\/2021\/04\/img-6085ae836adfe.jpg","contentUrl":"https:\/\/static.africa-press.net\/cameroun\/sites\/57\/2021\/04\/img-6085ae836adfe.jpg","width":720,"height":388,"caption":"Human Rights Watch demande une enqu\u00eate sur la gestion des fonds Covid-19"},{"@type":"BreadcrumbList","@id":"https:\/\/www.africa-press.net\/cameroun\/politique\/human-rights-watch-demande-une-enquete-sur-la-gestion-des-fonds-covid-19#breadcrumb","itemListElement":[{"@type":"ListItem","position":1,"name":"Accueil","item":"https:\/\/www.africa-press.net\/cameroun\/"},{"@type":"ListItem","position":2,"name":"Human Rights Watch demande une enqu\u00eate sur la gestion des fonds Covid-19"}]},{"@type":"WebSite","@id":"https:\/\/www.africa-press.net\/cameroun\/#website","url":"https:\/\/www.africa-press.net\/cameroun\/","name":"Cameroun","description":"Just another Africa News Agency Sites site","potentialAction":[{"@type":"SearchAction","target":{"@type":"EntryPoint","urlTemplate":"https:\/\/www.africa-press.net\/cameroun\/?s={search_term_string}"},"query-input":{"@type":"PropertyValueSpecification","valueRequired":true,"valueName":"search_term_string"}}],"inLanguage":"fr-FR"},{"@type":"Person","@id":"https:\/\/www.africa-press.net\/cameroun\/#\/schema\/person\/2b1cf3cd81a31e3cd26889ca66d677f1","name":"cfeditorfr"}]}},"_links":{"self":[{"href":"https:\/\/www.africa-press.net\/cameroun\/wp-json\/wp\/v2\/posts\/2472","targetHints":{"allow":["GET"]}}],"collection":[{"href":"https:\/\/www.africa-press.net\/cameroun\/wp-json\/wp\/v2\/posts"}],"about":[{"href":"https:\/\/www.africa-press.net\/cameroun\/wp-json\/wp\/v2\/types\/post"}],"author":[{"embeddable":true,"href":"https:\/\/www.africa-press.net\/cameroun\/wp-json\/wp\/v2\/users\/82"}],"replies":[{"embeddable":true,"href":"https:\/\/www.africa-press.net\/cameroun\/wp-json\/wp\/v2\/comments?post=2472"}],"version-history":[{"count":0,"href":"https:\/\/www.africa-press.net\/cameroun\/wp-json\/wp\/v2\/posts\/2472\/revisions"}],"wp:featuredmedia":[{"embeddable":true,"href":"https:\/\/www.africa-press.net\/cameroun\/wp-json\/wp\/v2\/media\/2471"}],"wp:attachment":[{"href":"https:\/\/www.africa-press.net\/cameroun\/wp-json\/wp\/v2\/media?parent=2472"}],"wp:term":[{"taxonomy":"category","embeddable":true,"href":"https:\/\/www.africa-press.net\/cameroun\/wp-json\/wp\/v2\/categories?post=2472"},{"taxonomy":"post_tag","embeddable":true,"href":"https:\/\/www.africa-press.net\/cameroun\/wp-json\/wp\/v2\/tags?post=2472"}],"curies":[{"name":"wp","href":"https:\/\/api.w.org\/{rel}","templated":true}]}}