{"id":24724,"date":"2022-08-03T15:55:04","date_gmt":"2022-08-03T15:55:04","guid":{"rendered":"https:\/\/www.africa-press.net\/cameroun\/politique\/cameroun-kye-ossi-accueille-11-pays-dafrique-a-la-foire-transfrontaliere-2022"},"modified":"2022-08-03T16:47:17","modified_gmt":"2022-08-03T16:47:17","slug":"cameroun-kye-ossi-accueille-11-pays-dafrique-a-la-foire-transfrontaliere-2022","status":"publish","type":"post","link":"https:\/\/www.africa-press.net\/cameroun\/economie\/cameroun-kye-ossi-accueille-11-pays-dafrique-a-la-foire-transfrontaliere-2022","title":{"rendered":"Cameroun\u00a0: Kye-Ossi accueille 11 pays d\u2019Afrique \u00e0 la foire transfrontali\u00e8re 2022"},"content":{"rendered":"<p><span style=\"color: #ff6600\"><strong>Africa-Press &#8211; Cameroun. <\/strong><\/span>Kye-Ossi, ville camerounaise situ\u00e9e \u00e0 la fronti\u00e8re avec le Gabon et la Guin\u00e9e \u00e9quatoriale, va accueillir, du 28 juillet au 6 ao\u00fbt prochains, la 13e \u00e9dition de la Foire transfrontali\u00e8re annuelle d\u2019Afrique centrale (Fotrac).<\/p>\n<p>La 13\u00e8me \u00e9dition de la foire transfrontali\u00e8re va recevoir 11 pays africains. Il s\u2019agit notamment du : Cameroun, Gabon, Guin\u00e9e Equatoriale, RDC, Togo, Cote d\u2019ivoire, Benin, le S\u00e9n\u00e9gal, Tchad. Tous venus promouvoir le \u00ab Made in Africa \u00bb que pr\u00f4nent les Chefs d\u2019Etats africains via la Zone de Libre Echange Continentale Africaine (Zlecaf).<\/p>\n<p>Organis\u00e9 par le R\u00e9seau des femmes actives d\u2019Afrique centrale (Refac), l\u2019\u00e9v\u00e9nement est plac\u00e9 sous le th\u00e8me \u00ab Int\u00e9gration r\u00e9gionale et la Zlecaf : r\u00e9silience des acteurs du d\u00e9veloppement socio-\u00e9conomique en Afrique face aux crises s\u00e9curitaires et \u00e0 la pand\u00e9mie covid-19 \u00bb.<\/p>\n<p>\u00ab Le moment est venu de faire du Commerce, un v\u00e9ritable instrument de d\u00e9veloppement\u2026Il est grand temps de faire du REFAC, un lieu de rendez-vous des entreprises de renom de la sous-r\u00e9gion qui viendraient exposer leurs savoirs -faire. Les op\u00e9rateurs \u00e9conomiques sont invit\u00e9s \u00e0 s\u2019impliquer davantage \u00bb a instruit Brusil Miranda Metou, Secr\u00e9taire g\u00e9n\u00e9rale du Mincommerce camerounais.<\/p>\n<p>La Fotrac est une foire multisectorielle qui regroupe plusieurs acteurs de d\u00e9veloppement de tous les pays, notamment les administrations, les chambres consulaires, les organisations internationales, les chancelleries, les instituts de recherche, les op\u00e9rateurs \u00e9conomiques, etc.<\/p>\n<p>Espace d\u2019\u00e9changes, de partage d\u2019exp\u00e9riences pour le d\u00e9veloppement du continent, la Fotrac a pour but de f\u00e9d\u00e9rer les actions des diff\u00e9rents acteurs de d\u00e9veloppement des pays d\u2019Afrique centrale.<\/p>\n<p><strong>Pour plus d&rsquo;informations et d&rsquo;analyses sur la <a href=\"https:\/\/www.africa-press.net\/cameroun\">Cameroun<\/a>, suivez <a href=\"https:\/\/www.africa-press.net\/\">Africa-Press<\/a><\/strong><\/p>\n","protected":false},"excerpt":{"rendered":"<p>Africa-Press &#8211; Cameroun. Kye-Ossi, ville camerounaise situ\u00e9e \u00e0 la fronti\u00e8re avec le Gabon et la Guin\u00e9e \u00e9quatoriale, va accueillir, du 28 juillet au 6 ao\u00fbt prochains, la 13e \u00e9dition de la Foire transfrontali\u00e8re annuelle d\u2019Afrique centrale (Fotrac). La 13\u00e8me \u00e9dition de la foire transfrontali\u00e8re va recevoir 11 pays africains. Il s\u2019agit notamment du : Cameroun, [&hellip;]<\/p>\n","protected":false},"author":82,"featured_media":24723,"comment_status":"open","ping_status":"closed","sticky":false,"template":"","format":"standard","meta":{"footnotes":""},"categories":[3,11,10],"tags":[36,50,49],"class_list":["post-24724","post","type-post","status-publish","format-standard","has-post-thumbnail","hentry","category-economie","category-homepage-french","category-toutes-les-actualites","tag-africa-press","tag-africa-press-cameroun","tag-cameroun"],"yoast_head":"<!-- This site is optimized with the Yoast SEO Premium plugin v26.1 (Yoast SEO v27.0) - https:\/\/yoast.com\/product\/yoast-seo-premium-wordpress\/ -->\n<title>Cameroun\u00a0: Kye-Ossi accueille 11 pays d\u2019Afrique \u00e0 la foire transfrontali\u00e8re 2022 - Cameroun<\/title>\n<meta name=\"description\" content=\"Kye-Ossi, ville camerounaise situ\u00e9e \u00e0 la fronti\u00e8re avec le Gabon et la Guin\u00e9e \u00e9quatoriale, va accueillir, du 28 juillet ...\" \/>\n<meta name=\"robots\" content=\"index, follow, max-snippet:-1, max-image-preview:large, max-video-preview:-1\" \/>\n<link rel=\"canonical\" href=\"https:\/\/www.africa-press.net\/cameroun\/economie\/cameroun-kye-ossi-accueille-11-pays-dafrique-a-la-foire-transfrontaliere-2022\" \/>\n<meta property=\"og:locale\" content=\"fr_FR\" \/>\n<meta property=\"og:type\" content=\"article\" \/>\n<meta property=\"og:title\" content=\"Cameroun\u00a0: Kye-Ossi accueille 11 pays d\u2019Afrique \u00e0 la foire transfrontali\u00e8re 2022\" \/>\n<meta property=\"og:description\" content=\"Kye-Ossi, ville camerounaise situ\u00e9e \u00e0 la fronti\u00e8re avec le Gabon et la Guin\u00e9e \u00e9quatoriale, va accueillir, du 28 juillet ...\" \/>\n<meta property=\"og:url\" content=\"https:\/\/www.africa-press.net\/cameroun\/economie\/cameroun-kye-ossi-accueille-11-pays-dafrique-a-la-foire-transfrontaliere-2022\" \/>\n<meta property=\"og:site_name\" content=\"Cameroun\" \/>\n<meta property=\"article:published_time\" content=\"2022-08-03T15:55:04+00:00\" \/>\n<meta property=\"article:modified_time\" content=\"2022-08-03T16:47:17+00:00\" \/>\n<meta property=\"og:image\" content=\"https:\/\/static.africa-press.net\/cameroun\/sites\/57\/2022\/08\/img-62eaa68226289.jpg\" \/>\n\t<meta property=\"og:image:width\" content=\"800\" \/>\n\t<meta property=\"og:image:height\" content=\"400\" \/>\n\t<meta property=\"og:image:type\" content=\"image\/jpeg\" \/>\n<meta name=\"author\" content=\"cfeditorfr\" \/>\n<meta name=\"twitter:card\" content=\"summary_large_image\" \/>\n<meta name=\"twitter:label1\" content=\"\u00c9crit par\" \/>\n\t<meta name=\"twitter:data1\" content=\"cfeditorfr\" \/>\n\t<meta name=\"twitter:label2\" content=\"Dur\u00e9e de lecture estim\u00e9e\" \/>\n\t<meta name=\"twitter:data2\" content=\"2 minutes\" \/>\n<script type=\"application\/ld+json\" class=\"yoast-schema-graph\">{\"@context\":\"https:\/\/schema.org\",\"@graph\":[{\"@type\":\"Article\",\"@id\":\"https:\/\/www.africa-press.net\/cameroun\/economie\/cameroun-kye-ossi-accueille-11-pays-dafrique-a-la-foire-transfrontaliere-2022#article\",\"isPartOf\":{\"@id\":\"https:\/\/www.africa-press.net\/cameroun\/economie\/cameroun-kye-ossi-accueille-11-pays-dafrique-a-la-foire-transfrontaliere-2022\"},\"author\":{\"name\":\"cfeditorfr\",\"@id\":\"https:\/\/www.africa-press.net\/cameroun\/#\/schema\/person\/2b1cf3cd81a31e3cd26889ca66d677f1\"},\"headline\":\"Cameroun\u00a0: Kye-Ossi accueille 11 pays d\u2019Afrique \u00e0 la foire transfrontali\u00e8re 2022\",\"datePublished\":\"2022-08-03T15:55:04+00:00\",\"dateModified\":\"2022-08-03T16:47:17+00:00\",\"mainEntityOfPage\":{\"@id\":\"https:\/\/www.africa-press.net\/cameroun\/economie\/cameroun-kye-ossi-accueille-11-pays-dafrique-a-la-foire-transfrontaliere-2022\"},\"wordCount\":306,\"commentCount\":0,\"image\":{\"@id\":\"https:\/\/www.africa-press.net\/cameroun\/economie\/cameroun-kye-ossi-accueille-11-pays-dafrique-a-la-foire-transfrontaliere-2022#primaryimage\"},\"thumbnailUrl\":\"https:\/\/static.africa-press.net\/cameroun\/sites\/57\/2022\/08\/img-62eaa68226289.jpg\",\"keywords\":[\"Africa Press\",\"Africa Press-Cameroun\",\"Cameroun\"],\"articleSection\":[\"\u00c9conomie\",\"homepage-french\",\"Toutes les actualit\u00e9s\"],\"inLanguage\":\"fr-FR\",\"potentialAction\":[{\"@type\":\"CommentAction\",\"name\":\"Comment\",\"target\":[\"https:\/\/www.africa-press.net\/cameroun\/economie\/cameroun-kye-ossi-accueille-11-pays-dafrique-a-la-foire-transfrontaliere-2022#respond\"]}]},{\"@type\":\"WebPage\",\"@id\":\"https:\/\/www.africa-press.net\/cameroun\/economie\/cameroun-kye-ossi-accueille-11-pays-dafrique-a-la-foire-transfrontaliere-2022\",\"url\":\"https:\/\/www.africa-press.net\/cameroun\/economie\/cameroun-kye-ossi-accueille-11-pays-dafrique-a-la-foire-transfrontaliere-2022\",\"name\":\"Cameroun\u00a0: Kye-Ossi accueille 11 pays d\u2019Afrique \u00e0 la foire transfrontali\u00e8re 2022 - Cameroun\",\"isPartOf\":{\"@id\":\"https:\/\/www.africa-press.net\/cameroun\/#website\"},\"primaryImageOfPage\":{\"@id\":\"https:\/\/www.africa-press.net\/cameroun\/economie\/cameroun-kye-ossi-accueille-11-pays-dafrique-a-la-foire-transfrontaliere-2022#primaryimage\"},\"image\":{\"@id\":\"https:\/\/www.africa-press.net\/cameroun\/economie\/cameroun-kye-ossi-accueille-11-pays-dafrique-a-la-foire-transfrontaliere-2022#primaryimage\"},\"thumbnailUrl\":\"https:\/\/static.africa-press.net\/cameroun\/sites\/57\/2022\/08\/img-62eaa68226289.jpg\",\"datePublished\":\"2022-08-03T15:55:04+00:00\",\"dateModified\":\"2022-08-03T16:47:17+00:00\",\"author\":{\"@id\":\"https:\/\/www.africa-press.net\/cameroun\/#\/schema\/person\/2b1cf3cd81a31e3cd26889ca66d677f1\"},\"description\":\"Kye-Ossi, ville camerounaise situ\u00e9e \u00e0 la fronti\u00e8re avec le Gabon et la Guin\u00e9e \u00e9quatoriale, va accueillir, du 28 juillet ...\",\"breadcrumb\":{\"@id\":\"https:\/\/www.africa-press.net\/cameroun\/economie\/cameroun-kye-ossi-accueille-11-pays-dafrique-a-la-foire-transfrontaliere-2022#breadcrumb\"},\"inLanguage\":\"fr-FR\",\"potentialAction\":[{\"@type\":\"ReadAction\",\"target\":[\"https:\/\/www.africa-press.net\/cameroun\/economie\/cameroun-kye-ossi-accueille-11-pays-dafrique-a-la-foire-transfrontaliere-2022\"]}]},{\"@type\":\"ImageObject\",\"inLanguage\":\"fr-FR\",\"@id\":\"https:\/\/www.africa-press.net\/cameroun\/economie\/cameroun-kye-ossi-accueille-11-pays-dafrique-a-la-foire-transfrontaliere-2022#primaryimage\",\"url\":\"https:\/\/static.africa-press.net\/cameroun\/sites\/57\/2022\/08\/img-62eaa68226289.jpg\",\"contentUrl\":\"https:\/\/static.africa-press.net\/cameroun\/sites\/57\/2022\/08\/img-62eaa68226289.jpg\",\"width\":800,\"height\":400,\"caption\":\"Cameroun\u00a0: Kye-Ossi accueille 11 pays d\u2019Afrique \u00e0 la foire transfrontali\u00e8re 2022\"},{\"@type\":\"BreadcrumbList\",\"@id\":\"https:\/\/www.africa-press.net\/cameroun\/economie\/cameroun-kye-ossi-accueille-11-pays-dafrique-a-la-foire-transfrontaliere-2022#breadcrumb\",\"itemListElement\":[{\"@type\":\"ListItem\",\"position\":1,\"name\":\"Accueil\",\"item\":\"https:\/\/www.africa-press.net\/cameroun\/\"},{\"@type\":\"ListItem\",\"position\":2,\"name\":\"Cameroun\u00a0: Kye-Ossi accueille 11 pays d\u2019Afrique \u00e0 la foire transfrontali\u00e8re 2022\"}]},{\"@type\":\"WebSite\",\"@id\":\"https:\/\/www.africa-press.net\/cameroun\/#website\",\"url\":\"https:\/\/www.africa-press.net\/cameroun\/\",\"name\":\"Cameroun\",\"description\":\"Just another Africa News Agency Sites site\",\"potentialAction\":[{\"@type\":\"SearchAction\",\"target\":{\"@type\":\"EntryPoint\",\"urlTemplate\":\"https:\/\/www.africa-press.net\/cameroun\/?s={search_term_string}\"},\"query-input\":{\"@type\":\"PropertyValueSpecification\",\"valueRequired\":true,\"valueName\":\"search_term_string\"}}],\"inLanguage\":\"fr-FR\"},{\"@type\":\"Person\",\"@id\":\"https:\/\/www.africa-press.net\/cameroun\/#\/schema\/person\/2b1cf3cd81a31e3cd26889ca66d677f1\",\"name\":\"cfeditorfr\"}]}<\/script>\n<!-- \/ Yoast SEO Premium plugin. -->","yoast_head_json":{"title":"Cameroun\u00a0: Kye-Ossi accueille 11 pays d\u2019Afrique \u00e0 la foire transfrontali\u00e8re 2022 - Cameroun","description":"Kye-Ossi, ville camerounaise situ\u00e9e \u00e0 la fronti\u00e8re avec le Gabon et la Guin\u00e9e \u00e9quatoriale, va accueillir, du 28 juillet ...","robots":{"index":"index","follow":"follow","max-snippet":"max-snippet:-1","max-image-preview":"max-image-preview:large","max-video-preview":"max-video-preview:-1"},"canonical":"https:\/\/www.africa-press.net\/cameroun\/economie\/cameroun-kye-ossi-accueille-11-pays-dafrique-a-la-foire-transfrontaliere-2022","og_locale":"fr_FR","og_type":"article","og_title":"Cameroun\u00a0: Kye-Ossi accueille 11 pays d\u2019Afrique \u00e0 la foire transfrontali\u00e8re 2022","og_description":"Kye-Ossi, ville camerounaise situ\u00e9e \u00e0 la fronti\u00e8re avec le Gabon et la Guin\u00e9e \u00e9quatoriale, va accueillir, du 28 juillet ...","og_url":"https:\/\/www.africa-press.net\/cameroun\/economie\/cameroun-kye-ossi-accueille-11-pays-dafrique-a-la-foire-transfrontaliere-2022","og_site_name":"Cameroun","article_published_time":"2022-08-03T15:55:04+00:00","article_modified_time":"2022-08-03T16:47:17+00:00","og_image":[{"width":800,"height":400,"url":"https:\/\/static.africa-press.net\/cameroun\/sites\/57\/2022\/08\/img-62eaa68226289.jpg","type":"image\/jpeg"}],"author":"cfeditorfr","twitter_card":"summary_large_image","twitter_misc":{"\u00c9crit par":"cfeditorfr","Dur\u00e9e de lecture estim\u00e9e":"2 minutes"},"schema":{"@context":"https:\/\/schema.org","@graph":[{"@type":"Article","@id":"https:\/\/www.africa-press.net\/cameroun\/economie\/cameroun-kye-ossi-accueille-11-pays-dafrique-a-la-foire-transfrontaliere-2022#article","isPartOf":{"@id":"https:\/\/www.africa-press.net\/cameroun\/economie\/cameroun-kye-ossi-accueille-11-pays-dafrique-a-la-foire-transfrontaliere-2022"},"author":{"name":"cfeditorfr","@id":"https:\/\/www.africa-press.net\/cameroun\/#\/schema\/person\/2b1cf3cd81a31e3cd26889ca66d677f1"},"headline":"Cameroun\u00a0: Kye-Ossi accueille 11 pays d\u2019Afrique \u00e0 la foire transfrontali\u00e8re 2022","datePublished":"2022-08-03T15:55:04+00:00","dateModified":"2022-08-03T16:47:17+00:00","mainEntityOfPage":{"@id":"https:\/\/www.africa-press.net\/cameroun\/economie\/cameroun-kye-ossi-accueille-11-pays-dafrique-a-la-foire-transfrontaliere-2022"},"wordCount":306,"commentCount":0,"image":{"@id":"https:\/\/www.africa-press.net\/cameroun\/economie\/cameroun-kye-ossi-accueille-11-pays-dafrique-a-la-foire-transfrontaliere-2022#primaryimage"},"thumbnailUrl":"https:\/\/static.africa-press.net\/cameroun\/sites\/57\/2022\/08\/img-62eaa68226289.jpg","keywords":["Africa Press","Africa Press-Cameroun","Cameroun"],"articleSection":["\u00c9conomie","homepage-french","Toutes les actualit\u00e9s"],"inLanguage":"fr-FR","potentialAction":[{"@type":"CommentAction","name":"Comment","target":["https:\/\/www.africa-press.net\/cameroun\/economie\/cameroun-kye-ossi-accueille-11-pays-dafrique-a-la-foire-transfrontaliere-2022#respond"]}]},{"@type":"WebPage","@id":"https:\/\/www.africa-press.net\/cameroun\/economie\/cameroun-kye-ossi-accueille-11-pays-dafrique-a-la-foire-transfrontaliere-2022","url":"https:\/\/www.africa-press.net\/cameroun\/economie\/cameroun-kye-ossi-accueille-11-pays-dafrique-a-la-foire-transfrontaliere-2022","name":"Cameroun\u00a0: Kye-Ossi accueille 11 pays d\u2019Afrique \u00e0 la foire transfrontali\u00e8re 2022 - Cameroun","isPartOf":{"@id":"https:\/\/www.africa-press.net\/cameroun\/#website"},"primaryImageOfPage":{"@id":"https:\/\/www.africa-press.net\/cameroun\/economie\/cameroun-kye-ossi-accueille-11-pays-dafrique-a-la-foire-transfrontaliere-2022#primaryimage"},"image":{"@id":"https:\/\/www.africa-press.net\/cameroun\/economie\/cameroun-kye-ossi-accueille-11-pays-dafrique-a-la-foire-transfrontaliere-2022#primaryimage"},"thumbnailUrl":"https:\/\/static.africa-press.net\/cameroun\/sites\/57\/2022\/08\/img-62eaa68226289.jpg","datePublished":"2022-08-03T15:55:04+00:00","dateModified":"2022-08-03T16:47:17+00:00","author":{"@id":"https:\/\/www.africa-press.net\/cameroun\/#\/schema\/person\/2b1cf3cd81a31e3cd26889ca66d677f1"},"description":"Kye-Ossi, ville camerounaise situ\u00e9e \u00e0 la fronti\u00e8re avec le Gabon et la Guin\u00e9e \u00e9quatoriale, va accueillir, du 28 juillet ...","breadcrumb":{"@id":"https:\/\/www.africa-press.net\/cameroun\/economie\/cameroun-kye-ossi-accueille-11-pays-dafrique-a-la-foire-transfrontaliere-2022#breadcrumb"},"inLanguage":"fr-FR","potentialAction":[{"@type":"ReadAction","target":["https:\/\/www.africa-press.net\/cameroun\/economie\/cameroun-kye-ossi-accueille-11-pays-dafrique-a-la-foire-transfrontaliere-2022"]}]},{"@type":"ImageObject","inLanguage":"fr-FR","@id":"https:\/\/www.africa-press.net\/cameroun\/economie\/cameroun-kye-ossi-accueille-11-pays-dafrique-a-la-foire-transfrontaliere-2022#primaryimage","url":"https:\/\/static.africa-press.net\/cameroun\/sites\/57\/2022\/08\/img-62eaa68226289.jpg","contentUrl":"https:\/\/static.africa-press.net\/cameroun\/sites\/57\/2022\/08\/img-62eaa68226289.jpg","width":800,"height":400,"caption":"Cameroun\u00a0: Kye-Ossi accueille 11 pays d\u2019Afrique \u00e0 la foire transfrontali\u00e8re 2022"},{"@type":"BreadcrumbList","@id":"https:\/\/www.africa-press.net\/cameroun\/economie\/cameroun-kye-ossi-accueille-11-pays-dafrique-a-la-foire-transfrontaliere-2022#breadcrumb","itemListElement":[{"@type":"ListItem","position":1,"name":"Accueil","item":"https:\/\/www.africa-press.net\/cameroun\/"},{"@type":"ListItem","position":2,"name":"Cameroun\u00a0: Kye-Ossi accueille 11 pays d\u2019Afrique \u00e0 la foire transfrontali\u00e8re 2022"}]},{"@type":"WebSite","@id":"https:\/\/www.africa-press.net\/cameroun\/#website","url":"https:\/\/www.africa-press.net\/cameroun\/","name":"Cameroun","description":"Just another Africa News Agency Sites site","potentialAction":[{"@type":"SearchAction","target":{"@type":"EntryPoint","urlTemplate":"https:\/\/www.africa-press.net\/cameroun\/?s={search_term_string}"},"query-input":{"@type":"PropertyValueSpecification","valueRequired":true,"valueName":"search_term_string"}}],"inLanguage":"fr-FR"},{"@type":"Person","@id":"https:\/\/www.africa-press.net\/cameroun\/#\/schema\/person\/2b1cf3cd81a31e3cd26889ca66d677f1","name":"cfeditorfr"}]}},"_links":{"self":[{"href":"https:\/\/www.africa-press.net\/cameroun\/wp-json\/wp\/v2\/posts\/24724","targetHints":{"allow":["GET"]}}],"collection":[{"href":"https:\/\/www.africa-press.net\/cameroun\/wp-json\/wp\/v2\/posts"}],"about":[{"href":"https:\/\/www.africa-press.net\/cameroun\/wp-json\/wp\/v2\/types\/post"}],"author":[{"embeddable":true,"href":"https:\/\/www.africa-press.net\/cameroun\/wp-json\/wp\/v2\/users\/82"}],"replies":[{"embeddable":true,"href":"https:\/\/www.africa-press.net\/cameroun\/wp-json\/wp\/v2\/comments?post=24724"}],"version-history":[{"count":0,"href":"https:\/\/www.africa-press.net\/cameroun\/wp-json\/wp\/v2\/posts\/24724\/revisions"}],"wp:featuredmedia":[{"embeddable":true,"href":"https:\/\/www.africa-press.net\/cameroun\/wp-json\/wp\/v2\/media\/24723"}],"wp:attachment":[{"href":"https:\/\/www.africa-press.net\/cameroun\/wp-json\/wp\/v2\/media?parent=24724"}],"wp:term":[{"taxonomy":"category","embeddable":true,"href":"https:\/\/www.africa-press.net\/cameroun\/wp-json\/wp\/v2\/categories?post=24724"},{"taxonomy":"post_tag","embeddable":true,"href":"https:\/\/www.africa-press.net\/cameroun\/wp-json\/wp\/v2\/tags?post=24724"}],"curies":[{"name":"wp","href":"https:\/\/api.w.org\/{rel}","templated":true}]}}