{"id":24733,"date":"2022-08-03T16:16:23","date_gmt":"2022-08-03T16:16:23","guid":{"rendered":"https:\/\/www.africa-press.net\/cameroun\/politique\/cameroun-augustin-bala-le-maire-de-yaounde-v-lance-les-travaux-dun-nouveau-troncon"},"modified":"2022-08-03T16:48:35","modified_gmt":"2022-08-03T16:48:35","slug":"cameroun-augustin-bala-le-maire-de-yaounde-v-lance-les-travaux-dun-nouveau-troncon","status":"publish","type":"post","link":"https:\/\/www.africa-press.net\/cameroun\/economie\/cameroun-augustin-bala-le-maire-de-yaounde-v-lance-les-travaux-dun-nouveau-troncon","title":{"rendered":"Cameroun : Augustin Bala, le maire de Yaound\u00e9 V, lance les travaux d\u2019un nouveau tron\u00e7on"},"content":{"rendered":"<p><span style=\"color: #ff6600\"><strong>Africa-Press &#8211; Cameroun. <\/strong><\/span>La route Mvog-Ada poste centrale dont l\u2019ex\u00e9cution a d\u00e9but\u00e9 le 28 juillet 2022, viendra fluidifier la circulation urbaine.<\/p>\n<p>\u00ab L\u00e0 o\u00f9 passe la route, le d\u00e9veloppement suit \u00bb, c\u2019est un adage bien connu des populations qui militent de plus en plus, en faveur de cette r\u00e9alit\u00e9. Alors m\u00eame qu\u2019il entend, marquer de son emprunte son passage \u00e0 la t\u00eate de l\u2019ex\u00e9cutif communal de Yaound\u00e9 5, Augustin Bala, est sur tous les fronts. Apr\u00e8s le lancement un jour plus t\u00f4t, des travaux de bitumage du tron\u00e7on Essos (Madison)- Ecole coranique (Sonel Mimboman), le Maire a effectu\u00e9 un acte similaire au quartier Mvog- Ada.<\/p>\n<p>A en croire la gazeti 237, il s\u2019agit en effet du lancement des travaux de la route Mvog Ada\u2019 (apr\u00e8s caveau)- poste centrale, en traversant les rails. Financ\u00e9 par le Minist\u00e8re de l\u2019habitat et du d\u00e9veloppement urbain, les travaux effectu\u00e9s par une entreprise locale sont estim\u00e9s \u00e0 142 millions FCFA et s\u2019\u00e9tendent sur une p\u00e9riode de 4 mois. Ils consistent \u00e0 mettre sur pied, une voirie qui couvre un lin\u00e9aire total de 480 ml et les amorces de 15 ml avec une largeur variante de 7 \u00e0 10 m. l\u2019assainissement \u00e0 r\u00e9aliser ici est constitu\u00e9 de caniveaux et de cunettes en b\u00e9ton arm\u00e9, avec les bordures T2 et CS2 dispos\u00e9es de part et d\u2019autre de la chauss\u00e9e long\u00e9e par un trottoir de 1,5 m en b\u00e9ton arm\u00e9.<\/p>\n<p>L\u2019on y retrouvera aussi des avaloires pour Graner les eaux de ruiss\u00e8lement dans le canal du PADY. Selon l\u2019entreprise prestataire, la chauss\u00e9e aura deux parties de rev\u00eatement soit une en pav\u00e9s autobloquant de 13 cm d\u2019\u00e9paisseur avant la travers\u00e9e des rails et l\u2019autre en b\u00e9ton bitumineux de 4 cm d\u2019\u00e9paisseur.<\/p>\n<p>Ce projet de bitumage servira non seulement, de voie de contournement pour limiter les embouteillages mais aussi, de raccordement \u00e0 la poste centrale et \u00e0 d\u2019autres voies de son entourage. \u00ab Il s\u2019agit de r\u00e9soudre le probl\u00e8me d\u2019embouteillages dont nous \u00e9tions victimes jusqu\u2019ici au niveau de Montesquieu \u00bb, affirme le maire Augustin Bala qui souligne \u00e9galement, l\u2019apport multisectoriel de la route avenir \u00ab il faut avouer que cette zone \u00e9tait une zone d\u2019ins\u00e9curit\u00e9, une zone de d\u00e9f\u00e9cation pour sans-abris et est rest\u00e9e jusque-l\u00e0 tr\u00e8s insalubre. Cette route nous permet donc de r\u00e9soudre plusieurs probl\u00e8mes, la mobilit\u00e9 urbaine, les embouteillages, l\u2019ins\u00e9curit\u00e9 et celui de l\u2019insalubrit\u00e9 v\u00e9cue jusqu\u2019ici \u00bb a-t-il laiss\u00e9 entendre.<\/p>\n<p>Une action qui vient s\u2019ajouter \u00e0 une panoplie d\u2019actions men\u00e9es en faveur du bien-\u00eatre des populations tout en participant concr\u00e8tement \u00e0 l\u2019impl\u00e9mentation effective du processus de d\u00e9centralisation engrang\u00e9 depuis quelques ann\u00e9es.<\/p>\n<p><strong>Pour plus d&rsquo;informations et d&rsquo;analyses sur la <a href=\"https:\/\/www.africa-press.net\/cameroun\">Cameroun<\/a>, suivez <a href=\"https:\/\/www.africa-press.net\/\">Africa-Press<\/a><\/strong><\/p>\n","protected":false},"excerpt":{"rendered":"<p>Africa-Press &#8211; Cameroun. La route Mvog-Ada poste centrale dont l\u2019ex\u00e9cution a d\u00e9but\u00e9 le 28 juillet 2022, viendra fluidifier la circulation urbaine. \u00ab L\u00e0 o\u00f9 passe la route, le d\u00e9veloppement suit \u00bb, c\u2019est un adage bien connu des populations qui militent de plus en plus, en faveur de cette r\u00e9alit\u00e9. Alors m\u00eame qu\u2019il entend, marquer de [&hellip;]<\/p>\n","protected":false},"author":82,"featured_media":24732,"comment_status":"open","ping_status":"closed","sticky":false,"template":"","format":"standard","meta":{"footnotes":""},"categories":[3,11,10],"tags":[36,50,49],"class_list":["post-24733","post","type-post","status-publish","format-standard","has-post-thumbnail","hentry","category-economie","category-homepage-french","category-toutes-les-actualites","tag-africa-press","tag-africa-press-cameroun","tag-cameroun"],"yoast_head":"<!-- This site is optimized with the Yoast SEO Premium plugin v26.1 (Yoast SEO v27.0) - https:\/\/yoast.com\/product\/yoast-seo-premium-wordpress\/ -->\n<title>Cameroun : Augustin Bala, le maire de Yaound\u00e9 V, lance les travaux d\u2019un nouveau tron\u00e7on - Cameroun<\/title>\n<meta name=\"description\" content=\"La route Mvog-Ada poste centrale dont l\u2019ex\u00e9cution a d\u00e9but\u00e9 le 28 juillet 2022, viendra fluidifier la circulation urbaine ...\" \/>\n<meta name=\"robots\" content=\"index, follow, max-snippet:-1, max-image-preview:large, max-video-preview:-1\" \/>\n<link rel=\"canonical\" href=\"https:\/\/www.africa-press.net\/cameroun\/economie\/cameroun-augustin-bala-le-maire-de-yaounde-v-lance-les-travaux-dun-nouveau-troncon\" \/>\n<meta property=\"og:locale\" content=\"fr_FR\" \/>\n<meta property=\"og:type\" content=\"article\" \/>\n<meta property=\"og:title\" content=\"Cameroun : Augustin Bala, le maire de Yaound\u00e9 V, lance les travaux d\u2019un nouveau tron\u00e7on\" \/>\n<meta property=\"og:description\" content=\"La route Mvog-Ada poste centrale dont l\u2019ex\u00e9cution a d\u00e9but\u00e9 le 28 juillet 2022, viendra fluidifier la circulation urbaine ...\" \/>\n<meta property=\"og:url\" content=\"https:\/\/www.africa-press.net\/cameroun\/economie\/cameroun-augustin-bala-le-maire-de-yaounde-v-lance-les-travaux-dun-nouveau-troncon\" \/>\n<meta property=\"og:site_name\" content=\"Cameroun\" \/>\n<meta property=\"article:published_time\" content=\"2022-08-03T16:16:23+00:00\" \/>\n<meta property=\"article:modified_time\" content=\"2022-08-03T16:48:35+00:00\" \/>\n<meta property=\"og:image\" content=\"https:\/\/static.africa-press.net\/cameroun\/sites\/57\/2022\/08\/img-62eaa6d19969b.jpg\" \/>\n\t<meta property=\"og:image:width\" content=\"800\" \/>\n\t<meta property=\"og:image:height\" content=\"451\" \/>\n\t<meta property=\"og:image:type\" content=\"image\/jpeg\" \/>\n<meta name=\"author\" content=\"cfeditorfr\" \/>\n<meta name=\"twitter:card\" content=\"summary_large_image\" \/>\n<meta name=\"twitter:label1\" content=\"\u00c9crit par\" \/>\n\t<meta name=\"twitter:data1\" content=\"cfeditorfr\" \/>\n\t<meta name=\"twitter:label2\" content=\"Dur\u00e9e de lecture estim\u00e9e\" \/>\n\t<meta name=\"twitter:data2\" content=\"3 minutes\" \/>\n<script type=\"application\/ld+json\" class=\"yoast-schema-graph\">{\"@context\":\"https:\/\/schema.org\",\"@graph\":[{\"@type\":\"Article\",\"@id\":\"https:\/\/www.africa-press.net\/cameroun\/economie\/cameroun-augustin-bala-le-maire-de-yaounde-v-lance-les-travaux-dun-nouveau-troncon#article\",\"isPartOf\":{\"@id\":\"https:\/\/www.africa-press.net\/cameroun\/economie\/cameroun-augustin-bala-le-maire-de-yaounde-v-lance-les-travaux-dun-nouveau-troncon\"},\"author\":{\"name\":\"cfeditorfr\",\"@id\":\"https:\/\/www.africa-press.net\/cameroun\/#\/schema\/person\/2b1cf3cd81a31e3cd26889ca66d677f1\"},\"headline\":\"Cameroun : Augustin Bala, le maire de Yaound\u00e9 V, lance les travaux d\u2019un nouveau tron\u00e7on\",\"datePublished\":\"2022-08-03T16:16:23+00:00\",\"dateModified\":\"2022-08-03T16:48:35+00:00\",\"mainEntityOfPage\":{\"@id\":\"https:\/\/www.africa-press.net\/cameroun\/economie\/cameroun-augustin-bala-le-maire-de-yaounde-v-lance-les-travaux-dun-nouveau-troncon\"},\"wordCount\":497,\"commentCount\":0,\"image\":{\"@id\":\"https:\/\/www.africa-press.net\/cameroun\/economie\/cameroun-augustin-bala-le-maire-de-yaounde-v-lance-les-travaux-dun-nouveau-troncon#primaryimage\"},\"thumbnailUrl\":\"https:\/\/static.africa-press.net\/cameroun\/sites\/57\/2022\/08\/img-62eaa6d19969b.jpg\",\"keywords\":[\"Africa Press\",\"Africa Press-Cameroun\",\"Cameroun\"],\"articleSection\":[\"\u00c9conomie\",\"homepage-french\",\"Toutes les actualit\u00e9s\"],\"inLanguage\":\"fr-FR\",\"potentialAction\":[{\"@type\":\"CommentAction\",\"name\":\"Comment\",\"target\":[\"https:\/\/www.africa-press.net\/cameroun\/economie\/cameroun-augustin-bala-le-maire-de-yaounde-v-lance-les-travaux-dun-nouveau-troncon#respond\"]}]},{\"@type\":\"WebPage\",\"@id\":\"https:\/\/www.africa-press.net\/cameroun\/economie\/cameroun-augustin-bala-le-maire-de-yaounde-v-lance-les-travaux-dun-nouveau-troncon\",\"url\":\"https:\/\/www.africa-press.net\/cameroun\/economie\/cameroun-augustin-bala-le-maire-de-yaounde-v-lance-les-travaux-dun-nouveau-troncon\",\"name\":\"Cameroun : Augustin Bala, le maire de Yaound\u00e9 V, lance les travaux d\u2019un nouveau tron\u00e7on - Cameroun\",\"isPartOf\":{\"@id\":\"https:\/\/www.africa-press.net\/cameroun\/#website\"},\"primaryImageOfPage\":{\"@id\":\"https:\/\/www.africa-press.net\/cameroun\/economie\/cameroun-augustin-bala-le-maire-de-yaounde-v-lance-les-travaux-dun-nouveau-troncon#primaryimage\"},\"image\":{\"@id\":\"https:\/\/www.africa-press.net\/cameroun\/economie\/cameroun-augustin-bala-le-maire-de-yaounde-v-lance-les-travaux-dun-nouveau-troncon#primaryimage\"},\"thumbnailUrl\":\"https:\/\/static.africa-press.net\/cameroun\/sites\/57\/2022\/08\/img-62eaa6d19969b.jpg\",\"datePublished\":\"2022-08-03T16:16:23+00:00\",\"dateModified\":\"2022-08-03T16:48:35+00:00\",\"author\":{\"@id\":\"https:\/\/www.africa-press.net\/cameroun\/#\/schema\/person\/2b1cf3cd81a31e3cd26889ca66d677f1\"},\"description\":\"La route Mvog-Ada poste centrale dont l\u2019ex\u00e9cution a d\u00e9but\u00e9 le 28 juillet 2022, viendra fluidifier la circulation urbaine ...\",\"breadcrumb\":{\"@id\":\"https:\/\/www.africa-press.net\/cameroun\/economie\/cameroun-augustin-bala-le-maire-de-yaounde-v-lance-les-travaux-dun-nouveau-troncon#breadcrumb\"},\"inLanguage\":\"fr-FR\",\"potentialAction\":[{\"@type\":\"ReadAction\",\"target\":[\"https:\/\/www.africa-press.net\/cameroun\/economie\/cameroun-augustin-bala-le-maire-de-yaounde-v-lance-les-travaux-dun-nouveau-troncon\"]}]},{\"@type\":\"ImageObject\",\"inLanguage\":\"fr-FR\",\"@id\":\"https:\/\/www.africa-press.net\/cameroun\/economie\/cameroun-augustin-bala-le-maire-de-yaounde-v-lance-les-travaux-dun-nouveau-troncon#primaryimage\",\"url\":\"https:\/\/static.africa-press.net\/cameroun\/sites\/57\/2022\/08\/img-62eaa6d19969b.jpg\",\"contentUrl\":\"https:\/\/static.africa-press.net\/cameroun\/sites\/57\/2022\/08\/img-62eaa6d19969b.jpg\",\"width\":800,\"height\":451,\"caption\":\"Cameroun : Augustin Bala, le maire de Yaound\u00e9 V, lance les travaux d\u2019un nouveau tron\u00e7on\"},{\"@type\":\"BreadcrumbList\",\"@id\":\"https:\/\/www.africa-press.net\/cameroun\/economie\/cameroun-augustin-bala-le-maire-de-yaounde-v-lance-les-travaux-dun-nouveau-troncon#breadcrumb\",\"itemListElement\":[{\"@type\":\"ListItem\",\"position\":1,\"name\":\"Accueil\",\"item\":\"https:\/\/www.africa-press.net\/cameroun\/\"},{\"@type\":\"ListItem\",\"position\":2,\"name\":\"Cameroun : Augustin Bala, le maire de Yaound\u00e9 V, lance les travaux d\u2019un nouveau tron\u00e7on\"}]},{\"@type\":\"WebSite\",\"@id\":\"https:\/\/www.africa-press.net\/cameroun\/#website\",\"url\":\"https:\/\/www.africa-press.net\/cameroun\/\",\"name\":\"Cameroun\",\"description\":\"Just another Africa News Agency Sites site\",\"potentialAction\":[{\"@type\":\"SearchAction\",\"target\":{\"@type\":\"EntryPoint\",\"urlTemplate\":\"https:\/\/www.africa-press.net\/cameroun\/?s={search_term_string}\"},\"query-input\":{\"@type\":\"PropertyValueSpecification\",\"valueRequired\":true,\"valueName\":\"search_term_string\"}}],\"inLanguage\":\"fr-FR\"},{\"@type\":\"Person\",\"@id\":\"https:\/\/www.africa-press.net\/cameroun\/#\/schema\/person\/2b1cf3cd81a31e3cd26889ca66d677f1\",\"name\":\"cfeditorfr\"}]}<\/script>\n<!-- \/ Yoast SEO Premium plugin. -->","yoast_head_json":{"title":"Cameroun : Augustin Bala, le maire de Yaound\u00e9 V, lance les travaux d\u2019un nouveau tron\u00e7on - Cameroun","description":"La route Mvog-Ada poste centrale dont l\u2019ex\u00e9cution a d\u00e9but\u00e9 le 28 juillet 2022, viendra fluidifier la circulation urbaine ...","robots":{"index":"index","follow":"follow","max-snippet":"max-snippet:-1","max-image-preview":"max-image-preview:large","max-video-preview":"max-video-preview:-1"},"canonical":"https:\/\/www.africa-press.net\/cameroun\/economie\/cameroun-augustin-bala-le-maire-de-yaounde-v-lance-les-travaux-dun-nouveau-troncon","og_locale":"fr_FR","og_type":"article","og_title":"Cameroun : Augustin Bala, le maire de Yaound\u00e9 V, lance les travaux d\u2019un nouveau tron\u00e7on","og_description":"La route Mvog-Ada poste centrale dont l\u2019ex\u00e9cution a d\u00e9but\u00e9 le 28 juillet 2022, viendra fluidifier la circulation urbaine ...","og_url":"https:\/\/www.africa-press.net\/cameroun\/economie\/cameroun-augustin-bala-le-maire-de-yaounde-v-lance-les-travaux-dun-nouveau-troncon","og_site_name":"Cameroun","article_published_time":"2022-08-03T16:16:23+00:00","article_modified_time":"2022-08-03T16:48:35+00:00","og_image":[{"width":800,"height":451,"url":"https:\/\/static.africa-press.net\/cameroun\/sites\/57\/2022\/08\/img-62eaa6d19969b.jpg","type":"image\/jpeg"}],"author":"cfeditorfr","twitter_card":"summary_large_image","twitter_misc":{"\u00c9crit par":"cfeditorfr","Dur\u00e9e de lecture estim\u00e9e":"3 minutes"},"schema":{"@context":"https:\/\/schema.org","@graph":[{"@type":"Article","@id":"https:\/\/www.africa-press.net\/cameroun\/economie\/cameroun-augustin-bala-le-maire-de-yaounde-v-lance-les-travaux-dun-nouveau-troncon#article","isPartOf":{"@id":"https:\/\/www.africa-press.net\/cameroun\/economie\/cameroun-augustin-bala-le-maire-de-yaounde-v-lance-les-travaux-dun-nouveau-troncon"},"author":{"name":"cfeditorfr","@id":"https:\/\/www.africa-press.net\/cameroun\/#\/schema\/person\/2b1cf3cd81a31e3cd26889ca66d677f1"},"headline":"Cameroun : Augustin Bala, le maire de Yaound\u00e9 V, lance les travaux d\u2019un nouveau tron\u00e7on","datePublished":"2022-08-03T16:16:23+00:00","dateModified":"2022-08-03T16:48:35+00:00","mainEntityOfPage":{"@id":"https:\/\/www.africa-press.net\/cameroun\/economie\/cameroun-augustin-bala-le-maire-de-yaounde-v-lance-les-travaux-dun-nouveau-troncon"},"wordCount":497,"commentCount":0,"image":{"@id":"https:\/\/www.africa-press.net\/cameroun\/economie\/cameroun-augustin-bala-le-maire-de-yaounde-v-lance-les-travaux-dun-nouveau-troncon#primaryimage"},"thumbnailUrl":"https:\/\/static.africa-press.net\/cameroun\/sites\/57\/2022\/08\/img-62eaa6d19969b.jpg","keywords":["Africa Press","Africa Press-Cameroun","Cameroun"],"articleSection":["\u00c9conomie","homepage-french","Toutes les actualit\u00e9s"],"inLanguage":"fr-FR","potentialAction":[{"@type":"CommentAction","name":"Comment","target":["https:\/\/www.africa-press.net\/cameroun\/economie\/cameroun-augustin-bala-le-maire-de-yaounde-v-lance-les-travaux-dun-nouveau-troncon#respond"]}]},{"@type":"WebPage","@id":"https:\/\/www.africa-press.net\/cameroun\/economie\/cameroun-augustin-bala-le-maire-de-yaounde-v-lance-les-travaux-dun-nouveau-troncon","url":"https:\/\/www.africa-press.net\/cameroun\/economie\/cameroun-augustin-bala-le-maire-de-yaounde-v-lance-les-travaux-dun-nouveau-troncon","name":"Cameroun : Augustin Bala, le maire de Yaound\u00e9 V, lance les travaux d\u2019un nouveau tron\u00e7on - Cameroun","isPartOf":{"@id":"https:\/\/www.africa-press.net\/cameroun\/#website"},"primaryImageOfPage":{"@id":"https:\/\/www.africa-press.net\/cameroun\/economie\/cameroun-augustin-bala-le-maire-de-yaounde-v-lance-les-travaux-dun-nouveau-troncon#primaryimage"},"image":{"@id":"https:\/\/www.africa-press.net\/cameroun\/economie\/cameroun-augustin-bala-le-maire-de-yaounde-v-lance-les-travaux-dun-nouveau-troncon#primaryimage"},"thumbnailUrl":"https:\/\/static.africa-press.net\/cameroun\/sites\/57\/2022\/08\/img-62eaa6d19969b.jpg","datePublished":"2022-08-03T16:16:23+00:00","dateModified":"2022-08-03T16:48:35+00:00","author":{"@id":"https:\/\/www.africa-press.net\/cameroun\/#\/schema\/person\/2b1cf3cd81a31e3cd26889ca66d677f1"},"description":"La route Mvog-Ada poste centrale dont l\u2019ex\u00e9cution a d\u00e9but\u00e9 le 28 juillet 2022, viendra fluidifier la circulation urbaine ...","breadcrumb":{"@id":"https:\/\/www.africa-press.net\/cameroun\/economie\/cameroun-augustin-bala-le-maire-de-yaounde-v-lance-les-travaux-dun-nouveau-troncon#breadcrumb"},"inLanguage":"fr-FR","potentialAction":[{"@type":"ReadAction","target":["https:\/\/www.africa-press.net\/cameroun\/economie\/cameroun-augustin-bala-le-maire-de-yaounde-v-lance-les-travaux-dun-nouveau-troncon"]}]},{"@type":"ImageObject","inLanguage":"fr-FR","@id":"https:\/\/www.africa-press.net\/cameroun\/economie\/cameroun-augustin-bala-le-maire-de-yaounde-v-lance-les-travaux-dun-nouveau-troncon#primaryimage","url":"https:\/\/static.africa-press.net\/cameroun\/sites\/57\/2022\/08\/img-62eaa6d19969b.jpg","contentUrl":"https:\/\/static.africa-press.net\/cameroun\/sites\/57\/2022\/08\/img-62eaa6d19969b.jpg","width":800,"height":451,"caption":"Cameroun : Augustin Bala, le maire de Yaound\u00e9 V, lance les travaux d\u2019un nouveau tron\u00e7on"},{"@type":"BreadcrumbList","@id":"https:\/\/www.africa-press.net\/cameroun\/economie\/cameroun-augustin-bala-le-maire-de-yaounde-v-lance-les-travaux-dun-nouveau-troncon#breadcrumb","itemListElement":[{"@type":"ListItem","position":1,"name":"Accueil","item":"https:\/\/www.africa-press.net\/cameroun\/"},{"@type":"ListItem","position":2,"name":"Cameroun : Augustin Bala, le maire de Yaound\u00e9 V, lance les travaux d\u2019un nouveau tron\u00e7on"}]},{"@type":"WebSite","@id":"https:\/\/www.africa-press.net\/cameroun\/#website","url":"https:\/\/www.africa-press.net\/cameroun\/","name":"Cameroun","description":"Just another Africa News Agency Sites site","potentialAction":[{"@type":"SearchAction","target":{"@type":"EntryPoint","urlTemplate":"https:\/\/www.africa-press.net\/cameroun\/?s={search_term_string}"},"query-input":{"@type":"PropertyValueSpecification","valueRequired":true,"valueName":"search_term_string"}}],"inLanguage":"fr-FR"},{"@type":"Person","@id":"https:\/\/www.africa-press.net\/cameroun\/#\/schema\/person\/2b1cf3cd81a31e3cd26889ca66d677f1","name":"cfeditorfr"}]}},"_links":{"self":[{"href":"https:\/\/www.africa-press.net\/cameroun\/wp-json\/wp\/v2\/posts\/24733","targetHints":{"allow":["GET"]}}],"collection":[{"href":"https:\/\/www.africa-press.net\/cameroun\/wp-json\/wp\/v2\/posts"}],"about":[{"href":"https:\/\/www.africa-press.net\/cameroun\/wp-json\/wp\/v2\/types\/post"}],"author":[{"embeddable":true,"href":"https:\/\/www.africa-press.net\/cameroun\/wp-json\/wp\/v2\/users\/82"}],"replies":[{"embeddable":true,"href":"https:\/\/www.africa-press.net\/cameroun\/wp-json\/wp\/v2\/comments?post=24733"}],"version-history":[{"count":0,"href":"https:\/\/www.africa-press.net\/cameroun\/wp-json\/wp\/v2\/posts\/24733\/revisions"}],"wp:featuredmedia":[{"embeddable":true,"href":"https:\/\/www.africa-press.net\/cameroun\/wp-json\/wp\/v2\/media\/24732"}],"wp:attachment":[{"href":"https:\/\/www.africa-press.net\/cameroun\/wp-json\/wp\/v2\/media?parent=24733"}],"wp:term":[{"taxonomy":"category","embeddable":true,"href":"https:\/\/www.africa-press.net\/cameroun\/wp-json\/wp\/v2\/categories?post=24733"},{"taxonomy":"post_tag","embeddable":true,"href":"https:\/\/www.africa-press.net\/cameroun\/wp-json\/wp\/v2\/tags?post=24733"}],"curies":[{"name":"wp","href":"https:\/\/api.w.org\/{rel}","templated":true}]}}