{"id":24739,"date":"2022-08-03T16:34:15","date_gmt":"2022-08-03T16:34:15","guid":{"rendered":"https:\/\/www.africa-press.net\/cameroun\/politique\/cameroun-le-rdpc-et-le-pcrn-a-couteaux-tires-a-kribi"},"modified":"2022-08-03T16:49:29","modified_gmt":"2022-08-03T16:49:29","slug":"cameroun-le-rdpc-et-le-pcrn-a-couteaux-tires-a-kribi","status":"publish","type":"post","link":"https:\/\/www.africa-press.net\/cameroun\/politique\/cameroun-le-rdpc-et-le-pcrn-a-couteaux-tires-a-kribi","title":{"rendered":"Cameroun : le Rdpc et le Pcrn \u00e0 couteaux tir\u00e9s \u00e0 Kribi"},"content":{"rendered":"<p><span style=\"color: #ff6600\"><strong>Africa-Press &#8211; Cameroun. <\/strong><\/span>Pour avoir th\u00e9\u00e2tralis\u00e9 une adh\u00e9sion jug\u00e9e fausse des membres du Pcrn au Rdpc, le s\u00e9nateur Rdpc de l\u2019Oc\u00e9an Gregoire Mbamba a \u00e9t\u00e9 somm\u00e9 de produire un d\u00e9menti.<\/p>\n<p>Deux membres du Parlement camerounais se d\u00e9chirent \u00e0 Kribi. Cabral Libii d\u00e9put\u00e9 et pr\u00e9sident du Parti camerounais pour la r\u00e9conciliation national (Pcrn) est remont\u00e9 contre le s\u00e9nateur et pr\u00e9sident de la section Oc\u00e9an Sud du Rassemblement d\u00e9mocratique du peuple camerounais (Rdpc) Gr\u00e9goire Mbamba. Le premier a servi le 27 juillet dernier, une sommation exigeant du second la production d\u2019une d\u00e9claration en vue de d\u00e9mentir ses propos tenus et actes accomplis \u00e0 l\u2019encontre du Pcrn.<\/p>\n<p>En effet, tout commence le 14 juillet 2022. Alors que Gr\u00e9goire Mbamba pr\u00e9sident de la section Rdpc de l\u2019Oc\u00e9an Sud II prend part \u00e0 un meeting \u00e0 Bikondo, arrondissement de Kribi 2, quatre personnes manifestent les leur prise d\u2019engagement dans le parti du flambeau ardent. Pr\u00e9sentant une certaine lettre de d\u00e9mission, ils attestent quitter le parti de Cabral Libii dont ils affirment \u00eatre membres. Selon Camer.be, ce sont G\u00e9rard Bertrand Nlayong Kouombi, Rom\u00e9o Martin Kouedi, Pierre Mamia et Marc Ndongo.<\/p>\n<p>Ladite lettre est sign\u00e9e d\u2019une dizaine de militants pr\u00e9tendus du Pcrn. Entre autres signataires figurent le nom de trois membres convaincus du Pcrn. Mais, Jaubert Bengono, Alain Ngouo Louanga et Isaac Mbvira ne reconnaissent pas avoir sign\u00e9 un tel document. Les pr\u00e9tendus d\u00e9missionnaires ne sont pas non plus reconnus comme membres du Pcrn. Le parti dit n\u2019avoir re\u00e7u aucune lettre de d\u00e9mission d\u2019un de ses membres.<\/p>\n<p>Du coup, Cabral Libii entend mettre fin \u00e0 l\u2019imposture. Il requi\u00e8re de Gr\u00e9goire Mbamba de \u00ab d\u00e9mentir ces all\u00e9gations sans fondement dans un d\u00e9lai de 72h. Qu\u2019\u00e0 toutes fins utiles, le Pcrn n\u2019a re\u00e7u aucune lettre de d\u00e9mission av\u00e9r\u00e9e, encore moins suppos\u00e9e, de ses militants tels que brandi lors du meeting sus \u00e9voqu\u00e9. Que ce cynisme politique de trop, qui viole les r\u00e8gles d\u2019un jeu d\u00e9mocratique qui se veut ouvert et honn\u00eate, semble prendre un coup des ann\u00e9es pr\u00e9historiques et sombre du pass\u00e9 \u00bb, mart\u00e8le la sommation dont d\u00e9lai n\u2019est pas respect\u00e9 jusque-l\u00e0.<\/p>\n<p><strong>Pour plus d&rsquo;informations et d&rsquo;analyses sur la <a href=\"https:\/\/www.africa-press.net\/cameroun\">Cameroun<\/a>, suivez <a href=\"https:\/\/www.africa-press.net\/\">Africa-Press<\/a><\/strong><\/p>\n","protected":false},"excerpt":{"rendered":"<p>Africa-Press &#8211; Cameroun. Pour avoir th\u00e9\u00e2tralis\u00e9 une adh\u00e9sion jug\u00e9e fausse des membres du Pcrn au Rdpc, le s\u00e9nateur Rdpc de l\u2019Oc\u00e9an Gregoire Mbamba a \u00e9t\u00e9 somm\u00e9 de produire un d\u00e9menti. Deux membres du Parlement camerounais se d\u00e9chirent \u00e0 Kribi. Cabral Libii d\u00e9put\u00e9 et pr\u00e9sident du Parti camerounais pour la r\u00e9conciliation national (Pcrn) est remont\u00e9 contre [&hellip;]<\/p>\n","protected":false},"author":82,"featured_media":24738,"comment_status":"open","ping_status":"closed","sticky":false,"template":"","format":"standard","meta":{"footnotes":""},"categories":[11,2,10],"tags":[36,50,49],"class_list":["post-24739","post","type-post","status-publish","format-standard","has-post-thumbnail","hentry","category-homepage-french","category-politique","category-toutes-les-actualites","tag-africa-press","tag-africa-press-cameroun","tag-cameroun"],"yoast_head":"<!-- This site is optimized with the Yoast SEO Premium plugin v26.1 (Yoast SEO v27.0) - https:\/\/yoast.com\/product\/yoast-seo-premium-wordpress\/ -->\n<title>Cameroun : le Rdpc et le Pcrn \u00e0 couteaux tir\u00e9s \u00e0 Kribi - Cameroun<\/title>\n<meta name=\"description\" content=\"Pour avoir th\u00e9\u00e2tralis\u00e9 une adh\u00e9sion jug\u00e9e fausse des membres du Pcrn au Rdpc, le s\u00e9nateur Rdpc de l\u2019Oc\u00e9an Gregoire Mbamb ...\" \/>\n<meta name=\"robots\" content=\"index, follow, max-snippet:-1, max-image-preview:large, max-video-preview:-1\" \/>\n<link rel=\"canonical\" href=\"https:\/\/www.africa-press.net\/cameroun\/politique\/cameroun-le-rdpc-et-le-pcrn-a-couteaux-tires-a-kribi\" \/>\n<meta property=\"og:locale\" content=\"fr_FR\" \/>\n<meta property=\"og:type\" content=\"article\" \/>\n<meta property=\"og:title\" content=\"Cameroun : le Rdpc et le Pcrn \u00e0 couteaux tir\u00e9s \u00e0 Kribi\" \/>\n<meta property=\"og:description\" content=\"Pour avoir th\u00e9\u00e2tralis\u00e9 une adh\u00e9sion jug\u00e9e fausse des membres du Pcrn au Rdpc, le s\u00e9nateur Rdpc de l\u2019Oc\u00e9an Gregoire Mbamb ...\" \/>\n<meta property=\"og:url\" content=\"https:\/\/www.africa-press.net\/cameroun\/politique\/cameroun-le-rdpc-et-le-pcrn-a-couteaux-tires-a-kribi\" \/>\n<meta property=\"og:site_name\" content=\"Cameroun\" \/>\n<meta property=\"article:published_time\" content=\"2022-08-03T16:34:15+00:00\" \/>\n<meta property=\"article:modified_time\" content=\"2022-08-03T16:49:29+00:00\" \/>\n<meta property=\"og:image\" content=\"https:\/\/static.africa-press.net\/cameroun\/sites\/57\/2022\/08\/img-62eaa70591101.jpg\" \/>\n\t<meta property=\"og:image:width\" content=\"800\" \/>\n\t<meta property=\"og:image:height\" content=\"480\" \/>\n\t<meta property=\"og:image:type\" content=\"image\/jpeg\" \/>\n<meta name=\"author\" content=\"cfeditorfr\" \/>\n<meta name=\"twitter:card\" content=\"summary_large_image\" \/>\n<meta name=\"twitter:label1\" content=\"\u00c9crit par\" \/>\n\t<meta name=\"twitter:data1\" content=\"cfeditorfr\" \/>\n\t<meta name=\"twitter:label2\" content=\"Dur\u00e9e de lecture estim\u00e9e\" \/>\n\t<meta name=\"twitter:data2\" content=\"2 minutes\" \/>\n<script type=\"application\/ld+json\" class=\"yoast-schema-graph\">{\"@context\":\"https:\/\/schema.org\",\"@graph\":[{\"@type\":\"Article\",\"@id\":\"https:\/\/www.africa-press.net\/cameroun\/politique\/cameroun-le-rdpc-et-le-pcrn-a-couteaux-tires-a-kribi#article\",\"isPartOf\":{\"@id\":\"https:\/\/www.africa-press.net\/cameroun\/politique\/cameroun-le-rdpc-et-le-pcrn-a-couteaux-tires-a-kribi\"},\"author\":{\"name\":\"cfeditorfr\",\"@id\":\"https:\/\/www.africa-press.net\/cameroun\/#\/schema\/person\/2b1cf3cd81a31e3cd26889ca66d677f1\"},\"headline\":\"Cameroun : le Rdpc et le Pcrn \u00e0 couteaux tir\u00e9s \u00e0 Kribi\",\"datePublished\":\"2022-08-03T16:34:15+00:00\",\"dateModified\":\"2022-08-03T16:49:29+00:00\",\"mainEntityOfPage\":{\"@id\":\"https:\/\/www.africa-press.net\/cameroun\/politique\/cameroun-le-rdpc-et-le-pcrn-a-couteaux-tires-a-kribi\"},\"wordCount\":414,\"commentCount\":0,\"image\":{\"@id\":\"https:\/\/www.africa-press.net\/cameroun\/politique\/cameroun-le-rdpc-et-le-pcrn-a-couteaux-tires-a-kribi#primaryimage\"},\"thumbnailUrl\":\"https:\/\/static.africa-press.net\/cameroun\/sites\/57\/2022\/08\/img-62eaa70591101.jpg\",\"keywords\":[\"Africa Press\",\"Africa Press-Cameroun\",\"Cameroun\"],\"articleSection\":[\"homepage-french\",\"Politique\",\"Toutes les actualit\u00e9s\"],\"inLanguage\":\"fr-FR\",\"potentialAction\":[{\"@type\":\"CommentAction\",\"name\":\"Comment\",\"target\":[\"https:\/\/www.africa-press.net\/cameroun\/politique\/cameroun-le-rdpc-et-le-pcrn-a-couteaux-tires-a-kribi#respond\"]}]},{\"@type\":\"WebPage\",\"@id\":\"https:\/\/www.africa-press.net\/cameroun\/politique\/cameroun-le-rdpc-et-le-pcrn-a-couteaux-tires-a-kribi\",\"url\":\"https:\/\/www.africa-press.net\/cameroun\/politique\/cameroun-le-rdpc-et-le-pcrn-a-couteaux-tires-a-kribi\",\"name\":\"Cameroun : le Rdpc et le Pcrn \u00e0 couteaux tir\u00e9s \u00e0 Kribi - Cameroun\",\"isPartOf\":{\"@id\":\"https:\/\/www.africa-press.net\/cameroun\/#website\"},\"primaryImageOfPage\":{\"@id\":\"https:\/\/www.africa-press.net\/cameroun\/politique\/cameroun-le-rdpc-et-le-pcrn-a-couteaux-tires-a-kribi#primaryimage\"},\"image\":{\"@id\":\"https:\/\/www.africa-press.net\/cameroun\/politique\/cameroun-le-rdpc-et-le-pcrn-a-couteaux-tires-a-kribi#primaryimage\"},\"thumbnailUrl\":\"https:\/\/static.africa-press.net\/cameroun\/sites\/57\/2022\/08\/img-62eaa70591101.jpg\",\"datePublished\":\"2022-08-03T16:34:15+00:00\",\"dateModified\":\"2022-08-03T16:49:29+00:00\",\"author\":{\"@id\":\"https:\/\/www.africa-press.net\/cameroun\/#\/schema\/person\/2b1cf3cd81a31e3cd26889ca66d677f1\"},\"description\":\"Pour avoir th\u00e9\u00e2tralis\u00e9 une adh\u00e9sion jug\u00e9e fausse des membres du Pcrn au Rdpc, le s\u00e9nateur Rdpc de l\u2019Oc\u00e9an Gregoire Mbamb ...\",\"breadcrumb\":{\"@id\":\"https:\/\/www.africa-press.net\/cameroun\/politique\/cameroun-le-rdpc-et-le-pcrn-a-couteaux-tires-a-kribi#breadcrumb\"},\"inLanguage\":\"fr-FR\",\"potentialAction\":[{\"@type\":\"ReadAction\",\"target\":[\"https:\/\/www.africa-press.net\/cameroun\/politique\/cameroun-le-rdpc-et-le-pcrn-a-couteaux-tires-a-kribi\"]}]},{\"@type\":\"ImageObject\",\"inLanguage\":\"fr-FR\",\"@id\":\"https:\/\/www.africa-press.net\/cameroun\/politique\/cameroun-le-rdpc-et-le-pcrn-a-couteaux-tires-a-kribi#primaryimage\",\"url\":\"https:\/\/static.africa-press.net\/cameroun\/sites\/57\/2022\/08\/img-62eaa70591101.jpg\",\"contentUrl\":\"https:\/\/static.africa-press.net\/cameroun\/sites\/57\/2022\/08\/img-62eaa70591101.jpg\",\"width\":800,\"height\":480,\"caption\":\"Cameroun : le Rdpc et le Pcrn \u00e0 couteaux tir\u00e9s \u00e0 Kribi\"},{\"@type\":\"BreadcrumbList\",\"@id\":\"https:\/\/www.africa-press.net\/cameroun\/politique\/cameroun-le-rdpc-et-le-pcrn-a-couteaux-tires-a-kribi#breadcrumb\",\"itemListElement\":[{\"@type\":\"ListItem\",\"position\":1,\"name\":\"Accueil\",\"item\":\"https:\/\/www.africa-press.net\/cameroun\/\"},{\"@type\":\"ListItem\",\"position\":2,\"name\":\"Cameroun : le Rdpc et le Pcrn \u00e0 couteaux tir\u00e9s \u00e0 Kribi\"}]},{\"@type\":\"WebSite\",\"@id\":\"https:\/\/www.africa-press.net\/cameroun\/#website\",\"url\":\"https:\/\/www.africa-press.net\/cameroun\/\",\"name\":\"Cameroun\",\"description\":\"Just another Africa News Agency Sites site\",\"potentialAction\":[{\"@type\":\"SearchAction\",\"target\":{\"@type\":\"EntryPoint\",\"urlTemplate\":\"https:\/\/www.africa-press.net\/cameroun\/?s={search_term_string}\"},\"query-input\":{\"@type\":\"PropertyValueSpecification\",\"valueRequired\":true,\"valueName\":\"search_term_string\"}}],\"inLanguage\":\"fr-FR\"},{\"@type\":\"Person\",\"@id\":\"https:\/\/www.africa-press.net\/cameroun\/#\/schema\/person\/2b1cf3cd81a31e3cd26889ca66d677f1\",\"name\":\"cfeditorfr\"}]}<\/script>\n<!-- \/ Yoast SEO Premium plugin. -->","yoast_head_json":{"title":"Cameroun : le Rdpc et le Pcrn \u00e0 couteaux tir\u00e9s \u00e0 Kribi - Cameroun","description":"Pour avoir th\u00e9\u00e2tralis\u00e9 une adh\u00e9sion jug\u00e9e fausse des membres du Pcrn au Rdpc, le s\u00e9nateur Rdpc de l\u2019Oc\u00e9an Gregoire Mbamb ...","robots":{"index":"index","follow":"follow","max-snippet":"max-snippet:-1","max-image-preview":"max-image-preview:large","max-video-preview":"max-video-preview:-1"},"canonical":"https:\/\/www.africa-press.net\/cameroun\/politique\/cameroun-le-rdpc-et-le-pcrn-a-couteaux-tires-a-kribi","og_locale":"fr_FR","og_type":"article","og_title":"Cameroun : le Rdpc et le Pcrn \u00e0 couteaux tir\u00e9s \u00e0 Kribi","og_description":"Pour avoir th\u00e9\u00e2tralis\u00e9 une adh\u00e9sion jug\u00e9e fausse des membres du Pcrn au Rdpc, le s\u00e9nateur Rdpc de l\u2019Oc\u00e9an Gregoire Mbamb ...","og_url":"https:\/\/www.africa-press.net\/cameroun\/politique\/cameroun-le-rdpc-et-le-pcrn-a-couteaux-tires-a-kribi","og_site_name":"Cameroun","article_published_time":"2022-08-03T16:34:15+00:00","article_modified_time":"2022-08-03T16:49:29+00:00","og_image":[{"width":800,"height":480,"url":"https:\/\/static.africa-press.net\/cameroun\/sites\/57\/2022\/08\/img-62eaa70591101.jpg","type":"image\/jpeg"}],"author":"cfeditorfr","twitter_card":"summary_large_image","twitter_misc":{"\u00c9crit par":"cfeditorfr","Dur\u00e9e de lecture estim\u00e9e":"2 minutes"},"schema":{"@context":"https:\/\/schema.org","@graph":[{"@type":"Article","@id":"https:\/\/www.africa-press.net\/cameroun\/politique\/cameroun-le-rdpc-et-le-pcrn-a-couteaux-tires-a-kribi#article","isPartOf":{"@id":"https:\/\/www.africa-press.net\/cameroun\/politique\/cameroun-le-rdpc-et-le-pcrn-a-couteaux-tires-a-kribi"},"author":{"name":"cfeditorfr","@id":"https:\/\/www.africa-press.net\/cameroun\/#\/schema\/person\/2b1cf3cd81a31e3cd26889ca66d677f1"},"headline":"Cameroun : le Rdpc et le Pcrn \u00e0 couteaux tir\u00e9s \u00e0 Kribi","datePublished":"2022-08-03T16:34:15+00:00","dateModified":"2022-08-03T16:49:29+00:00","mainEntityOfPage":{"@id":"https:\/\/www.africa-press.net\/cameroun\/politique\/cameroun-le-rdpc-et-le-pcrn-a-couteaux-tires-a-kribi"},"wordCount":414,"commentCount":0,"image":{"@id":"https:\/\/www.africa-press.net\/cameroun\/politique\/cameroun-le-rdpc-et-le-pcrn-a-couteaux-tires-a-kribi#primaryimage"},"thumbnailUrl":"https:\/\/static.africa-press.net\/cameroun\/sites\/57\/2022\/08\/img-62eaa70591101.jpg","keywords":["Africa Press","Africa Press-Cameroun","Cameroun"],"articleSection":["homepage-french","Politique","Toutes les actualit\u00e9s"],"inLanguage":"fr-FR","potentialAction":[{"@type":"CommentAction","name":"Comment","target":["https:\/\/www.africa-press.net\/cameroun\/politique\/cameroun-le-rdpc-et-le-pcrn-a-couteaux-tires-a-kribi#respond"]}]},{"@type":"WebPage","@id":"https:\/\/www.africa-press.net\/cameroun\/politique\/cameroun-le-rdpc-et-le-pcrn-a-couteaux-tires-a-kribi","url":"https:\/\/www.africa-press.net\/cameroun\/politique\/cameroun-le-rdpc-et-le-pcrn-a-couteaux-tires-a-kribi","name":"Cameroun : le Rdpc et le Pcrn \u00e0 couteaux tir\u00e9s \u00e0 Kribi - Cameroun","isPartOf":{"@id":"https:\/\/www.africa-press.net\/cameroun\/#website"},"primaryImageOfPage":{"@id":"https:\/\/www.africa-press.net\/cameroun\/politique\/cameroun-le-rdpc-et-le-pcrn-a-couteaux-tires-a-kribi#primaryimage"},"image":{"@id":"https:\/\/www.africa-press.net\/cameroun\/politique\/cameroun-le-rdpc-et-le-pcrn-a-couteaux-tires-a-kribi#primaryimage"},"thumbnailUrl":"https:\/\/static.africa-press.net\/cameroun\/sites\/57\/2022\/08\/img-62eaa70591101.jpg","datePublished":"2022-08-03T16:34:15+00:00","dateModified":"2022-08-03T16:49:29+00:00","author":{"@id":"https:\/\/www.africa-press.net\/cameroun\/#\/schema\/person\/2b1cf3cd81a31e3cd26889ca66d677f1"},"description":"Pour avoir th\u00e9\u00e2tralis\u00e9 une adh\u00e9sion jug\u00e9e fausse des membres du Pcrn au Rdpc, le s\u00e9nateur Rdpc de l\u2019Oc\u00e9an Gregoire Mbamb ...","breadcrumb":{"@id":"https:\/\/www.africa-press.net\/cameroun\/politique\/cameroun-le-rdpc-et-le-pcrn-a-couteaux-tires-a-kribi#breadcrumb"},"inLanguage":"fr-FR","potentialAction":[{"@type":"ReadAction","target":["https:\/\/www.africa-press.net\/cameroun\/politique\/cameroun-le-rdpc-et-le-pcrn-a-couteaux-tires-a-kribi"]}]},{"@type":"ImageObject","inLanguage":"fr-FR","@id":"https:\/\/www.africa-press.net\/cameroun\/politique\/cameroun-le-rdpc-et-le-pcrn-a-couteaux-tires-a-kribi#primaryimage","url":"https:\/\/static.africa-press.net\/cameroun\/sites\/57\/2022\/08\/img-62eaa70591101.jpg","contentUrl":"https:\/\/static.africa-press.net\/cameroun\/sites\/57\/2022\/08\/img-62eaa70591101.jpg","width":800,"height":480,"caption":"Cameroun : le Rdpc et le Pcrn \u00e0 couteaux tir\u00e9s \u00e0 Kribi"},{"@type":"BreadcrumbList","@id":"https:\/\/www.africa-press.net\/cameroun\/politique\/cameroun-le-rdpc-et-le-pcrn-a-couteaux-tires-a-kribi#breadcrumb","itemListElement":[{"@type":"ListItem","position":1,"name":"Accueil","item":"https:\/\/www.africa-press.net\/cameroun\/"},{"@type":"ListItem","position":2,"name":"Cameroun : le Rdpc et le Pcrn \u00e0 couteaux tir\u00e9s \u00e0 Kribi"}]},{"@type":"WebSite","@id":"https:\/\/www.africa-press.net\/cameroun\/#website","url":"https:\/\/www.africa-press.net\/cameroun\/","name":"Cameroun","description":"Just another Africa News Agency Sites site","potentialAction":[{"@type":"SearchAction","target":{"@type":"EntryPoint","urlTemplate":"https:\/\/www.africa-press.net\/cameroun\/?s={search_term_string}"},"query-input":{"@type":"PropertyValueSpecification","valueRequired":true,"valueName":"search_term_string"}}],"inLanguage":"fr-FR"},{"@type":"Person","@id":"https:\/\/www.africa-press.net\/cameroun\/#\/schema\/person\/2b1cf3cd81a31e3cd26889ca66d677f1","name":"cfeditorfr"}]}},"_links":{"self":[{"href":"https:\/\/www.africa-press.net\/cameroun\/wp-json\/wp\/v2\/posts\/24739","targetHints":{"allow":["GET"]}}],"collection":[{"href":"https:\/\/www.africa-press.net\/cameroun\/wp-json\/wp\/v2\/posts"}],"about":[{"href":"https:\/\/www.africa-press.net\/cameroun\/wp-json\/wp\/v2\/types\/post"}],"author":[{"embeddable":true,"href":"https:\/\/www.africa-press.net\/cameroun\/wp-json\/wp\/v2\/users\/82"}],"replies":[{"embeddable":true,"href":"https:\/\/www.africa-press.net\/cameroun\/wp-json\/wp\/v2\/comments?post=24739"}],"version-history":[{"count":0,"href":"https:\/\/www.africa-press.net\/cameroun\/wp-json\/wp\/v2\/posts\/24739\/revisions"}],"wp:featuredmedia":[{"embeddable":true,"href":"https:\/\/www.africa-press.net\/cameroun\/wp-json\/wp\/v2\/media\/24738"}],"wp:attachment":[{"href":"https:\/\/www.africa-press.net\/cameroun\/wp-json\/wp\/v2\/media?parent=24739"}],"wp:term":[{"taxonomy":"category","embeddable":true,"href":"https:\/\/www.africa-press.net\/cameroun\/wp-json\/wp\/v2\/categories?post=24739"},{"taxonomy":"post_tag","embeddable":true,"href":"https:\/\/www.africa-press.net\/cameroun\/wp-json\/wp\/v2\/tags?post=24739"}],"curies":[{"name":"wp","href":"https:\/\/api.w.org\/{rel}","templated":true}]}}