{"id":24745,"date":"2022-08-03T16:50:14","date_gmt":"2022-08-03T16:50:14","guid":{"rendered":"https:\/\/www.africa-press.net\/cameroun\/politique\/football-aurelio-de-laurentiis-ne-me-parlez-plus-des-africains"},"modified":"2022-08-03T16:50:28","modified_gmt":"2022-08-03T16:50:28","slug":"football-aurelio-de-laurentiis-ne-me-parlez-plus-des-africains","status":"publish","type":"post","link":"https:\/\/www.africa-press.net\/cameroun\/sports\/football-aurelio-de-laurentiis-ne-me-parlez-plus-des-africains","title":{"rendered":"Football : Aurelio De Laurentiis \u00ab\u00a0Ne me parlez plus des Africains\u00a0\u00bb"},"content":{"rendered":"<p><span style=\"color: #ff6600\"><strong>Africa-Press &#8211; Cameroun. <\/strong><\/span>Le pr\u00e9sident du club italien de Naples a fait une \u00e9norme r\u00e9v\u00e9lation sur le march\u00e9 des joueurs africains.<\/p>\n<p>Dans une interview \u00e0 Wall Street Italia, le patron des Azzurri r\u00e9v\u00e8le que le Napoli n\u2019attirera pas de joueurs africains pendant ce mercato estival. \u201cNe me parlez plus des footballeurs africains. Je ne les prends que s\u2019ils renoncent \u00e0 jouer la Coupe d\u2019Afrique, sinon ils ne sont jamais disponibles. Nous sommes des imb\u00e9ciles qui payons des salaires pour les envoyer jou\u00e9 pour les autres.\u201d<\/p>\n<p>Visiblement int\u00e9ress\u00e9e par l\u2019attaquant portugais de Manchester United Cristiano Ronaldo, la formation bas\u00e9e au stade Diego Armando Maradona a notamment recrut\u00e9 le milieu camerounais Andr\u00e9-Frank Zambo Anguissa (15 millions d\u2019euros) et le d\u00e9fenseur central sud-cor\u00e9en Kim Min-jae (18,05 millions d\u2019euros). Dans le sens des d\u00e9parts, le d\u00e9fenseur central s\u00e9n\u00e9galais Kalidou Koulibaly a \u00e9t\u00e9 vendu \u00e0 Chelsea pour 38 millions d\u2019euros.<\/p>\n<p>Zambo Anguissa et Victor Osimhen<\/p>\n<p>\u00ab Le championnat est encore tr\u00e8s long. Il y a encore ce \u2018monstre invisible\u2019, la Coupe d\u2019Afrique des Nations, qui te prend des joueurs du vestiaire, sans savoir quand tu les retrouveras, ni quoi faire \u00bb. Ces mots de l\u2019entra\u00eeneur de Naples, Luciano Spalletti, en d\u00e9cembre 2021, ont trouv\u00e9 de l\u2019\u00e9cho aupr\u00e8s de son pr\u00e9sident. Le Camerounais Zambo Anguissa et le Nig\u00e9rian Victor Osimhen auraient-ils d\u00e9j\u00e0 renonc\u00e9 \u00e0 disputer la prochaine Can ?<\/p>\n<p><strong>Pour plus d&rsquo;informations et d&rsquo;analyses sur la <a href=\"https:\/\/www.africa-press.net\/cameroun\">Cameroun<\/a>, suivez <a href=\"https:\/\/www.africa-press.net\/\">Africa-Press<\/a><\/strong><\/p>\n","protected":false},"excerpt":{"rendered":"<p>Africa-Press &#8211; Cameroun. Le pr\u00e9sident du club italien de Naples a fait une \u00e9norme r\u00e9v\u00e9lation sur le march\u00e9 des joueurs africains. Dans une interview \u00e0 Wall Street Italia, le patron des Azzurri r\u00e9v\u00e8le que le Napoli n\u2019attirera pas de joueurs africains pendant ce mercato estival. \u201cNe me parlez plus des footballeurs africains. Je ne les [&hellip;]<\/p>\n","protected":false},"author":82,"featured_media":24744,"comment_status":"open","ping_status":"closed","sticky":false,"template":"","format":"standard","meta":{"footnotes":""},"categories":[11,6,10],"tags":[36,50,49],"class_list":["post-24745","post","type-post","status-publish","format-standard","has-post-thumbnail","hentry","category-homepage-french","category-sports","category-toutes-les-actualites","tag-africa-press","tag-africa-press-cameroun","tag-cameroun"],"yoast_head":"<!-- This site is optimized with the Yoast SEO Premium plugin v26.1 (Yoast SEO v27.0) - https:\/\/yoast.com\/product\/yoast-seo-premium-wordpress\/ -->\n<title>Football : Aurelio De Laurentiis \u00ab\u00a0Ne me parlez plus des Africains\u00a0\u00bb - Cameroun<\/title>\n<meta name=\"description\" content=\"Le pr\u00e9sident du club italien de Naples a fait une \u00e9norme r\u00e9v\u00e9lation sur le march\u00e9 des joueurs africains. Dans une inter ...\" \/>\n<meta name=\"robots\" content=\"index, follow, max-snippet:-1, max-image-preview:large, max-video-preview:-1\" \/>\n<link rel=\"canonical\" href=\"https:\/\/www.africa-press.net\/cameroun\/sports\/football-aurelio-de-laurentiis-ne-me-parlez-plus-des-africains\" \/>\n<meta property=\"og:locale\" content=\"fr_FR\" \/>\n<meta property=\"og:type\" content=\"article\" \/>\n<meta property=\"og:title\" content=\"Football : Aurelio De Laurentiis \u00ab\u00a0Ne me parlez plus des Africains\u00a0\u00bb\" \/>\n<meta property=\"og:description\" content=\"Le pr\u00e9sident du club italien de Naples a fait une \u00e9norme r\u00e9v\u00e9lation sur le march\u00e9 des joueurs africains. Dans une inter ...\" \/>\n<meta property=\"og:url\" content=\"https:\/\/www.africa-press.net\/cameroun\/sports\/football-aurelio-de-laurentiis-ne-me-parlez-plus-des-africains\" \/>\n<meta property=\"og:site_name\" content=\"Cameroun\" \/>\n<meta property=\"article:published_time\" content=\"2022-08-03T16:50:14+00:00\" \/>\n<meta property=\"article:modified_time\" content=\"2022-08-03T16:50:28+00:00\" \/>\n<meta property=\"og:image\" content=\"https:\/\/static.africa-press.net\/cameroun\/sites\/57\/2022\/08\/img-62eaa73d95ffd.jpg\" \/>\n\t<meta property=\"og:image:width\" content=\"1920\" \/>\n\t<meta property=\"og:image:height\" content=\"1279\" \/>\n\t<meta property=\"og:image:type\" content=\"image\/jpeg\" \/>\n<meta name=\"author\" content=\"cfeditorfr\" \/>\n<meta name=\"twitter:card\" content=\"summary_large_image\" \/>\n<meta name=\"twitter:label1\" content=\"\u00c9crit par\" \/>\n\t<meta name=\"twitter:data1\" content=\"cfeditorfr\" \/>\n\t<meta name=\"twitter:label2\" content=\"Dur\u00e9e de lecture estim\u00e9e\" \/>\n\t<meta name=\"twitter:data2\" content=\"2 minutes\" \/>\n<script type=\"application\/ld+json\" class=\"yoast-schema-graph\">{\"@context\":\"https:\/\/schema.org\",\"@graph\":[{\"@type\":\"Article\",\"@id\":\"https:\/\/www.africa-press.net\/cameroun\/sports\/football-aurelio-de-laurentiis-ne-me-parlez-plus-des-africains#article\",\"isPartOf\":{\"@id\":\"https:\/\/www.africa-press.net\/cameroun\/sports\/football-aurelio-de-laurentiis-ne-me-parlez-plus-des-africains\"},\"author\":{\"name\":\"cfeditorfr\",\"@id\":\"https:\/\/www.africa-press.net\/cameroun\/#\/schema\/person\/2b1cf3cd81a31e3cd26889ca66d677f1\"},\"headline\":\"Football : Aurelio De Laurentiis \u00ab\u00a0Ne me parlez plus des Africains\u00a0\u00bb\",\"datePublished\":\"2022-08-03T16:50:14+00:00\",\"dateModified\":\"2022-08-03T16:50:28+00:00\",\"mainEntityOfPage\":{\"@id\":\"https:\/\/www.africa-press.net\/cameroun\/sports\/football-aurelio-de-laurentiis-ne-me-parlez-plus-des-africains\"},\"wordCount\":267,\"commentCount\":0,\"image\":{\"@id\":\"https:\/\/www.africa-press.net\/cameroun\/sports\/football-aurelio-de-laurentiis-ne-me-parlez-plus-des-africains#primaryimage\"},\"thumbnailUrl\":\"https:\/\/static.africa-press.net\/cameroun\/sites\/57\/2022\/08\/img-62eaa73d95ffd.jpg\",\"keywords\":[\"Africa Press\",\"Africa Press-Cameroun\",\"Cameroun\"],\"articleSection\":[\"homepage-french\",\"Sports\",\"Toutes les actualit\u00e9s\"],\"inLanguage\":\"fr-FR\",\"potentialAction\":[{\"@type\":\"CommentAction\",\"name\":\"Comment\",\"target\":[\"https:\/\/www.africa-press.net\/cameroun\/sports\/football-aurelio-de-laurentiis-ne-me-parlez-plus-des-africains#respond\"]}]},{\"@type\":\"WebPage\",\"@id\":\"https:\/\/www.africa-press.net\/cameroun\/sports\/football-aurelio-de-laurentiis-ne-me-parlez-plus-des-africains\",\"url\":\"https:\/\/www.africa-press.net\/cameroun\/sports\/football-aurelio-de-laurentiis-ne-me-parlez-plus-des-africains\",\"name\":\"Football : Aurelio De Laurentiis \u00ab\u00a0Ne me parlez plus des Africains\u00a0\u00bb - Cameroun\",\"isPartOf\":{\"@id\":\"https:\/\/www.africa-press.net\/cameroun\/#website\"},\"primaryImageOfPage\":{\"@id\":\"https:\/\/www.africa-press.net\/cameroun\/sports\/football-aurelio-de-laurentiis-ne-me-parlez-plus-des-africains#primaryimage\"},\"image\":{\"@id\":\"https:\/\/www.africa-press.net\/cameroun\/sports\/football-aurelio-de-laurentiis-ne-me-parlez-plus-des-africains#primaryimage\"},\"thumbnailUrl\":\"https:\/\/static.africa-press.net\/cameroun\/sites\/57\/2022\/08\/img-62eaa73d95ffd.jpg\",\"datePublished\":\"2022-08-03T16:50:14+00:00\",\"dateModified\":\"2022-08-03T16:50:28+00:00\",\"author\":{\"@id\":\"https:\/\/www.africa-press.net\/cameroun\/#\/schema\/person\/2b1cf3cd81a31e3cd26889ca66d677f1\"},\"description\":\"Le pr\u00e9sident du club italien de Naples a fait une \u00e9norme r\u00e9v\u00e9lation sur le march\u00e9 des joueurs africains. Dans une inter ...\",\"breadcrumb\":{\"@id\":\"https:\/\/www.africa-press.net\/cameroun\/sports\/football-aurelio-de-laurentiis-ne-me-parlez-plus-des-africains#breadcrumb\"},\"inLanguage\":\"fr-FR\",\"potentialAction\":[{\"@type\":\"ReadAction\",\"target\":[\"https:\/\/www.africa-press.net\/cameroun\/sports\/football-aurelio-de-laurentiis-ne-me-parlez-plus-des-africains\"]}]},{\"@type\":\"ImageObject\",\"inLanguage\":\"fr-FR\",\"@id\":\"https:\/\/www.africa-press.net\/cameroun\/sports\/football-aurelio-de-laurentiis-ne-me-parlez-plus-des-africains#primaryimage\",\"url\":\"https:\/\/static.africa-press.net\/cameroun\/sites\/57\/2022\/08\/img-62eaa73d95ffd.jpg\",\"contentUrl\":\"https:\/\/static.africa-press.net\/cameroun\/sites\/57\/2022\/08\/img-62eaa73d95ffd.jpg\",\"width\":1920,\"height\":1279,\"caption\":\"Football : Aurelio De Laurentiis \u00ab\u00a0Ne me parlez plus des Africains\u00a0\u00bb\"},{\"@type\":\"BreadcrumbList\",\"@id\":\"https:\/\/www.africa-press.net\/cameroun\/sports\/football-aurelio-de-laurentiis-ne-me-parlez-plus-des-africains#breadcrumb\",\"itemListElement\":[{\"@type\":\"ListItem\",\"position\":1,\"name\":\"Accueil\",\"item\":\"https:\/\/www.africa-press.net\/cameroun\/\"},{\"@type\":\"ListItem\",\"position\":2,\"name\":\"Football : Aurelio De Laurentiis \u00ab\u00a0Ne me parlez plus des Africains\u00a0\u00bb\"}]},{\"@type\":\"WebSite\",\"@id\":\"https:\/\/www.africa-press.net\/cameroun\/#website\",\"url\":\"https:\/\/www.africa-press.net\/cameroun\/\",\"name\":\"Cameroun\",\"description\":\"Just another Africa News Agency Sites site\",\"potentialAction\":[{\"@type\":\"SearchAction\",\"target\":{\"@type\":\"EntryPoint\",\"urlTemplate\":\"https:\/\/www.africa-press.net\/cameroun\/?s={search_term_string}\"},\"query-input\":{\"@type\":\"PropertyValueSpecification\",\"valueRequired\":true,\"valueName\":\"search_term_string\"}}],\"inLanguage\":\"fr-FR\"},{\"@type\":\"Person\",\"@id\":\"https:\/\/www.africa-press.net\/cameroun\/#\/schema\/person\/2b1cf3cd81a31e3cd26889ca66d677f1\",\"name\":\"cfeditorfr\"}]}<\/script>\n<!-- \/ Yoast SEO Premium plugin. -->","yoast_head_json":{"title":"Football : Aurelio De Laurentiis \u00ab\u00a0Ne me parlez plus des Africains\u00a0\u00bb - Cameroun","description":"Le pr\u00e9sident du club italien de Naples a fait une \u00e9norme r\u00e9v\u00e9lation sur le march\u00e9 des joueurs africains. Dans une inter ...","robots":{"index":"index","follow":"follow","max-snippet":"max-snippet:-1","max-image-preview":"max-image-preview:large","max-video-preview":"max-video-preview:-1"},"canonical":"https:\/\/www.africa-press.net\/cameroun\/sports\/football-aurelio-de-laurentiis-ne-me-parlez-plus-des-africains","og_locale":"fr_FR","og_type":"article","og_title":"Football : Aurelio De Laurentiis \u00ab\u00a0Ne me parlez plus des Africains\u00a0\u00bb","og_description":"Le pr\u00e9sident du club italien de Naples a fait une \u00e9norme r\u00e9v\u00e9lation sur le march\u00e9 des joueurs africains. Dans une inter ...","og_url":"https:\/\/www.africa-press.net\/cameroun\/sports\/football-aurelio-de-laurentiis-ne-me-parlez-plus-des-africains","og_site_name":"Cameroun","article_published_time":"2022-08-03T16:50:14+00:00","article_modified_time":"2022-08-03T16:50:28+00:00","og_image":[{"width":1920,"height":1279,"url":"https:\/\/static.africa-press.net\/cameroun\/sites\/57\/2022\/08\/img-62eaa73d95ffd.jpg","type":"image\/jpeg"}],"author":"cfeditorfr","twitter_card":"summary_large_image","twitter_misc":{"\u00c9crit par":"cfeditorfr","Dur\u00e9e de lecture estim\u00e9e":"2 minutes"},"schema":{"@context":"https:\/\/schema.org","@graph":[{"@type":"Article","@id":"https:\/\/www.africa-press.net\/cameroun\/sports\/football-aurelio-de-laurentiis-ne-me-parlez-plus-des-africains#article","isPartOf":{"@id":"https:\/\/www.africa-press.net\/cameroun\/sports\/football-aurelio-de-laurentiis-ne-me-parlez-plus-des-africains"},"author":{"name":"cfeditorfr","@id":"https:\/\/www.africa-press.net\/cameroun\/#\/schema\/person\/2b1cf3cd81a31e3cd26889ca66d677f1"},"headline":"Football : Aurelio De Laurentiis \u00ab\u00a0Ne me parlez plus des Africains\u00a0\u00bb","datePublished":"2022-08-03T16:50:14+00:00","dateModified":"2022-08-03T16:50:28+00:00","mainEntityOfPage":{"@id":"https:\/\/www.africa-press.net\/cameroun\/sports\/football-aurelio-de-laurentiis-ne-me-parlez-plus-des-africains"},"wordCount":267,"commentCount":0,"image":{"@id":"https:\/\/www.africa-press.net\/cameroun\/sports\/football-aurelio-de-laurentiis-ne-me-parlez-plus-des-africains#primaryimage"},"thumbnailUrl":"https:\/\/static.africa-press.net\/cameroun\/sites\/57\/2022\/08\/img-62eaa73d95ffd.jpg","keywords":["Africa Press","Africa Press-Cameroun","Cameroun"],"articleSection":["homepage-french","Sports","Toutes les actualit\u00e9s"],"inLanguage":"fr-FR","potentialAction":[{"@type":"CommentAction","name":"Comment","target":["https:\/\/www.africa-press.net\/cameroun\/sports\/football-aurelio-de-laurentiis-ne-me-parlez-plus-des-africains#respond"]}]},{"@type":"WebPage","@id":"https:\/\/www.africa-press.net\/cameroun\/sports\/football-aurelio-de-laurentiis-ne-me-parlez-plus-des-africains","url":"https:\/\/www.africa-press.net\/cameroun\/sports\/football-aurelio-de-laurentiis-ne-me-parlez-plus-des-africains","name":"Football : Aurelio De Laurentiis \u00ab\u00a0Ne me parlez plus des Africains\u00a0\u00bb - Cameroun","isPartOf":{"@id":"https:\/\/www.africa-press.net\/cameroun\/#website"},"primaryImageOfPage":{"@id":"https:\/\/www.africa-press.net\/cameroun\/sports\/football-aurelio-de-laurentiis-ne-me-parlez-plus-des-africains#primaryimage"},"image":{"@id":"https:\/\/www.africa-press.net\/cameroun\/sports\/football-aurelio-de-laurentiis-ne-me-parlez-plus-des-africains#primaryimage"},"thumbnailUrl":"https:\/\/static.africa-press.net\/cameroun\/sites\/57\/2022\/08\/img-62eaa73d95ffd.jpg","datePublished":"2022-08-03T16:50:14+00:00","dateModified":"2022-08-03T16:50:28+00:00","author":{"@id":"https:\/\/www.africa-press.net\/cameroun\/#\/schema\/person\/2b1cf3cd81a31e3cd26889ca66d677f1"},"description":"Le pr\u00e9sident du club italien de Naples a fait une \u00e9norme r\u00e9v\u00e9lation sur le march\u00e9 des joueurs africains. Dans une inter ...","breadcrumb":{"@id":"https:\/\/www.africa-press.net\/cameroun\/sports\/football-aurelio-de-laurentiis-ne-me-parlez-plus-des-africains#breadcrumb"},"inLanguage":"fr-FR","potentialAction":[{"@type":"ReadAction","target":["https:\/\/www.africa-press.net\/cameroun\/sports\/football-aurelio-de-laurentiis-ne-me-parlez-plus-des-africains"]}]},{"@type":"ImageObject","inLanguage":"fr-FR","@id":"https:\/\/www.africa-press.net\/cameroun\/sports\/football-aurelio-de-laurentiis-ne-me-parlez-plus-des-africains#primaryimage","url":"https:\/\/static.africa-press.net\/cameroun\/sites\/57\/2022\/08\/img-62eaa73d95ffd.jpg","contentUrl":"https:\/\/static.africa-press.net\/cameroun\/sites\/57\/2022\/08\/img-62eaa73d95ffd.jpg","width":1920,"height":1279,"caption":"Football : Aurelio De Laurentiis \u00ab\u00a0Ne me parlez plus des Africains\u00a0\u00bb"},{"@type":"BreadcrumbList","@id":"https:\/\/www.africa-press.net\/cameroun\/sports\/football-aurelio-de-laurentiis-ne-me-parlez-plus-des-africains#breadcrumb","itemListElement":[{"@type":"ListItem","position":1,"name":"Accueil","item":"https:\/\/www.africa-press.net\/cameroun\/"},{"@type":"ListItem","position":2,"name":"Football : Aurelio De Laurentiis \u00ab\u00a0Ne me parlez plus des Africains\u00a0\u00bb"}]},{"@type":"WebSite","@id":"https:\/\/www.africa-press.net\/cameroun\/#website","url":"https:\/\/www.africa-press.net\/cameroun\/","name":"Cameroun","description":"Just another Africa News Agency Sites site","potentialAction":[{"@type":"SearchAction","target":{"@type":"EntryPoint","urlTemplate":"https:\/\/www.africa-press.net\/cameroun\/?s={search_term_string}"},"query-input":{"@type":"PropertyValueSpecification","valueRequired":true,"valueName":"search_term_string"}}],"inLanguage":"fr-FR"},{"@type":"Person","@id":"https:\/\/www.africa-press.net\/cameroun\/#\/schema\/person\/2b1cf3cd81a31e3cd26889ca66d677f1","name":"cfeditorfr"}]}},"_links":{"self":[{"href":"https:\/\/www.africa-press.net\/cameroun\/wp-json\/wp\/v2\/posts\/24745","targetHints":{"allow":["GET"]}}],"collection":[{"href":"https:\/\/www.africa-press.net\/cameroun\/wp-json\/wp\/v2\/posts"}],"about":[{"href":"https:\/\/www.africa-press.net\/cameroun\/wp-json\/wp\/v2\/types\/post"}],"author":[{"embeddable":true,"href":"https:\/\/www.africa-press.net\/cameroun\/wp-json\/wp\/v2\/users\/82"}],"replies":[{"embeddable":true,"href":"https:\/\/www.africa-press.net\/cameroun\/wp-json\/wp\/v2\/comments?post=24745"}],"version-history":[{"count":0,"href":"https:\/\/www.africa-press.net\/cameroun\/wp-json\/wp\/v2\/posts\/24745\/revisions"}],"wp:featuredmedia":[{"embeddable":true,"href":"https:\/\/www.africa-press.net\/cameroun\/wp-json\/wp\/v2\/media\/24744"}],"wp:attachment":[{"href":"https:\/\/www.africa-press.net\/cameroun\/wp-json\/wp\/v2\/media?parent=24745"}],"wp:term":[{"taxonomy":"category","embeddable":true,"href":"https:\/\/www.africa-press.net\/cameroun\/wp-json\/wp\/v2\/categories?post=24745"},{"taxonomy":"post_tag","embeddable":true,"href":"https:\/\/www.africa-press.net\/cameroun\/wp-json\/wp\/v2\/tags?post=24745"}],"curies":[{"name":"wp","href":"https:\/\/api.w.org\/{rel}","templated":true}]}}