{"id":24748,"date":"2022-08-03T16:55:43","date_gmt":"2022-08-03T16:55:43","guid":{"rendered":"https:\/\/www.africa-press.net\/cameroun\/?p=24748"},"modified":"2022-08-03T16:50:55","modified_gmt":"2022-08-03T16:50:55","slug":"manoeuvre-pour-une-transition-politique-au-cameroun","status":"publish","type":"post","link":"https:\/\/www.africa-press.net\/cameroun\/politique\/manoeuvre-pour-une-transition-politique-au-cameroun","title":{"rendered":"Manoeuvre pour une transition politique au Cameroun"},"content":{"rendered":"<p><span style=\"color: #ff6600\"><strong>Africa-Press &#8211; Cameroun. <\/strong><\/span>C\u2019est le plaidoyer que le Pr Olivier Bil\u00e9 avec son mouvement d\u00e9nomm\u00e9 les Lib\u00e9rateurs pr\u00f4ne pour une nouvelle l\u00e9gislation et r\u00e9forme institutionnelle qui permettront au Cameroun de repartir sur des bases plus saines.<\/p>\n<p>Il est urgent et c\u2019est de l\u2019avis du Pr Olivier Bile que le Cameroun puisse s\u2019affranchir de ce qu\u2019il appelle le parti Etat. Pour le leader du mouvement politique les Lib\u00e9rateurs, le projet politique de d\u00e9mocratisation globale du Cameroun a \u00e9t\u00e9 profond\u00e9ment corrompu par le syst\u00e8me institutionnel du parti-Etat qui continue \u00e0 pr\u00e9valoir malgr\u00e9 le passage du parti unique au multipartisme.<\/p>\n<p>Pr Olivier Bil\u00e9<\/p>\n<p>Et face \u00e0 ce dispositif qui selon l\u2019homme politique gangr\u00e8ne la d\u00e9mocratisation et maintient le pays dans un r\u00e9gime de monolithisme politique, il propose la cr\u00e9ation de l\u2019Alliance pour une Transition Pacifique au Cameroun (ATPC). Il s\u2019agit pour lui d\u2019\u00e9tablir un nouvel \u00e9cosyst\u00e8me politique au sein duquel le syst\u00e8me politique sera repens\u00e9 et renouvel\u00e9.<\/p>\n<p>Pr Olivier Bil\u00e9 sur le d\u00e9roul\u00e9 du programme<\/p>\n<p>La proposition du leader politique s\u2019articule autour d\u2019un gouvernement de transition, d\u2019union nationale et de salut public destin\u00e9 \u00e0 formuler et mettre en \u0153uvre l\u2019ensemble des r\u00e9formes institutionnelles visant \u00e0 rendre le syst\u00e8me de gouvernance plus \u00e9quitable et plus constructif pour l\u2019avenir.<\/p>\n<p><strong>Pour plus d&rsquo;informations et d&rsquo;analyses sur la <a href=\"https:\/\/www.africa-press.net\/cameroun\">Cameroun<\/a>, suivez <a href=\"https:\/\/www.africa-press.net\/\">Africa-Press<\/a><\/strong><\/p>\n","protected":false},"excerpt":{"rendered":"<p>Africa-Press &#8211; Cameroun. C\u2019est le plaidoyer que le Pr Olivier Bil\u00e9 avec son mouvement d\u00e9nomm\u00e9 les Lib\u00e9rateurs pr\u00f4ne pour une nouvelle l\u00e9gislation et r\u00e9forme institutionnelle qui permettront au Cameroun de repartir sur des bases plus saines. Il est urgent et c\u2019est de l\u2019avis du Pr Olivier Bile que le Cameroun puisse s\u2019affranchir de ce qu\u2019il [&hellip;]<\/p>\n","protected":false},"author":82,"featured_media":24747,"comment_status":"open","ping_status":"closed","sticky":false,"template":"","format":"standard","meta":{"footnotes":""},"categories":[11,2,10],"tags":[36,50,49],"class_list":["post-24748","post","type-post","status-publish","format-standard","has-post-thumbnail","hentry","category-homepage-french","category-politique","category-toutes-les-actualites","tag-africa-press","tag-africa-press-cameroun","tag-cameroun"],"yoast_head":"<!-- This site is optimized with the Yoast SEO Premium plugin v26.1 (Yoast SEO v27.0) - https:\/\/yoast.com\/product\/yoast-seo-premium-wordpress\/ -->\n<title>Manoeuvre pour une transition politique au Cameroun - Cameroun<\/title>\n<meta name=\"description\" content=\"C\u2019est le plaidoyer que le Pr Olivier Bil\u00e9 avec son mouvement d\u00e9nomm\u00e9 les Lib\u00e9rateurs pr\u00f4ne pour une nouvelle l\u00e9gislation ...\" \/>\n<meta name=\"robots\" content=\"index, follow, max-snippet:-1, max-image-preview:large, max-video-preview:-1\" \/>\n<link rel=\"canonical\" href=\"https:\/\/www.africa-press.net\/cameroun\/politique\/manoeuvre-pour-une-transition-politique-au-cameroun\" \/>\n<meta property=\"og:locale\" content=\"fr_FR\" \/>\n<meta property=\"og:type\" content=\"article\" \/>\n<meta property=\"og:title\" content=\"Manoeuvre pour une transition politique au Cameroun\" \/>\n<meta property=\"og:description\" content=\"C\u2019est le plaidoyer que le Pr Olivier Bil\u00e9 avec son mouvement d\u00e9nomm\u00e9 les Lib\u00e9rateurs pr\u00f4ne pour une nouvelle l\u00e9gislation ...\" \/>\n<meta property=\"og:url\" content=\"https:\/\/www.africa-press.net\/cameroun\/politique\/manoeuvre-pour-une-transition-politique-au-cameroun\" \/>\n<meta property=\"og:site_name\" content=\"Cameroun\" \/>\n<meta property=\"article:published_time\" content=\"2022-08-03T16:55:43+00:00\" \/>\n<meta property=\"og:image\" content=\"https:\/\/static.africa-press.net\/cameroun\/sites\/57\/2022\/08\/img-62eaa75baf97c.jpg\" \/>\n\t<meta property=\"og:image:width\" content=\"1920\" \/>\n\t<meta property=\"og:image:height\" content=\"1440\" \/>\n\t<meta property=\"og:image:type\" content=\"image\/jpeg\" \/>\n<meta name=\"author\" content=\"cfeditorfr\" \/>\n<meta name=\"twitter:card\" content=\"summary_large_image\" \/>\n<meta name=\"twitter:label1\" content=\"\u00c9crit par\" \/>\n\t<meta name=\"twitter:data1\" content=\"cfeditorfr\" \/>\n\t<meta name=\"twitter:label2\" content=\"Dur\u00e9e de lecture estim\u00e9e\" \/>\n\t<meta name=\"twitter:data2\" content=\"2 minutes\" \/>\n<script type=\"application\/ld+json\" class=\"yoast-schema-graph\">{\"@context\":\"https:\/\/schema.org\",\"@graph\":[{\"@type\":\"Article\",\"@id\":\"https:\/\/www.africa-press.net\/cameroun\/politique\/manoeuvre-pour-une-transition-politique-au-cameroun#article\",\"isPartOf\":{\"@id\":\"https:\/\/www.africa-press.net\/cameroun\/politique\/manoeuvre-pour-une-transition-politique-au-cameroun\"},\"author\":{\"name\":\"cfeditorfr\",\"@id\":\"https:\/\/www.africa-press.net\/cameroun\/#\/schema\/person\/2b1cf3cd81a31e3cd26889ca66d677f1\"},\"headline\":\"Manoeuvre pour une transition politique au Cameroun\",\"datePublished\":\"2022-08-03T16:55:43+00:00\",\"mainEntityOfPage\":{\"@id\":\"https:\/\/www.africa-press.net\/cameroun\/politique\/manoeuvre-pour-une-transition-politique-au-cameroun\"},\"wordCount\":252,\"commentCount\":0,\"image\":{\"@id\":\"https:\/\/www.africa-press.net\/cameroun\/politique\/manoeuvre-pour-une-transition-politique-au-cameroun#primaryimage\"},\"thumbnailUrl\":\"https:\/\/static.africa-press.net\/cameroun\/sites\/57\/2022\/08\/img-62eaa75baf97c.jpg\",\"keywords\":[\"Africa Press\",\"Africa Press-Cameroun\",\"Cameroun\"],\"articleSection\":[\"homepage-french\",\"Politique\",\"Toutes les actualit\u00e9s\"],\"inLanguage\":\"fr-FR\",\"potentialAction\":[{\"@type\":\"CommentAction\",\"name\":\"Comment\",\"target\":[\"https:\/\/www.africa-press.net\/cameroun\/politique\/manoeuvre-pour-une-transition-politique-au-cameroun#respond\"]}]},{\"@type\":\"WebPage\",\"@id\":\"https:\/\/www.africa-press.net\/cameroun\/politique\/manoeuvre-pour-une-transition-politique-au-cameroun\",\"url\":\"https:\/\/www.africa-press.net\/cameroun\/politique\/manoeuvre-pour-une-transition-politique-au-cameroun\",\"name\":\"Manoeuvre pour une transition politique au Cameroun - Cameroun\",\"isPartOf\":{\"@id\":\"https:\/\/www.africa-press.net\/cameroun\/#website\"},\"primaryImageOfPage\":{\"@id\":\"https:\/\/www.africa-press.net\/cameroun\/politique\/manoeuvre-pour-une-transition-politique-au-cameroun#primaryimage\"},\"image\":{\"@id\":\"https:\/\/www.africa-press.net\/cameroun\/politique\/manoeuvre-pour-une-transition-politique-au-cameroun#primaryimage\"},\"thumbnailUrl\":\"https:\/\/static.africa-press.net\/cameroun\/sites\/57\/2022\/08\/img-62eaa75baf97c.jpg\",\"datePublished\":\"2022-08-03T16:55:43+00:00\",\"author\":{\"@id\":\"https:\/\/www.africa-press.net\/cameroun\/#\/schema\/person\/2b1cf3cd81a31e3cd26889ca66d677f1\"},\"description\":\"C\u2019est le plaidoyer que le Pr Olivier Bil\u00e9 avec son mouvement d\u00e9nomm\u00e9 les Lib\u00e9rateurs pr\u00f4ne pour une nouvelle l\u00e9gislation ...\",\"breadcrumb\":{\"@id\":\"https:\/\/www.africa-press.net\/cameroun\/politique\/manoeuvre-pour-une-transition-politique-au-cameroun#breadcrumb\"},\"inLanguage\":\"fr-FR\",\"potentialAction\":[{\"@type\":\"ReadAction\",\"target\":[\"https:\/\/www.africa-press.net\/cameroun\/politique\/manoeuvre-pour-une-transition-politique-au-cameroun\"]}]},{\"@type\":\"ImageObject\",\"inLanguage\":\"fr-FR\",\"@id\":\"https:\/\/www.africa-press.net\/cameroun\/politique\/manoeuvre-pour-une-transition-politique-au-cameroun#primaryimage\",\"url\":\"https:\/\/static.africa-press.net\/cameroun\/sites\/57\/2022\/08\/img-62eaa75baf97c.jpg\",\"contentUrl\":\"https:\/\/static.africa-press.net\/cameroun\/sites\/57\/2022\/08\/img-62eaa75baf97c.jpg\",\"width\":1920,\"height\":1440,\"caption\":\"Manoeuvre pour une transition politique au Cameroun\"},{\"@type\":\"BreadcrumbList\",\"@id\":\"https:\/\/www.africa-press.net\/cameroun\/politique\/manoeuvre-pour-une-transition-politique-au-cameroun#breadcrumb\",\"itemListElement\":[{\"@type\":\"ListItem\",\"position\":1,\"name\":\"Accueil\",\"item\":\"https:\/\/www.africa-press.net\/cameroun\/\"},{\"@type\":\"ListItem\",\"position\":2,\"name\":\"Manoeuvre pour une transition politique au Cameroun\"}]},{\"@type\":\"WebSite\",\"@id\":\"https:\/\/www.africa-press.net\/cameroun\/#website\",\"url\":\"https:\/\/www.africa-press.net\/cameroun\/\",\"name\":\"Cameroun\",\"description\":\"Just another Africa News Agency Sites site\",\"potentialAction\":[{\"@type\":\"SearchAction\",\"target\":{\"@type\":\"EntryPoint\",\"urlTemplate\":\"https:\/\/www.africa-press.net\/cameroun\/?s={search_term_string}\"},\"query-input\":{\"@type\":\"PropertyValueSpecification\",\"valueRequired\":true,\"valueName\":\"search_term_string\"}}],\"inLanguage\":\"fr-FR\"},{\"@type\":\"Person\",\"@id\":\"https:\/\/www.africa-press.net\/cameroun\/#\/schema\/person\/2b1cf3cd81a31e3cd26889ca66d677f1\",\"name\":\"cfeditorfr\"}]}<\/script>\n<!-- \/ Yoast SEO Premium plugin. -->","yoast_head_json":{"title":"Manoeuvre pour une transition politique au Cameroun - Cameroun","description":"C\u2019est le plaidoyer que le Pr Olivier Bil\u00e9 avec son mouvement d\u00e9nomm\u00e9 les Lib\u00e9rateurs pr\u00f4ne pour une nouvelle l\u00e9gislation ...","robots":{"index":"index","follow":"follow","max-snippet":"max-snippet:-1","max-image-preview":"max-image-preview:large","max-video-preview":"max-video-preview:-1"},"canonical":"https:\/\/www.africa-press.net\/cameroun\/politique\/manoeuvre-pour-une-transition-politique-au-cameroun","og_locale":"fr_FR","og_type":"article","og_title":"Manoeuvre pour une transition politique au Cameroun","og_description":"C\u2019est le plaidoyer que le Pr Olivier Bil\u00e9 avec son mouvement d\u00e9nomm\u00e9 les Lib\u00e9rateurs pr\u00f4ne pour une nouvelle l\u00e9gislation ...","og_url":"https:\/\/www.africa-press.net\/cameroun\/politique\/manoeuvre-pour-une-transition-politique-au-cameroun","og_site_name":"Cameroun","article_published_time":"2022-08-03T16:55:43+00:00","og_image":[{"width":1920,"height":1440,"url":"https:\/\/static.africa-press.net\/cameroun\/sites\/57\/2022\/08\/img-62eaa75baf97c.jpg","type":"image\/jpeg"}],"author":"cfeditorfr","twitter_card":"summary_large_image","twitter_misc":{"\u00c9crit par":"cfeditorfr","Dur\u00e9e de lecture estim\u00e9e":"2 minutes"},"schema":{"@context":"https:\/\/schema.org","@graph":[{"@type":"Article","@id":"https:\/\/www.africa-press.net\/cameroun\/politique\/manoeuvre-pour-une-transition-politique-au-cameroun#article","isPartOf":{"@id":"https:\/\/www.africa-press.net\/cameroun\/politique\/manoeuvre-pour-une-transition-politique-au-cameroun"},"author":{"name":"cfeditorfr","@id":"https:\/\/www.africa-press.net\/cameroun\/#\/schema\/person\/2b1cf3cd81a31e3cd26889ca66d677f1"},"headline":"Manoeuvre pour une transition politique au Cameroun","datePublished":"2022-08-03T16:55:43+00:00","mainEntityOfPage":{"@id":"https:\/\/www.africa-press.net\/cameroun\/politique\/manoeuvre-pour-une-transition-politique-au-cameroun"},"wordCount":252,"commentCount":0,"image":{"@id":"https:\/\/www.africa-press.net\/cameroun\/politique\/manoeuvre-pour-une-transition-politique-au-cameroun#primaryimage"},"thumbnailUrl":"https:\/\/static.africa-press.net\/cameroun\/sites\/57\/2022\/08\/img-62eaa75baf97c.jpg","keywords":["Africa Press","Africa Press-Cameroun","Cameroun"],"articleSection":["homepage-french","Politique","Toutes les actualit\u00e9s"],"inLanguage":"fr-FR","potentialAction":[{"@type":"CommentAction","name":"Comment","target":["https:\/\/www.africa-press.net\/cameroun\/politique\/manoeuvre-pour-une-transition-politique-au-cameroun#respond"]}]},{"@type":"WebPage","@id":"https:\/\/www.africa-press.net\/cameroun\/politique\/manoeuvre-pour-une-transition-politique-au-cameroun","url":"https:\/\/www.africa-press.net\/cameroun\/politique\/manoeuvre-pour-une-transition-politique-au-cameroun","name":"Manoeuvre pour une transition politique au Cameroun - Cameroun","isPartOf":{"@id":"https:\/\/www.africa-press.net\/cameroun\/#website"},"primaryImageOfPage":{"@id":"https:\/\/www.africa-press.net\/cameroun\/politique\/manoeuvre-pour-une-transition-politique-au-cameroun#primaryimage"},"image":{"@id":"https:\/\/www.africa-press.net\/cameroun\/politique\/manoeuvre-pour-une-transition-politique-au-cameroun#primaryimage"},"thumbnailUrl":"https:\/\/static.africa-press.net\/cameroun\/sites\/57\/2022\/08\/img-62eaa75baf97c.jpg","datePublished":"2022-08-03T16:55:43+00:00","author":{"@id":"https:\/\/www.africa-press.net\/cameroun\/#\/schema\/person\/2b1cf3cd81a31e3cd26889ca66d677f1"},"description":"C\u2019est le plaidoyer que le Pr Olivier Bil\u00e9 avec son mouvement d\u00e9nomm\u00e9 les Lib\u00e9rateurs pr\u00f4ne pour une nouvelle l\u00e9gislation ...","breadcrumb":{"@id":"https:\/\/www.africa-press.net\/cameroun\/politique\/manoeuvre-pour-une-transition-politique-au-cameroun#breadcrumb"},"inLanguage":"fr-FR","potentialAction":[{"@type":"ReadAction","target":["https:\/\/www.africa-press.net\/cameroun\/politique\/manoeuvre-pour-une-transition-politique-au-cameroun"]}]},{"@type":"ImageObject","inLanguage":"fr-FR","@id":"https:\/\/www.africa-press.net\/cameroun\/politique\/manoeuvre-pour-une-transition-politique-au-cameroun#primaryimage","url":"https:\/\/static.africa-press.net\/cameroun\/sites\/57\/2022\/08\/img-62eaa75baf97c.jpg","contentUrl":"https:\/\/static.africa-press.net\/cameroun\/sites\/57\/2022\/08\/img-62eaa75baf97c.jpg","width":1920,"height":1440,"caption":"Manoeuvre pour une transition politique au Cameroun"},{"@type":"BreadcrumbList","@id":"https:\/\/www.africa-press.net\/cameroun\/politique\/manoeuvre-pour-une-transition-politique-au-cameroun#breadcrumb","itemListElement":[{"@type":"ListItem","position":1,"name":"Accueil","item":"https:\/\/www.africa-press.net\/cameroun\/"},{"@type":"ListItem","position":2,"name":"Manoeuvre pour une transition politique au Cameroun"}]},{"@type":"WebSite","@id":"https:\/\/www.africa-press.net\/cameroun\/#website","url":"https:\/\/www.africa-press.net\/cameroun\/","name":"Cameroun","description":"Just another Africa News Agency Sites site","potentialAction":[{"@type":"SearchAction","target":{"@type":"EntryPoint","urlTemplate":"https:\/\/www.africa-press.net\/cameroun\/?s={search_term_string}"},"query-input":{"@type":"PropertyValueSpecification","valueRequired":true,"valueName":"search_term_string"}}],"inLanguage":"fr-FR"},{"@type":"Person","@id":"https:\/\/www.africa-press.net\/cameroun\/#\/schema\/person\/2b1cf3cd81a31e3cd26889ca66d677f1","name":"cfeditorfr"}]}},"_links":{"self":[{"href":"https:\/\/www.africa-press.net\/cameroun\/wp-json\/wp\/v2\/posts\/24748","targetHints":{"allow":["GET"]}}],"collection":[{"href":"https:\/\/www.africa-press.net\/cameroun\/wp-json\/wp\/v2\/posts"}],"about":[{"href":"https:\/\/www.africa-press.net\/cameroun\/wp-json\/wp\/v2\/types\/post"}],"author":[{"embeddable":true,"href":"https:\/\/www.africa-press.net\/cameroun\/wp-json\/wp\/v2\/users\/82"}],"replies":[{"embeddable":true,"href":"https:\/\/www.africa-press.net\/cameroun\/wp-json\/wp\/v2\/comments?post=24748"}],"version-history":[{"count":0,"href":"https:\/\/www.africa-press.net\/cameroun\/wp-json\/wp\/v2\/posts\/24748\/revisions"}],"wp:featuredmedia":[{"embeddable":true,"href":"https:\/\/www.africa-press.net\/cameroun\/wp-json\/wp\/v2\/media\/24747"}],"wp:attachment":[{"href":"https:\/\/www.africa-press.net\/cameroun\/wp-json\/wp\/v2\/media?parent=24748"}],"wp:term":[{"taxonomy":"category","embeddable":true,"href":"https:\/\/www.africa-press.net\/cameroun\/wp-json\/wp\/v2\/categories?post=24748"},{"taxonomy":"post_tag","embeddable":true,"href":"https:\/\/www.africa-press.net\/cameroun\/wp-json\/wp\/v2\/tags?post=24748"}],"curies":[{"name":"wp","href":"https:\/\/api.w.org\/{rel}","templated":true}]}}