{"id":2475,"date":"2021-04-25T16:15:34","date_gmt":"2021-04-25T16:15:34","guid":{"rendered":"https:\/\/www.africa-press.net\/cameroun\/?p=2475"},"modified":"2021-04-26T01:25:55","modified_gmt":"2021-04-26T01:25:55","slug":"les-forets-dafrique-centrale-seraient-vulnerables-selon-des-chercheurs","status":"publish","type":"post","link":"https:\/\/www.africa-press.net\/cameroun\/dossiers\/les-forets-dafrique-centrale-seraient-vulnerables-selon-des-chercheurs","title":{"rendered":"Les for\u00eats d\u2019Afrique centrale seraient vuln\u00e9rables selon des chercheurs"},"content":{"rendered":"<p><span style=\"color: #ff6600\"><strong><a href=\"https:\/\/www.africa-press.net\/\">Africa-Press<\/a> &#8211; <a href=\"https:\/\/www.africa-press.net\/cameroun\">Cameroun<\/a>. <\/strong><\/span>Publi\u00e9e le 21 avril 2021 dans la revue Nature, une \u00e9tude internationale coordonn\u00e9e par des chercheurs de l\u2019IRD et du Cirad, identifie pour la premi\u00e8re fois les massifs forestiers les plus vuln\u00e9rables \u00e0 l\u2019augmentation des pressions climatiques et humaines attendues dans les prochaines d\u00e9cennies.<\/p>\n<p>Cameroun, Gabon, R\u00e9publique du Congo, R\u00e9publique d\u00e9mocratique du Congo et R\u00e9publique centrafricaine.<\/p>\n<p>Cinq pays d\u2019Afrique centrale sur lesquels s\u2019\u00e9tend l\u2019un des plus grands r\u00e9servoirs de biodiversit\u00e9, le second massif de for\u00eat tropicale au monde.<\/p>\n<p>Une r\u00e9gion aux multiples for\u00eats distinctes, dont chacune r\u00e9agit diff\u00e9remment aux pressions climatiques et \u00e0 celles exerc\u00e9es par l\u2019homme, explique Maxime R\u00e9jou-M\u00e9chain, \u00e9cologue \u00e0 l&rsquo;Institut de recherche pour le d\u00e9veloppement (IRD) et premier auteur de l\u2019\u00e9tude.<\/p>\n<p>Cette \u00e9tude met \u00e0 jour la premi\u00e8re cartographie transnationale des types forestiers de la r\u00e9gion. Un travail quantitatif impressionnant, accessible en ligne sur le site du Centre de coop\u00e9ration internationale en recherche agronomique pour le d\u00e9veloppement (Cirad).<\/p>\n<p>Il s\u2019appuie sur un \u00e9norme jeu de donn\u00e9es de pr\u00e8s de 6 millions d\u2019arbres. Pour se rendre compte de l\u2019ampleur des ressources utilis\u00e9es, \u00ab on estime que si une seule personne devait reproduire ce jeu de donn\u00e9es, il lui faudrait 1000 ann\u00e9es de travail de terrain \u00bb, pr\u00e9cise Maxime R\u00e9jou-M\u00e9chain.<\/p>\n<p>L\u2019objectif de cette recherche consiste \u00e0 combiner ces donn\u00e9es aux sc\u00e9narios climatiques et anthropiques futurs afin de comprendre quelles for\u00eats seraient les plus susceptibles d\u2019\u00eatre affect\u00e9es.<\/p>\n","protected":false},"excerpt":{"rendered":"<p>Africa-Press &#8211; Cameroun. Publi\u00e9e le 21 avril 2021 dans la revue Nature, une \u00e9tude internationale coordonn\u00e9e par des chercheurs de l\u2019IRD et du Cirad, identifie pour la premi\u00e8re fois les massifs forestiers les plus vuln\u00e9rables \u00e0 l\u2019augmentation des pressions climatiques et humaines attendues dans les prochaines d\u00e9cennies. Cameroun, Gabon, R\u00e9publique du Congo, R\u00e9publique d\u00e9mocratique du [&hellip;]<\/p>\n","protected":false},"author":82,"featured_media":2474,"comment_status":"open","ping_status":"closed","sticky":false,"template":"","format":"standard","meta":{"footnotes":""},"categories":[7,11,10],"tags":[36,50,49],"class_list":["post-2475","post","type-post","status-publish","format-standard","has-post-thumbnail","hentry","category-dossiers","category-homepage-french","category-toutes-les-actualites","tag-africa-press","tag-africa-press-cameroun","tag-cameroun"],"yoast_head":"<!-- This site is optimized with the Yoast SEO Premium plugin v26.1 (Yoast SEO v27.0) - https:\/\/yoast.com\/product\/yoast-seo-premium-wordpress\/ -->\n<title>Les for\u00eats d\u2019Afrique centrale seraient vuln\u00e9rables selon des chercheurs - Cameroun<\/title>\n<meta name=\"description\" content=\"Publi\u00e9e le 21 avril 2021 dans la revue Nature, une \u00e9tude internationale coordonn\u00e9e par des chercheurs de l\u2019IRD et du Cir ...\" \/>\n<meta name=\"robots\" content=\"index, follow, max-snippet:-1, max-image-preview:large, max-video-preview:-1\" \/>\n<link rel=\"canonical\" href=\"https:\/\/www.africa-press.net\/cameroun\/dossiers\/les-forets-dafrique-centrale-seraient-vulnerables-selon-des-chercheurs\" \/>\n<meta property=\"og:locale\" content=\"fr_FR\" \/>\n<meta property=\"og:type\" content=\"article\" \/>\n<meta property=\"og:title\" content=\"Les for\u00eats d\u2019Afrique centrale seraient vuln\u00e9rables selon des chercheurs\" \/>\n<meta property=\"og:description\" content=\"Publi\u00e9e le 21 avril 2021 dans la revue Nature, une \u00e9tude internationale coordonn\u00e9e par des chercheurs de l\u2019IRD et du Cir ...\" \/>\n<meta property=\"og:url\" content=\"https:\/\/www.africa-press.net\/cameroun\/dossiers\/les-forets-dafrique-centrale-seraient-vulnerables-selon-des-chercheurs\" \/>\n<meta property=\"og:site_name\" content=\"Cameroun\" \/>\n<meta property=\"article:published_time\" content=\"2021-04-25T16:15:34+00:00\" \/>\n<meta property=\"article:modified_time\" content=\"2021-04-26T01:25:55+00:00\" \/>\n<meta property=\"og:image\" content=\"https:\/\/static.africa-press.net\/cameroun\/sites\/57\/2021\/04\/img-6085aea9c8631.jpg\" \/>\n\t<meta property=\"og:image:width\" content=\"800\" \/>\n\t<meta property=\"og:image:height\" content=\"800\" \/>\n\t<meta property=\"og:image:type\" content=\"image\/jpeg\" \/>\n<meta name=\"author\" content=\"cfeditorfr\" \/>\n<meta name=\"twitter:card\" content=\"summary_large_image\" \/>\n<meta name=\"twitter:label1\" content=\"\u00c9crit par\" \/>\n\t<meta name=\"twitter:data1\" content=\"cfeditorfr\" \/>\n\t<meta name=\"twitter:label2\" content=\"Dur\u00e9e de lecture estim\u00e9e\" \/>\n\t<meta name=\"twitter:data2\" content=\"1 minute\" \/>\n<script type=\"application\/ld+json\" class=\"yoast-schema-graph\">{\"@context\":\"https:\/\/schema.org\",\"@graph\":[{\"@type\":\"Article\",\"@id\":\"https:\/\/www.africa-press.net\/cameroun\/dossiers\/les-forets-dafrique-centrale-seraient-vulnerables-selon-des-chercheurs#article\",\"isPartOf\":{\"@id\":\"https:\/\/www.africa-press.net\/cameroun\/dossiers\/les-forets-dafrique-centrale-seraient-vulnerables-selon-des-chercheurs\"},\"author\":{\"name\":\"cfeditorfr\",\"@id\":\"https:\/\/www.africa-press.net\/cameroun\/#\/schema\/person\/2b1cf3cd81a31e3cd26889ca66d677f1\"},\"headline\":\"Les for\u00eats d\u2019Afrique centrale seraient vuln\u00e9rables selon des chercheurs\",\"datePublished\":\"2021-04-25T16:15:34+00:00\",\"dateModified\":\"2021-04-26T01:25:55+00:00\",\"mainEntityOfPage\":{\"@id\":\"https:\/\/www.africa-press.net\/cameroun\/dossiers\/les-forets-dafrique-centrale-seraient-vulnerables-selon-des-chercheurs\"},\"wordCount\":279,\"commentCount\":0,\"image\":{\"@id\":\"https:\/\/www.africa-press.net\/cameroun\/dossiers\/les-forets-dafrique-centrale-seraient-vulnerables-selon-des-chercheurs#primaryimage\"},\"thumbnailUrl\":\"https:\/\/static.africa-press.net\/cameroun\/sites\/57\/2021\/04\/img-6085aea9c8631.jpg\",\"keywords\":[\"Africa Press\",\"Africa Press-Cameroun\",\"Cameroun\"],\"articleSection\":[\"Dossiers\",\"homepage-french\",\"Toutes les actualit\u00e9s\"],\"inLanguage\":\"fr-FR\",\"potentialAction\":[{\"@type\":\"CommentAction\",\"name\":\"Comment\",\"target\":[\"https:\/\/www.africa-press.net\/cameroun\/dossiers\/les-forets-dafrique-centrale-seraient-vulnerables-selon-des-chercheurs#respond\"]}]},{\"@type\":\"WebPage\",\"@id\":\"https:\/\/www.africa-press.net\/cameroun\/dossiers\/les-forets-dafrique-centrale-seraient-vulnerables-selon-des-chercheurs\",\"url\":\"https:\/\/www.africa-press.net\/cameroun\/dossiers\/les-forets-dafrique-centrale-seraient-vulnerables-selon-des-chercheurs\",\"name\":\"Les for\u00eats d\u2019Afrique centrale seraient vuln\u00e9rables selon des chercheurs - Cameroun\",\"isPartOf\":{\"@id\":\"https:\/\/www.africa-press.net\/cameroun\/#website\"},\"primaryImageOfPage\":{\"@id\":\"https:\/\/www.africa-press.net\/cameroun\/dossiers\/les-forets-dafrique-centrale-seraient-vulnerables-selon-des-chercheurs#primaryimage\"},\"image\":{\"@id\":\"https:\/\/www.africa-press.net\/cameroun\/dossiers\/les-forets-dafrique-centrale-seraient-vulnerables-selon-des-chercheurs#primaryimage\"},\"thumbnailUrl\":\"https:\/\/static.africa-press.net\/cameroun\/sites\/57\/2021\/04\/img-6085aea9c8631.jpg\",\"datePublished\":\"2021-04-25T16:15:34+00:00\",\"dateModified\":\"2021-04-26T01:25:55+00:00\",\"author\":{\"@id\":\"https:\/\/www.africa-press.net\/cameroun\/#\/schema\/person\/2b1cf3cd81a31e3cd26889ca66d677f1\"},\"description\":\"Publi\u00e9e le 21 avril 2021 dans la revue Nature, une \u00e9tude internationale coordonn\u00e9e par des chercheurs de l\u2019IRD et du Cir ...\",\"breadcrumb\":{\"@id\":\"https:\/\/www.africa-press.net\/cameroun\/dossiers\/les-forets-dafrique-centrale-seraient-vulnerables-selon-des-chercheurs#breadcrumb\"},\"inLanguage\":\"fr-FR\",\"potentialAction\":[{\"@type\":\"ReadAction\",\"target\":[\"https:\/\/www.africa-press.net\/cameroun\/dossiers\/les-forets-dafrique-centrale-seraient-vulnerables-selon-des-chercheurs\"]}]},{\"@type\":\"ImageObject\",\"inLanguage\":\"fr-FR\",\"@id\":\"https:\/\/www.africa-press.net\/cameroun\/dossiers\/les-forets-dafrique-centrale-seraient-vulnerables-selon-des-chercheurs#primaryimage\",\"url\":\"https:\/\/static.africa-press.net\/cameroun\/sites\/57\/2021\/04\/img-6085aea9c8631.jpg\",\"contentUrl\":\"https:\/\/static.africa-press.net\/cameroun\/sites\/57\/2021\/04\/img-6085aea9c8631.jpg\",\"width\":800,\"height\":800,\"caption\":\"Les for\u00eats d\u2019Afrique centrale seraient vuln\u00e9rables selon des chercheurs\"},{\"@type\":\"BreadcrumbList\",\"@id\":\"https:\/\/www.africa-press.net\/cameroun\/dossiers\/les-forets-dafrique-centrale-seraient-vulnerables-selon-des-chercheurs#breadcrumb\",\"itemListElement\":[{\"@type\":\"ListItem\",\"position\":1,\"name\":\"Accueil\",\"item\":\"https:\/\/www.africa-press.net\/cameroun\/\"},{\"@type\":\"ListItem\",\"position\":2,\"name\":\"Les for\u00eats d\u2019Afrique centrale seraient vuln\u00e9rables selon des chercheurs\"}]},{\"@type\":\"WebSite\",\"@id\":\"https:\/\/www.africa-press.net\/cameroun\/#website\",\"url\":\"https:\/\/www.africa-press.net\/cameroun\/\",\"name\":\"Cameroun\",\"description\":\"Just another Africa News Agency Sites site\",\"potentialAction\":[{\"@type\":\"SearchAction\",\"target\":{\"@type\":\"EntryPoint\",\"urlTemplate\":\"https:\/\/www.africa-press.net\/cameroun\/?s={search_term_string}\"},\"query-input\":{\"@type\":\"PropertyValueSpecification\",\"valueRequired\":true,\"valueName\":\"search_term_string\"}}],\"inLanguage\":\"fr-FR\"},{\"@type\":\"Person\",\"@id\":\"https:\/\/www.africa-press.net\/cameroun\/#\/schema\/person\/2b1cf3cd81a31e3cd26889ca66d677f1\",\"name\":\"cfeditorfr\"}]}<\/script>\n<!-- \/ Yoast SEO Premium plugin. -->","yoast_head_json":{"title":"Les for\u00eats d\u2019Afrique centrale seraient vuln\u00e9rables selon des chercheurs - Cameroun","description":"Publi\u00e9e le 21 avril 2021 dans la revue Nature, une \u00e9tude internationale coordonn\u00e9e par des chercheurs de l\u2019IRD et du Cir ...","robots":{"index":"index","follow":"follow","max-snippet":"max-snippet:-1","max-image-preview":"max-image-preview:large","max-video-preview":"max-video-preview:-1"},"canonical":"https:\/\/www.africa-press.net\/cameroun\/dossiers\/les-forets-dafrique-centrale-seraient-vulnerables-selon-des-chercheurs","og_locale":"fr_FR","og_type":"article","og_title":"Les for\u00eats d\u2019Afrique centrale seraient vuln\u00e9rables selon des chercheurs","og_description":"Publi\u00e9e le 21 avril 2021 dans la revue Nature, une \u00e9tude internationale coordonn\u00e9e par des chercheurs de l\u2019IRD et du Cir ...","og_url":"https:\/\/www.africa-press.net\/cameroun\/dossiers\/les-forets-dafrique-centrale-seraient-vulnerables-selon-des-chercheurs","og_site_name":"Cameroun","article_published_time":"2021-04-25T16:15:34+00:00","article_modified_time":"2021-04-26T01:25:55+00:00","og_image":[{"width":800,"height":800,"url":"https:\/\/static.africa-press.net\/cameroun\/sites\/57\/2021\/04\/img-6085aea9c8631.jpg","type":"image\/jpeg"}],"author":"cfeditorfr","twitter_card":"summary_large_image","twitter_misc":{"\u00c9crit par":"cfeditorfr","Dur\u00e9e de lecture estim\u00e9e":"1 minute"},"schema":{"@context":"https:\/\/schema.org","@graph":[{"@type":"Article","@id":"https:\/\/www.africa-press.net\/cameroun\/dossiers\/les-forets-dafrique-centrale-seraient-vulnerables-selon-des-chercheurs#article","isPartOf":{"@id":"https:\/\/www.africa-press.net\/cameroun\/dossiers\/les-forets-dafrique-centrale-seraient-vulnerables-selon-des-chercheurs"},"author":{"name":"cfeditorfr","@id":"https:\/\/www.africa-press.net\/cameroun\/#\/schema\/person\/2b1cf3cd81a31e3cd26889ca66d677f1"},"headline":"Les for\u00eats d\u2019Afrique centrale seraient vuln\u00e9rables selon des chercheurs","datePublished":"2021-04-25T16:15:34+00:00","dateModified":"2021-04-26T01:25:55+00:00","mainEntityOfPage":{"@id":"https:\/\/www.africa-press.net\/cameroun\/dossiers\/les-forets-dafrique-centrale-seraient-vulnerables-selon-des-chercheurs"},"wordCount":279,"commentCount":0,"image":{"@id":"https:\/\/www.africa-press.net\/cameroun\/dossiers\/les-forets-dafrique-centrale-seraient-vulnerables-selon-des-chercheurs#primaryimage"},"thumbnailUrl":"https:\/\/static.africa-press.net\/cameroun\/sites\/57\/2021\/04\/img-6085aea9c8631.jpg","keywords":["Africa Press","Africa Press-Cameroun","Cameroun"],"articleSection":["Dossiers","homepage-french","Toutes les actualit\u00e9s"],"inLanguage":"fr-FR","potentialAction":[{"@type":"CommentAction","name":"Comment","target":["https:\/\/www.africa-press.net\/cameroun\/dossiers\/les-forets-dafrique-centrale-seraient-vulnerables-selon-des-chercheurs#respond"]}]},{"@type":"WebPage","@id":"https:\/\/www.africa-press.net\/cameroun\/dossiers\/les-forets-dafrique-centrale-seraient-vulnerables-selon-des-chercheurs","url":"https:\/\/www.africa-press.net\/cameroun\/dossiers\/les-forets-dafrique-centrale-seraient-vulnerables-selon-des-chercheurs","name":"Les for\u00eats d\u2019Afrique centrale seraient vuln\u00e9rables selon des chercheurs - Cameroun","isPartOf":{"@id":"https:\/\/www.africa-press.net\/cameroun\/#website"},"primaryImageOfPage":{"@id":"https:\/\/www.africa-press.net\/cameroun\/dossiers\/les-forets-dafrique-centrale-seraient-vulnerables-selon-des-chercheurs#primaryimage"},"image":{"@id":"https:\/\/www.africa-press.net\/cameroun\/dossiers\/les-forets-dafrique-centrale-seraient-vulnerables-selon-des-chercheurs#primaryimage"},"thumbnailUrl":"https:\/\/static.africa-press.net\/cameroun\/sites\/57\/2021\/04\/img-6085aea9c8631.jpg","datePublished":"2021-04-25T16:15:34+00:00","dateModified":"2021-04-26T01:25:55+00:00","author":{"@id":"https:\/\/www.africa-press.net\/cameroun\/#\/schema\/person\/2b1cf3cd81a31e3cd26889ca66d677f1"},"description":"Publi\u00e9e le 21 avril 2021 dans la revue Nature, une \u00e9tude internationale coordonn\u00e9e par des chercheurs de l\u2019IRD et du Cir ...","breadcrumb":{"@id":"https:\/\/www.africa-press.net\/cameroun\/dossiers\/les-forets-dafrique-centrale-seraient-vulnerables-selon-des-chercheurs#breadcrumb"},"inLanguage":"fr-FR","potentialAction":[{"@type":"ReadAction","target":["https:\/\/www.africa-press.net\/cameroun\/dossiers\/les-forets-dafrique-centrale-seraient-vulnerables-selon-des-chercheurs"]}]},{"@type":"ImageObject","inLanguage":"fr-FR","@id":"https:\/\/www.africa-press.net\/cameroun\/dossiers\/les-forets-dafrique-centrale-seraient-vulnerables-selon-des-chercheurs#primaryimage","url":"https:\/\/static.africa-press.net\/cameroun\/sites\/57\/2021\/04\/img-6085aea9c8631.jpg","contentUrl":"https:\/\/static.africa-press.net\/cameroun\/sites\/57\/2021\/04\/img-6085aea9c8631.jpg","width":800,"height":800,"caption":"Les for\u00eats d\u2019Afrique centrale seraient vuln\u00e9rables selon des chercheurs"},{"@type":"BreadcrumbList","@id":"https:\/\/www.africa-press.net\/cameroun\/dossiers\/les-forets-dafrique-centrale-seraient-vulnerables-selon-des-chercheurs#breadcrumb","itemListElement":[{"@type":"ListItem","position":1,"name":"Accueil","item":"https:\/\/www.africa-press.net\/cameroun\/"},{"@type":"ListItem","position":2,"name":"Les for\u00eats d\u2019Afrique centrale seraient vuln\u00e9rables selon des chercheurs"}]},{"@type":"WebSite","@id":"https:\/\/www.africa-press.net\/cameroun\/#website","url":"https:\/\/www.africa-press.net\/cameroun\/","name":"Cameroun","description":"Just another Africa News Agency Sites site","potentialAction":[{"@type":"SearchAction","target":{"@type":"EntryPoint","urlTemplate":"https:\/\/www.africa-press.net\/cameroun\/?s={search_term_string}"},"query-input":{"@type":"PropertyValueSpecification","valueRequired":true,"valueName":"search_term_string"}}],"inLanguage":"fr-FR"},{"@type":"Person","@id":"https:\/\/www.africa-press.net\/cameroun\/#\/schema\/person\/2b1cf3cd81a31e3cd26889ca66d677f1","name":"cfeditorfr"}]}},"_links":{"self":[{"href":"https:\/\/www.africa-press.net\/cameroun\/wp-json\/wp\/v2\/posts\/2475","targetHints":{"allow":["GET"]}}],"collection":[{"href":"https:\/\/www.africa-press.net\/cameroun\/wp-json\/wp\/v2\/posts"}],"about":[{"href":"https:\/\/www.africa-press.net\/cameroun\/wp-json\/wp\/v2\/types\/post"}],"author":[{"embeddable":true,"href":"https:\/\/www.africa-press.net\/cameroun\/wp-json\/wp\/v2\/users\/82"}],"replies":[{"embeddable":true,"href":"https:\/\/www.africa-press.net\/cameroun\/wp-json\/wp\/v2\/comments?post=2475"}],"version-history":[{"count":0,"href":"https:\/\/www.africa-press.net\/cameroun\/wp-json\/wp\/v2\/posts\/2475\/revisions"}],"wp:featuredmedia":[{"embeddable":true,"href":"https:\/\/www.africa-press.net\/cameroun\/wp-json\/wp\/v2\/media\/2474"}],"wp:attachment":[{"href":"https:\/\/www.africa-press.net\/cameroun\/wp-json\/wp\/v2\/media?parent=2475"}],"wp:term":[{"taxonomy":"category","embeddable":true,"href":"https:\/\/www.africa-press.net\/cameroun\/wp-json\/wp\/v2\/categories?post=2475"},{"taxonomy":"post_tag","embeddable":true,"href":"https:\/\/www.africa-press.net\/cameroun\/wp-json\/wp\/v2\/tags?post=2475"}],"curies":[{"name":"wp","href":"https:\/\/api.w.org\/{rel}","templated":true}]}}