{"id":24757,"date":"2022-08-03T17:17:58","date_gmt":"2022-08-03T17:17:58","guid":{"rendered":"https:\/\/www.africa-press.net\/cameroun\/?p=24757"},"modified":"2022-08-03T16:52:10","modified_gmt":"2022-08-03T16:52:10","slug":"cameroun-transition-le-mrc-en-ebullition-a-louest","status":"publish","type":"post","link":"https:\/\/www.africa-press.net\/cameroun\/politique\/cameroun-transition-le-mrc-en-ebullition-a-louest","title":{"rendered":"Cameroun-transition : le MRC en \u00e9bullition \u00e0 l\u2019Ouest"},"content":{"rendered":"<p><span style=\"color: #ff6600\"><strong>Africa-Press &#8211; Cameroun. <\/strong><\/span>Certains militants s\u2019indignent et protestent. Ils soutiennent avoir \u00e9t\u00e9 l\u00e9s\u00e9s lors du processus de renouvellement des organes de base de la f\u00e9d\u00e9ration r\u00e9gionale du MRC de l\u2019Ouest.<\/p>\n<p>Jusqu\u2019au 31 juillet 2022, les organes de base de la f\u00e9d\u00e9ration du Mouvement pour la Renaissance du Cameroun (MRC) de l\u2019Ouest ont fait peau neuve. Mais le processus \u00e9lectoral s\u2019est achev\u00e9 sur une note de protestation. Certains militants, candidats aux diff\u00e9rents postes \u00e0 pourvoir ont \u00e9t\u00e9 disqualifi\u00e9s. Leurs candidatures d\u00e9clar\u00e9es irrecevables.<\/p>\n<p>Indign\u00e9s, ils ont saisi le juge de r\u00e9f\u00e9r\u00e9 demandant l\u2019annulation des \u00e9lections. D\u00e9bout\u00e9s, le collectif des candidats abusivement d\u00e9bout\u00e9s pour les \u00e9lections internes du MRC dans la r\u00e9gion de l\u2019Ouest sont autoris\u00e9s \u00e0 organiser une conf\u00e9rence de presse. Elle a lieu ce mercredi 03 ao\u00fbt 2022 de 14 heures \u00e0 16 heures au Parc des loisirs de Bafoussam. Cette autorisation leur a \u00e9t\u00e9 accord\u00e9e par le sous-pr\u00e9fet de Bafoussam 1er.<\/p>\n<p>Son but est, selon l\u2019autorisation sp\u00e9ciale de l\u2019autorit\u00e9 administrative, de d\u00e9noncer la d\u00e9marche non objective de la commission \u00e9lectorale \u00e0 l\u2019Ouest. Expliquer \u00e0 l\u2019opinion publique leurs raisons de la saisine du juge de r\u00e9f\u00e9r\u00e9 d\u2019heure \u00e0 heure aux fins de la suspension de la tenue des \u00e9lections internes du parti dans la r\u00e9gion de l\u2019Ouest. Donner leur position.<\/p>\n<p>Cette d\u00e9marche n\u2019est pas du go\u00fbt des responsables de la f\u00e9d\u00e9ration r\u00e9gionale du MRC. Dans un communiqu\u00e9 en date du 02 ao\u00fbt et sign\u00e9 du secr\u00e9taire g\u00e9n\u00e9ral Me Andr\u00e9 Marie Tassa, la f\u00e9d\u00e9ration d\u00e9nonce un comportement anti-d\u00e9mocratique et une amplification de \u00ab la campagne de d\u00e9stabilisation du Mouvement pour la Renaissance du Cameroun (\u2026) \u00bb, peut-on lire.<\/p>\n<p>\u00ab Cette op\u00e9ration lugubre, pr\u00e9cisons-le, se tient avec le soutien actif et visible du sous-pr\u00e9fet de l\u2019arrondissement de Bafoussam 1er qui leur a d\u00e9livr\u00e9 une autorisation sp\u00e9ciale, acte qui viole les dispositions de la loi 90\/55 du 19 d\u00e9cembre 1990 fixant le r\u00e9gime des r\u00e9unions et des manifestations publiques\u00bb, d\u00e9noncent-ils.<\/p>\n<p>Selon la f\u00e9d\u00e9ration, le collectif n\u2019a aucune existence l\u00e9gale. Ses membres s\u2019\u00e9chauffent sans raison aucune. La commission \u00e9lectorale a rejet\u00e9 les listes de candidatures des protestataires pour plusieurs raisons. Il s\u2019agit entre autres de \u00ab nombreuses man\u0153uvres de tripatouillages et de falsification des cartes de membre du parti ; des fausses d\u00e9clarations sur leur anciennet\u00e9 dans le parti \u00bb.<\/p>\n<p>Ces listes ont ainsi \u00e9t\u00e9 \u00e9cart\u00e9es du processus \u00e9lectoral des bureaux des organes de base tenu dans 33 communes et 07 d\u00e9partements et achev\u00e9 le 31 juillet. A l\u2019issue des \u00e9lections, la liste conduite par des Me Andr\u00e9 Marie Tassa au bureau de la f\u00e9d\u00e9ration r\u00e9gionale de l\u2019Ouest a remport\u00e9 la bataille.<\/p>\n<p><strong>Pour plus d&rsquo;informations et d&rsquo;analyses sur la <a href=\"https:\/\/www.africa-press.net\/cameroun\">Cameroun<\/a>, suivez <a href=\"https:\/\/www.africa-press.net\/\">Africa-Press<\/a><\/strong><\/p>\n","protected":false},"excerpt":{"rendered":"<p>Africa-Press &#8211; Cameroun. Certains militants s\u2019indignent et protestent. Ils soutiennent avoir \u00e9t\u00e9 l\u00e9s\u00e9s lors du processus de renouvellement des organes de base de la f\u00e9d\u00e9ration r\u00e9gionale du MRC de l\u2019Ouest. Jusqu\u2019au 31 juillet 2022, les organes de base de la f\u00e9d\u00e9ration du Mouvement pour la Renaissance du Cameroun (MRC) de l\u2019Ouest ont fait peau neuve. [&hellip;]<\/p>\n","protected":false},"author":82,"featured_media":24756,"comment_status":"open","ping_status":"closed","sticky":false,"template":"","format":"standard","meta":{"footnotes":""},"categories":[11,2,10],"tags":[36,50,49],"class_list":["post-24757","post","type-post","status-publish","format-standard","has-post-thumbnail","hentry","category-homepage-french","category-politique","category-toutes-les-actualites","tag-africa-press","tag-africa-press-cameroun","tag-cameroun"],"yoast_head":"<!-- This site is optimized with the Yoast SEO Premium plugin v26.1 (Yoast SEO v27.0) - https:\/\/yoast.com\/product\/yoast-seo-premium-wordpress\/ -->\n<title>Cameroun-transition : le MRC en \u00e9bullition \u00e0 l\u2019Ouest - Cameroun<\/title>\n<meta name=\"description\" content=\"Certains militants s\u2019indignent et protestent. Ils soutiennent avoir \u00e9t\u00e9 l\u00e9s\u00e9s lors du processus de renouvellement des or ...\" \/>\n<meta name=\"robots\" content=\"index, follow, max-snippet:-1, max-image-preview:large, max-video-preview:-1\" \/>\n<link rel=\"canonical\" href=\"https:\/\/www.africa-press.net\/cameroun\/politique\/cameroun-transition-le-mrc-en-ebullition-a-louest\" \/>\n<meta property=\"og:locale\" content=\"fr_FR\" \/>\n<meta property=\"og:type\" content=\"article\" \/>\n<meta property=\"og:title\" content=\"Cameroun-transition : le MRC en \u00e9bullition \u00e0 l\u2019Ouest\" \/>\n<meta property=\"og:description\" content=\"Certains militants s\u2019indignent et protestent. Ils soutiennent avoir \u00e9t\u00e9 l\u00e9s\u00e9s lors du processus de renouvellement des or ...\" \/>\n<meta property=\"og:url\" content=\"https:\/\/www.africa-press.net\/cameroun\/politique\/cameroun-transition-le-mrc-en-ebullition-a-louest\" \/>\n<meta property=\"og:site_name\" content=\"Cameroun\" \/>\n<meta property=\"article:published_time\" content=\"2022-08-03T17:17:58+00:00\" \/>\n<meta property=\"og:image\" content=\"https:\/\/static.africa-press.net\/cameroun\/sites\/57\/2022\/08\/img-62eaa7a7b59fb.jpg\" \/>\n\t<meta property=\"og:image:width\" content=\"960\" \/>\n\t<meta property=\"og:image:height\" content=\"480\" \/>\n\t<meta property=\"og:image:type\" content=\"image\/jpeg\" \/>\n<meta name=\"author\" content=\"cfeditorfr\" \/>\n<meta name=\"twitter:card\" content=\"summary_large_image\" \/>\n<meta name=\"twitter:label1\" content=\"\u00c9crit par\" \/>\n\t<meta name=\"twitter:data1\" content=\"cfeditorfr\" \/>\n\t<meta name=\"twitter:label2\" content=\"Dur\u00e9e de lecture estim\u00e9e\" \/>\n\t<meta name=\"twitter:data2\" content=\"3 minutes\" \/>\n<script type=\"application\/ld+json\" class=\"yoast-schema-graph\">{\"@context\":\"https:\/\/schema.org\",\"@graph\":[{\"@type\":\"Article\",\"@id\":\"https:\/\/www.africa-press.net\/cameroun\/politique\/cameroun-transition-le-mrc-en-ebullition-a-louest#article\",\"isPartOf\":{\"@id\":\"https:\/\/www.africa-press.net\/cameroun\/politique\/cameroun-transition-le-mrc-en-ebullition-a-louest\"},\"author\":{\"name\":\"cfeditorfr\",\"@id\":\"https:\/\/www.africa-press.net\/cameroun\/#\/schema\/person\/2b1cf3cd81a31e3cd26889ca66d677f1\"},\"headline\":\"Cameroun-transition : le MRC en \u00e9bullition \u00e0 l\u2019Ouest\",\"datePublished\":\"2022-08-03T17:17:58+00:00\",\"mainEntityOfPage\":{\"@id\":\"https:\/\/www.africa-press.net\/cameroun\/politique\/cameroun-transition-le-mrc-en-ebullition-a-louest\"},\"wordCount\":503,\"commentCount\":0,\"image\":{\"@id\":\"https:\/\/www.africa-press.net\/cameroun\/politique\/cameroun-transition-le-mrc-en-ebullition-a-louest#primaryimage\"},\"thumbnailUrl\":\"https:\/\/static.africa-press.net\/cameroun\/sites\/57\/2022\/08\/img-62eaa7a7b59fb.jpg\",\"keywords\":[\"Africa Press\",\"Africa Press-Cameroun\",\"Cameroun\"],\"articleSection\":[\"homepage-french\",\"Politique\",\"Toutes les actualit\u00e9s\"],\"inLanguage\":\"fr-FR\",\"potentialAction\":[{\"@type\":\"CommentAction\",\"name\":\"Comment\",\"target\":[\"https:\/\/www.africa-press.net\/cameroun\/politique\/cameroun-transition-le-mrc-en-ebullition-a-louest#respond\"]}]},{\"@type\":\"WebPage\",\"@id\":\"https:\/\/www.africa-press.net\/cameroun\/politique\/cameroun-transition-le-mrc-en-ebullition-a-louest\",\"url\":\"https:\/\/www.africa-press.net\/cameroun\/politique\/cameroun-transition-le-mrc-en-ebullition-a-louest\",\"name\":\"Cameroun-transition : le MRC en \u00e9bullition \u00e0 l\u2019Ouest - Cameroun\",\"isPartOf\":{\"@id\":\"https:\/\/www.africa-press.net\/cameroun\/#website\"},\"primaryImageOfPage\":{\"@id\":\"https:\/\/www.africa-press.net\/cameroun\/politique\/cameroun-transition-le-mrc-en-ebullition-a-louest#primaryimage\"},\"image\":{\"@id\":\"https:\/\/www.africa-press.net\/cameroun\/politique\/cameroun-transition-le-mrc-en-ebullition-a-louest#primaryimage\"},\"thumbnailUrl\":\"https:\/\/static.africa-press.net\/cameroun\/sites\/57\/2022\/08\/img-62eaa7a7b59fb.jpg\",\"datePublished\":\"2022-08-03T17:17:58+00:00\",\"author\":{\"@id\":\"https:\/\/www.africa-press.net\/cameroun\/#\/schema\/person\/2b1cf3cd81a31e3cd26889ca66d677f1\"},\"description\":\"Certains militants s\u2019indignent et protestent. Ils soutiennent avoir \u00e9t\u00e9 l\u00e9s\u00e9s lors du processus de renouvellement des or ...\",\"breadcrumb\":{\"@id\":\"https:\/\/www.africa-press.net\/cameroun\/politique\/cameroun-transition-le-mrc-en-ebullition-a-louest#breadcrumb\"},\"inLanguage\":\"fr-FR\",\"potentialAction\":[{\"@type\":\"ReadAction\",\"target\":[\"https:\/\/www.africa-press.net\/cameroun\/politique\/cameroun-transition-le-mrc-en-ebullition-a-louest\"]}]},{\"@type\":\"ImageObject\",\"inLanguage\":\"fr-FR\",\"@id\":\"https:\/\/www.africa-press.net\/cameroun\/politique\/cameroun-transition-le-mrc-en-ebullition-a-louest#primaryimage\",\"url\":\"https:\/\/static.africa-press.net\/cameroun\/sites\/57\/2022\/08\/img-62eaa7a7b59fb.jpg\",\"contentUrl\":\"https:\/\/static.africa-press.net\/cameroun\/sites\/57\/2022\/08\/img-62eaa7a7b59fb.jpg\",\"width\":960,\"height\":480,\"caption\":\"Cameroun-transition : le MRC en \u00e9bullition \u00e0 l\u2019Ouest\"},{\"@type\":\"BreadcrumbList\",\"@id\":\"https:\/\/www.africa-press.net\/cameroun\/politique\/cameroun-transition-le-mrc-en-ebullition-a-louest#breadcrumb\",\"itemListElement\":[{\"@type\":\"ListItem\",\"position\":1,\"name\":\"Accueil\",\"item\":\"https:\/\/www.africa-press.net\/cameroun\/\"},{\"@type\":\"ListItem\",\"position\":2,\"name\":\"Cameroun-transition : le MRC en \u00e9bullition \u00e0 l\u2019Ouest\"}]},{\"@type\":\"WebSite\",\"@id\":\"https:\/\/www.africa-press.net\/cameroun\/#website\",\"url\":\"https:\/\/www.africa-press.net\/cameroun\/\",\"name\":\"Cameroun\",\"description\":\"Just another Africa News Agency Sites site\",\"potentialAction\":[{\"@type\":\"SearchAction\",\"target\":{\"@type\":\"EntryPoint\",\"urlTemplate\":\"https:\/\/www.africa-press.net\/cameroun\/?s={search_term_string}\"},\"query-input\":{\"@type\":\"PropertyValueSpecification\",\"valueRequired\":true,\"valueName\":\"search_term_string\"}}],\"inLanguage\":\"fr-FR\"},{\"@type\":\"Person\",\"@id\":\"https:\/\/www.africa-press.net\/cameroun\/#\/schema\/person\/2b1cf3cd81a31e3cd26889ca66d677f1\",\"name\":\"cfeditorfr\"}]}<\/script>\n<!-- \/ Yoast SEO Premium plugin. -->","yoast_head_json":{"title":"Cameroun-transition : le MRC en \u00e9bullition \u00e0 l\u2019Ouest - Cameroun","description":"Certains militants s\u2019indignent et protestent. Ils soutiennent avoir \u00e9t\u00e9 l\u00e9s\u00e9s lors du processus de renouvellement des or ...","robots":{"index":"index","follow":"follow","max-snippet":"max-snippet:-1","max-image-preview":"max-image-preview:large","max-video-preview":"max-video-preview:-1"},"canonical":"https:\/\/www.africa-press.net\/cameroun\/politique\/cameroun-transition-le-mrc-en-ebullition-a-louest","og_locale":"fr_FR","og_type":"article","og_title":"Cameroun-transition : le MRC en \u00e9bullition \u00e0 l\u2019Ouest","og_description":"Certains militants s\u2019indignent et protestent. Ils soutiennent avoir \u00e9t\u00e9 l\u00e9s\u00e9s lors du processus de renouvellement des or ...","og_url":"https:\/\/www.africa-press.net\/cameroun\/politique\/cameroun-transition-le-mrc-en-ebullition-a-louest","og_site_name":"Cameroun","article_published_time":"2022-08-03T17:17:58+00:00","og_image":[{"width":960,"height":480,"url":"https:\/\/static.africa-press.net\/cameroun\/sites\/57\/2022\/08\/img-62eaa7a7b59fb.jpg","type":"image\/jpeg"}],"author":"cfeditorfr","twitter_card":"summary_large_image","twitter_misc":{"\u00c9crit par":"cfeditorfr","Dur\u00e9e de lecture estim\u00e9e":"3 minutes"},"schema":{"@context":"https:\/\/schema.org","@graph":[{"@type":"Article","@id":"https:\/\/www.africa-press.net\/cameroun\/politique\/cameroun-transition-le-mrc-en-ebullition-a-louest#article","isPartOf":{"@id":"https:\/\/www.africa-press.net\/cameroun\/politique\/cameroun-transition-le-mrc-en-ebullition-a-louest"},"author":{"name":"cfeditorfr","@id":"https:\/\/www.africa-press.net\/cameroun\/#\/schema\/person\/2b1cf3cd81a31e3cd26889ca66d677f1"},"headline":"Cameroun-transition : le MRC en \u00e9bullition \u00e0 l\u2019Ouest","datePublished":"2022-08-03T17:17:58+00:00","mainEntityOfPage":{"@id":"https:\/\/www.africa-press.net\/cameroun\/politique\/cameroun-transition-le-mrc-en-ebullition-a-louest"},"wordCount":503,"commentCount":0,"image":{"@id":"https:\/\/www.africa-press.net\/cameroun\/politique\/cameroun-transition-le-mrc-en-ebullition-a-louest#primaryimage"},"thumbnailUrl":"https:\/\/static.africa-press.net\/cameroun\/sites\/57\/2022\/08\/img-62eaa7a7b59fb.jpg","keywords":["Africa Press","Africa Press-Cameroun","Cameroun"],"articleSection":["homepage-french","Politique","Toutes les actualit\u00e9s"],"inLanguage":"fr-FR","potentialAction":[{"@type":"CommentAction","name":"Comment","target":["https:\/\/www.africa-press.net\/cameroun\/politique\/cameroun-transition-le-mrc-en-ebullition-a-louest#respond"]}]},{"@type":"WebPage","@id":"https:\/\/www.africa-press.net\/cameroun\/politique\/cameroun-transition-le-mrc-en-ebullition-a-louest","url":"https:\/\/www.africa-press.net\/cameroun\/politique\/cameroun-transition-le-mrc-en-ebullition-a-louest","name":"Cameroun-transition : le MRC en \u00e9bullition \u00e0 l\u2019Ouest - Cameroun","isPartOf":{"@id":"https:\/\/www.africa-press.net\/cameroun\/#website"},"primaryImageOfPage":{"@id":"https:\/\/www.africa-press.net\/cameroun\/politique\/cameroun-transition-le-mrc-en-ebullition-a-louest#primaryimage"},"image":{"@id":"https:\/\/www.africa-press.net\/cameroun\/politique\/cameroun-transition-le-mrc-en-ebullition-a-louest#primaryimage"},"thumbnailUrl":"https:\/\/static.africa-press.net\/cameroun\/sites\/57\/2022\/08\/img-62eaa7a7b59fb.jpg","datePublished":"2022-08-03T17:17:58+00:00","author":{"@id":"https:\/\/www.africa-press.net\/cameroun\/#\/schema\/person\/2b1cf3cd81a31e3cd26889ca66d677f1"},"description":"Certains militants s\u2019indignent et protestent. Ils soutiennent avoir \u00e9t\u00e9 l\u00e9s\u00e9s lors du processus de renouvellement des or ...","breadcrumb":{"@id":"https:\/\/www.africa-press.net\/cameroun\/politique\/cameroun-transition-le-mrc-en-ebullition-a-louest#breadcrumb"},"inLanguage":"fr-FR","potentialAction":[{"@type":"ReadAction","target":["https:\/\/www.africa-press.net\/cameroun\/politique\/cameroun-transition-le-mrc-en-ebullition-a-louest"]}]},{"@type":"ImageObject","inLanguage":"fr-FR","@id":"https:\/\/www.africa-press.net\/cameroun\/politique\/cameroun-transition-le-mrc-en-ebullition-a-louest#primaryimage","url":"https:\/\/static.africa-press.net\/cameroun\/sites\/57\/2022\/08\/img-62eaa7a7b59fb.jpg","contentUrl":"https:\/\/static.africa-press.net\/cameroun\/sites\/57\/2022\/08\/img-62eaa7a7b59fb.jpg","width":960,"height":480,"caption":"Cameroun-transition : le MRC en \u00e9bullition \u00e0 l\u2019Ouest"},{"@type":"BreadcrumbList","@id":"https:\/\/www.africa-press.net\/cameroun\/politique\/cameroun-transition-le-mrc-en-ebullition-a-louest#breadcrumb","itemListElement":[{"@type":"ListItem","position":1,"name":"Accueil","item":"https:\/\/www.africa-press.net\/cameroun\/"},{"@type":"ListItem","position":2,"name":"Cameroun-transition : le MRC en \u00e9bullition \u00e0 l\u2019Ouest"}]},{"@type":"WebSite","@id":"https:\/\/www.africa-press.net\/cameroun\/#website","url":"https:\/\/www.africa-press.net\/cameroun\/","name":"Cameroun","description":"Just another Africa News Agency Sites site","potentialAction":[{"@type":"SearchAction","target":{"@type":"EntryPoint","urlTemplate":"https:\/\/www.africa-press.net\/cameroun\/?s={search_term_string}"},"query-input":{"@type":"PropertyValueSpecification","valueRequired":true,"valueName":"search_term_string"}}],"inLanguage":"fr-FR"},{"@type":"Person","@id":"https:\/\/www.africa-press.net\/cameroun\/#\/schema\/person\/2b1cf3cd81a31e3cd26889ca66d677f1","name":"cfeditorfr"}]}},"_links":{"self":[{"href":"https:\/\/www.africa-press.net\/cameroun\/wp-json\/wp\/v2\/posts\/24757","targetHints":{"allow":["GET"]}}],"collection":[{"href":"https:\/\/www.africa-press.net\/cameroun\/wp-json\/wp\/v2\/posts"}],"about":[{"href":"https:\/\/www.africa-press.net\/cameroun\/wp-json\/wp\/v2\/types\/post"}],"author":[{"embeddable":true,"href":"https:\/\/www.africa-press.net\/cameroun\/wp-json\/wp\/v2\/users\/82"}],"replies":[{"embeddable":true,"href":"https:\/\/www.africa-press.net\/cameroun\/wp-json\/wp\/v2\/comments?post=24757"}],"version-history":[{"count":0,"href":"https:\/\/www.africa-press.net\/cameroun\/wp-json\/wp\/v2\/posts\/24757\/revisions"}],"wp:featuredmedia":[{"embeddable":true,"href":"https:\/\/www.africa-press.net\/cameroun\/wp-json\/wp\/v2\/media\/24756"}],"wp:attachment":[{"href":"https:\/\/www.africa-press.net\/cameroun\/wp-json\/wp\/v2\/media?parent=24757"}],"wp:term":[{"taxonomy":"category","embeddable":true,"href":"https:\/\/www.africa-press.net\/cameroun\/wp-json\/wp\/v2\/categories?post=24757"},{"taxonomy":"post_tag","embeddable":true,"href":"https:\/\/www.africa-press.net\/cameroun\/wp-json\/wp\/v2\/tags?post=24757"}],"curies":[{"name":"wp","href":"https:\/\/api.w.org\/{rel}","templated":true}]}}