{"id":24820,"date":"2022-08-04T16:30:29","date_gmt":"2022-08-04T16:30:29","guid":{"rendered":"https:\/\/www.africa-press.net\/cameroun\/politique\/la-camerounaise-marie-laure-akin-olugbade-nouvelle-vice-presidente-par-interim-de-la-bad"},"modified":"2022-08-04T18:46:42","modified_gmt":"2022-08-04T18:46:42","slug":"la-camerounaise-marie-laure-akin-olugbade-nouvelle-vice-presidente-par-interim-de-la-bad","status":"publish","type":"post","link":"https:\/\/www.africa-press.net\/cameroun\/toutes-les-actualites\/la-camerounaise-marie-laure-akin-olugbade-nouvelle-vice-presidente-par-interim-de-la-bad","title":{"rendered":"La Camerounaise Marie-Laure Akin-Olugbade, nouvelle vice-pr\u00e9sidente par int\u00e9rim de la BAD"},"content":{"rendered":"<p><span style=\"color: #ff6600\"><strong>Africa-Press &#8211; Cameroun. <\/strong><\/span>Pr\u00e9c\u00e9demment directrice g\u00e9n\u00e9rale du d\u00e9veloppement et de la prestation des services pour la r\u00e9gion d\u2019Afrique de l\u2019Ouest, elle est depuis le 2 ao\u00fbt 2022, la pr\u00e9sidente par int\u00e9rim du Groupe de la Banque africaine de d\u00e9veloppement.<\/p>\n<p>Le Groupe de la Banque africaine de d\u00e9veloppement a annonc\u00e9, lundi 1er ao\u00fbt 2022, la nomination de Marie-Laure Akin-Olugbade n\u00e9e Ndongo-Seh au poste de vice-pr\u00e9sidente par int\u00e9rim charg\u00e9e du D\u00e9veloppement r\u00e9gional, de l\u2019Int\u00e9gration et de la Prestation de services.<\/p>\n<p>\u00ab J\u2019ai le plaisir de nommer madame Marie -Laure Akin-Olugbade au poste de vice-pr\u00e9sidente par int\u00e9rim du Complexe r\u00e9gional, Int\u00e9gration et prestation de services \u00bb, a d\u00e9clar\u00e9 le pr\u00e9sident du Groupe de la BAD, Akinwumi Adesina dans un communiqu\u00e9 le 1er ao\u00fbt dernier.<\/p>\n<p>De nationalit\u00e9 camerounaise, Akin-Olugbade \u00e9tait jusque-l\u00e0 directrice g\u00e9n\u00e9rale du D\u00e9veloppement et de la Prestation des services pour la r\u00e9gion Afrique de l\u2019Ouest. \u00c0 ces fonctions, responsable de la plus grande \u00e9quipe de chefs de bureau pays de la Banque africaine de d\u00e9veloppement, elle a eu \u00e0 g\u00e9rer des op\u00e9rations de pr\u00eat et hors-pr\u00eat complexes dans des pays \u00e0 revenu interm\u00e9diaire et \u00e0 faible revenu, des \u00c9tats en transition notamment, ainsi que des op\u00e9rations transfrontali\u00e8res innovantes et complexes.<\/p>\n<p>\u00ab C\u2019est avec beaucoup d\u2019humilit\u00e9 et un insigne honneur que je re\u00e7ois la confiance que me t\u00e9moigne le pr\u00e9sident Adesina, qui m\u2019a demand\u00e9 d\u2019occuper ce poste de direction essentiel, a d\u00e9clar\u00e9 Marie-Laure Akin-Olugbade \u00bb.<\/p>\n<p>\u00ab Je me r\u00e9jouis de travailler avec la formidable \u00e9quipe des directeurs g\u00e9n\u00e9raux, desdirecteurs charg\u00e9s de l\u2019Int\u00e9gration r\u00e9gionale et des \u00c9tats en transition, des chefs de bureau pays, des complexes en charge des op\u00e9rations de la Banque et de l\u2019\u00e9quipe de direction, pour renforcer l\u2019efficacit\u00e9, l\u2019efficience et la r\u00e9alisation d\u2019op\u00e9rations de qualit\u00e9 pour tous les b\u00e9n\u00e9ficiaires dans nos pays membres r\u00e9gionaux. En un mot, nous nous attacherons \u00e0 faire plus, mieux et plus vite \u00bb, a-t-elle indiqu\u00e9.<\/p>\n<p>Marie-Laure Akin-Olugbade est dipl\u00f4m\u00e9e des universit\u00e9s fran\u00e7aises Paris-Dauphine et Panth\u00e9on-Sorbonne o\u00f9 elle obtient une ma\u00eetrise en \u00e9conomie appliqu\u00e9e et un dipl\u00f4me d\u2019\u00e9tudes sup\u00e9rieures en Management. Elle int\u00e8gre la Banque en 1991. En 31 ans, elle fait montre d\u2019une riche carri\u00e8re professionnelle. C\u2019est une gestionnaire r\u00e9put\u00e9e au sein du Groupe de la BAD.<\/p>\n<p>Elle a notamment partag\u00e9 ses connaissances techniques, strat\u00e9giques et de leadership en mati\u00e8re de matches de capitaux, de tr\u00e9sorerie, de gestion d\u2019actifs, d\u2019\u00e9laboration des produits financiers et de politiques ainsi que la gestion des f\u00eates \u00e0 la BAD.<\/p>\n<p>Pour preuve, la Camerounaise a dirig\u00e9 l\u2019\u00e9quipe ayant con\u00e7u et financ\u00e9 l\u2019\u00e9changeur \u00e0 4 niveaux d\u2019Accra au Ghana, lequel est entr\u00e9 dans l\u2019histoire des infrastructures en Afrique. Bien plus, le portefeuille de l\u2019Afrique de l\u2019Ouest chiffr\u00e9 \u00e0 une valeur 9 milliards de dollars a augment\u00e9 gr\u00e2ce \u00e0 la contribution de Marie-Laure Akin-Olugbade.<\/p>\n<p>En 2016, Marie-Laure est nomm\u00e9e directrice g\u00e9n\u00e9rale adjointe du d\u00e9veloppement et de la prestation de services pour l\u2019Afrique de l\u2019Ouest et en est devenue directrice g\u00e9n\u00e9rale deux ans plus tard.<\/p>\n<p><strong>Pour plus d&rsquo;informations et d&rsquo;analyses sur la <a href=\"https:\/\/www.africa-press.net\/cameroun\">Cameroun<\/a>, suivez <a href=\"https:\/\/www.africa-press.net\/\">Africa-Press<\/a><\/strong><\/p>\n","protected":false},"excerpt":{"rendered":"<p>Africa-Press &#8211; Cameroun. Pr\u00e9c\u00e9demment directrice g\u00e9n\u00e9rale du d\u00e9veloppement et de la prestation des services pour la r\u00e9gion d\u2019Afrique de l\u2019Ouest, elle est depuis le 2 ao\u00fbt 2022, la pr\u00e9sidente par int\u00e9rim du Groupe de la Banque africaine de d\u00e9veloppement. Le Groupe de la Banque africaine de d\u00e9veloppement a annonc\u00e9, lundi 1er ao\u00fbt 2022, la nomination [&hellip;]<\/p>\n","protected":false},"author":82,"featured_media":24819,"comment_status":"open","ping_status":"closed","sticky":false,"template":"","format":"standard","meta":{"footnotes":""},"categories":[21,11,10],"tags":[36,50,49],"class_list":["post-24820","post","type-post","status-publish","format-standard","has-post-thumbnail","hentry","category-communaute","category-homepage-french","category-toutes-les-actualites","tag-africa-press","tag-africa-press-cameroun","tag-cameroun"],"yoast_head":"<!-- This site is optimized with the Yoast SEO Premium plugin v26.1 (Yoast SEO v27.0) - https:\/\/yoast.com\/product\/yoast-seo-premium-wordpress\/ -->\n<title>La Camerounaise Marie-Laure Akin-Olugbade, nouvelle vice-pr\u00e9sidente par int\u00e9rim de la BAD - Cameroun<\/title>\n<meta name=\"description\" content=\"Pr\u00e9c\u00e9demment directrice g\u00e9n\u00e9rale du d\u00e9veloppement et de la prestation des services pour la r\u00e9gion d\u2019Afrique de l\u2019Ouest, ...\" \/>\n<meta name=\"robots\" content=\"index, follow, max-snippet:-1, max-image-preview:large, max-video-preview:-1\" \/>\n<link rel=\"canonical\" href=\"https:\/\/www.africa-press.net\/cameroun\/toutes-les-actualites\/la-camerounaise-marie-laure-akin-olugbade-nouvelle-vice-presidente-par-interim-de-la-bad\" \/>\n<meta property=\"og:locale\" content=\"fr_FR\" \/>\n<meta property=\"og:type\" content=\"article\" \/>\n<meta property=\"og:title\" content=\"La Camerounaise Marie-Laure Akin-Olugbade, nouvelle vice-pr\u00e9sidente par int\u00e9rim de la BAD\" \/>\n<meta property=\"og:description\" content=\"Pr\u00e9c\u00e9demment directrice g\u00e9n\u00e9rale du d\u00e9veloppement et de la prestation des services pour la r\u00e9gion d\u2019Afrique de l\u2019Ouest, ...\" \/>\n<meta property=\"og:url\" content=\"https:\/\/www.africa-press.net\/cameroun\/toutes-les-actualites\/la-camerounaise-marie-laure-akin-olugbade-nouvelle-vice-presidente-par-interim-de-la-bad\" \/>\n<meta property=\"og:site_name\" content=\"Cameroun\" \/>\n<meta property=\"article:published_time\" content=\"2022-08-04T16:30:29+00:00\" \/>\n<meta property=\"article:modified_time\" content=\"2022-08-04T18:46:42+00:00\" \/>\n<meta property=\"og:image\" content=\"https:\/\/static.africa-press.net\/cameroun\/sites\/57\/2022\/08\/img-62ec13ff2c66c.jpg\" \/>\n\t<meta property=\"og:image:width\" content=\"720\" \/>\n\t<meta property=\"og:image:height\" content=\"427\" \/>\n\t<meta property=\"og:image:type\" content=\"image\/jpeg\" \/>\n<meta name=\"author\" content=\"cfeditorfr\" \/>\n<meta name=\"twitter:card\" content=\"summary_large_image\" \/>\n<meta name=\"twitter:label1\" content=\"\u00c9crit par\" \/>\n\t<meta name=\"twitter:data1\" content=\"cfeditorfr\" \/>\n\t<meta name=\"twitter:label2\" content=\"Dur\u00e9e de lecture estim\u00e9e\" \/>\n\t<meta name=\"twitter:data2\" content=\"3 minutes\" \/>\n<script type=\"application\/ld+json\" class=\"yoast-schema-graph\">{\"@context\":\"https:\/\/schema.org\",\"@graph\":[{\"@type\":\"Article\",\"@id\":\"https:\/\/www.africa-press.net\/cameroun\/toutes-les-actualites\/la-camerounaise-marie-laure-akin-olugbade-nouvelle-vice-presidente-par-interim-de-la-bad#article\",\"isPartOf\":{\"@id\":\"https:\/\/www.africa-press.net\/cameroun\/toutes-les-actualites\/la-camerounaise-marie-laure-akin-olugbade-nouvelle-vice-presidente-par-interim-de-la-bad\"},\"author\":{\"name\":\"cfeditorfr\",\"@id\":\"https:\/\/www.africa-press.net\/cameroun\/#\/schema\/person\/2b1cf3cd81a31e3cd26889ca66d677f1\"},\"headline\":\"La Camerounaise Marie-Laure Akin-Olugbade, nouvelle vice-pr\u00e9sidente par int\u00e9rim de la BAD\",\"datePublished\":\"2022-08-04T16:30:29+00:00\",\"dateModified\":\"2022-08-04T18:46:42+00:00\",\"mainEntityOfPage\":{\"@id\":\"https:\/\/www.africa-press.net\/cameroun\/toutes-les-actualites\/la-camerounaise-marie-laure-akin-olugbade-nouvelle-vice-presidente-par-interim-de-la-bad\"},\"wordCount\":589,\"commentCount\":0,\"image\":{\"@id\":\"https:\/\/www.africa-press.net\/cameroun\/toutes-les-actualites\/la-camerounaise-marie-laure-akin-olugbade-nouvelle-vice-presidente-par-interim-de-la-bad#primaryimage\"},\"thumbnailUrl\":\"https:\/\/static.africa-press.net\/cameroun\/sites\/57\/2022\/08\/img-62ec13ff2c66c.jpg\",\"keywords\":[\"Africa Press\",\"Africa Press-Cameroun\",\"Cameroun\"],\"articleSection\":[\"Communaut\u00e9\",\"homepage-french\",\"Toutes les actualit\u00e9s\"],\"inLanguage\":\"fr-FR\",\"potentialAction\":[{\"@type\":\"CommentAction\",\"name\":\"Comment\",\"target\":[\"https:\/\/www.africa-press.net\/cameroun\/toutes-les-actualites\/la-camerounaise-marie-laure-akin-olugbade-nouvelle-vice-presidente-par-interim-de-la-bad#respond\"]}]},{\"@type\":\"WebPage\",\"@id\":\"https:\/\/www.africa-press.net\/cameroun\/toutes-les-actualites\/la-camerounaise-marie-laure-akin-olugbade-nouvelle-vice-presidente-par-interim-de-la-bad\",\"url\":\"https:\/\/www.africa-press.net\/cameroun\/toutes-les-actualites\/la-camerounaise-marie-laure-akin-olugbade-nouvelle-vice-presidente-par-interim-de-la-bad\",\"name\":\"La Camerounaise Marie-Laure Akin-Olugbade, nouvelle vice-pr\u00e9sidente par int\u00e9rim de la BAD - Cameroun\",\"isPartOf\":{\"@id\":\"https:\/\/www.africa-press.net\/cameroun\/#website\"},\"primaryImageOfPage\":{\"@id\":\"https:\/\/www.africa-press.net\/cameroun\/toutes-les-actualites\/la-camerounaise-marie-laure-akin-olugbade-nouvelle-vice-presidente-par-interim-de-la-bad#primaryimage\"},\"image\":{\"@id\":\"https:\/\/www.africa-press.net\/cameroun\/toutes-les-actualites\/la-camerounaise-marie-laure-akin-olugbade-nouvelle-vice-presidente-par-interim-de-la-bad#primaryimage\"},\"thumbnailUrl\":\"https:\/\/static.africa-press.net\/cameroun\/sites\/57\/2022\/08\/img-62ec13ff2c66c.jpg\",\"datePublished\":\"2022-08-04T16:30:29+00:00\",\"dateModified\":\"2022-08-04T18:46:42+00:00\",\"author\":{\"@id\":\"https:\/\/www.africa-press.net\/cameroun\/#\/schema\/person\/2b1cf3cd81a31e3cd26889ca66d677f1\"},\"description\":\"Pr\u00e9c\u00e9demment directrice g\u00e9n\u00e9rale du d\u00e9veloppement et de la prestation des services pour la r\u00e9gion d\u2019Afrique de l\u2019Ouest, ...\",\"breadcrumb\":{\"@id\":\"https:\/\/www.africa-press.net\/cameroun\/toutes-les-actualites\/la-camerounaise-marie-laure-akin-olugbade-nouvelle-vice-presidente-par-interim-de-la-bad#breadcrumb\"},\"inLanguage\":\"fr-FR\",\"potentialAction\":[{\"@type\":\"ReadAction\",\"target\":[\"https:\/\/www.africa-press.net\/cameroun\/toutes-les-actualites\/la-camerounaise-marie-laure-akin-olugbade-nouvelle-vice-presidente-par-interim-de-la-bad\"]}]},{\"@type\":\"ImageObject\",\"inLanguage\":\"fr-FR\",\"@id\":\"https:\/\/www.africa-press.net\/cameroun\/toutes-les-actualites\/la-camerounaise-marie-laure-akin-olugbade-nouvelle-vice-presidente-par-interim-de-la-bad#primaryimage\",\"url\":\"https:\/\/static.africa-press.net\/cameroun\/sites\/57\/2022\/08\/img-62ec13ff2c66c.jpg\",\"contentUrl\":\"https:\/\/static.africa-press.net\/cameroun\/sites\/57\/2022\/08\/img-62ec13ff2c66c.jpg\",\"width\":720,\"height\":427,\"caption\":\"La Camerounaise Marie-Laure Akin-Olugbade, nouvelle vice-pr\u00e9sidente par int\u00e9rim de la BAD\"},{\"@type\":\"BreadcrumbList\",\"@id\":\"https:\/\/www.africa-press.net\/cameroun\/toutes-les-actualites\/la-camerounaise-marie-laure-akin-olugbade-nouvelle-vice-presidente-par-interim-de-la-bad#breadcrumb\",\"itemListElement\":[{\"@type\":\"ListItem\",\"position\":1,\"name\":\"Accueil\",\"item\":\"https:\/\/www.africa-press.net\/cameroun\/\"},{\"@type\":\"ListItem\",\"position\":2,\"name\":\"La Camerounaise Marie-Laure Akin-Olugbade, nouvelle vice-pr\u00e9sidente par int\u00e9rim de la BAD\"}]},{\"@type\":\"WebSite\",\"@id\":\"https:\/\/www.africa-press.net\/cameroun\/#website\",\"url\":\"https:\/\/www.africa-press.net\/cameroun\/\",\"name\":\"Cameroun\",\"description\":\"Just another Africa News Agency Sites site\",\"potentialAction\":[{\"@type\":\"SearchAction\",\"target\":{\"@type\":\"EntryPoint\",\"urlTemplate\":\"https:\/\/www.africa-press.net\/cameroun\/?s={search_term_string}\"},\"query-input\":{\"@type\":\"PropertyValueSpecification\",\"valueRequired\":true,\"valueName\":\"search_term_string\"}}],\"inLanguage\":\"fr-FR\"},{\"@type\":\"Person\",\"@id\":\"https:\/\/www.africa-press.net\/cameroun\/#\/schema\/person\/2b1cf3cd81a31e3cd26889ca66d677f1\",\"name\":\"cfeditorfr\"}]}<\/script>\n<!-- \/ Yoast SEO Premium plugin. -->","yoast_head_json":{"title":"La Camerounaise Marie-Laure Akin-Olugbade, nouvelle vice-pr\u00e9sidente par int\u00e9rim de la BAD - Cameroun","description":"Pr\u00e9c\u00e9demment directrice g\u00e9n\u00e9rale du d\u00e9veloppement et de la prestation des services pour la r\u00e9gion d\u2019Afrique de l\u2019Ouest, ...","robots":{"index":"index","follow":"follow","max-snippet":"max-snippet:-1","max-image-preview":"max-image-preview:large","max-video-preview":"max-video-preview:-1"},"canonical":"https:\/\/www.africa-press.net\/cameroun\/toutes-les-actualites\/la-camerounaise-marie-laure-akin-olugbade-nouvelle-vice-presidente-par-interim-de-la-bad","og_locale":"fr_FR","og_type":"article","og_title":"La Camerounaise Marie-Laure Akin-Olugbade, nouvelle vice-pr\u00e9sidente par int\u00e9rim de la BAD","og_description":"Pr\u00e9c\u00e9demment directrice g\u00e9n\u00e9rale du d\u00e9veloppement et de la prestation des services pour la r\u00e9gion d\u2019Afrique de l\u2019Ouest, ...","og_url":"https:\/\/www.africa-press.net\/cameroun\/toutes-les-actualites\/la-camerounaise-marie-laure-akin-olugbade-nouvelle-vice-presidente-par-interim-de-la-bad","og_site_name":"Cameroun","article_published_time":"2022-08-04T16:30:29+00:00","article_modified_time":"2022-08-04T18:46:42+00:00","og_image":[{"width":720,"height":427,"url":"https:\/\/static.africa-press.net\/cameroun\/sites\/57\/2022\/08\/img-62ec13ff2c66c.jpg","type":"image\/jpeg"}],"author":"cfeditorfr","twitter_card":"summary_large_image","twitter_misc":{"\u00c9crit par":"cfeditorfr","Dur\u00e9e de lecture estim\u00e9e":"3 minutes"},"schema":{"@context":"https:\/\/schema.org","@graph":[{"@type":"Article","@id":"https:\/\/www.africa-press.net\/cameroun\/toutes-les-actualites\/la-camerounaise-marie-laure-akin-olugbade-nouvelle-vice-presidente-par-interim-de-la-bad#article","isPartOf":{"@id":"https:\/\/www.africa-press.net\/cameroun\/toutes-les-actualites\/la-camerounaise-marie-laure-akin-olugbade-nouvelle-vice-presidente-par-interim-de-la-bad"},"author":{"name":"cfeditorfr","@id":"https:\/\/www.africa-press.net\/cameroun\/#\/schema\/person\/2b1cf3cd81a31e3cd26889ca66d677f1"},"headline":"La Camerounaise Marie-Laure Akin-Olugbade, nouvelle vice-pr\u00e9sidente par int\u00e9rim de la BAD","datePublished":"2022-08-04T16:30:29+00:00","dateModified":"2022-08-04T18:46:42+00:00","mainEntityOfPage":{"@id":"https:\/\/www.africa-press.net\/cameroun\/toutes-les-actualites\/la-camerounaise-marie-laure-akin-olugbade-nouvelle-vice-presidente-par-interim-de-la-bad"},"wordCount":589,"commentCount":0,"image":{"@id":"https:\/\/www.africa-press.net\/cameroun\/toutes-les-actualites\/la-camerounaise-marie-laure-akin-olugbade-nouvelle-vice-presidente-par-interim-de-la-bad#primaryimage"},"thumbnailUrl":"https:\/\/static.africa-press.net\/cameroun\/sites\/57\/2022\/08\/img-62ec13ff2c66c.jpg","keywords":["Africa Press","Africa Press-Cameroun","Cameroun"],"articleSection":["Communaut\u00e9","homepage-french","Toutes les actualit\u00e9s"],"inLanguage":"fr-FR","potentialAction":[{"@type":"CommentAction","name":"Comment","target":["https:\/\/www.africa-press.net\/cameroun\/toutes-les-actualites\/la-camerounaise-marie-laure-akin-olugbade-nouvelle-vice-presidente-par-interim-de-la-bad#respond"]}]},{"@type":"WebPage","@id":"https:\/\/www.africa-press.net\/cameroun\/toutes-les-actualites\/la-camerounaise-marie-laure-akin-olugbade-nouvelle-vice-presidente-par-interim-de-la-bad","url":"https:\/\/www.africa-press.net\/cameroun\/toutes-les-actualites\/la-camerounaise-marie-laure-akin-olugbade-nouvelle-vice-presidente-par-interim-de-la-bad","name":"La Camerounaise Marie-Laure Akin-Olugbade, nouvelle vice-pr\u00e9sidente par int\u00e9rim de la BAD - Cameroun","isPartOf":{"@id":"https:\/\/www.africa-press.net\/cameroun\/#website"},"primaryImageOfPage":{"@id":"https:\/\/www.africa-press.net\/cameroun\/toutes-les-actualites\/la-camerounaise-marie-laure-akin-olugbade-nouvelle-vice-presidente-par-interim-de-la-bad#primaryimage"},"image":{"@id":"https:\/\/www.africa-press.net\/cameroun\/toutes-les-actualites\/la-camerounaise-marie-laure-akin-olugbade-nouvelle-vice-presidente-par-interim-de-la-bad#primaryimage"},"thumbnailUrl":"https:\/\/static.africa-press.net\/cameroun\/sites\/57\/2022\/08\/img-62ec13ff2c66c.jpg","datePublished":"2022-08-04T16:30:29+00:00","dateModified":"2022-08-04T18:46:42+00:00","author":{"@id":"https:\/\/www.africa-press.net\/cameroun\/#\/schema\/person\/2b1cf3cd81a31e3cd26889ca66d677f1"},"description":"Pr\u00e9c\u00e9demment directrice g\u00e9n\u00e9rale du d\u00e9veloppement et de la prestation des services pour la r\u00e9gion d\u2019Afrique de l\u2019Ouest, ...","breadcrumb":{"@id":"https:\/\/www.africa-press.net\/cameroun\/toutes-les-actualites\/la-camerounaise-marie-laure-akin-olugbade-nouvelle-vice-presidente-par-interim-de-la-bad#breadcrumb"},"inLanguage":"fr-FR","potentialAction":[{"@type":"ReadAction","target":["https:\/\/www.africa-press.net\/cameroun\/toutes-les-actualites\/la-camerounaise-marie-laure-akin-olugbade-nouvelle-vice-presidente-par-interim-de-la-bad"]}]},{"@type":"ImageObject","inLanguage":"fr-FR","@id":"https:\/\/www.africa-press.net\/cameroun\/toutes-les-actualites\/la-camerounaise-marie-laure-akin-olugbade-nouvelle-vice-presidente-par-interim-de-la-bad#primaryimage","url":"https:\/\/static.africa-press.net\/cameroun\/sites\/57\/2022\/08\/img-62ec13ff2c66c.jpg","contentUrl":"https:\/\/static.africa-press.net\/cameroun\/sites\/57\/2022\/08\/img-62ec13ff2c66c.jpg","width":720,"height":427,"caption":"La Camerounaise Marie-Laure Akin-Olugbade, nouvelle vice-pr\u00e9sidente par int\u00e9rim de la BAD"},{"@type":"BreadcrumbList","@id":"https:\/\/www.africa-press.net\/cameroun\/toutes-les-actualites\/la-camerounaise-marie-laure-akin-olugbade-nouvelle-vice-presidente-par-interim-de-la-bad#breadcrumb","itemListElement":[{"@type":"ListItem","position":1,"name":"Accueil","item":"https:\/\/www.africa-press.net\/cameroun\/"},{"@type":"ListItem","position":2,"name":"La Camerounaise Marie-Laure Akin-Olugbade, nouvelle vice-pr\u00e9sidente par int\u00e9rim de la BAD"}]},{"@type":"WebSite","@id":"https:\/\/www.africa-press.net\/cameroun\/#website","url":"https:\/\/www.africa-press.net\/cameroun\/","name":"Cameroun","description":"Just another Africa News Agency Sites site","potentialAction":[{"@type":"SearchAction","target":{"@type":"EntryPoint","urlTemplate":"https:\/\/www.africa-press.net\/cameroun\/?s={search_term_string}"},"query-input":{"@type":"PropertyValueSpecification","valueRequired":true,"valueName":"search_term_string"}}],"inLanguage":"fr-FR"},{"@type":"Person","@id":"https:\/\/www.africa-press.net\/cameroun\/#\/schema\/person\/2b1cf3cd81a31e3cd26889ca66d677f1","name":"cfeditorfr"}]}},"_links":{"self":[{"href":"https:\/\/www.africa-press.net\/cameroun\/wp-json\/wp\/v2\/posts\/24820","targetHints":{"allow":["GET"]}}],"collection":[{"href":"https:\/\/www.africa-press.net\/cameroun\/wp-json\/wp\/v2\/posts"}],"about":[{"href":"https:\/\/www.africa-press.net\/cameroun\/wp-json\/wp\/v2\/types\/post"}],"author":[{"embeddable":true,"href":"https:\/\/www.africa-press.net\/cameroun\/wp-json\/wp\/v2\/users\/82"}],"replies":[{"embeddable":true,"href":"https:\/\/www.africa-press.net\/cameroun\/wp-json\/wp\/v2\/comments?post=24820"}],"version-history":[{"count":0,"href":"https:\/\/www.africa-press.net\/cameroun\/wp-json\/wp\/v2\/posts\/24820\/revisions"}],"wp:featuredmedia":[{"embeddable":true,"href":"https:\/\/www.africa-press.net\/cameroun\/wp-json\/wp\/v2\/media\/24819"}],"wp:attachment":[{"href":"https:\/\/www.africa-press.net\/cameroun\/wp-json\/wp\/v2\/media?parent=24820"}],"wp:term":[{"taxonomy":"category","embeddable":true,"href":"https:\/\/www.africa-press.net\/cameroun\/wp-json\/wp\/v2\/categories?post=24820"},{"taxonomy":"post_tag","embeddable":true,"href":"https:\/\/www.africa-press.net\/cameroun\/wp-json\/wp\/v2\/tags?post=24820"}],"curies":[{"name":"wp","href":"https:\/\/api.w.org\/{rel}","templated":true}]}}