{"id":24832,"date":"2022-08-04T17:00:57","date_gmt":"2022-08-04T17:00:57","guid":{"rendered":"https:\/\/www.africa-press.net\/cameroun\/politique\/cameroun-bafoussam-la-greve-des-taxis-paralyse-les-activites"},"modified":"2022-08-04T18:49:27","modified_gmt":"2022-08-04T18:49:27","slug":"cameroun-bafoussam-la-greve-des-taxis-paralyse-les-activites","status":"publish","type":"post","link":"https:\/\/www.africa-press.net\/cameroun\/toutes-les-actualites\/cameroun-bafoussam-la-greve-des-taxis-paralyse-les-activites","title":{"rendered":"Cameroun-Bafoussam : la gr\u00e8ve des taxis paralyse les activit\u00e9s"},"content":{"rendered":"<p><span style=\"color: #ff6600\"><strong>Africa-Press &#8211; Cameroun. <\/strong><\/span>Lanc\u00e9e depuis le mois de juillet apr\u00e8s la d\u00e9localisation de la gare routi\u00e8re du March\u00e9 B pour le Carrefour Bamougoum, l\u2019op\u00e9ration taxis morts p\u00e8se lourd sur les activit\u00e9s.<\/p>\n<p>Les conducteurs de taxis sont en col\u00e8re \u00e0 Bafoussam, capitale r\u00e9gionale de l\u2019Ouest. Ils d\u00e9noncent les tracasseries polici\u00e8res sur leurs itin\u00e9raires, les nouvelles r\u00e8gles de transport prises par les autorit\u00e9s, la concurrence jug\u00e9e d\u00e9loyale des moto-taxis, etc.<\/p>\n<p>En effet, selon notre confr\u00e8re 237 Online, depuis le mois de juillet, les d\u00e9placements se font en motocycles dans ville de Bafoussam et d\u2019une ville \u00e0 une autre. Les personnes d\u00e9sirant vaquer \u00e0 leurs occupations sont contraintes d\u2019emprunter les motos. Les activit\u00e9s des stations-services qui ont pour principaux clients les taxis tournent au ralenti, les chauffeurs de v\u00e9hicules \u00e0 usage taxis font pression sur les autorit\u00e9s.<\/p>\n<p>De sources m\u00e9diatiques, les taxis se plaignent de plusieurs tracasseries. Ils pointent du doigt les policiers qui ont multipli\u00e9 les points de contr\u00f4le et qui pr\u00e9l\u00e8vent 1000 francs Cfa. Ces conducteurs sont aussi face aux nouvelles r\u00e8gles d\u2019exercice de leur activit\u00e9. Depuis quelque temps, ils n\u2019ont plus la possibilit\u00e9 de rouler d\u2019une ville \u00e0 une autre dans la r\u00e9gion.<\/p>\n<p>Les personnes qui souhaitent voyager s\u2019une ville \u00e0 une autre sont oblig\u00e9es d\u2019emprunter deux taxis. Cette r\u00e9duction de la distance n\u2019arrange pas les conducteurs selon qui, elle viole leur droit de rouler sur une distance de 40 km autour d\u2019une ville, tel que pr\u00e9cise leur licence de transport et la carte bleue mise \u00e0 leur disposition.<\/p>\n<p>Ajout\u00e9 \u00e0 cela, les taxis manifestent aussi, disent-ils, parce qu\u2019ils n\u2019ont plus la possibilit\u00e9 de porter quatre passagers dans le v\u00e9hicule. Certains clients ne leurs proposent que 100 francs, tandis que les agents de la communaut\u00e9 urbaine les obligent \u00e0 payer 25 000 en cas de nouveau stationnement avec les commer\u00e7ants. Autant de raisons qui am\u00e8nent les taximen \u00e0 poursuivre leur gr\u00e8ve jusqu\u2019\u00e0 ce que les autorit\u00e9s assouplissent les exigences.<\/p>\n<p><strong>Pour plus d&rsquo;informations et d&rsquo;analyses sur la <a href=\"https:\/\/www.africa-press.net\/cameroun\">Cameroun<\/a>, suivez <a href=\"https:\/\/www.africa-press.net\/\">Africa-Press<\/a><\/strong><\/p>\n","protected":false},"excerpt":{"rendered":"<p>Africa-Press &#8211; Cameroun. Lanc\u00e9e depuis le mois de juillet apr\u00e8s la d\u00e9localisation de la gare routi\u00e8re du March\u00e9 B pour le Carrefour Bamougoum, l\u2019op\u00e9ration taxis morts p\u00e8se lourd sur les activit\u00e9s. Les conducteurs de taxis sont en col\u00e8re \u00e0 Bafoussam, capitale r\u00e9gionale de l\u2019Ouest. Ils d\u00e9noncent les tracasseries polici\u00e8res sur leurs itin\u00e9raires, les nouvelles r\u00e8gles [&hellip;]<\/p>\n","protected":false},"author":82,"featured_media":24831,"comment_status":"open","ping_status":"closed","sticky":false,"template":"","format":"standard","meta":{"footnotes":""},"categories":[21,11,10],"tags":[36,50,49],"class_list":["post-24832","post","type-post","status-publish","format-standard","has-post-thumbnail","hentry","category-communaute","category-homepage-french","category-toutes-les-actualites","tag-africa-press","tag-africa-press-cameroun","tag-cameroun"],"yoast_head":"<!-- This site is optimized with the Yoast SEO Premium plugin v26.1 (Yoast SEO v27.0) - https:\/\/yoast.com\/product\/yoast-seo-premium-wordpress\/ -->\n<title>Cameroun-Bafoussam : la gr\u00e8ve des taxis paralyse les activit\u00e9s - Cameroun<\/title>\n<meta name=\"description\" content=\"Lanc\u00e9e depuis le mois de juillet apr\u00e8s la d\u00e9localisation de la gare routi\u00e8re du March\u00e9 B pour le Carrefour Bamougoum, l\u2019 ...\" \/>\n<meta name=\"robots\" content=\"index, follow, max-snippet:-1, max-image-preview:large, max-video-preview:-1\" \/>\n<link rel=\"canonical\" href=\"https:\/\/www.africa-press.net\/cameroun\/toutes-les-actualites\/cameroun-bafoussam-la-greve-des-taxis-paralyse-les-activites\" \/>\n<meta property=\"og:locale\" content=\"fr_FR\" \/>\n<meta property=\"og:type\" content=\"article\" \/>\n<meta property=\"og:title\" content=\"Cameroun-Bafoussam : la gr\u00e8ve des taxis paralyse les activit\u00e9s\" \/>\n<meta property=\"og:description\" content=\"Lanc\u00e9e depuis le mois de juillet apr\u00e8s la d\u00e9localisation de la gare routi\u00e8re du March\u00e9 B pour le Carrefour Bamougoum, l\u2019 ...\" \/>\n<meta property=\"og:url\" content=\"https:\/\/www.africa-press.net\/cameroun\/toutes-les-actualites\/cameroun-bafoussam-la-greve-des-taxis-paralyse-les-activites\" \/>\n<meta property=\"og:site_name\" content=\"Cameroun\" \/>\n<meta property=\"article:published_time\" content=\"2022-08-04T17:00:57+00:00\" \/>\n<meta property=\"article:modified_time\" content=\"2022-08-04T18:49:27+00:00\" \/>\n<meta property=\"og:image\" content=\"https:\/\/static.africa-press.net\/cameroun\/sites\/57\/2022\/08\/img-62ec148aeab3b.jpg\" \/>\n\t<meta property=\"og:image:width\" content=\"1500\" \/>\n\t<meta property=\"og:image:height\" content=\"844\" \/>\n\t<meta property=\"og:image:type\" content=\"image\/jpeg\" \/>\n<meta name=\"author\" content=\"cfeditorfr\" \/>\n<meta name=\"twitter:card\" content=\"summary_large_image\" \/>\n<meta name=\"twitter:label1\" content=\"\u00c9crit par\" \/>\n\t<meta name=\"twitter:data1\" content=\"cfeditorfr\" \/>\n\t<meta name=\"twitter:label2\" content=\"Dur\u00e9e de lecture estim\u00e9e\" \/>\n\t<meta name=\"twitter:data2\" content=\"2 minutes\" \/>\n<script type=\"application\/ld+json\" class=\"yoast-schema-graph\">{\"@context\":\"https:\/\/schema.org\",\"@graph\":[{\"@type\":\"Article\",\"@id\":\"https:\/\/www.africa-press.net\/cameroun\/toutes-les-actualites\/cameroun-bafoussam-la-greve-des-taxis-paralyse-les-activites#article\",\"isPartOf\":{\"@id\":\"https:\/\/www.africa-press.net\/cameroun\/toutes-les-actualites\/cameroun-bafoussam-la-greve-des-taxis-paralyse-les-activites\"},\"author\":{\"name\":\"cfeditorfr\",\"@id\":\"https:\/\/www.africa-press.net\/cameroun\/#\/schema\/person\/2b1cf3cd81a31e3cd26889ca66d677f1\"},\"headline\":\"Cameroun-Bafoussam : la gr\u00e8ve des taxis paralyse les activit\u00e9s\",\"datePublished\":\"2022-08-04T17:00:57+00:00\",\"dateModified\":\"2022-08-04T18:49:27+00:00\",\"mainEntityOfPage\":{\"@id\":\"https:\/\/www.africa-press.net\/cameroun\/toutes-les-actualites\/cameroun-bafoussam-la-greve-des-taxis-paralyse-les-activites\"},\"wordCount\":374,\"commentCount\":0,\"image\":{\"@id\":\"https:\/\/www.africa-press.net\/cameroun\/toutes-les-actualites\/cameroun-bafoussam-la-greve-des-taxis-paralyse-les-activites#primaryimage\"},\"thumbnailUrl\":\"https:\/\/static.africa-press.net\/cameroun\/sites\/57\/2022\/08\/img-62ec148aeab3b.jpg\",\"keywords\":[\"Africa Press\",\"Africa Press-Cameroun\",\"Cameroun\"],\"articleSection\":[\"Communaut\u00e9\",\"homepage-french\",\"Toutes les actualit\u00e9s\"],\"inLanguage\":\"fr-FR\",\"potentialAction\":[{\"@type\":\"CommentAction\",\"name\":\"Comment\",\"target\":[\"https:\/\/www.africa-press.net\/cameroun\/toutes-les-actualites\/cameroun-bafoussam-la-greve-des-taxis-paralyse-les-activites#respond\"]}]},{\"@type\":\"WebPage\",\"@id\":\"https:\/\/www.africa-press.net\/cameroun\/toutes-les-actualites\/cameroun-bafoussam-la-greve-des-taxis-paralyse-les-activites\",\"url\":\"https:\/\/www.africa-press.net\/cameroun\/toutes-les-actualites\/cameroun-bafoussam-la-greve-des-taxis-paralyse-les-activites\",\"name\":\"Cameroun-Bafoussam : la gr\u00e8ve des taxis paralyse les activit\u00e9s - Cameroun\",\"isPartOf\":{\"@id\":\"https:\/\/www.africa-press.net\/cameroun\/#website\"},\"primaryImageOfPage\":{\"@id\":\"https:\/\/www.africa-press.net\/cameroun\/toutes-les-actualites\/cameroun-bafoussam-la-greve-des-taxis-paralyse-les-activites#primaryimage\"},\"image\":{\"@id\":\"https:\/\/www.africa-press.net\/cameroun\/toutes-les-actualites\/cameroun-bafoussam-la-greve-des-taxis-paralyse-les-activites#primaryimage\"},\"thumbnailUrl\":\"https:\/\/static.africa-press.net\/cameroun\/sites\/57\/2022\/08\/img-62ec148aeab3b.jpg\",\"datePublished\":\"2022-08-04T17:00:57+00:00\",\"dateModified\":\"2022-08-04T18:49:27+00:00\",\"author\":{\"@id\":\"https:\/\/www.africa-press.net\/cameroun\/#\/schema\/person\/2b1cf3cd81a31e3cd26889ca66d677f1\"},\"description\":\"Lanc\u00e9e depuis le mois de juillet apr\u00e8s la d\u00e9localisation de la gare routi\u00e8re du March\u00e9 B pour le Carrefour Bamougoum, l\u2019 ...\",\"breadcrumb\":{\"@id\":\"https:\/\/www.africa-press.net\/cameroun\/toutes-les-actualites\/cameroun-bafoussam-la-greve-des-taxis-paralyse-les-activites#breadcrumb\"},\"inLanguage\":\"fr-FR\",\"potentialAction\":[{\"@type\":\"ReadAction\",\"target\":[\"https:\/\/www.africa-press.net\/cameroun\/toutes-les-actualites\/cameroun-bafoussam-la-greve-des-taxis-paralyse-les-activites\"]}]},{\"@type\":\"ImageObject\",\"inLanguage\":\"fr-FR\",\"@id\":\"https:\/\/www.africa-press.net\/cameroun\/toutes-les-actualites\/cameroun-bafoussam-la-greve-des-taxis-paralyse-les-activites#primaryimage\",\"url\":\"https:\/\/static.africa-press.net\/cameroun\/sites\/57\/2022\/08\/img-62ec148aeab3b.jpg\",\"contentUrl\":\"https:\/\/static.africa-press.net\/cameroun\/sites\/57\/2022\/08\/img-62ec148aeab3b.jpg\",\"width\":1500,\"height\":844,\"caption\":\"Cameroun-Bafoussam : la gr\u00e8ve des taxis paralyse les activit\u00e9s\"},{\"@type\":\"BreadcrumbList\",\"@id\":\"https:\/\/www.africa-press.net\/cameroun\/toutes-les-actualites\/cameroun-bafoussam-la-greve-des-taxis-paralyse-les-activites#breadcrumb\",\"itemListElement\":[{\"@type\":\"ListItem\",\"position\":1,\"name\":\"Accueil\",\"item\":\"https:\/\/www.africa-press.net\/cameroun\/\"},{\"@type\":\"ListItem\",\"position\":2,\"name\":\"Cameroun-Bafoussam : la gr\u00e8ve des taxis paralyse les activit\u00e9s\"}]},{\"@type\":\"WebSite\",\"@id\":\"https:\/\/www.africa-press.net\/cameroun\/#website\",\"url\":\"https:\/\/www.africa-press.net\/cameroun\/\",\"name\":\"Cameroun\",\"description\":\"Just another Africa News Agency Sites site\",\"potentialAction\":[{\"@type\":\"SearchAction\",\"target\":{\"@type\":\"EntryPoint\",\"urlTemplate\":\"https:\/\/www.africa-press.net\/cameroun\/?s={search_term_string}\"},\"query-input\":{\"@type\":\"PropertyValueSpecification\",\"valueRequired\":true,\"valueName\":\"search_term_string\"}}],\"inLanguage\":\"fr-FR\"},{\"@type\":\"Person\",\"@id\":\"https:\/\/www.africa-press.net\/cameroun\/#\/schema\/person\/2b1cf3cd81a31e3cd26889ca66d677f1\",\"name\":\"cfeditorfr\"}]}<\/script>\n<!-- \/ Yoast SEO Premium plugin. -->","yoast_head_json":{"title":"Cameroun-Bafoussam : la gr\u00e8ve des taxis paralyse les activit\u00e9s - Cameroun","description":"Lanc\u00e9e depuis le mois de juillet apr\u00e8s la d\u00e9localisation de la gare routi\u00e8re du March\u00e9 B pour le Carrefour Bamougoum, l\u2019 ...","robots":{"index":"index","follow":"follow","max-snippet":"max-snippet:-1","max-image-preview":"max-image-preview:large","max-video-preview":"max-video-preview:-1"},"canonical":"https:\/\/www.africa-press.net\/cameroun\/toutes-les-actualites\/cameroun-bafoussam-la-greve-des-taxis-paralyse-les-activites","og_locale":"fr_FR","og_type":"article","og_title":"Cameroun-Bafoussam : la gr\u00e8ve des taxis paralyse les activit\u00e9s","og_description":"Lanc\u00e9e depuis le mois de juillet apr\u00e8s la d\u00e9localisation de la gare routi\u00e8re du March\u00e9 B pour le Carrefour Bamougoum, l\u2019 ...","og_url":"https:\/\/www.africa-press.net\/cameroun\/toutes-les-actualites\/cameroun-bafoussam-la-greve-des-taxis-paralyse-les-activites","og_site_name":"Cameroun","article_published_time":"2022-08-04T17:00:57+00:00","article_modified_time":"2022-08-04T18:49:27+00:00","og_image":[{"width":1500,"height":844,"url":"https:\/\/static.africa-press.net\/cameroun\/sites\/57\/2022\/08\/img-62ec148aeab3b.jpg","type":"image\/jpeg"}],"author":"cfeditorfr","twitter_card":"summary_large_image","twitter_misc":{"\u00c9crit par":"cfeditorfr","Dur\u00e9e de lecture estim\u00e9e":"2 minutes"},"schema":{"@context":"https:\/\/schema.org","@graph":[{"@type":"Article","@id":"https:\/\/www.africa-press.net\/cameroun\/toutes-les-actualites\/cameroun-bafoussam-la-greve-des-taxis-paralyse-les-activites#article","isPartOf":{"@id":"https:\/\/www.africa-press.net\/cameroun\/toutes-les-actualites\/cameroun-bafoussam-la-greve-des-taxis-paralyse-les-activites"},"author":{"name":"cfeditorfr","@id":"https:\/\/www.africa-press.net\/cameroun\/#\/schema\/person\/2b1cf3cd81a31e3cd26889ca66d677f1"},"headline":"Cameroun-Bafoussam : la gr\u00e8ve des taxis paralyse les activit\u00e9s","datePublished":"2022-08-04T17:00:57+00:00","dateModified":"2022-08-04T18:49:27+00:00","mainEntityOfPage":{"@id":"https:\/\/www.africa-press.net\/cameroun\/toutes-les-actualites\/cameroun-bafoussam-la-greve-des-taxis-paralyse-les-activites"},"wordCount":374,"commentCount":0,"image":{"@id":"https:\/\/www.africa-press.net\/cameroun\/toutes-les-actualites\/cameroun-bafoussam-la-greve-des-taxis-paralyse-les-activites#primaryimage"},"thumbnailUrl":"https:\/\/static.africa-press.net\/cameroun\/sites\/57\/2022\/08\/img-62ec148aeab3b.jpg","keywords":["Africa Press","Africa Press-Cameroun","Cameroun"],"articleSection":["Communaut\u00e9","homepage-french","Toutes les actualit\u00e9s"],"inLanguage":"fr-FR","potentialAction":[{"@type":"CommentAction","name":"Comment","target":["https:\/\/www.africa-press.net\/cameroun\/toutes-les-actualites\/cameroun-bafoussam-la-greve-des-taxis-paralyse-les-activites#respond"]}]},{"@type":"WebPage","@id":"https:\/\/www.africa-press.net\/cameroun\/toutes-les-actualites\/cameroun-bafoussam-la-greve-des-taxis-paralyse-les-activites","url":"https:\/\/www.africa-press.net\/cameroun\/toutes-les-actualites\/cameroun-bafoussam-la-greve-des-taxis-paralyse-les-activites","name":"Cameroun-Bafoussam : la gr\u00e8ve des taxis paralyse les activit\u00e9s - Cameroun","isPartOf":{"@id":"https:\/\/www.africa-press.net\/cameroun\/#website"},"primaryImageOfPage":{"@id":"https:\/\/www.africa-press.net\/cameroun\/toutes-les-actualites\/cameroun-bafoussam-la-greve-des-taxis-paralyse-les-activites#primaryimage"},"image":{"@id":"https:\/\/www.africa-press.net\/cameroun\/toutes-les-actualites\/cameroun-bafoussam-la-greve-des-taxis-paralyse-les-activites#primaryimage"},"thumbnailUrl":"https:\/\/static.africa-press.net\/cameroun\/sites\/57\/2022\/08\/img-62ec148aeab3b.jpg","datePublished":"2022-08-04T17:00:57+00:00","dateModified":"2022-08-04T18:49:27+00:00","author":{"@id":"https:\/\/www.africa-press.net\/cameroun\/#\/schema\/person\/2b1cf3cd81a31e3cd26889ca66d677f1"},"description":"Lanc\u00e9e depuis le mois de juillet apr\u00e8s la d\u00e9localisation de la gare routi\u00e8re du March\u00e9 B pour le Carrefour Bamougoum, l\u2019 ...","breadcrumb":{"@id":"https:\/\/www.africa-press.net\/cameroun\/toutes-les-actualites\/cameroun-bafoussam-la-greve-des-taxis-paralyse-les-activites#breadcrumb"},"inLanguage":"fr-FR","potentialAction":[{"@type":"ReadAction","target":["https:\/\/www.africa-press.net\/cameroun\/toutes-les-actualites\/cameroun-bafoussam-la-greve-des-taxis-paralyse-les-activites"]}]},{"@type":"ImageObject","inLanguage":"fr-FR","@id":"https:\/\/www.africa-press.net\/cameroun\/toutes-les-actualites\/cameroun-bafoussam-la-greve-des-taxis-paralyse-les-activites#primaryimage","url":"https:\/\/static.africa-press.net\/cameroun\/sites\/57\/2022\/08\/img-62ec148aeab3b.jpg","contentUrl":"https:\/\/static.africa-press.net\/cameroun\/sites\/57\/2022\/08\/img-62ec148aeab3b.jpg","width":1500,"height":844,"caption":"Cameroun-Bafoussam : la gr\u00e8ve des taxis paralyse les activit\u00e9s"},{"@type":"BreadcrumbList","@id":"https:\/\/www.africa-press.net\/cameroun\/toutes-les-actualites\/cameroun-bafoussam-la-greve-des-taxis-paralyse-les-activites#breadcrumb","itemListElement":[{"@type":"ListItem","position":1,"name":"Accueil","item":"https:\/\/www.africa-press.net\/cameroun\/"},{"@type":"ListItem","position":2,"name":"Cameroun-Bafoussam : la gr\u00e8ve des taxis paralyse les activit\u00e9s"}]},{"@type":"WebSite","@id":"https:\/\/www.africa-press.net\/cameroun\/#website","url":"https:\/\/www.africa-press.net\/cameroun\/","name":"Cameroun","description":"Just another Africa News Agency Sites site","potentialAction":[{"@type":"SearchAction","target":{"@type":"EntryPoint","urlTemplate":"https:\/\/www.africa-press.net\/cameroun\/?s={search_term_string}"},"query-input":{"@type":"PropertyValueSpecification","valueRequired":true,"valueName":"search_term_string"}}],"inLanguage":"fr-FR"},{"@type":"Person","@id":"https:\/\/www.africa-press.net\/cameroun\/#\/schema\/person\/2b1cf3cd81a31e3cd26889ca66d677f1","name":"cfeditorfr"}]}},"_links":{"self":[{"href":"https:\/\/www.africa-press.net\/cameroun\/wp-json\/wp\/v2\/posts\/24832","targetHints":{"allow":["GET"]}}],"collection":[{"href":"https:\/\/www.africa-press.net\/cameroun\/wp-json\/wp\/v2\/posts"}],"about":[{"href":"https:\/\/www.africa-press.net\/cameroun\/wp-json\/wp\/v2\/types\/post"}],"author":[{"embeddable":true,"href":"https:\/\/www.africa-press.net\/cameroun\/wp-json\/wp\/v2\/users\/82"}],"replies":[{"embeddable":true,"href":"https:\/\/www.africa-press.net\/cameroun\/wp-json\/wp\/v2\/comments?post=24832"}],"version-history":[{"count":0,"href":"https:\/\/www.africa-press.net\/cameroun\/wp-json\/wp\/v2\/posts\/24832\/revisions"}],"wp:featuredmedia":[{"embeddable":true,"href":"https:\/\/www.africa-press.net\/cameroun\/wp-json\/wp\/v2\/media\/24831"}],"wp:attachment":[{"href":"https:\/\/www.africa-press.net\/cameroun\/wp-json\/wp\/v2\/media?parent=24832"}],"wp:term":[{"taxonomy":"category","embeddable":true,"href":"https:\/\/www.africa-press.net\/cameroun\/wp-json\/wp\/v2\/categories?post=24832"},{"taxonomy":"post_tag","embeddable":true,"href":"https:\/\/www.africa-press.net\/cameroun\/wp-json\/wp\/v2\/tags?post=24832"}],"curies":[{"name":"wp","href":"https:\/\/api.w.org\/{rel}","templated":true}]}}