{"id":24838,"date":"2022-08-04T17:16:29","date_gmt":"2022-08-04T17:16:29","guid":{"rendered":"https:\/\/www.africa-press.net\/cameroun\/politique\/cameroun-le-coq-sportif-assigne-la-fecafoot-en-justice"},"modified":"2022-08-04T18:50:49","modified_gmt":"2022-08-04T18:50:49","slug":"cameroun-le-coq-sportif-assigne-la-fecafoot-en-justice","status":"publish","type":"post","link":"https:\/\/www.africa-press.net\/cameroun\/toutes-les-actualites\/cameroun-le-coq-sportif-assigne-la-fecafoot-en-justice","title":{"rendered":"Cameroun : Le Coq sportif assigne la F\u00e9cafoot en justice"},"content":{"rendered":"<p><span style=\"color: #ff6600\"><strong>Africa-Press &#8211; Cameroun. <\/strong><\/span>Le pr\u00e9sident de l\u2019\u00e9quipementier fran\u00e7ais Le Coq Sportif a annonc\u00e9 avoir assign\u00e9 la F\u00e9cafoot en justice ce mardi pour \u00abrupture de contrat abusif\u00bb.<\/p>\n<p>L\u2019affaire F\u00e9cafoot-Le Coq sportif va se jouer d\u00e9sormais devant les tribunaux. \u00abNous vous informons que nous assignons la F\u00e9d\u00e9ration camerounaise de football, en vue d\u2019obtenir la poursuite de ses engagements contractuels jusqu\u2019\u00e0 l\u2019\u00e9ch\u00e9ance naturelle de notre contrat, soit le 31 d\u00e9cembre 2023 \u00bb.<\/p>\n<p>Ce mercredi, Le Coq sportif a annonc\u00e9 via son pr\u00e9sident, l\u2019assignation de la F\u00e9cafoot dont le pr\u00e9sident a pris la d\u00e9cision de mettre un terme au contrat qui lie la marque \u00e0 l\u2019instance faiti\u00e8re du football camerounais, plus d\u2019un an avant son terme. La d\u00e9cision de Samuel Eto\u2019o ayant pris effet le 24 juillet dernier, au lendemain de la r\u00e9cente Coupe d\u2019Afrique des nations (CAN) de football f\u00e9minin au Maroc.<\/p>\n<p>Si Samuel Eto\u2019o continue a utilis\u00e9 les maillots Coq sportif, (il a notamment remis un ce mercredi 03 ao\u00fbt \u00e0 l\u2019internationale fran\u00e7aise Griege Mbock), la F\u00e9cafoot a depuis juillet lanc\u00e9 un avis d\u2019appel d\u2019offres en vue du recrutement d\u2019un nouvel \u00e9quipementier. Dix entreprises ont notamment postul\u00e9 et la Commission ad hoc charg\u00e9e d\u2019\u00e9tudier les offres en a retenu trois. Celles-ci vont \u00eatre soumises au Comit\u00e9 ex\u00e9cutif de la F\u00e9cafoot.<\/p>\n<p>Et \u00ab le nom d\u2019un \u00e9quipementier respectueux de ses engagements et fier d\u2019associer son nom au prestigieux label Lions indomptables sera d\u00e9voil\u00e9 dans les prochains jours \u00bb, a ainsi annonc\u00e9 le secr\u00e9taire g\u00e9n\u00e9ral de la F\u00e9cafoot mardi.<\/p>\n<p>Seulement, Le Coq Sportif qui a d\u00e9j\u00e0 mis la F\u00e9cafoot en garde entend mettre ses menaces \u00e0 ex\u00e9cution. \u00abNous n\u2019avions pourtant pas manqu\u00e9 d\u2019attirer l\u2019attention de la F\u00e9cafoot quant au caract\u00e8re n\u00e9cessairement fautif et abusif d\u2019une telle r\u00e9siliation, dans la mesure o\u00f9 nous n\u2019avons manqu\u00e9 \u00e0 aucun des engagements contractuels qui nous incombaient en qualit\u00e9 d\u2019\u00e9quipementier de la F\u00e9d\u00e9ration Camerounaise depuis plus de trois ans \u00bb, a \u00e9crit Marc-Henri Beausire, pr\u00e9sident de la firme fran\u00e7aise Le Coq Sportif.<\/p>\n<p>Le pr\u00e9sident de la firme fran\u00e7aise avait d\u00e9j\u00e0 en effet saisi le pr\u00e9sident de la F\u00e9cafoot le 11 juillet pour l\u2019inviter \u00e0 reconsid\u00e9rer sa d\u00e9cision. \u00ab Nous avons d\u2019ores et d\u00e9j\u00e0 mandat\u00e9 notre Conseil habituel, afin d\u2019engager toutes les proc\u00e9dures judiciaires nous permettant d\u2019obtenir r\u00e9paration du pr\u00e9judice subi, ce qui malheureusement aura des cons\u00e9quences importantes pour la F\u00e9cafoot \u00bb, avait averti le pr\u00e9sident de la firme.<\/p>\n<p>Le Coq sportif est confiant quant \u00e0 l\u2019issue du proc\u00e8s qui attend la F\u00e9cafoot et promet d\u2019assigner \u00e9galement l\u2019\u00e9ventuel \u00e9quipementier qui s\u2019engagera entre-temps, avec l\u2019instance faiti\u00e8re du football camerounais.<\/p>\n<p><strong>Pour plus d&rsquo;informations et d&rsquo;analyses sur la <a href=\"https:\/\/www.africa-press.net\/cameroun\">Cameroun<\/a>, suivez <a href=\"https:\/\/www.africa-press.net\/\">Africa-Press<\/a><\/strong><\/p>\n","protected":false},"excerpt":{"rendered":"<p>Africa-Press &#8211; Cameroun. Le pr\u00e9sident de l\u2019\u00e9quipementier fran\u00e7ais Le Coq Sportif a annonc\u00e9 avoir assign\u00e9 la F\u00e9cafoot en justice ce mardi pour \u00abrupture de contrat abusif\u00bb. L\u2019affaire F\u00e9cafoot-Le Coq sportif va se jouer d\u00e9sormais devant les tribunaux. \u00abNous vous informons que nous assignons la F\u00e9d\u00e9ration camerounaise de football, en vue d\u2019obtenir la poursuite de ses [&hellip;]<\/p>\n","protected":false},"author":82,"featured_media":24837,"comment_status":"open","ping_status":"closed","sticky":false,"template":"","format":"standard","meta":{"footnotes":""},"categories":[21,11,10],"tags":[36,50,49],"class_list":["post-24838","post","type-post","status-publish","format-standard","has-post-thumbnail","hentry","category-communaute","category-homepage-french","category-toutes-les-actualites","tag-africa-press","tag-africa-press-cameroun","tag-cameroun"],"yoast_head":"<!-- This site is optimized with the Yoast SEO Premium plugin v26.1 (Yoast SEO v27.0) - https:\/\/yoast.com\/product\/yoast-seo-premium-wordpress\/ -->\n<title>Cameroun : Le Coq sportif assigne la F\u00e9cafoot en justice - Cameroun<\/title>\n<meta name=\"description\" content=\"Le pr\u00e9sident de l\u2019\u00e9quipementier fran\u00e7ais Le Coq Sportif a annonc\u00e9 avoir assign\u00e9 la F\u00e9cafoot en justice ce mardi pour \u00abru ...\" \/>\n<meta name=\"robots\" content=\"index, follow, max-snippet:-1, max-image-preview:large, max-video-preview:-1\" \/>\n<link rel=\"canonical\" href=\"https:\/\/www.africa-press.net\/cameroun\/toutes-les-actualites\/cameroun-le-coq-sportif-assigne-la-fecafoot-en-justice\" \/>\n<meta property=\"og:locale\" content=\"fr_FR\" \/>\n<meta property=\"og:type\" content=\"article\" \/>\n<meta property=\"og:title\" content=\"Cameroun : Le Coq sportif assigne la F\u00e9cafoot en justice\" \/>\n<meta property=\"og:description\" content=\"Le pr\u00e9sident de l\u2019\u00e9quipementier fran\u00e7ais Le Coq Sportif a annonc\u00e9 avoir assign\u00e9 la F\u00e9cafoot en justice ce mardi pour \u00abru ...\" \/>\n<meta property=\"og:url\" content=\"https:\/\/www.africa-press.net\/cameroun\/toutes-les-actualites\/cameroun-le-coq-sportif-assigne-la-fecafoot-en-justice\" \/>\n<meta property=\"og:site_name\" content=\"Cameroun\" \/>\n<meta property=\"article:published_time\" content=\"2022-08-04T17:16:29+00:00\" \/>\n<meta property=\"article:modified_time\" content=\"2022-08-04T18:50:49+00:00\" \/>\n<meta property=\"og:image\" content=\"https:\/\/static.africa-press.net\/cameroun\/sites\/57\/2022\/08\/img-62ec14e8d14f8.jpg\" \/>\n\t<meta property=\"og:image:width\" content=\"1200\" \/>\n\t<meta property=\"og:image:height\" content=\"675\" \/>\n\t<meta property=\"og:image:type\" content=\"image\/jpeg\" \/>\n<meta name=\"author\" content=\"cfeditorfr\" \/>\n<meta name=\"twitter:card\" content=\"summary_large_image\" \/>\n<meta name=\"twitter:label1\" content=\"\u00c9crit par\" \/>\n\t<meta name=\"twitter:data1\" content=\"cfeditorfr\" \/>\n\t<meta name=\"twitter:label2\" content=\"Dur\u00e9e de lecture estim\u00e9e\" \/>\n\t<meta name=\"twitter:data2\" content=\"3 minutes\" \/>\n<script type=\"application\/ld+json\" class=\"yoast-schema-graph\">{\"@context\":\"https:\/\/schema.org\",\"@graph\":[{\"@type\":\"Article\",\"@id\":\"https:\/\/www.africa-press.net\/cameroun\/toutes-les-actualites\/cameroun-le-coq-sportif-assigne-la-fecafoot-en-justice#article\",\"isPartOf\":{\"@id\":\"https:\/\/www.africa-press.net\/cameroun\/toutes-les-actualites\/cameroun-le-coq-sportif-assigne-la-fecafoot-en-justice\"},\"author\":{\"name\":\"cfeditorfr\",\"@id\":\"https:\/\/www.africa-press.net\/cameroun\/#\/schema\/person\/2b1cf3cd81a31e3cd26889ca66d677f1\"},\"headline\":\"Cameroun : Le Coq sportif assigne la F\u00e9cafoot en justice\",\"datePublished\":\"2022-08-04T17:16:29+00:00\",\"dateModified\":\"2022-08-04T18:50:49+00:00\",\"mainEntityOfPage\":{\"@id\":\"https:\/\/www.africa-press.net\/cameroun\/toutes-les-actualites\/cameroun-le-coq-sportif-assigne-la-fecafoot-en-justice\"},\"wordCount\":511,\"commentCount\":0,\"image\":{\"@id\":\"https:\/\/www.africa-press.net\/cameroun\/toutes-les-actualites\/cameroun-le-coq-sportif-assigne-la-fecafoot-en-justice#primaryimage\"},\"thumbnailUrl\":\"https:\/\/static.africa-press.net\/cameroun\/sites\/57\/2022\/08\/img-62ec14e8d14f8.jpg\",\"keywords\":[\"Africa Press\",\"Africa Press-Cameroun\",\"Cameroun\"],\"articleSection\":[\"Communaut\u00e9\",\"homepage-french\",\"Toutes les actualit\u00e9s\"],\"inLanguage\":\"fr-FR\",\"potentialAction\":[{\"@type\":\"CommentAction\",\"name\":\"Comment\",\"target\":[\"https:\/\/www.africa-press.net\/cameroun\/toutes-les-actualites\/cameroun-le-coq-sportif-assigne-la-fecafoot-en-justice#respond\"]}]},{\"@type\":\"WebPage\",\"@id\":\"https:\/\/www.africa-press.net\/cameroun\/toutes-les-actualites\/cameroun-le-coq-sportif-assigne-la-fecafoot-en-justice\",\"url\":\"https:\/\/www.africa-press.net\/cameroun\/toutes-les-actualites\/cameroun-le-coq-sportif-assigne-la-fecafoot-en-justice\",\"name\":\"Cameroun : Le Coq sportif assigne la F\u00e9cafoot en justice - Cameroun\",\"isPartOf\":{\"@id\":\"https:\/\/www.africa-press.net\/cameroun\/#website\"},\"primaryImageOfPage\":{\"@id\":\"https:\/\/www.africa-press.net\/cameroun\/toutes-les-actualites\/cameroun-le-coq-sportif-assigne-la-fecafoot-en-justice#primaryimage\"},\"image\":{\"@id\":\"https:\/\/www.africa-press.net\/cameroun\/toutes-les-actualites\/cameroun-le-coq-sportif-assigne-la-fecafoot-en-justice#primaryimage\"},\"thumbnailUrl\":\"https:\/\/static.africa-press.net\/cameroun\/sites\/57\/2022\/08\/img-62ec14e8d14f8.jpg\",\"datePublished\":\"2022-08-04T17:16:29+00:00\",\"dateModified\":\"2022-08-04T18:50:49+00:00\",\"author\":{\"@id\":\"https:\/\/www.africa-press.net\/cameroun\/#\/schema\/person\/2b1cf3cd81a31e3cd26889ca66d677f1\"},\"description\":\"Le pr\u00e9sident de l\u2019\u00e9quipementier fran\u00e7ais Le Coq Sportif a annonc\u00e9 avoir assign\u00e9 la F\u00e9cafoot en justice ce mardi pour \u00abru ...\",\"breadcrumb\":{\"@id\":\"https:\/\/www.africa-press.net\/cameroun\/toutes-les-actualites\/cameroun-le-coq-sportif-assigne-la-fecafoot-en-justice#breadcrumb\"},\"inLanguage\":\"fr-FR\",\"potentialAction\":[{\"@type\":\"ReadAction\",\"target\":[\"https:\/\/www.africa-press.net\/cameroun\/toutes-les-actualites\/cameroun-le-coq-sportif-assigne-la-fecafoot-en-justice\"]}]},{\"@type\":\"ImageObject\",\"inLanguage\":\"fr-FR\",\"@id\":\"https:\/\/www.africa-press.net\/cameroun\/toutes-les-actualites\/cameroun-le-coq-sportif-assigne-la-fecafoot-en-justice#primaryimage\",\"url\":\"https:\/\/static.africa-press.net\/cameroun\/sites\/57\/2022\/08\/img-62ec14e8d14f8.jpg\",\"contentUrl\":\"https:\/\/static.africa-press.net\/cameroun\/sites\/57\/2022\/08\/img-62ec14e8d14f8.jpg\",\"width\":1200,\"height\":675,\"caption\":\"Cameroun : Le Coq sportif assigne la F\u00e9cafoot en justice\"},{\"@type\":\"BreadcrumbList\",\"@id\":\"https:\/\/www.africa-press.net\/cameroun\/toutes-les-actualites\/cameroun-le-coq-sportif-assigne-la-fecafoot-en-justice#breadcrumb\",\"itemListElement\":[{\"@type\":\"ListItem\",\"position\":1,\"name\":\"Accueil\",\"item\":\"https:\/\/www.africa-press.net\/cameroun\/\"},{\"@type\":\"ListItem\",\"position\":2,\"name\":\"Cameroun : Le Coq sportif assigne la F\u00e9cafoot en justice\"}]},{\"@type\":\"WebSite\",\"@id\":\"https:\/\/www.africa-press.net\/cameroun\/#website\",\"url\":\"https:\/\/www.africa-press.net\/cameroun\/\",\"name\":\"Cameroun\",\"description\":\"Just another Africa News Agency Sites site\",\"potentialAction\":[{\"@type\":\"SearchAction\",\"target\":{\"@type\":\"EntryPoint\",\"urlTemplate\":\"https:\/\/www.africa-press.net\/cameroun\/?s={search_term_string}\"},\"query-input\":{\"@type\":\"PropertyValueSpecification\",\"valueRequired\":true,\"valueName\":\"search_term_string\"}}],\"inLanguage\":\"fr-FR\"},{\"@type\":\"Person\",\"@id\":\"https:\/\/www.africa-press.net\/cameroun\/#\/schema\/person\/2b1cf3cd81a31e3cd26889ca66d677f1\",\"name\":\"cfeditorfr\"}]}<\/script>\n<!-- \/ Yoast SEO Premium plugin. -->","yoast_head_json":{"title":"Cameroun : Le Coq sportif assigne la F\u00e9cafoot en justice - Cameroun","description":"Le pr\u00e9sident de l\u2019\u00e9quipementier fran\u00e7ais Le Coq Sportif a annonc\u00e9 avoir assign\u00e9 la F\u00e9cafoot en justice ce mardi pour \u00abru ...","robots":{"index":"index","follow":"follow","max-snippet":"max-snippet:-1","max-image-preview":"max-image-preview:large","max-video-preview":"max-video-preview:-1"},"canonical":"https:\/\/www.africa-press.net\/cameroun\/toutes-les-actualites\/cameroun-le-coq-sportif-assigne-la-fecafoot-en-justice","og_locale":"fr_FR","og_type":"article","og_title":"Cameroun : Le Coq sportif assigne la F\u00e9cafoot en justice","og_description":"Le pr\u00e9sident de l\u2019\u00e9quipementier fran\u00e7ais Le Coq Sportif a annonc\u00e9 avoir assign\u00e9 la F\u00e9cafoot en justice ce mardi pour \u00abru ...","og_url":"https:\/\/www.africa-press.net\/cameroun\/toutes-les-actualites\/cameroun-le-coq-sportif-assigne-la-fecafoot-en-justice","og_site_name":"Cameroun","article_published_time":"2022-08-04T17:16:29+00:00","article_modified_time":"2022-08-04T18:50:49+00:00","og_image":[{"width":1200,"height":675,"url":"https:\/\/static.africa-press.net\/cameroun\/sites\/57\/2022\/08\/img-62ec14e8d14f8.jpg","type":"image\/jpeg"}],"author":"cfeditorfr","twitter_card":"summary_large_image","twitter_misc":{"\u00c9crit par":"cfeditorfr","Dur\u00e9e de lecture estim\u00e9e":"3 minutes"},"schema":{"@context":"https:\/\/schema.org","@graph":[{"@type":"Article","@id":"https:\/\/www.africa-press.net\/cameroun\/toutes-les-actualites\/cameroun-le-coq-sportif-assigne-la-fecafoot-en-justice#article","isPartOf":{"@id":"https:\/\/www.africa-press.net\/cameroun\/toutes-les-actualites\/cameroun-le-coq-sportif-assigne-la-fecafoot-en-justice"},"author":{"name":"cfeditorfr","@id":"https:\/\/www.africa-press.net\/cameroun\/#\/schema\/person\/2b1cf3cd81a31e3cd26889ca66d677f1"},"headline":"Cameroun : Le Coq sportif assigne la F\u00e9cafoot en justice","datePublished":"2022-08-04T17:16:29+00:00","dateModified":"2022-08-04T18:50:49+00:00","mainEntityOfPage":{"@id":"https:\/\/www.africa-press.net\/cameroun\/toutes-les-actualites\/cameroun-le-coq-sportif-assigne-la-fecafoot-en-justice"},"wordCount":511,"commentCount":0,"image":{"@id":"https:\/\/www.africa-press.net\/cameroun\/toutes-les-actualites\/cameroun-le-coq-sportif-assigne-la-fecafoot-en-justice#primaryimage"},"thumbnailUrl":"https:\/\/static.africa-press.net\/cameroun\/sites\/57\/2022\/08\/img-62ec14e8d14f8.jpg","keywords":["Africa Press","Africa Press-Cameroun","Cameroun"],"articleSection":["Communaut\u00e9","homepage-french","Toutes les actualit\u00e9s"],"inLanguage":"fr-FR","potentialAction":[{"@type":"CommentAction","name":"Comment","target":["https:\/\/www.africa-press.net\/cameroun\/toutes-les-actualites\/cameroun-le-coq-sportif-assigne-la-fecafoot-en-justice#respond"]}]},{"@type":"WebPage","@id":"https:\/\/www.africa-press.net\/cameroun\/toutes-les-actualites\/cameroun-le-coq-sportif-assigne-la-fecafoot-en-justice","url":"https:\/\/www.africa-press.net\/cameroun\/toutes-les-actualites\/cameroun-le-coq-sportif-assigne-la-fecafoot-en-justice","name":"Cameroun : Le Coq sportif assigne la F\u00e9cafoot en justice - Cameroun","isPartOf":{"@id":"https:\/\/www.africa-press.net\/cameroun\/#website"},"primaryImageOfPage":{"@id":"https:\/\/www.africa-press.net\/cameroun\/toutes-les-actualites\/cameroun-le-coq-sportif-assigne-la-fecafoot-en-justice#primaryimage"},"image":{"@id":"https:\/\/www.africa-press.net\/cameroun\/toutes-les-actualites\/cameroun-le-coq-sportif-assigne-la-fecafoot-en-justice#primaryimage"},"thumbnailUrl":"https:\/\/static.africa-press.net\/cameroun\/sites\/57\/2022\/08\/img-62ec14e8d14f8.jpg","datePublished":"2022-08-04T17:16:29+00:00","dateModified":"2022-08-04T18:50:49+00:00","author":{"@id":"https:\/\/www.africa-press.net\/cameroun\/#\/schema\/person\/2b1cf3cd81a31e3cd26889ca66d677f1"},"description":"Le pr\u00e9sident de l\u2019\u00e9quipementier fran\u00e7ais Le Coq Sportif a annonc\u00e9 avoir assign\u00e9 la F\u00e9cafoot en justice ce mardi pour \u00abru ...","breadcrumb":{"@id":"https:\/\/www.africa-press.net\/cameroun\/toutes-les-actualites\/cameroun-le-coq-sportif-assigne-la-fecafoot-en-justice#breadcrumb"},"inLanguage":"fr-FR","potentialAction":[{"@type":"ReadAction","target":["https:\/\/www.africa-press.net\/cameroun\/toutes-les-actualites\/cameroun-le-coq-sportif-assigne-la-fecafoot-en-justice"]}]},{"@type":"ImageObject","inLanguage":"fr-FR","@id":"https:\/\/www.africa-press.net\/cameroun\/toutes-les-actualites\/cameroun-le-coq-sportif-assigne-la-fecafoot-en-justice#primaryimage","url":"https:\/\/static.africa-press.net\/cameroun\/sites\/57\/2022\/08\/img-62ec14e8d14f8.jpg","contentUrl":"https:\/\/static.africa-press.net\/cameroun\/sites\/57\/2022\/08\/img-62ec14e8d14f8.jpg","width":1200,"height":675,"caption":"Cameroun : Le Coq sportif assigne la F\u00e9cafoot en justice"},{"@type":"BreadcrumbList","@id":"https:\/\/www.africa-press.net\/cameroun\/toutes-les-actualites\/cameroun-le-coq-sportif-assigne-la-fecafoot-en-justice#breadcrumb","itemListElement":[{"@type":"ListItem","position":1,"name":"Accueil","item":"https:\/\/www.africa-press.net\/cameroun\/"},{"@type":"ListItem","position":2,"name":"Cameroun : Le Coq sportif assigne la F\u00e9cafoot en justice"}]},{"@type":"WebSite","@id":"https:\/\/www.africa-press.net\/cameroun\/#website","url":"https:\/\/www.africa-press.net\/cameroun\/","name":"Cameroun","description":"Just another Africa News Agency Sites site","potentialAction":[{"@type":"SearchAction","target":{"@type":"EntryPoint","urlTemplate":"https:\/\/www.africa-press.net\/cameroun\/?s={search_term_string}"},"query-input":{"@type":"PropertyValueSpecification","valueRequired":true,"valueName":"search_term_string"}}],"inLanguage":"fr-FR"},{"@type":"Person","@id":"https:\/\/www.africa-press.net\/cameroun\/#\/schema\/person\/2b1cf3cd81a31e3cd26889ca66d677f1","name":"cfeditorfr"}]}},"_links":{"self":[{"href":"https:\/\/www.africa-press.net\/cameroun\/wp-json\/wp\/v2\/posts\/24838","targetHints":{"allow":["GET"]}}],"collection":[{"href":"https:\/\/www.africa-press.net\/cameroun\/wp-json\/wp\/v2\/posts"}],"about":[{"href":"https:\/\/www.africa-press.net\/cameroun\/wp-json\/wp\/v2\/types\/post"}],"author":[{"embeddable":true,"href":"https:\/\/www.africa-press.net\/cameroun\/wp-json\/wp\/v2\/users\/82"}],"replies":[{"embeddable":true,"href":"https:\/\/www.africa-press.net\/cameroun\/wp-json\/wp\/v2\/comments?post=24838"}],"version-history":[{"count":0,"href":"https:\/\/www.africa-press.net\/cameroun\/wp-json\/wp\/v2\/posts\/24838\/revisions"}],"wp:featuredmedia":[{"embeddable":true,"href":"https:\/\/www.africa-press.net\/cameroun\/wp-json\/wp\/v2\/media\/24837"}],"wp:attachment":[{"href":"https:\/\/www.africa-press.net\/cameroun\/wp-json\/wp\/v2\/media?parent=24838"}],"wp:term":[{"taxonomy":"category","embeddable":true,"href":"https:\/\/www.africa-press.net\/cameroun\/wp-json\/wp\/v2\/categories?post=24838"},{"taxonomy":"post_tag","embeddable":true,"href":"https:\/\/www.africa-press.net\/cameroun\/wp-json\/wp\/v2\/tags?post=24838"}],"curies":[{"name":"wp","href":"https:\/\/api.w.org\/{rel}","templated":true}]}}