{"id":24885,"date":"2022-08-04T18:42:04","date_gmt":"2022-08-04T18:42:04","guid":{"rendered":"https:\/\/www.africa-press.net\/cameroun\/politique\/cameroun-quel-equipementier-samuel-etoo-choisira-t-il-pour-les-lions-indomptables"},"modified":"2022-08-04T19:43:59","modified_gmt":"2022-08-04T19:43:59","slug":"cameroun-quel-equipementier-samuel-etoo-choisira-t-il-pour-les-lions-indomptables","status":"publish","type":"post","link":"https:\/\/www.africa-press.net\/cameroun\/sports\/cameroun-quel-equipementier-samuel-etoo-choisira-t-il-pour-les-lions-indomptables","title":{"rendered":"Cameroun : quel \u00e9quipementier Samuel Eto\u2019o choisira-t-il pour les Lions indomptables\u00a0?"},"content":{"rendered":"<p><span style=\"color: #ff6600\"><strong>Africa-Press &#8211; Cameroun. <\/strong><\/span>\u00c0 la fin de juillet, au moment o\u00f9 la Coupe d\u2019Afrique des nations f\u00e9minine venait de s\u2019achever au Maroc, Samuel Eto\u2019o d\u00e9cidait de mettre un terme au contrat qui liait depuis 2019 la F\u00e9d\u00e9ration camerounaise de football (F\u00e9cafoot) avec l\u2019\u00e9quipementier fran\u00e7ais Le Coq Sportif. Depuis, le nom de la marque qui habillera les Lions indomptables, notamment lors de la Coupe du monde au Qatar en d\u00e9cembre, n\u2019est pas encore connu.<\/p>\n<p>La F\u00e9cafoot a fait savoir, sans donner plus de d\u00e9tails, que trois \u00e9quipementiers avaient \u00e9t\u00e9 retenus apr\u00e8s l\u2019appel \u00e0 candidatures lanc\u00e9 apr\u00e8s la rupture du pr\u00e9c\u00e9dent contrat. L\u2019instance a affirm\u00e9 que le secret serait lev\u00e9 prochainement. Mais quelles marques se sont donc positionn\u00e9es pour repr\u00e9senter les footballeurs camerounais dans cette comp\u00e9tition pour laquelle Samuel Eto\u2019o ne manque pas d\u2019ambition ?<\/p>\n<p><b>Trois g\u00e9ants du sport<\/b><\/p>\n<p>Selon nos informations, l\u2019ancien attaquent du FC Barcelone, qui est en premi\u00e8re ligne sur ce dossier, aurait retenu Nike, Adidas et Puma, soit les trois plus prestigieuses marques du secteur. Puma serait m\u00eame le mieux plac\u00e9. L\u2019\u00e9quipementier allemand a en effet \u00e9quip\u00e9 les s\u00e9lections camerounaises de 1997 \u00e0 2019, date \u00e0 laquelle Seidou Mbombo Njoya, l\u2019ex-pr\u00e9sident de la F\u00e9cafoot, avait annonc\u00e9 la fin d\u2019un long partenariat, faute d\u2019avoir pu trouver un accord de prolongement du contrat.<\/p>\n<p>Cette s\u00e9paration pourrait donc ne pas \u00eatre d\u00e9finitive. Samuel Eto\u2019o, qui f\u00fbt l\u2019ambassadeur de la marque pendant de longues ann\u00e9es lorsqu\u2019il jouait au Real Majorque, au FC Barcelone ou \u00e0 l\u2019Inter Milan, y a conserv\u00e9 de solides relations avec des cadres de l\u2019entreprise. L\u2019\u00e9quipementier allemand est d\u00e9j\u00e0 sous contrat avec de nombreuses f\u00e9d\u00e9rations, dont plusieurs \u2013 Ghana, Maroc, S\u00e9n\u00e9gal, Uruguay, Serbie, Suisse \u2013 seront pr\u00e9sentes au Qatar.<\/p>\n<p><b>\u00ab Une marque prestigieuse, connue mondialement \u00bb<\/b><\/p>\n<p>Les deux autres pistes m\u00e8nent, toujours selon nos informations, \u00e0 l\u2019am\u00e9ricain Nike et \u00e0 l\u2019allemand Adidas. Et elles ne sont pas \u00e0 n\u00e9gliger. Samuel Eto\u2019o a en effet ses entr\u00e9es chez le premier, qui \u00e9quipe certaines des meilleures s\u00e9lections du monde, dont la France, le Br\u00e9sil, l\u2019Angleterre et les Pays-Bas. \u00ab Il veut que les Lions soient habill\u00e9s par une marque prestigieuse, connue mondialement. Il ne va pas signer un contrat avec un \u00e9quipementier jouissant d\u2019une moindre r\u00e9putation. C\u2019est pour cela qu\u2019il pilote personnellement ce dossier \u00bb, glisse un proche de la F\u00e9cafoot.<\/p>\n<p>En 1996, Nike f\u00fbt l\u2019\u00e9ph\u00e9m\u00e8re \u00e9quipementier des Lions, apr\u00e8s Adidas, quelques ann\u00e9es plus t\u00f4t (1988-1993). \u00ab Samuel Eto\u2019o souhaite un grand nom de l\u2019\u00e9quipement sportif, car outre la question de l\u2019image, il y a la garantie d\u2019obtenir de tr\u00e8s bonnes conditions \u00bb, poursuit cette source. Ces derniers jours, d\u2019autres noms de potentiels \u00e9quipementiers ont circul\u00e9, notamment l\u2019italien Macron, qui a fait acte de candidature, et l\u2019am\u00e9ricain New Balance. Mais ces pistes apparaissent moins cr\u00e9dibles. D\u2019apr\u00e8s nos informations, le choix de Samuel Eto\u2019o devrait \u00eatre connu dans les prochains jours.<\/p>\n<p><b>Suites judiciaires<\/b><\/p>\n<p>La F\u00e9cafoot a assur\u00e9 que la d\u00e9cision \u00e9tait imminente. On la comprend : le nouvel \u00e9quipementier ne disposera pas de beaucoup de temps pour pr\u00e9senter la tenue des Lions indomptables pour la Coupe du monde. Un exercice sur lequel, selon nos informations, Le Coq Sportif \u00e9tait d\u00e9j\u00e0 bien avanc\u00e9, jusqu\u2019\u00e0 ce que Samuel Eto\u2019o d\u00e9cide de mettre un terme au contrat entre les deux parties. Toujours d\u2019apr\u00e8s nos informations, Puma aurait d\u00e9j\u00e0 commenc\u00e9 \u00e0 travailler sur un design camerounais.<\/p>\n<p>Le maillot port\u00e9 par les Lions lors des qualifications pour la Coupe du monde, de la phase finale de la CAN 2022 et des premiers matches \u00e9liminatoires de l\u2019\u00e9dition 2024 est par ailleurs toujours disponible sur le site du Coq Sportif. L\u2019entreprise fran\u00e7aise, qui suit de tr\u00e8s pr\u00e8s l\u2019affaire, a annonc\u00e9 le 3 ao\u00fbt qu\u2019elle donnera une suite judiciaire \u00e0 la rupture unilat\u00e9rale du contrat qui la liait \u00e0 la F\u00e9cafoot.<\/p>\n<p><strong>Pour plus d&rsquo;informations et d&rsquo;analyses sur la <a href=\"https:\/\/www.africa-press.net\/cameroun\">Cameroun<\/a>, suivez <a href=\"https:\/\/www.africa-press.net\/\">Africa-Press<\/a><\/strong><\/p>\n","protected":false},"excerpt":{"rendered":"<p>Africa-Press &#8211; Cameroun. \u00c0 la fin de juillet, au moment o\u00f9 la Coupe d\u2019Afrique des nations f\u00e9minine venait de s\u2019achever au Maroc, Samuel Eto\u2019o d\u00e9cidait de mettre un terme au contrat qui liait depuis 2019 la F\u00e9d\u00e9ration camerounaise de football (F\u00e9cafoot) avec l\u2019\u00e9quipementier fran\u00e7ais Le Coq Sportif. Depuis, le nom de la marque qui habillera [&hellip;]<\/p>\n","protected":false},"author":82,"featured_media":24884,"comment_status":"open","ping_status":"closed","sticky":false,"template":"","format":"standard","meta":{"footnotes":""},"categories":[11,6,10],"tags":[36,50,49],"class_list":["post-24885","post","type-post","status-publish","format-standard","has-post-thumbnail","hentry","category-homepage-french","category-sports","category-toutes-les-actualites","tag-africa-press","tag-africa-press-cameroun","tag-cameroun"],"yoast_head":"<!-- This site is optimized with the Yoast SEO Premium plugin v26.1 (Yoast SEO v27.0) - https:\/\/yoast.com\/product\/yoast-seo-premium-wordpress\/ -->\n<title>Cameroun : quel \u00e9quipementier Samuel Eto\u2019o choisira-t-il pour les Lions indomptables\u00a0? - Cameroun<\/title>\n<meta name=\"description\" content=\"\u00c0 la fin de juillet, au moment o\u00f9 la Coupe d\u2019Afrique des nations f\u00e9minine venait de s\u2019achever au Maroc, Samuel Eto\u2019o d\u00e9c ...\" \/>\n<meta name=\"robots\" content=\"index, follow, max-snippet:-1, max-image-preview:large, max-video-preview:-1\" \/>\n<link rel=\"canonical\" href=\"https:\/\/www.africa-press.net\/cameroun\/sports\/cameroun-quel-equipementier-samuel-etoo-choisira-t-il-pour-les-lions-indomptables\" \/>\n<meta property=\"og:locale\" content=\"fr_FR\" \/>\n<meta property=\"og:type\" content=\"article\" \/>\n<meta property=\"og:title\" content=\"Cameroun : quel \u00e9quipementier Samuel Eto\u2019o choisira-t-il pour les Lions indomptables\u00a0?\" \/>\n<meta property=\"og:description\" content=\"\u00c0 la fin de juillet, au moment o\u00f9 la Coupe d\u2019Afrique des nations f\u00e9minine venait de s\u2019achever au Maroc, Samuel Eto\u2019o d\u00e9c ...\" \/>\n<meta property=\"og:url\" content=\"https:\/\/www.africa-press.net\/cameroun\/sports\/cameroun-quel-equipementier-samuel-etoo-choisira-t-il-pour-les-lions-indomptables\" \/>\n<meta property=\"og:site_name\" content=\"Cameroun\" \/>\n<meta property=\"article:published_time\" content=\"2022-08-04T18:42:04+00:00\" \/>\n<meta property=\"article:modified_time\" content=\"2022-08-04T19:43:59+00:00\" \/>\n<meta property=\"og:image\" content=\"https:\/\/static.africa-press.net\/cameroun\/sites\/57\/2022\/08\/postQueueImg_2-62ec2163f2d06.jpg\" \/>\n\t<meta property=\"og:image:width\" content=\"1256\" \/>\n\t<meta property=\"og:image:height\" content=\"628\" \/>\n\t<meta property=\"og:image:type\" content=\"image\/jpeg\" \/>\n<meta name=\"author\" content=\"cfeditorfr\" \/>\n<meta name=\"twitter:card\" content=\"summary_large_image\" \/>\n<meta name=\"twitter:label1\" content=\"\u00c9crit par\" \/>\n\t<meta name=\"twitter:data1\" content=\"cfeditorfr\" \/>\n\t<meta name=\"twitter:label2\" content=\"Dur\u00e9e de lecture estim\u00e9e\" \/>\n\t<meta name=\"twitter:data2\" content=\"4 minutes\" \/>\n<script type=\"application\/ld+json\" class=\"yoast-schema-graph\">{\"@context\":\"https:\/\/schema.org\",\"@graph\":[{\"@type\":\"Article\",\"@id\":\"https:\/\/www.africa-press.net\/cameroun\/sports\/cameroun-quel-equipementier-samuel-etoo-choisira-t-il-pour-les-lions-indomptables#article\",\"isPartOf\":{\"@id\":\"https:\/\/www.africa-press.net\/cameroun\/sports\/cameroun-quel-equipementier-samuel-etoo-choisira-t-il-pour-les-lions-indomptables\"},\"author\":{\"name\":\"cfeditorfr\",\"@id\":\"https:\/\/www.africa-press.net\/cameroun\/#\/schema\/person\/2b1cf3cd81a31e3cd26889ca66d677f1\"},\"headline\":\"Cameroun : quel \u00e9quipementier Samuel Eto\u2019o choisira-t-il pour les Lions indomptables\u00a0?\",\"datePublished\":\"2022-08-04T18:42:04+00:00\",\"dateModified\":\"2022-08-04T19:43:59+00:00\",\"mainEntityOfPage\":{\"@id\":\"https:\/\/www.africa-press.net\/cameroun\/sports\/cameroun-quel-equipementier-samuel-etoo-choisira-t-il-pour-les-lions-indomptables\"},\"wordCount\":723,\"commentCount\":0,\"image\":{\"@id\":\"https:\/\/www.africa-press.net\/cameroun\/sports\/cameroun-quel-equipementier-samuel-etoo-choisira-t-il-pour-les-lions-indomptables#primaryimage\"},\"thumbnailUrl\":\"https:\/\/static.africa-press.net\/cameroun\/sites\/57\/2022\/08\/postQueueImg_2-62ec2163f2d06.jpg\",\"keywords\":[\"Africa Press\",\"Africa Press-Cameroun\",\"Cameroun\"],\"articleSection\":[\"homepage-french\",\"Sports\",\"Toutes les actualit\u00e9s\"],\"inLanguage\":\"fr-FR\",\"potentialAction\":[{\"@type\":\"CommentAction\",\"name\":\"Comment\",\"target\":[\"https:\/\/www.africa-press.net\/cameroun\/sports\/cameroun-quel-equipementier-samuel-etoo-choisira-t-il-pour-les-lions-indomptables#respond\"]}]},{\"@type\":\"WebPage\",\"@id\":\"https:\/\/www.africa-press.net\/cameroun\/sports\/cameroun-quel-equipementier-samuel-etoo-choisira-t-il-pour-les-lions-indomptables\",\"url\":\"https:\/\/www.africa-press.net\/cameroun\/sports\/cameroun-quel-equipementier-samuel-etoo-choisira-t-il-pour-les-lions-indomptables\",\"name\":\"Cameroun : quel \u00e9quipementier Samuel Eto\u2019o choisira-t-il pour les Lions indomptables\u00a0? - Cameroun\",\"isPartOf\":{\"@id\":\"https:\/\/www.africa-press.net\/cameroun\/#website\"},\"primaryImageOfPage\":{\"@id\":\"https:\/\/www.africa-press.net\/cameroun\/sports\/cameroun-quel-equipementier-samuel-etoo-choisira-t-il-pour-les-lions-indomptables#primaryimage\"},\"image\":{\"@id\":\"https:\/\/www.africa-press.net\/cameroun\/sports\/cameroun-quel-equipementier-samuel-etoo-choisira-t-il-pour-les-lions-indomptables#primaryimage\"},\"thumbnailUrl\":\"https:\/\/static.africa-press.net\/cameroun\/sites\/57\/2022\/08\/postQueueImg_2-62ec2163f2d06.jpg\",\"datePublished\":\"2022-08-04T18:42:04+00:00\",\"dateModified\":\"2022-08-04T19:43:59+00:00\",\"author\":{\"@id\":\"https:\/\/www.africa-press.net\/cameroun\/#\/schema\/person\/2b1cf3cd81a31e3cd26889ca66d677f1\"},\"description\":\"\u00c0 la fin de juillet, au moment o\u00f9 la Coupe d\u2019Afrique des nations f\u00e9minine venait de s\u2019achever au Maroc, Samuel Eto\u2019o d\u00e9c ...\",\"breadcrumb\":{\"@id\":\"https:\/\/www.africa-press.net\/cameroun\/sports\/cameroun-quel-equipementier-samuel-etoo-choisira-t-il-pour-les-lions-indomptables#breadcrumb\"},\"inLanguage\":\"fr-FR\",\"potentialAction\":[{\"@type\":\"ReadAction\",\"target\":[\"https:\/\/www.africa-press.net\/cameroun\/sports\/cameroun-quel-equipementier-samuel-etoo-choisira-t-il-pour-les-lions-indomptables\"]}]},{\"@type\":\"ImageObject\",\"inLanguage\":\"fr-FR\",\"@id\":\"https:\/\/www.africa-press.net\/cameroun\/sports\/cameroun-quel-equipementier-samuel-etoo-choisira-t-il-pour-les-lions-indomptables#primaryimage\",\"url\":\"https:\/\/static.africa-press.net\/cameroun\/sites\/57\/2022\/08\/postQueueImg_2-62ec2163f2d06.jpg\",\"contentUrl\":\"https:\/\/static.africa-press.net\/cameroun\/sites\/57\/2022\/08\/postQueueImg_2-62ec2163f2d06.jpg\",\"width\":1256,\"height\":628,\"caption\":\"Cameroun : quel \u00e9quipementier Samuel Eto\u2019o choisira-t-il pour les Lions indomptables\u00a0?\"},{\"@type\":\"BreadcrumbList\",\"@id\":\"https:\/\/www.africa-press.net\/cameroun\/sports\/cameroun-quel-equipementier-samuel-etoo-choisira-t-il-pour-les-lions-indomptables#breadcrumb\",\"itemListElement\":[{\"@type\":\"ListItem\",\"position\":1,\"name\":\"Accueil\",\"item\":\"https:\/\/www.africa-press.net\/cameroun\/\"},{\"@type\":\"ListItem\",\"position\":2,\"name\":\"Cameroun : quel \u00e9quipementier Samuel Eto\u2019o choisira-t-il pour les Lions indomptables\u00a0?\"}]},{\"@type\":\"WebSite\",\"@id\":\"https:\/\/www.africa-press.net\/cameroun\/#website\",\"url\":\"https:\/\/www.africa-press.net\/cameroun\/\",\"name\":\"Cameroun\",\"description\":\"Just another Africa News Agency Sites site\",\"potentialAction\":[{\"@type\":\"SearchAction\",\"target\":{\"@type\":\"EntryPoint\",\"urlTemplate\":\"https:\/\/www.africa-press.net\/cameroun\/?s={search_term_string}\"},\"query-input\":{\"@type\":\"PropertyValueSpecification\",\"valueRequired\":true,\"valueName\":\"search_term_string\"}}],\"inLanguage\":\"fr-FR\"},{\"@type\":\"Person\",\"@id\":\"https:\/\/www.africa-press.net\/cameroun\/#\/schema\/person\/2b1cf3cd81a31e3cd26889ca66d677f1\",\"name\":\"cfeditorfr\"}]}<\/script>\n<!-- \/ Yoast SEO Premium plugin. -->","yoast_head_json":{"title":"Cameroun : quel \u00e9quipementier Samuel Eto\u2019o choisira-t-il pour les Lions indomptables\u00a0? - Cameroun","description":"\u00c0 la fin de juillet, au moment o\u00f9 la Coupe d\u2019Afrique des nations f\u00e9minine venait de s\u2019achever au Maroc, Samuel Eto\u2019o d\u00e9c ...","robots":{"index":"index","follow":"follow","max-snippet":"max-snippet:-1","max-image-preview":"max-image-preview:large","max-video-preview":"max-video-preview:-1"},"canonical":"https:\/\/www.africa-press.net\/cameroun\/sports\/cameroun-quel-equipementier-samuel-etoo-choisira-t-il-pour-les-lions-indomptables","og_locale":"fr_FR","og_type":"article","og_title":"Cameroun : quel \u00e9quipementier Samuel Eto\u2019o choisira-t-il pour les Lions indomptables\u00a0?","og_description":"\u00c0 la fin de juillet, au moment o\u00f9 la Coupe d\u2019Afrique des nations f\u00e9minine venait de s\u2019achever au Maroc, Samuel Eto\u2019o d\u00e9c ...","og_url":"https:\/\/www.africa-press.net\/cameroun\/sports\/cameroun-quel-equipementier-samuel-etoo-choisira-t-il-pour-les-lions-indomptables","og_site_name":"Cameroun","article_published_time":"2022-08-04T18:42:04+00:00","article_modified_time":"2022-08-04T19:43:59+00:00","og_image":[{"width":1256,"height":628,"url":"https:\/\/static.africa-press.net\/cameroun\/sites\/57\/2022\/08\/postQueueImg_2-62ec2163f2d06.jpg","type":"image\/jpeg"}],"author":"cfeditorfr","twitter_card":"summary_large_image","twitter_misc":{"\u00c9crit par":"cfeditorfr","Dur\u00e9e de lecture estim\u00e9e":"4 minutes"},"schema":{"@context":"https:\/\/schema.org","@graph":[{"@type":"Article","@id":"https:\/\/www.africa-press.net\/cameroun\/sports\/cameroun-quel-equipementier-samuel-etoo-choisira-t-il-pour-les-lions-indomptables#article","isPartOf":{"@id":"https:\/\/www.africa-press.net\/cameroun\/sports\/cameroun-quel-equipementier-samuel-etoo-choisira-t-il-pour-les-lions-indomptables"},"author":{"name":"cfeditorfr","@id":"https:\/\/www.africa-press.net\/cameroun\/#\/schema\/person\/2b1cf3cd81a31e3cd26889ca66d677f1"},"headline":"Cameroun : quel \u00e9quipementier Samuel Eto\u2019o choisira-t-il pour les Lions indomptables\u00a0?","datePublished":"2022-08-04T18:42:04+00:00","dateModified":"2022-08-04T19:43:59+00:00","mainEntityOfPage":{"@id":"https:\/\/www.africa-press.net\/cameroun\/sports\/cameroun-quel-equipementier-samuel-etoo-choisira-t-il-pour-les-lions-indomptables"},"wordCount":723,"commentCount":0,"image":{"@id":"https:\/\/www.africa-press.net\/cameroun\/sports\/cameroun-quel-equipementier-samuel-etoo-choisira-t-il-pour-les-lions-indomptables#primaryimage"},"thumbnailUrl":"https:\/\/static.africa-press.net\/cameroun\/sites\/57\/2022\/08\/postQueueImg_2-62ec2163f2d06.jpg","keywords":["Africa Press","Africa Press-Cameroun","Cameroun"],"articleSection":["homepage-french","Sports","Toutes les actualit\u00e9s"],"inLanguage":"fr-FR","potentialAction":[{"@type":"CommentAction","name":"Comment","target":["https:\/\/www.africa-press.net\/cameroun\/sports\/cameroun-quel-equipementier-samuel-etoo-choisira-t-il-pour-les-lions-indomptables#respond"]}]},{"@type":"WebPage","@id":"https:\/\/www.africa-press.net\/cameroun\/sports\/cameroun-quel-equipementier-samuel-etoo-choisira-t-il-pour-les-lions-indomptables","url":"https:\/\/www.africa-press.net\/cameroun\/sports\/cameroun-quel-equipementier-samuel-etoo-choisira-t-il-pour-les-lions-indomptables","name":"Cameroun : quel \u00e9quipementier Samuel Eto\u2019o choisira-t-il pour les Lions indomptables\u00a0? - Cameroun","isPartOf":{"@id":"https:\/\/www.africa-press.net\/cameroun\/#website"},"primaryImageOfPage":{"@id":"https:\/\/www.africa-press.net\/cameroun\/sports\/cameroun-quel-equipementier-samuel-etoo-choisira-t-il-pour-les-lions-indomptables#primaryimage"},"image":{"@id":"https:\/\/www.africa-press.net\/cameroun\/sports\/cameroun-quel-equipementier-samuel-etoo-choisira-t-il-pour-les-lions-indomptables#primaryimage"},"thumbnailUrl":"https:\/\/static.africa-press.net\/cameroun\/sites\/57\/2022\/08\/postQueueImg_2-62ec2163f2d06.jpg","datePublished":"2022-08-04T18:42:04+00:00","dateModified":"2022-08-04T19:43:59+00:00","author":{"@id":"https:\/\/www.africa-press.net\/cameroun\/#\/schema\/person\/2b1cf3cd81a31e3cd26889ca66d677f1"},"description":"\u00c0 la fin de juillet, au moment o\u00f9 la Coupe d\u2019Afrique des nations f\u00e9minine venait de s\u2019achever au Maroc, Samuel Eto\u2019o d\u00e9c ...","breadcrumb":{"@id":"https:\/\/www.africa-press.net\/cameroun\/sports\/cameroun-quel-equipementier-samuel-etoo-choisira-t-il-pour-les-lions-indomptables#breadcrumb"},"inLanguage":"fr-FR","potentialAction":[{"@type":"ReadAction","target":["https:\/\/www.africa-press.net\/cameroun\/sports\/cameroun-quel-equipementier-samuel-etoo-choisira-t-il-pour-les-lions-indomptables"]}]},{"@type":"ImageObject","inLanguage":"fr-FR","@id":"https:\/\/www.africa-press.net\/cameroun\/sports\/cameroun-quel-equipementier-samuel-etoo-choisira-t-il-pour-les-lions-indomptables#primaryimage","url":"https:\/\/static.africa-press.net\/cameroun\/sites\/57\/2022\/08\/postQueueImg_2-62ec2163f2d06.jpg","contentUrl":"https:\/\/static.africa-press.net\/cameroun\/sites\/57\/2022\/08\/postQueueImg_2-62ec2163f2d06.jpg","width":1256,"height":628,"caption":"Cameroun : quel \u00e9quipementier Samuel Eto\u2019o choisira-t-il pour les Lions indomptables\u00a0?"},{"@type":"BreadcrumbList","@id":"https:\/\/www.africa-press.net\/cameroun\/sports\/cameroun-quel-equipementier-samuel-etoo-choisira-t-il-pour-les-lions-indomptables#breadcrumb","itemListElement":[{"@type":"ListItem","position":1,"name":"Accueil","item":"https:\/\/www.africa-press.net\/cameroun\/"},{"@type":"ListItem","position":2,"name":"Cameroun : quel \u00e9quipementier Samuel Eto\u2019o choisira-t-il pour les Lions indomptables\u00a0?"}]},{"@type":"WebSite","@id":"https:\/\/www.africa-press.net\/cameroun\/#website","url":"https:\/\/www.africa-press.net\/cameroun\/","name":"Cameroun","description":"Just another Africa News Agency Sites site","potentialAction":[{"@type":"SearchAction","target":{"@type":"EntryPoint","urlTemplate":"https:\/\/www.africa-press.net\/cameroun\/?s={search_term_string}"},"query-input":{"@type":"PropertyValueSpecification","valueRequired":true,"valueName":"search_term_string"}}],"inLanguage":"fr-FR"},{"@type":"Person","@id":"https:\/\/www.africa-press.net\/cameroun\/#\/schema\/person\/2b1cf3cd81a31e3cd26889ca66d677f1","name":"cfeditorfr"}]}},"_links":{"self":[{"href":"https:\/\/www.africa-press.net\/cameroun\/wp-json\/wp\/v2\/posts\/24885","targetHints":{"allow":["GET"]}}],"collection":[{"href":"https:\/\/www.africa-press.net\/cameroun\/wp-json\/wp\/v2\/posts"}],"about":[{"href":"https:\/\/www.africa-press.net\/cameroun\/wp-json\/wp\/v2\/types\/post"}],"author":[{"embeddable":true,"href":"https:\/\/www.africa-press.net\/cameroun\/wp-json\/wp\/v2\/users\/82"}],"replies":[{"embeddable":true,"href":"https:\/\/www.africa-press.net\/cameroun\/wp-json\/wp\/v2\/comments?post=24885"}],"version-history":[{"count":0,"href":"https:\/\/www.africa-press.net\/cameroun\/wp-json\/wp\/v2\/posts\/24885\/revisions"}],"wp:featuredmedia":[{"embeddable":true,"href":"https:\/\/www.africa-press.net\/cameroun\/wp-json\/wp\/v2\/media\/24884"}],"wp:attachment":[{"href":"https:\/\/www.africa-press.net\/cameroun\/wp-json\/wp\/v2\/media?parent=24885"}],"wp:term":[{"taxonomy":"category","embeddable":true,"href":"https:\/\/www.africa-press.net\/cameroun\/wp-json\/wp\/v2\/categories?post=24885"},{"taxonomy":"post_tag","embeddable":true,"href":"https:\/\/www.africa-press.net\/cameroun\/wp-json\/wp\/v2\/tags?post=24885"}],"curies":[{"name":"wp","href":"https:\/\/api.w.org\/{rel}","templated":true}]}}