{"id":2493,"date":"2021-04-25T16:59:26","date_gmt":"2021-04-25T16:59:26","guid":{"rendered":"https:\/\/www.africa-press.net\/cameroun\/?p=2493"},"modified":"2021-04-26T01:25:21","modified_gmt":"2021-04-26T01:25:21","slug":"les-parlementaires-et-la-societe-civile-sassocient","status":"publish","type":"post","link":"https:\/\/www.africa-press.net\/cameroun\/politique\/les-parlementaires-et-la-societe-civile-sassocient","title":{"rendered":"Les parlementaires et la soci\u00e9t\u00e9 civile s\u2019associent"},"content":{"rendered":"<p><span style=\"color: #ff6600\"><strong><a href=\"https:\/\/www.africa-press.net\/\">Africa-Press<\/a> &#8211; <a href=\"https:\/\/www.africa-press.net\/cameroun\">Cameroun<\/a>. <\/strong><\/span>Les acteurs de ces deux entit\u00e9s ont tenu une r\u00e9union de concertation hier \u00e0 Yaound\u00e9, pour d\u00e9finir les contours d\u2019une plateforme de dialogue.<br \/>\nPour cela, la Plateforme nationale des organisations de la soci\u00e9t\u00e9 civile nationale du Cameroun (Plasnocam) a d\u00e9cid\u00e9 d\u2019agir en bonne intelligence avec les parlementaires. C\u2019est dans cette perspective qu\u2019est intervenue la r\u00e9union de concertation tenue hier 22 avril, \u00e0 l\u2019H\u00f4tel des d\u00e9put\u00e9s de Yaound\u00e9.<\/p>\n<p>S\u00e9nateurs, d\u00e9put\u00e9s et membres de plusieurs mouvements de la soci\u00e9t\u00e9 civile ont travaill\u00e9 hier pour mettre sur pied une plateforme de dialogue. Dans cette perspective, ils devaient d\u00e9finir la nature de leur regroupement et en fixer les modalit\u00e9s de fonctionnement. D\u2019apr\u00e8s le Dr Samuel Biroki, pr\u00e9sident du Conseil de la Plasnocam, ce regroupement leur permettra de mieux participer \u00e0 la gestion de la cit\u00e9, en exer\u00e7ant un meilleur contr\u00f4le et une \u00e9valuation s\u00e9rieuse de l\u2019action publique, \u00e0 travers la d\u00e9pense engag\u00e9e par l\u2019Etat. Autrement dit, le travail en synergie des deux parties vise \u00e0 optimiser les capacit\u00e9s contributives de chaque acteur \u00e0 une croissance \u00e9conomique soutenable du pays. C\u2019est la raison pour laquelle, le Dr Samuel Biroki a invit\u00e9 les participants \u00e0 ces travaux \u00e0 \u00ab la mutualisation des visions, des savoirs et des intelligences afin d&rsquo;influencer les d\u00e9cisions qui gouvernent la vie de la nation \u00bb.<\/p>\n<p>Pour que ce partenariat puisse atteindre ses objectifs, la plateforme de dialogue se posera en technostructure de diagnostic, de suivi et d\u2019\u00e9valuation des politiques publiques. Elle devra, entre autres, assurer l\u2019accompagnement strat\u00e9gique, technique et instrumental des r\u00e9gions et communes dans le processus de d\u00e9centralisation. Ce n\u2019est qu\u2019\u00e0 partir de l\u00e0 que les acteurs de la Plasnocam pourront participer au D\u00e9bat d\u2019orientation budg\u00e9taire pr\u00e9vu pendant la session parlementaire de juin. L\u2019objectif ultime \u00e9tant de faire en sorte que le budget de l\u2019Etat refl\u00e8te les attentes citoyennes, en mati\u00e8re de protection civile, d\u2019infrastructures et d\u2019\u00e9ducation.<\/p>\n","protected":false},"excerpt":{"rendered":"<p>Africa-Press &#8211; Cameroun. Les acteurs de ces deux entit\u00e9s ont tenu une r\u00e9union de concertation hier \u00e0 Yaound\u00e9, pour d\u00e9finir les contours d\u2019une plateforme de dialogue. Pour cela, la Plateforme nationale des organisations de la soci\u00e9t\u00e9 civile nationale du Cameroun (Plasnocam) a d\u00e9cid\u00e9 d\u2019agir en bonne intelligence avec les parlementaires. C\u2019est dans cette perspective qu\u2019est [&hellip;]<\/p>\n","protected":false},"author":82,"featured_media":2492,"comment_status":"open","ping_status":"closed","sticky":false,"template":"","format":"standard","meta":{"footnotes":""},"categories":[11,2,10],"tags":[36,50,49],"class_list":["post-2493","post","type-post","status-publish","format-standard","has-post-thumbnail","hentry","category-homepage-french","category-politique","category-toutes-les-actualites","tag-africa-press","tag-africa-press-cameroun","tag-cameroun"],"yoast_head":"<!-- This site is optimized with the Yoast SEO Premium plugin v26.1 (Yoast SEO v27.0) - https:\/\/yoast.com\/product\/yoast-seo-premium-wordpress\/ -->\n<title>Les parlementaires et la soci\u00e9t\u00e9 civile s\u2019associent - Cameroun<\/title>\n<meta name=\"description\" content=\"Les acteurs de ces deux entit\u00e9s ont tenu une r\u00e9union de concertation hier \u00e0 Yaound\u00e9, pour d\u00e9finir les contours d\u2019une pla ...\" \/>\n<meta name=\"robots\" content=\"index, follow, max-snippet:-1, max-image-preview:large, max-video-preview:-1\" \/>\n<link rel=\"canonical\" href=\"https:\/\/www.africa-press.net\/cameroun\/politique\/les-parlementaires-et-la-societe-civile-sassocient\" \/>\n<meta property=\"og:locale\" content=\"fr_FR\" \/>\n<meta property=\"og:type\" content=\"article\" \/>\n<meta property=\"og:title\" content=\"Les parlementaires et la soci\u00e9t\u00e9 civile s\u2019associent\" \/>\n<meta property=\"og:description\" content=\"Les acteurs de ces deux entit\u00e9s ont tenu une r\u00e9union de concertation hier \u00e0 Yaound\u00e9, pour d\u00e9finir les contours d\u2019une pla ...\" \/>\n<meta property=\"og:url\" content=\"https:\/\/www.africa-press.net\/cameroun\/politique\/les-parlementaires-et-la-societe-civile-sassocient\" \/>\n<meta property=\"og:site_name\" content=\"Cameroun\" \/>\n<meta property=\"article:published_time\" content=\"2021-04-25T16:59:26+00:00\" \/>\n<meta property=\"article:modified_time\" content=\"2021-04-26T01:25:21+00:00\" \/>\n<meta property=\"og:image\" content=\"https:\/\/static.africa-press.net\/cameroun\/sites\/57\/2021\/04\/img-6085af925a275.jpg\" \/>\n\t<meta property=\"og:image:width\" content=\"960\" \/>\n\t<meta property=\"og:image:height\" content=\"720\" \/>\n\t<meta property=\"og:image:type\" content=\"image\/jpeg\" \/>\n<meta name=\"author\" content=\"cfeditorfr\" \/>\n<meta name=\"twitter:card\" content=\"summary_large_image\" \/>\n<meta name=\"twitter:label1\" content=\"\u00c9crit par\" \/>\n\t<meta name=\"twitter:data1\" content=\"cfeditorfr\" \/>\n\t<meta name=\"twitter:label2\" content=\"Dur\u00e9e de lecture estim\u00e9e\" \/>\n\t<meta name=\"twitter:data2\" content=\"2 minutes\" \/>\n<script type=\"application\/ld+json\" class=\"yoast-schema-graph\">{\"@context\":\"https:\/\/schema.org\",\"@graph\":[{\"@type\":\"Article\",\"@id\":\"https:\/\/www.africa-press.net\/cameroun\/politique\/les-parlementaires-et-la-societe-civile-sassocient#article\",\"isPartOf\":{\"@id\":\"https:\/\/www.africa-press.net\/cameroun\/politique\/les-parlementaires-et-la-societe-civile-sassocient\"},\"author\":{\"name\":\"cfeditorfr\",\"@id\":\"https:\/\/www.africa-press.net\/cameroun\/#\/schema\/person\/2b1cf3cd81a31e3cd26889ca66d677f1\"},\"headline\":\"Les parlementaires et la soci\u00e9t\u00e9 civile s\u2019associent\",\"datePublished\":\"2021-04-25T16:59:26+00:00\",\"dateModified\":\"2021-04-26T01:25:21+00:00\",\"mainEntityOfPage\":{\"@id\":\"https:\/\/www.africa-press.net\/cameroun\/politique\/les-parlementaires-et-la-societe-civile-sassocient\"},\"wordCount\":358,\"commentCount\":0,\"image\":{\"@id\":\"https:\/\/www.africa-press.net\/cameroun\/politique\/les-parlementaires-et-la-societe-civile-sassocient#primaryimage\"},\"thumbnailUrl\":\"https:\/\/static.africa-press.net\/cameroun\/sites\/57\/2021\/04\/img-6085af925a275.jpg\",\"keywords\":[\"Africa Press\",\"Africa Press-Cameroun\",\"Cameroun\"],\"articleSection\":[\"homepage-french\",\"Politique\",\"Toutes les actualit\u00e9s\"],\"inLanguage\":\"fr-FR\",\"potentialAction\":[{\"@type\":\"CommentAction\",\"name\":\"Comment\",\"target\":[\"https:\/\/www.africa-press.net\/cameroun\/politique\/les-parlementaires-et-la-societe-civile-sassocient#respond\"]}]},{\"@type\":\"WebPage\",\"@id\":\"https:\/\/www.africa-press.net\/cameroun\/politique\/les-parlementaires-et-la-societe-civile-sassocient\",\"url\":\"https:\/\/www.africa-press.net\/cameroun\/politique\/les-parlementaires-et-la-societe-civile-sassocient\",\"name\":\"Les parlementaires et la soci\u00e9t\u00e9 civile s\u2019associent - Cameroun\",\"isPartOf\":{\"@id\":\"https:\/\/www.africa-press.net\/cameroun\/#website\"},\"primaryImageOfPage\":{\"@id\":\"https:\/\/www.africa-press.net\/cameroun\/politique\/les-parlementaires-et-la-societe-civile-sassocient#primaryimage\"},\"image\":{\"@id\":\"https:\/\/www.africa-press.net\/cameroun\/politique\/les-parlementaires-et-la-societe-civile-sassocient#primaryimage\"},\"thumbnailUrl\":\"https:\/\/static.africa-press.net\/cameroun\/sites\/57\/2021\/04\/img-6085af925a275.jpg\",\"datePublished\":\"2021-04-25T16:59:26+00:00\",\"dateModified\":\"2021-04-26T01:25:21+00:00\",\"author\":{\"@id\":\"https:\/\/www.africa-press.net\/cameroun\/#\/schema\/person\/2b1cf3cd81a31e3cd26889ca66d677f1\"},\"description\":\"Les acteurs de ces deux entit\u00e9s ont tenu une r\u00e9union de concertation hier \u00e0 Yaound\u00e9, pour d\u00e9finir les contours d\u2019une pla ...\",\"breadcrumb\":{\"@id\":\"https:\/\/www.africa-press.net\/cameroun\/politique\/les-parlementaires-et-la-societe-civile-sassocient#breadcrumb\"},\"inLanguage\":\"fr-FR\",\"potentialAction\":[{\"@type\":\"ReadAction\",\"target\":[\"https:\/\/www.africa-press.net\/cameroun\/politique\/les-parlementaires-et-la-societe-civile-sassocient\"]}]},{\"@type\":\"ImageObject\",\"inLanguage\":\"fr-FR\",\"@id\":\"https:\/\/www.africa-press.net\/cameroun\/politique\/les-parlementaires-et-la-societe-civile-sassocient#primaryimage\",\"url\":\"https:\/\/static.africa-press.net\/cameroun\/sites\/57\/2021\/04\/img-6085af925a275.jpg\",\"contentUrl\":\"https:\/\/static.africa-press.net\/cameroun\/sites\/57\/2021\/04\/img-6085af925a275.jpg\",\"width\":960,\"height\":720,\"caption\":\"Les parlementaires et la soci\u00e9t\u00e9 civile s\u2019associent\"},{\"@type\":\"BreadcrumbList\",\"@id\":\"https:\/\/www.africa-press.net\/cameroun\/politique\/les-parlementaires-et-la-societe-civile-sassocient#breadcrumb\",\"itemListElement\":[{\"@type\":\"ListItem\",\"position\":1,\"name\":\"Accueil\",\"item\":\"https:\/\/www.africa-press.net\/cameroun\/\"},{\"@type\":\"ListItem\",\"position\":2,\"name\":\"Les parlementaires et la soci\u00e9t\u00e9 civile s\u2019associent\"}]},{\"@type\":\"WebSite\",\"@id\":\"https:\/\/www.africa-press.net\/cameroun\/#website\",\"url\":\"https:\/\/www.africa-press.net\/cameroun\/\",\"name\":\"Cameroun\",\"description\":\"Just another Africa News Agency Sites site\",\"potentialAction\":[{\"@type\":\"SearchAction\",\"target\":{\"@type\":\"EntryPoint\",\"urlTemplate\":\"https:\/\/www.africa-press.net\/cameroun\/?s={search_term_string}\"},\"query-input\":{\"@type\":\"PropertyValueSpecification\",\"valueRequired\":true,\"valueName\":\"search_term_string\"}}],\"inLanguage\":\"fr-FR\"},{\"@type\":\"Person\",\"@id\":\"https:\/\/www.africa-press.net\/cameroun\/#\/schema\/person\/2b1cf3cd81a31e3cd26889ca66d677f1\",\"name\":\"cfeditorfr\"}]}<\/script>\n<!-- \/ Yoast SEO Premium plugin. -->","yoast_head_json":{"title":"Les parlementaires et la soci\u00e9t\u00e9 civile s\u2019associent - Cameroun","description":"Les acteurs de ces deux entit\u00e9s ont tenu une r\u00e9union de concertation hier \u00e0 Yaound\u00e9, pour d\u00e9finir les contours d\u2019une pla ...","robots":{"index":"index","follow":"follow","max-snippet":"max-snippet:-1","max-image-preview":"max-image-preview:large","max-video-preview":"max-video-preview:-1"},"canonical":"https:\/\/www.africa-press.net\/cameroun\/politique\/les-parlementaires-et-la-societe-civile-sassocient","og_locale":"fr_FR","og_type":"article","og_title":"Les parlementaires et la soci\u00e9t\u00e9 civile s\u2019associent","og_description":"Les acteurs de ces deux entit\u00e9s ont tenu une r\u00e9union de concertation hier \u00e0 Yaound\u00e9, pour d\u00e9finir les contours d\u2019une pla ...","og_url":"https:\/\/www.africa-press.net\/cameroun\/politique\/les-parlementaires-et-la-societe-civile-sassocient","og_site_name":"Cameroun","article_published_time":"2021-04-25T16:59:26+00:00","article_modified_time":"2021-04-26T01:25:21+00:00","og_image":[{"width":960,"height":720,"url":"https:\/\/static.africa-press.net\/cameroun\/sites\/57\/2021\/04\/img-6085af925a275.jpg","type":"image\/jpeg"}],"author":"cfeditorfr","twitter_card":"summary_large_image","twitter_misc":{"\u00c9crit par":"cfeditorfr","Dur\u00e9e de lecture estim\u00e9e":"2 minutes"},"schema":{"@context":"https:\/\/schema.org","@graph":[{"@type":"Article","@id":"https:\/\/www.africa-press.net\/cameroun\/politique\/les-parlementaires-et-la-societe-civile-sassocient#article","isPartOf":{"@id":"https:\/\/www.africa-press.net\/cameroun\/politique\/les-parlementaires-et-la-societe-civile-sassocient"},"author":{"name":"cfeditorfr","@id":"https:\/\/www.africa-press.net\/cameroun\/#\/schema\/person\/2b1cf3cd81a31e3cd26889ca66d677f1"},"headline":"Les parlementaires et la soci\u00e9t\u00e9 civile s\u2019associent","datePublished":"2021-04-25T16:59:26+00:00","dateModified":"2021-04-26T01:25:21+00:00","mainEntityOfPage":{"@id":"https:\/\/www.africa-press.net\/cameroun\/politique\/les-parlementaires-et-la-societe-civile-sassocient"},"wordCount":358,"commentCount":0,"image":{"@id":"https:\/\/www.africa-press.net\/cameroun\/politique\/les-parlementaires-et-la-societe-civile-sassocient#primaryimage"},"thumbnailUrl":"https:\/\/static.africa-press.net\/cameroun\/sites\/57\/2021\/04\/img-6085af925a275.jpg","keywords":["Africa Press","Africa Press-Cameroun","Cameroun"],"articleSection":["homepage-french","Politique","Toutes les actualit\u00e9s"],"inLanguage":"fr-FR","potentialAction":[{"@type":"CommentAction","name":"Comment","target":["https:\/\/www.africa-press.net\/cameroun\/politique\/les-parlementaires-et-la-societe-civile-sassocient#respond"]}]},{"@type":"WebPage","@id":"https:\/\/www.africa-press.net\/cameroun\/politique\/les-parlementaires-et-la-societe-civile-sassocient","url":"https:\/\/www.africa-press.net\/cameroun\/politique\/les-parlementaires-et-la-societe-civile-sassocient","name":"Les parlementaires et la soci\u00e9t\u00e9 civile s\u2019associent - Cameroun","isPartOf":{"@id":"https:\/\/www.africa-press.net\/cameroun\/#website"},"primaryImageOfPage":{"@id":"https:\/\/www.africa-press.net\/cameroun\/politique\/les-parlementaires-et-la-societe-civile-sassocient#primaryimage"},"image":{"@id":"https:\/\/www.africa-press.net\/cameroun\/politique\/les-parlementaires-et-la-societe-civile-sassocient#primaryimage"},"thumbnailUrl":"https:\/\/static.africa-press.net\/cameroun\/sites\/57\/2021\/04\/img-6085af925a275.jpg","datePublished":"2021-04-25T16:59:26+00:00","dateModified":"2021-04-26T01:25:21+00:00","author":{"@id":"https:\/\/www.africa-press.net\/cameroun\/#\/schema\/person\/2b1cf3cd81a31e3cd26889ca66d677f1"},"description":"Les acteurs de ces deux entit\u00e9s ont tenu une r\u00e9union de concertation hier \u00e0 Yaound\u00e9, pour d\u00e9finir les contours d\u2019une pla ...","breadcrumb":{"@id":"https:\/\/www.africa-press.net\/cameroun\/politique\/les-parlementaires-et-la-societe-civile-sassocient#breadcrumb"},"inLanguage":"fr-FR","potentialAction":[{"@type":"ReadAction","target":["https:\/\/www.africa-press.net\/cameroun\/politique\/les-parlementaires-et-la-societe-civile-sassocient"]}]},{"@type":"ImageObject","inLanguage":"fr-FR","@id":"https:\/\/www.africa-press.net\/cameroun\/politique\/les-parlementaires-et-la-societe-civile-sassocient#primaryimage","url":"https:\/\/static.africa-press.net\/cameroun\/sites\/57\/2021\/04\/img-6085af925a275.jpg","contentUrl":"https:\/\/static.africa-press.net\/cameroun\/sites\/57\/2021\/04\/img-6085af925a275.jpg","width":960,"height":720,"caption":"Les parlementaires et la soci\u00e9t\u00e9 civile s\u2019associent"},{"@type":"BreadcrumbList","@id":"https:\/\/www.africa-press.net\/cameroun\/politique\/les-parlementaires-et-la-societe-civile-sassocient#breadcrumb","itemListElement":[{"@type":"ListItem","position":1,"name":"Accueil","item":"https:\/\/www.africa-press.net\/cameroun\/"},{"@type":"ListItem","position":2,"name":"Les parlementaires et la soci\u00e9t\u00e9 civile s\u2019associent"}]},{"@type":"WebSite","@id":"https:\/\/www.africa-press.net\/cameroun\/#website","url":"https:\/\/www.africa-press.net\/cameroun\/","name":"Cameroun","description":"Just another Africa News Agency Sites site","potentialAction":[{"@type":"SearchAction","target":{"@type":"EntryPoint","urlTemplate":"https:\/\/www.africa-press.net\/cameroun\/?s={search_term_string}"},"query-input":{"@type":"PropertyValueSpecification","valueRequired":true,"valueName":"search_term_string"}}],"inLanguage":"fr-FR"},{"@type":"Person","@id":"https:\/\/www.africa-press.net\/cameroun\/#\/schema\/person\/2b1cf3cd81a31e3cd26889ca66d677f1","name":"cfeditorfr"}]}},"_links":{"self":[{"href":"https:\/\/www.africa-press.net\/cameroun\/wp-json\/wp\/v2\/posts\/2493","targetHints":{"allow":["GET"]}}],"collection":[{"href":"https:\/\/www.africa-press.net\/cameroun\/wp-json\/wp\/v2\/posts"}],"about":[{"href":"https:\/\/www.africa-press.net\/cameroun\/wp-json\/wp\/v2\/types\/post"}],"author":[{"embeddable":true,"href":"https:\/\/www.africa-press.net\/cameroun\/wp-json\/wp\/v2\/users\/82"}],"replies":[{"embeddable":true,"href":"https:\/\/www.africa-press.net\/cameroun\/wp-json\/wp\/v2\/comments?post=2493"}],"version-history":[{"count":0,"href":"https:\/\/www.africa-press.net\/cameroun\/wp-json\/wp\/v2\/posts\/2493\/revisions"}],"wp:featuredmedia":[{"embeddable":true,"href":"https:\/\/www.africa-press.net\/cameroun\/wp-json\/wp\/v2\/media\/2492"}],"wp:attachment":[{"href":"https:\/\/www.africa-press.net\/cameroun\/wp-json\/wp\/v2\/media?parent=2493"}],"wp:term":[{"taxonomy":"category","embeddable":true,"href":"https:\/\/www.africa-press.net\/cameroun\/wp-json\/wp\/v2\/categories?post=2493"},{"taxonomy":"post_tag","embeddable":true,"href":"https:\/\/www.africa-press.net\/cameroun\/wp-json\/wp\/v2\/tags?post=2493"}],"curies":[{"name":"wp","href":"https:\/\/api.w.org\/{rel}","templated":true}]}}