{"id":24969,"date":"2022-08-05T15:54:56","date_gmt":"2022-08-05T15:54:56","guid":{"rendered":"https:\/\/www.africa-press.net\/cameroun\/politique\/banques-le-camerounais-celestin-guela-simo-devient-officiellement-directeur-general-dafriland-first-bank"},"modified":"2022-08-05T18:38:08","modified_gmt":"2022-08-05T18:38:08","slug":"banques-le-camerounais-celestin-guela-simo-devient-officiellement-directeur-general-dafriland-first-bank","status":"publish","type":"post","link":"https:\/\/www.africa-press.net\/cameroun\/economie\/banques-le-camerounais-celestin-guela-simo-devient-officiellement-directeur-general-dafriland-first-bank","title":{"rendered":"Banques\u00a0: Le Camerounais C\u00e9lestin Guela Simo devient officiellement Directeur g\u00e9n\u00e9ral d\u2019Afriland First Bank"},"content":{"rendered":"<p><span style=\"color: #ff6600\"><strong>Africa-Press &#8211; Cameroun. <\/strong><\/span>Dans un communiqu\u00e9 publi\u00e9 dans le journal Le Jour de ce vendredi 5 ao\u00fbt 2022, la banque camerounaise Afriland First Bank annonce la prise de fonction officielle de son nouveau directeur g\u00e9n\u00e9ral, le Camerounais C\u00e9lestin Guela Simo. La passation de service entre le nouveau et le sortant, Alphonse Nafack, a eu lieu le 28 juillet 2022 au si\u00e8ge de la banque \u00e0 Yaound\u00e9, en pr\u00e9sence du pr\u00e9sident du conseil d\u2019administration, Paulin Fonkoua Kake.<\/p>\n<p>C\u00e9lestin Guela Simo avait \u00e9t\u00e9 port\u00e9 \u00e0 cette fonction lors du conseil d\u2019administration de la banque tenu le 15 d\u00e9cembre 2021. Il a une parfaite connaissance de la maison, qu\u2019il a int\u00e9gr\u00e9e pour la premi\u00e8re fois en f\u00e9vrier 2000, en tant que Directeur des Etudes et de l\u2019Investissement. Jusqu\u2019\u00e0 sa nomination il occupait le poste Directeur Central de l\u2019Exploitation. Entretemps, il a \u00e9galement offici\u00e9 comme chef de d\u00e9partement financement des entreprises, et comme directeur des risques.<\/p>\n<p>Il est dipl\u00f4m\u00e9 de la Facult\u00e9 des sciences appliqu\u00e9es de l\u2019Universit\u00e9 de Li\u00e8ge en Belgique. Il est en outre titulaire d\u2019un Master Droit, Economie, Gestion, Mention Management et Administration des Entreprises, d\u00e9livr\u00e9 par l\u2019Universit\u00e9 Paris I Panth\u00e9on Sorbonne ; d\u2019un MBA de l\u2019IAE de Paris (Sorbonne Business School) et d\u2019un Global Executive MBA de l\u2019IFG Executive Education France. Autant dire qu\u2019il a le profil de l\u2019emploi.<\/p>\n<p>\u00ab La position de leader acquise par Afriland First Bank depuis une d\u00e9cennie est due \u00e0 un travail d\u2019innovation permanente. Il nous incombe de poursuivre l\u2019innovation dans les p\u00f4les d\u2019activit\u00e9 et de d\u00e9velopper la marque au sein de la sous-r\u00e9gion. Le conseil d\u2019administration vous accorde toute sa confiance et croit en votre capacit\u00e9 \u00e0 accomplir ces d\u00e9fis \u00bb, lui a prescrit le pr\u00e9sident du conseil d\u2019administration lors de sa prise de fonction.<\/p>\n<p><strong>Pour plus d&rsquo;informations et d&rsquo;analyses sur la <a href=\"https:\/\/www.africa-press.net\/cameroun\">Cameroun<\/a>, suivez <a href=\"https:\/\/www.africa-press.net\/\">Africa-Press<\/a><\/strong><\/p>\n","protected":false},"excerpt":{"rendered":"<p>Africa-Press &#8211; Cameroun. Dans un communiqu\u00e9 publi\u00e9 dans le journal Le Jour de ce vendredi 5 ao\u00fbt 2022, la banque camerounaise Afriland First Bank annonce la prise de fonction officielle de son nouveau directeur g\u00e9n\u00e9ral, le Camerounais C\u00e9lestin Guela Simo. La passation de service entre le nouveau et le sortant, Alphonse Nafack, a eu lieu [&hellip;]<\/p>\n","protected":false},"author":82,"featured_media":24968,"comment_status":"open","ping_status":"closed","sticky":false,"template":"","format":"standard","meta":{"footnotes":""},"categories":[3,11,10],"tags":[36,50,49],"class_list":["post-24969","post","type-post","status-publish","format-standard","has-post-thumbnail","hentry","category-economie","category-homepage-french","category-toutes-les-actualites","tag-africa-press","tag-africa-press-cameroun","tag-cameroun"],"yoast_head":"<!-- This site is optimized with the Yoast SEO Premium plugin v26.1 (Yoast SEO v27.0) - https:\/\/yoast.com\/product\/yoast-seo-premium-wordpress\/ -->\n<title>Banques\u00a0: Le Camerounais C\u00e9lestin Guela Simo devient officiellement Directeur g\u00e9n\u00e9ral d\u2019Afriland First Bank - Cameroun<\/title>\n<meta name=\"description\" content=\"Dans un communiqu\u00e9 publi\u00e9 dans le journal Le Jour de ce vendredi 5 ao\u00fbt 2022, la banque camerounaise Afriland First Bank ...\" \/>\n<meta name=\"robots\" content=\"index, follow, max-snippet:-1, max-image-preview:large, max-video-preview:-1\" \/>\n<link rel=\"canonical\" href=\"https:\/\/www.africa-press.net\/cameroun\/economie\/banques-le-camerounais-celestin-guela-simo-devient-officiellement-directeur-general-dafriland-first-bank\" \/>\n<meta property=\"og:locale\" content=\"fr_FR\" \/>\n<meta property=\"og:type\" content=\"article\" \/>\n<meta property=\"og:title\" content=\"Banques\u00a0: Le Camerounais C\u00e9lestin Guela Simo devient officiellement Directeur g\u00e9n\u00e9ral d\u2019Afriland First Bank\" \/>\n<meta property=\"og:description\" content=\"Dans un communiqu\u00e9 publi\u00e9 dans le journal Le Jour de ce vendredi 5 ao\u00fbt 2022, la banque camerounaise Afriland First Bank ...\" \/>\n<meta property=\"og:url\" content=\"https:\/\/www.africa-press.net\/cameroun\/economie\/banques-le-camerounais-celestin-guela-simo-devient-officiellement-directeur-general-dafriland-first-bank\" \/>\n<meta property=\"og:site_name\" content=\"Cameroun\" \/>\n<meta property=\"article:published_time\" content=\"2022-08-05T15:54:56+00:00\" \/>\n<meta property=\"article:modified_time\" content=\"2022-08-05T18:38:08+00:00\" \/>\n<meta property=\"og:image\" content=\"https:\/\/static.africa-press.net\/cameroun\/sites\/57\/2022\/08\/img-62ed637cd4865.jpg\" \/>\n\t<meta property=\"og:image:width\" content=\"800\" \/>\n\t<meta property=\"og:image:height\" content=\"617\" \/>\n\t<meta property=\"og:image:type\" content=\"image\/jpeg\" \/>\n<meta name=\"author\" content=\"cfeditorfr\" \/>\n<meta name=\"twitter:card\" content=\"summary_large_image\" \/>\n<meta name=\"twitter:label1\" content=\"\u00c9crit par\" \/>\n\t<meta name=\"twitter:data1\" content=\"cfeditorfr\" \/>\n\t<meta name=\"twitter:label2\" content=\"Dur\u00e9e de lecture estim\u00e9e\" \/>\n\t<meta name=\"twitter:data2\" content=\"2 minutes\" \/>\n<script type=\"application\/ld+json\" class=\"yoast-schema-graph\">{\"@context\":\"https:\/\/schema.org\",\"@graph\":[{\"@type\":\"Article\",\"@id\":\"https:\/\/www.africa-press.net\/cameroun\/economie\/banques-le-camerounais-celestin-guela-simo-devient-officiellement-directeur-general-dafriland-first-bank#article\",\"isPartOf\":{\"@id\":\"https:\/\/www.africa-press.net\/cameroun\/economie\/banques-le-camerounais-celestin-guela-simo-devient-officiellement-directeur-general-dafriland-first-bank\"},\"author\":{\"name\":\"cfeditorfr\",\"@id\":\"https:\/\/www.africa-press.net\/cameroun\/#\/schema\/person\/2b1cf3cd81a31e3cd26889ca66d677f1\"},\"headline\":\"Banques\u00a0: Le Camerounais C\u00e9lestin Guela Simo devient officiellement Directeur g\u00e9n\u00e9ral d\u2019Afriland First Bank\",\"datePublished\":\"2022-08-05T15:54:56+00:00\",\"dateModified\":\"2022-08-05T18:38:08+00:00\",\"mainEntityOfPage\":{\"@id\":\"https:\/\/www.africa-press.net\/cameroun\/economie\/banques-le-camerounais-celestin-guela-simo-devient-officiellement-directeur-general-dafriland-first-bank\"},\"wordCount\":349,\"commentCount\":0,\"image\":{\"@id\":\"https:\/\/www.africa-press.net\/cameroun\/economie\/banques-le-camerounais-celestin-guela-simo-devient-officiellement-directeur-general-dafriland-first-bank#primaryimage\"},\"thumbnailUrl\":\"https:\/\/static.africa-press.net\/cameroun\/sites\/57\/2022\/08\/img-62ed637cd4865.jpg\",\"keywords\":[\"Africa Press\",\"Africa Press-Cameroun\",\"Cameroun\"],\"articleSection\":[\"\u00c9conomie\",\"homepage-french\",\"Toutes les actualit\u00e9s\"],\"inLanguage\":\"fr-FR\",\"potentialAction\":[{\"@type\":\"CommentAction\",\"name\":\"Comment\",\"target\":[\"https:\/\/www.africa-press.net\/cameroun\/economie\/banques-le-camerounais-celestin-guela-simo-devient-officiellement-directeur-general-dafriland-first-bank#respond\"]}]},{\"@type\":\"WebPage\",\"@id\":\"https:\/\/www.africa-press.net\/cameroun\/economie\/banques-le-camerounais-celestin-guela-simo-devient-officiellement-directeur-general-dafriland-first-bank\",\"url\":\"https:\/\/www.africa-press.net\/cameroun\/economie\/banques-le-camerounais-celestin-guela-simo-devient-officiellement-directeur-general-dafriland-first-bank\",\"name\":\"Banques\u00a0: Le Camerounais C\u00e9lestin Guela Simo devient officiellement Directeur g\u00e9n\u00e9ral d\u2019Afriland First Bank - Cameroun\",\"isPartOf\":{\"@id\":\"https:\/\/www.africa-press.net\/cameroun\/#website\"},\"primaryImageOfPage\":{\"@id\":\"https:\/\/www.africa-press.net\/cameroun\/economie\/banques-le-camerounais-celestin-guela-simo-devient-officiellement-directeur-general-dafriland-first-bank#primaryimage\"},\"image\":{\"@id\":\"https:\/\/www.africa-press.net\/cameroun\/economie\/banques-le-camerounais-celestin-guela-simo-devient-officiellement-directeur-general-dafriland-first-bank#primaryimage\"},\"thumbnailUrl\":\"https:\/\/static.africa-press.net\/cameroun\/sites\/57\/2022\/08\/img-62ed637cd4865.jpg\",\"datePublished\":\"2022-08-05T15:54:56+00:00\",\"dateModified\":\"2022-08-05T18:38:08+00:00\",\"author\":{\"@id\":\"https:\/\/www.africa-press.net\/cameroun\/#\/schema\/person\/2b1cf3cd81a31e3cd26889ca66d677f1\"},\"description\":\"Dans un communiqu\u00e9 publi\u00e9 dans le journal Le Jour de ce vendredi 5 ao\u00fbt 2022, la banque camerounaise Afriland First Bank ...\",\"breadcrumb\":{\"@id\":\"https:\/\/www.africa-press.net\/cameroun\/economie\/banques-le-camerounais-celestin-guela-simo-devient-officiellement-directeur-general-dafriland-first-bank#breadcrumb\"},\"inLanguage\":\"fr-FR\",\"potentialAction\":[{\"@type\":\"ReadAction\",\"target\":[\"https:\/\/www.africa-press.net\/cameroun\/economie\/banques-le-camerounais-celestin-guela-simo-devient-officiellement-directeur-general-dafriland-first-bank\"]}]},{\"@type\":\"ImageObject\",\"inLanguage\":\"fr-FR\",\"@id\":\"https:\/\/www.africa-press.net\/cameroun\/economie\/banques-le-camerounais-celestin-guela-simo-devient-officiellement-directeur-general-dafriland-first-bank#primaryimage\",\"url\":\"https:\/\/static.africa-press.net\/cameroun\/sites\/57\/2022\/08\/img-62ed637cd4865.jpg\",\"contentUrl\":\"https:\/\/static.africa-press.net\/cameroun\/sites\/57\/2022\/08\/img-62ed637cd4865.jpg\",\"width\":800,\"height\":617,\"caption\":\"Banques\u00a0: Le Camerounais C\u00e9lestin Guela Simo devient officiellement Directeur g\u00e9n\u00e9ral d\u2019Afriland First Bank\"},{\"@type\":\"BreadcrumbList\",\"@id\":\"https:\/\/www.africa-press.net\/cameroun\/economie\/banques-le-camerounais-celestin-guela-simo-devient-officiellement-directeur-general-dafriland-first-bank#breadcrumb\",\"itemListElement\":[{\"@type\":\"ListItem\",\"position\":1,\"name\":\"Accueil\",\"item\":\"https:\/\/www.africa-press.net\/cameroun\/\"},{\"@type\":\"ListItem\",\"position\":2,\"name\":\"Banques\u00a0: Le Camerounais C\u00e9lestin Guela Simo devient officiellement Directeur g\u00e9n\u00e9ral d\u2019Afriland First Bank\"}]},{\"@type\":\"WebSite\",\"@id\":\"https:\/\/www.africa-press.net\/cameroun\/#website\",\"url\":\"https:\/\/www.africa-press.net\/cameroun\/\",\"name\":\"Cameroun\",\"description\":\"Just another Africa News Agency Sites site\",\"potentialAction\":[{\"@type\":\"SearchAction\",\"target\":{\"@type\":\"EntryPoint\",\"urlTemplate\":\"https:\/\/www.africa-press.net\/cameroun\/?s={search_term_string}\"},\"query-input\":{\"@type\":\"PropertyValueSpecification\",\"valueRequired\":true,\"valueName\":\"search_term_string\"}}],\"inLanguage\":\"fr-FR\"},{\"@type\":\"Person\",\"@id\":\"https:\/\/www.africa-press.net\/cameroun\/#\/schema\/person\/2b1cf3cd81a31e3cd26889ca66d677f1\",\"name\":\"cfeditorfr\"}]}<\/script>\n<!-- \/ Yoast SEO Premium plugin. -->","yoast_head_json":{"title":"Banques\u00a0: Le Camerounais C\u00e9lestin Guela Simo devient officiellement Directeur g\u00e9n\u00e9ral d\u2019Afriland First Bank - Cameroun","description":"Dans un communiqu\u00e9 publi\u00e9 dans le journal Le Jour de ce vendredi 5 ao\u00fbt 2022, la banque camerounaise Afriland First Bank ...","robots":{"index":"index","follow":"follow","max-snippet":"max-snippet:-1","max-image-preview":"max-image-preview:large","max-video-preview":"max-video-preview:-1"},"canonical":"https:\/\/www.africa-press.net\/cameroun\/economie\/banques-le-camerounais-celestin-guela-simo-devient-officiellement-directeur-general-dafriland-first-bank","og_locale":"fr_FR","og_type":"article","og_title":"Banques\u00a0: Le Camerounais C\u00e9lestin Guela Simo devient officiellement Directeur g\u00e9n\u00e9ral d\u2019Afriland First Bank","og_description":"Dans un communiqu\u00e9 publi\u00e9 dans le journal Le Jour de ce vendredi 5 ao\u00fbt 2022, la banque camerounaise Afriland First Bank ...","og_url":"https:\/\/www.africa-press.net\/cameroun\/economie\/banques-le-camerounais-celestin-guela-simo-devient-officiellement-directeur-general-dafriland-first-bank","og_site_name":"Cameroun","article_published_time":"2022-08-05T15:54:56+00:00","article_modified_time":"2022-08-05T18:38:08+00:00","og_image":[{"width":800,"height":617,"url":"https:\/\/static.africa-press.net\/cameroun\/sites\/57\/2022\/08\/img-62ed637cd4865.jpg","type":"image\/jpeg"}],"author":"cfeditorfr","twitter_card":"summary_large_image","twitter_misc":{"\u00c9crit par":"cfeditorfr","Dur\u00e9e de lecture estim\u00e9e":"2 minutes"},"schema":{"@context":"https:\/\/schema.org","@graph":[{"@type":"Article","@id":"https:\/\/www.africa-press.net\/cameroun\/economie\/banques-le-camerounais-celestin-guela-simo-devient-officiellement-directeur-general-dafriland-first-bank#article","isPartOf":{"@id":"https:\/\/www.africa-press.net\/cameroun\/economie\/banques-le-camerounais-celestin-guela-simo-devient-officiellement-directeur-general-dafriland-first-bank"},"author":{"name":"cfeditorfr","@id":"https:\/\/www.africa-press.net\/cameroun\/#\/schema\/person\/2b1cf3cd81a31e3cd26889ca66d677f1"},"headline":"Banques\u00a0: Le Camerounais C\u00e9lestin Guela Simo devient officiellement Directeur g\u00e9n\u00e9ral d\u2019Afriland First Bank","datePublished":"2022-08-05T15:54:56+00:00","dateModified":"2022-08-05T18:38:08+00:00","mainEntityOfPage":{"@id":"https:\/\/www.africa-press.net\/cameroun\/economie\/banques-le-camerounais-celestin-guela-simo-devient-officiellement-directeur-general-dafriland-first-bank"},"wordCount":349,"commentCount":0,"image":{"@id":"https:\/\/www.africa-press.net\/cameroun\/economie\/banques-le-camerounais-celestin-guela-simo-devient-officiellement-directeur-general-dafriland-first-bank#primaryimage"},"thumbnailUrl":"https:\/\/static.africa-press.net\/cameroun\/sites\/57\/2022\/08\/img-62ed637cd4865.jpg","keywords":["Africa Press","Africa Press-Cameroun","Cameroun"],"articleSection":["\u00c9conomie","homepage-french","Toutes les actualit\u00e9s"],"inLanguage":"fr-FR","potentialAction":[{"@type":"CommentAction","name":"Comment","target":["https:\/\/www.africa-press.net\/cameroun\/economie\/banques-le-camerounais-celestin-guela-simo-devient-officiellement-directeur-general-dafriland-first-bank#respond"]}]},{"@type":"WebPage","@id":"https:\/\/www.africa-press.net\/cameroun\/economie\/banques-le-camerounais-celestin-guela-simo-devient-officiellement-directeur-general-dafriland-first-bank","url":"https:\/\/www.africa-press.net\/cameroun\/economie\/banques-le-camerounais-celestin-guela-simo-devient-officiellement-directeur-general-dafriland-first-bank","name":"Banques\u00a0: Le Camerounais C\u00e9lestin Guela Simo devient officiellement Directeur g\u00e9n\u00e9ral d\u2019Afriland First Bank - Cameroun","isPartOf":{"@id":"https:\/\/www.africa-press.net\/cameroun\/#website"},"primaryImageOfPage":{"@id":"https:\/\/www.africa-press.net\/cameroun\/economie\/banques-le-camerounais-celestin-guela-simo-devient-officiellement-directeur-general-dafriland-first-bank#primaryimage"},"image":{"@id":"https:\/\/www.africa-press.net\/cameroun\/economie\/banques-le-camerounais-celestin-guela-simo-devient-officiellement-directeur-general-dafriland-first-bank#primaryimage"},"thumbnailUrl":"https:\/\/static.africa-press.net\/cameroun\/sites\/57\/2022\/08\/img-62ed637cd4865.jpg","datePublished":"2022-08-05T15:54:56+00:00","dateModified":"2022-08-05T18:38:08+00:00","author":{"@id":"https:\/\/www.africa-press.net\/cameroun\/#\/schema\/person\/2b1cf3cd81a31e3cd26889ca66d677f1"},"description":"Dans un communiqu\u00e9 publi\u00e9 dans le journal Le Jour de ce vendredi 5 ao\u00fbt 2022, la banque camerounaise Afriland First Bank ...","breadcrumb":{"@id":"https:\/\/www.africa-press.net\/cameroun\/economie\/banques-le-camerounais-celestin-guela-simo-devient-officiellement-directeur-general-dafriland-first-bank#breadcrumb"},"inLanguage":"fr-FR","potentialAction":[{"@type":"ReadAction","target":["https:\/\/www.africa-press.net\/cameroun\/economie\/banques-le-camerounais-celestin-guela-simo-devient-officiellement-directeur-general-dafriland-first-bank"]}]},{"@type":"ImageObject","inLanguage":"fr-FR","@id":"https:\/\/www.africa-press.net\/cameroun\/economie\/banques-le-camerounais-celestin-guela-simo-devient-officiellement-directeur-general-dafriland-first-bank#primaryimage","url":"https:\/\/static.africa-press.net\/cameroun\/sites\/57\/2022\/08\/img-62ed637cd4865.jpg","contentUrl":"https:\/\/static.africa-press.net\/cameroun\/sites\/57\/2022\/08\/img-62ed637cd4865.jpg","width":800,"height":617,"caption":"Banques\u00a0: Le Camerounais C\u00e9lestin Guela Simo devient officiellement Directeur g\u00e9n\u00e9ral d\u2019Afriland First Bank"},{"@type":"BreadcrumbList","@id":"https:\/\/www.africa-press.net\/cameroun\/economie\/banques-le-camerounais-celestin-guela-simo-devient-officiellement-directeur-general-dafriland-first-bank#breadcrumb","itemListElement":[{"@type":"ListItem","position":1,"name":"Accueil","item":"https:\/\/www.africa-press.net\/cameroun\/"},{"@type":"ListItem","position":2,"name":"Banques\u00a0: Le Camerounais C\u00e9lestin Guela Simo devient officiellement Directeur g\u00e9n\u00e9ral d\u2019Afriland First Bank"}]},{"@type":"WebSite","@id":"https:\/\/www.africa-press.net\/cameroun\/#website","url":"https:\/\/www.africa-press.net\/cameroun\/","name":"Cameroun","description":"Just another Africa News Agency Sites site","potentialAction":[{"@type":"SearchAction","target":{"@type":"EntryPoint","urlTemplate":"https:\/\/www.africa-press.net\/cameroun\/?s={search_term_string}"},"query-input":{"@type":"PropertyValueSpecification","valueRequired":true,"valueName":"search_term_string"}}],"inLanguage":"fr-FR"},{"@type":"Person","@id":"https:\/\/www.africa-press.net\/cameroun\/#\/schema\/person\/2b1cf3cd81a31e3cd26889ca66d677f1","name":"cfeditorfr"}]}},"_links":{"self":[{"href":"https:\/\/www.africa-press.net\/cameroun\/wp-json\/wp\/v2\/posts\/24969","targetHints":{"allow":["GET"]}}],"collection":[{"href":"https:\/\/www.africa-press.net\/cameroun\/wp-json\/wp\/v2\/posts"}],"about":[{"href":"https:\/\/www.africa-press.net\/cameroun\/wp-json\/wp\/v2\/types\/post"}],"author":[{"embeddable":true,"href":"https:\/\/www.africa-press.net\/cameroun\/wp-json\/wp\/v2\/users\/82"}],"replies":[{"embeddable":true,"href":"https:\/\/www.africa-press.net\/cameroun\/wp-json\/wp\/v2\/comments?post=24969"}],"version-history":[{"count":0,"href":"https:\/\/www.africa-press.net\/cameroun\/wp-json\/wp\/v2\/posts\/24969\/revisions"}],"wp:featuredmedia":[{"embeddable":true,"href":"https:\/\/www.africa-press.net\/cameroun\/wp-json\/wp\/v2\/media\/24968"}],"wp:attachment":[{"href":"https:\/\/www.africa-press.net\/cameroun\/wp-json\/wp\/v2\/media?parent=24969"}],"wp:term":[{"taxonomy":"category","embeddable":true,"href":"https:\/\/www.africa-press.net\/cameroun\/wp-json\/wp\/v2\/categories?post=24969"},{"taxonomy":"post_tag","embeddable":true,"href":"https:\/\/www.africa-press.net\/cameroun\/wp-json\/wp\/v2\/tags?post=24969"}],"curies":[{"name":"wp","href":"https:\/\/api.w.org\/{rel}","templated":true}]}}