{"id":24972,"date":"2022-08-05T16:01:26","date_gmt":"2022-08-05T16:01:26","guid":{"rendered":"https:\/\/www.africa-press.net\/cameroun\/politique\/nutrition-polain-nzobeuh-il-nest-pas-question-pour-moi-de-dire-que-les-gens-arretent-de-manger-le-beignet-haricot-bouillie"},"modified":"2022-08-05T18:38:37","modified_gmt":"2022-08-05T18:38:37","slug":"nutrition-polain-nzobeuh-il-nest-pas-question-pour-moi-de-dire-que-les-gens-arretent-de-manger-le-beignet-haricot-bouillie","status":"publish","type":"post","link":"https:\/\/www.africa-press.net\/cameroun\/toutes-les-actualites\/nutrition-polain-nzobeuh-il-nest-pas-question-pour-moi-de-dire-que-les-gens-arretent-de-manger-le-beignet-haricot-bouillie","title":{"rendered":"Nutrition\/Polain Nzobeuh: \u00abIl n\u2019est pas question pour moi de dire que les gens arr\u00eatent de manger le beignet- haricot-bouillie\u00bb"},"content":{"rendered":"<p><span style=\"color: #ff6600\"><strong>Africa-Press &#8211; Cameroun. <\/strong><\/span>Le Biologiste-th\u00e9rapeute Polain Nzobeuh a v\u00e9cu une semaine sur le feu des critiques des internautes, pour avoir d\u00e9clar\u00e9 que la recette \u00ab Beignet-Haricot-Bouillie est le repas le plus toxique d\u2019Afrique \u00bb. Moqu\u00e9 et d\u00e9test\u00e9, il a tenu \u00e0 apporter des clarifications sur cette sortie, dans une interview accord\u00e9e au journal Le Jour de ce vendredi 5 ao\u00fbt 2022.<\/p>\n<p>D\u2019embl\u00e9e, il d\u00e9clare que l\u2019objet de sa sortie ne visait pas \u00e0 dissuader les populations de continuer \u00e0 s\u2019alimenter avec ce repas. \u00ab Il n\u2019est pas question pour moi de dire que des gens devraient arr\u00eater de manger du beignet-haricot-bouillie \u00bb, indique-t-il, en maintenant sa th\u00e8se sur la toxicit\u00e9 de cette recette.<\/p>\n<p>Explications du Dr Polain Nzobeuh :<\/p>\n<p>A propos des beignets<\/p>\n<p>Les beignets sont faits de farine, de sucre et de sel. Ces trois ingr\u00e9dients sont tous des produits raffin\u00e9s. Le raffinage des aliments cr\u00e9e des carences et de la toxicit\u00e9 pour notre sant\u00e9. Des \u00e9tudes sur la dangerosit\u00e9 de la farine de bl\u00e9 raffin\u00e9e ont d\u00e9montr\u00e9 qu\u2019elle contient du gluten, de l\u2019amidon, qui sont des mol\u00e9cules extr\u00eamement indigestes, difficiles \u00e0 se d\u00e9composer dans le corps. Ainsi, leur consommation entra\u00eene des constipations, parce que les d\u00e9chets stagnent dans le corps. Ceux-ci pourrissent et attirent des parasites dans le corps, et favorisent la porosit\u00e9 intestinale. Une fois dans l\u2019estomac et les intestins, les aliments contenant du gluten et les amidons agglutinent les microbes protecteurs du corps notre flore intestinale, si\u00e8ge de notre immunit\u00e9, ce qui est \u00e0 l\u2019origine des immunod\u00e9prim\u00e9s. Le bl\u00e9 est extr\u00eamement dangereux dans ce sens. Et puis, l\u2019on fait frire cette farine \u00e0 plus de 100 \u00b0C. Nous avons appris \u00e0 l\u2019\u00e9cole primaire que les vitamines sont thermolabiles. Ce terme signifie qu\u2019elles sont d\u00e9truites par la chaleur. Et effectivement \u00e0 partir de 40\u00b0C on assiste \u00e0 la disparition des vitamines et autres micronutriments sensibles dans les aliments. Donc, cette boule faite de gluten et qu\u2019on fait frire dans de l\u2019huile \u00e0 temp\u00e9rature \u00e9lev\u00e9e ne contient plus d\u2019enzymes encore moins de vitamines ni de min\u00e9raux. M\u00eame les prot\u00e9ines commencent \u00e0 \u00eatre d\u00e9natur\u00e9es \u00e0 plus de 100\u00b0C. Lorsque les glucides, les lipides et les prot\u00e9ines sont chauff\u00e9s \u00e0 plus de 100\u00b0C, des mol\u00e9cules de Maillard se forment. Elles surviennent pendant la cuisson des aliments et sont toxiques. C\u2019est ce qui rend le beignet blanc au d\u00e9but puis brun parfois noir. Ces mol\u00e9cules sont reprotoxiques. Elles troublent la reproduction des humains et mutent les g\u00e8nes au niveau de l\u2019ADN. Ces mol\u00e9cules favorisent la formation des cellules canc\u00e9reuses et aboutissent \u00e0 des cancers. L\u2019huile raffin\u00e9e chauff\u00e9e \u00e0 plus de 100 \u00b0C est toxique. Il y a des huiles adapt\u00e9es aux fritures, parce qu\u2019elles r\u00e9sistent \u00e0 des fortes temp\u00e9ratures. L\u2019huile d\u2019olive par exemple est excellente. Mais les gens font le contraire. Beaucoup utilisent l\u2019huile raffin\u00e9e. La bouillie quant \u00e0 elle, est compos\u00e9e du sucre et du ma\u00efs. La graine de ma\u00efs a des nutriments. Ces derniers sont li\u00e9s par des liaisons hydrog\u00e8nes \u00e0 des min\u00e9raux et antioxydants etc. C\u2019est la raison pour laquelle la poule qui mange le ma\u00efs cru est en bonne sant\u00e9. Lorsqu\u2019on s\u00e8che, on \u00e9crase, on lave et tamise le ma\u00efs, l\u2019eau qu\u2019on verse contient beaucoup de nutriments et il ne reste plus que les d\u00e9chets. Ces actions concourent \u00e0 d\u00e9naturer les valeurs nutritives du ma\u00efs. A la pr\u00e9paration, on y ajoute du sucre. En ce qui concerne le sucre, vous convenez avec moi qu\u2019on demande \u00e0 certains malades d\u2019arr\u00eater de le consommer. M\u00eame le sucre roux n\u2019est \u00e9galement pas bon. Et certains commer\u00e7ants n\u2019ayant pas assez de moyens, y ajoutent du saccharose. Un sucre lui aussi raffin\u00e9 qui est tr\u00e8s dangereux pour l\u2019organisme.<\/p>\n<p>Le haricot aussi\u2026<\/p>\n<p>Le haricot est riche en prot\u00e9ines certes quand il est cru ; mais quand on le cuit pendant 2 \u00e0 3 heures de temps, il ne reste plus que des macros mol\u00e9cules. Les mol\u00e9cules sont thermolabiles donc d\u00e9truites par la chaleur. Ces macros mol\u00e9cules ne peuvent pas traverser la paroi intestinale seules, le corps doit les casser pour avoir les Acides amin\u00e9es et c\u2019est un processus long et indigeste. C\u2019est la raison pour laquelle certains mettent les carottes et haricots verts dans le haricot pour faciliter la digestion sinon les gens se retrouvent \u00e0 faire des gaz en d\u00e9sordre. Pire encore on le fait frire. Et avec quelle huile ? Avec de l\u2019huile raffin\u00e9e qui est toxique du fait de sa pauvret\u00e9 en nutriments lessiv\u00e9s lors du raffinage et aussi \u00e0 cause des mol\u00e9cules de Maillard qui s\u2019y forment d\u00e8s qu\u2019on \u00e9l\u00e8ve la temp\u00e9rature. Je vous \u00e9pargne les microbes en bordure de route, puisque certains s\u2019installent m\u00eame \u00e0 c\u00f4t\u00e9 des poubelles. Les conditions d\u2019hygi\u00e8ne aussi et les conditions dans lesquelles ces personnes cuisinent. Les condiments comme le cube, le choix des ingr\u00e9dients au march\u00e9. Prennent-elles, la bonne tomate par exemple ? Je fais fi de tout cela.<\/p>\n<p>Source : Le Jour du vendredi 5 ao\u00fbt 2022<\/p>\n<p><strong>Pour plus d&rsquo;informations et d&rsquo;analyses sur la <a href=\"https:\/\/www.africa-press.net\/cameroun\">Cameroun<\/a>, suivez <a href=\"https:\/\/www.africa-press.net\/\">Africa-Press<\/a><\/strong><\/p>\n","protected":false},"excerpt":{"rendered":"<p>Africa-Press &#8211; Cameroun. Le Biologiste-th\u00e9rapeute Polain Nzobeuh a v\u00e9cu une semaine sur le feu des critiques des internautes, pour avoir d\u00e9clar\u00e9 que la recette \u00ab Beignet-Haricot-Bouillie est le repas le plus toxique d\u2019Afrique \u00bb. Moqu\u00e9 et d\u00e9test\u00e9, il a tenu \u00e0 apporter des clarifications sur cette sortie, dans une interview accord\u00e9e au journal Le Jour [&hellip;]<\/p>\n","protected":false},"author":82,"featured_media":24971,"comment_status":"open","ping_status":"closed","sticky":false,"template":"","format":"standard","meta":{"footnotes":""},"categories":[21,11,10],"tags":[36,50,49],"class_list":["post-24972","post","type-post","status-publish","format-standard","has-post-thumbnail","hentry","category-communaute","category-homepage-french","category-toutes-les-actualites","tag-africa-press","tag-africa-press-cameroun","tag-cameroun"],"yoast_head":"<!-- This site is optimized with the Yoast SEO Premium plugin v26.1 (Yoast SEO v27.0) - https:\/\/yoast.com\/product\/yoast-seo-premium-wordpress\/ -->\n<title>Nutrition\/Polain Nzobeuh: \u00abIl n\u2019est pas question pour moi de dire que les gens arr\u00eatent de manger le beignet- haricot-bouillie\u00bb - Cameroun<\/title>\n<meta name=\"description\" content=\"Le Biologiste-th\u00e9rapeute Polain Nzobeuh a v\u00e9cu une semaine sur le feu des critiques des internautes, pour avoir d\u00e9clar\u00e9 ...\" \/>\n<meta name=\"robots\" content=\"index, follow, max-snippet:-1, max-image-preview:large, max-video-preview:-1\" \/>\n<link rel=\"canonical\" href=\"https:\/\/www.africa-press.net\/cameroun\/toutes-les-actualites\/nutrition-polain-nzobeuh-il-nest-pas-question-pour-moi-de-dire-que-les-gens-arretent-de-manger-le-beignet-haricot-bouillie\" \/>\n<meta property=\"og:locale\" content=\"fr_FR\" \/>\n<meta property=\"og:type\" content=\"article\" \/>\n<meta property=\"og:title\" content=\"Nutrition\/Polain Nzobeuh: \u00abIl n\u2019est pas question pour moi de dire que les gens arr\u00eatent de manger le beignet- haricot-bouillie\u00bb\" \/>\n<meta property=\"og:description\" content=\"Le Biologiste-th\u00e9rapeute Polain Nzobeuh a v\u00e9cu une semaine sur le feu des critiques des internautes, pour avoir d\u00e9clar\u00e9 ...\" \/>\n<meta property=\"og:url\" content=\"https:\/\/www.africa-press.net\/cameroun\/toutes-les-actualites\/nutrition-polain-nzobeuh-il-nest-pas-question-pour-moi-de-dire-que-les-gens-arretent-de-manger-le-beignet-haricot-bouillie\" \/>\n<meta property=\"og:site_name\" content=\"Cameroun\" \/>\n<meta property=\"article:published_time\" content=\"2022-08-05T16:01:26+00:00\" \/>\n<meta property=\"article:modified_time\" content=\"2022-08-05T18:38:37+00:00\" \/>\n<meta property=\"og:image\" content=\"https:\/\/static.africa-press.net\/cameroun\/sites\/57\/2022\/08\/img-62ed6399d3360.jpg\" \/>\n\t<meta property=\"og:image:width\" content=\"800\" \/>\n\t<meta property=\"og:image:height\" content=\"868\" \/>\n\t<meta property=\"og:image:type\" content=\"image\/jpeg\" \/>\n<meta name=\"author\" content=\"cfeditorfr\" \/>\n<meta name=\"twitter:card\" content=\"summary_large_image\" \/>\n<meta name=\"twitter:label1\" content=\"\u00c9crit par\" \/>\n\t<meta name=\"twitter:data1\" content=\"cfeditorfr\" \/>\n\t<meta name=\"twitter:label2\" content=\"Dur\u00e9e de lecture estim\u00e9e\" \/>\n\t<meta name=\"twitter:data2\" content=\"5 minutes\" \/>\n<script type=\"application\/ld+json\" class=\"yoast-schema-graph\">{\"@context\":\"https:\/\/schema.org\",\"@graph\":[{\"@type\":\"Article\",\"@id\":\"https:\/\/www.africa-press.net\/cameroun\/toutes-les-actualites\/nutrition-polain-nzobeuh-il-nest-pas-question-pour-moi-de-dire-que-les-gens-arretent-de-manger-le-beignet-haricot-bouillie#article\",\"isPartOf\":{\"@id\":\"https:\/\/www.africa-press.net\/cameroun\/toutes-les-actualites\/nutrition-polain-nzobeuh-il-nest-pas-question-pour-moi-de-dire-que-les-gens-arretent-de-manger-le-beignet-haricot-bouillie\"},\"author\":{\"name\":\"cfeditorfr\",\"@id\":\"https:\/\/www.africa-press.net\/cameroun\/#\/schema\/person\/2b1cf3cd81a31e3cd26889ca66d677f1\"},\"headline\":\"Nutrition\/Polain Nzobeuh: \u00abIl n\u2019est pas question pour moi de dire que les gens arr\u00eatent de manger le beignet- haricot-bouillie\u00bb\",\"datePublished\":\"2022-08-05T16:01:26+00:00\",\"dateModified\":\"2022-08-05T18:38:37+00:00\",\"mainEntityOfPage\":{\"@id\":\"https:\/\/www.africa-press.net\/cameroun\/toutes-les-actualites\/nutrition-polain-nzobeuh-il-nest-pas-question-pour-moi-de-dire-que-les-gens-arretent-de-manger-le-beignet-haricot-bouillie\"},\"wordCount\":927,\"commentCount\":0,\"image\":{\"@id\":\"https:\/\/www.africa-press.net\/cameroun\/toutes-les-actualites\/nutrition-polain-nzobeuh-il-nest-pas-question-pour-moi-de-dire-que-les-gens-arretent-de-manger-le-beignet-haricot-bouillie#primaryimage\"},\"thumbnailUrl\":\"https:\/\/static.africa-press.net\/cameroun\/sites\/57\/2022\/08\/img-62ed6399d3360.jpg\",\"keywords\":[\"Africa Press\",\"Africa Press-Cameroun\",\"Cameroun\"],\"articleSection\":[\"Communaut\u00e9\",\"homepage-french\",\"Toutes les actualit\u00e9s\"],\"inLanguage\":\"fr-FR\",\"potentialAction\":[{\"@type\":\"CommentAction\",\"name\":\"Comment\",\"target\":[\"https:\/\/www.africa-press.net\/cameroun\/toutes-les-actualites\/nutrition-polain-nzobeuh-il-nest-pas-question-pour-moi-de-dire-que-les-gens-arretent-de-manger-le-beignet-haricot-bouillie#respond\"]}]},{\"@type\":\"WebPage\",\"@id\":\"https:\/\/www.africa-press.net\/cameroun\/toutes-les-actualites\/nutrition-polain-nzobeuh-il-nest-pas-question-pour-moi-de-dire-que-les-gens-arretent-de-manger-le-beignet-haricot-bouillie\",\"url\":\"https:\/\/www.africa-press.net\/cameroun\/toutes-les-actualites\/nutrition-polain-nzobeuh-il-nest-pas-question-pour-moi-de-dire-que-les-gens-arretent-de-manger-le-beignet-haricot-bouillie\",\"name\":\"Nutrition\/Polain Nzobeuh: \u00abIl n\u2019est pas question pour moi de dire que les gens arr\u00eatent de manger le beignet- haricot-bouillie\u00bb - Cameroun\",\"isPartOf\":{\"@id\":\"https:\/\/www.africa-press.net\/cameroun\/#website\"},\"primaryImageOfPage\":{\"@id\":\"https:\/\/www.africa-press.net\/cameroun\/toutes-les-actualites\/nutrition-polain-nzobeuh-il-nest-pas-question-pour-moi-de-dire-que-les-gens-arretent-de-manger-le-beignet-haricot-bouillie#primaryimage\"},\"image\":{\"@id\":\"https:\/\/www.africa-press.net\/cameroun\/toutes-les-actualites\/nutrition-polain-nzobeuh-il-nest-pas-question-pour-moi-de-dire-que-les-gens-arretent-de-manger-le-beignet-haricot-bouillie#primaryimage\"},\"thumbnailUrl\":\"https:\/\/static.africa-press.net\/cameroun\/sites\/57\/2022\/08\/img-62ed6399d3360.jpg\",\"datePublished\":\"2022-08-05T16:01:26+00:00\",\"dateModified\":\"2022-08-05T18:38:37+00:00\",\"author\":{\"@id\":\"https:\/\/www.africa-press.net\/cameroun\/#\/schema\/person\/2b1cf3cd81a31e3cd26889ca66d677f1\"},\"description\":\"Le Biologiste-th\u00e9rapeute Polain Nzobeuh a v\u00e9cu une semaine sur le feu des critiques des internautes, pour avoir d\u00e9clar\u00e9 ...\",\"breadcrumb\":{\"@id\":\"https:\/\/www.africa-press.net\/cameroun\/toutes-les-actualites\/nutrition-polain-nzobeuh-il-nest-pas-question-pour-moi-de-dire-que-les-gens-arretent-de-manger-le-beignet-haricot-bouillie#breadcrumb\"},\"inLanguage\":\"fr-FR\",\"potentialAction\":[{\"@type\":\"ReadAction\",\"target\":[\"https:\/\/www.africa-press.net\/cameroun\/toutes-les-actualites\/nutrition-polain-nzobeuh-il-nest-pas-question-pour-moi-de-dire-que-les-gens-arretent-de-manger-le-beignet-haricot-bouillie\"]}]},{\"@type\":\"ImageObject\",\"inLanguage\":\"fr-FR\",\"@id\":\"https:\/\/www.africa-press.net\/cameroun\/toutes-les-actualites\/nutrition-polain-nzobeuh-il-nest-pas-question-pour-moi-de-dire-que-les-gens-arretent-de-manger-le-beignet-haricot-bouillie#primaryimage\",\"url\":\"https:\/\/static.africa-press.net\/cameroun\/sites\/57\/2022\/08\/img-62ed6399d3360.jpg\",\"contentUrl\":\"https:\/\/static.africa-press.net\/cameroun\/sites\/57\/2022\/08\/img-62ed6399d3360.jpg\",\"width\":800,\"height\":868,\"caption\":\"Nutrition\/Polain Nzobeuh: \u00abIl n\u2019est pas question pour moi de dire que les gens arr\u00eatent de manger le beignet- haricot-bouillie\u00bb\"},{\"@type\":\"BreadcrumbList\",\"@id\":\"https:\/\/www.africa-press.net\/cameroun\/toutes-les-actualites\/nutrition-polain-nzobeuh-il-nest-pas-question-pour-moi-de-dire-que-les-gens-arretent-de-manger-le-beignet-haricot-bouillie#breadcrumb\",\"itemListElement\":[{\"@type\":\"ListItem\",\"position\":1,\"name\":\"Accueil\",\"item\":\"https:\/\/www.africa-press.net\/cameroun\/\"},{\"@type\":\"ListItem\",\"position\":2,\"name\":\"Nutrition\/Polain Nzobeuh: \u00abIl n\u2019est pas question pour moi de dire que les gens arr\u00eatent de manger le beignet- haricot-bouillie\u00bb\"}]},{\"@type\":\"WebSite\",\"@id\":\"https:\/\/www.africa-press.net\/cameroun\/#website\",\"url\":\"https:\/\/www.africa-press.net\/cameroun\/\",\"name\":\"Cameroun\",\"description\":\"Just another Africa News Agency Sites site\",\"potentialAction\":[{\"@type\":\"SearchAction\",\"target\":{\"@type\":\"EntryPoint\",\"urlTemplate\":\"https:\/\/www.africa-press.net\/cameroun\/?s={search_term_string}\"},\"query-input\":{\"@type\":\"PropertyValueSpecification\",\"valueRequired\":true,\"valueName\":\"search_term_string\"}}],\"inLanguage\":\"fr-FR\"},{\"@type\":\"Person\",\"@id\":\"https:\/\/www.africa-press.net\/cameroun\/#\/schema\/person\/2b1cf3cd81a31e3cd26889ca66d677f1\",\"name\":\"cfeditorfr\"}]}<\/script>\n<!-- \/ Yoast SEO Premium plugin. -->","yoast_head_json":{"title":"Nutrition\/Polain Nzobeuh: \u00abIl n\u2019est pas question pour moi de dire que les gens arr\u00eatent de manger le beignet- haricot-bouillie\u00bb - Cameroun","description":"Le Biologiste-th\u00e9rapeute Polain Nzobeuh a v\u00e9cu une semaine sur le feu des critiques des internautes, pour avoir d\u00e9clar\u00e9 ...","robots":{"index":"index","follow":"follow","max-snippet":"max-snippet:-1","max-image-preview":"max-image-preview:large","max-video-preview":"max-video-preview:-1"},"canonical":"https:\/\/www.africa-press.net\/cameroun\/toutes-les-actualites\/nutrition-polain-nzobeuh-il-nest-pas-question-pour-moi-de-dire-que-les-gens-arretent-de-manger-le-beignet-haricot-bouillie","og_locale":"fr_FR","og_type":"article","og_title":"Nutrition\/Polain Nzobeuh: \u00abIl n\u2019est pas question pour moi de dire que les gens arr\u00eatent de manger le beignet- haricot-bouillie\u00bb","og_description":"Le Biologiste-th\u00e9rapeute Polain Nzobeuh a v\u00e9cu une semaine sur le feu des critiques des internautes, pour avoir d\u00e9clar\u00e9 ...","og_url":"https:\/\/www.africa-press.net\/cameroun\/toutes-les-actualites\/nutrition-polain-nzobeuh-il-nest-pas-question-pour-moi-de-dire-que-les-gens-arretent-de-manger-le-beignet-haricot-bouillie","og_site_name":"Cameroun","article_published_time":"2022-08-05T16:01:26+00:00","article_modified_time":"2022-08-05T18:38:37+00:00","og_image":[{"width":800,"height":868,"url":"https:\/\/static.africa-press.net\/cameroun\/sites\/57\/2022\/08\/img-62ed6399d3360.jpg","type":"image\/jpeg"}],"author":"cfeditorfr","twitter_card":"summary_large_image","twitter_misc":{"\u00c9crit par":"cfeditorfr","Dur\u00e9e de lecture estim\u00e9e":"5 minutes"},"schema":{"@context":"https:\/\/schema.org","@graph":[{"@type":"Article","@id":"https:\/\/www.africa-press.net\/cameroun\/toutes-les-actualites\/nutrition-polain-nzobeuh-il-nest-pas-question-pour-moi-de-dire-que-les-gens-arretent-de-manger-le-beignet-haricot-bouillie#article","isPartOf":{"@id":"https:\/\/www.africa-press.net\/cameroun\/toutes-les-actualites\/nutrition-polain-nzobeuh-il-nest-pas-question-pour-moi-de-dire-que-les-gens-arretent-de-manger-le-beignet-haricot-bouillie"},"author":{"name":"cfeditorfr","@id":"https:\/\/www.africa-press.net\/cameroun\/#\/schema\/person\/2b1cf3cd81a31e3cd26889ca66d677f1"},"headline":"Nutrition\/Polain Nzobeuh: \u00abIl n\u2019est pas question pour moi de dire que les gens arr\u00eatent de manger le beignet- haricot-bouillie\u00bb","datePublished":"2022-08-05T16:01:26+00:00","dateModified":"2022-08-05T18:38:37+00:00","mainEntityOfPage":{"@id":"https:\/\/www.africa-press.net\/cameroun\/toutes-les-actualites\/nutrition-polain-nzobeuh-il-nest-pas-question-pour-moi-de-dire-que-les-gens-arretent-de-manger-le-beignet-haricot-bouillie"},"wordCount":927,"commentCount":0,"image":{"@id":"https:\/\/www.africa-press.net\/cameroun\/toutes-les-actualites\/nutrition-polain-nzobeuh-il-nest-pas-question-pour-moi-de-dire-que-les-gens-arretent-de-manger-le-beignet-haricot-bouillie#primaryimage"},"thumbnailUrl":"https:\/\/static.africa-press.net\/cameroun\/sites\/57\/2022\/08\/img-62ed6399d3360.jpg","keywords":["Africa Press","Africa Press-Cameroun","Cameroun"],"articleSection":["Communaut\u00e9","homepage-french","Toutes les actualit\u00e9s"],"inLanguage":"fr-FR","potentialAction":[{"@type":"CommentAction","name":"Comment","target":["https:\/\/www.africa-press.net\/cameroun\/toutes-les-actualites\/nutrition-polain-nzobeuh-il-nest-pas-question-pour-moi-de-dire-que-les-gens-arretent-de-manger-le-beignet-haricot-bouillie#respond"]}]},{"@type":"WebPage","@id":"https:\/\/www.africa-press.net\/cameroun\/toutes-les-actualites\/nutrition-polain-nzobeuh-il-nest-pas-question-pour-moi-de-dire-que-les-gens-arretent-de-manger-le-beignet-haricot-bouillie","url":"https:\/\/www.africa-press.net\/cameroun\/toutes-les-actualites\/nutrition-polain-nzobeuh-il-nest-pas-question-pour-moi-de-dire-que-les-gens-arretent-de-manger-le-beignet-haricot-bouillie","name":"Nutrition\/Polain Nzobeuh: \u00abIl n\u2019est pas question pour moi de dire que les gens arr\u00eatent de manger le beignet- haricot-bouillie\u00bb - Cameroun","isPartOf":{"@id":"https:\/\/www.africa-press.net\/cameroun\/#website"},"primaryImageOfPage":{"@id":"https:\/\/www.africa-press.net\/cameroun\/toutes-les-actualites\/nutrition-polain-nzobeuh-il-nest-pas-question-pour-moi-de-dire-que-les-gens-arretent-de-manger-le-beignet-haricot-bouillie#primaryimage"},"image":{"@id":"https:\/\/www.africa-press.net\/cameroun\/toutes-les-actualites\/nutrition-polain-nzobeuh-il-nest-pas-question-pour-moi-de-dire-que-les-gens-arretent-de-manger-le-beignet-haricot-bouillie#primaryimage"},"thumbnailUrl":"https:\/\/static.africa-press.net\/cameroun\/sites\/57\/2022\/08\/img-62ed6399d3360.jpg","datePublished":"2022-08-05T16:01:26+00:00","dateModified":"2022-08-05T18:38:37+00:00","author":{"@id":"https:\/\/www.africa-press.net\/cameroun\/#\/schema\/person\/2b1cf3cd81a31e3cd26889ca66d677f1"},"description":"Le Biologiste-th\u00e9rapeute Polain Nzobeuh a v\u00e9cu une semaine sur le feu des critiques des internautes, pour avoir d\u00e9clar\u00e9 ...","breadcrumb":{"@id":"https:\/\/www.africa-press.net\/cameroun\/toutes-les-actualites\/nutrition-polain-nzobeuh-il-nest-pas-question-pour-moi-de-dire-que-les-gens-arretent-de-manger-le-beignet-haricot-bouillie#breadcrumb"},"inLanguage":"fr-FR","potentialAction":[{"@type":"ReadAction","target":["https:\/\/www.africa-press.net\/cameroun\/toutes-les-actualites\/nutrition-polain-nzobeuh-il-nest-pas-question-pour-moi-de-dire-que-les-gens-arretent-de-manger-le-beignet-haricot-bouillie"]}]},{"@type":"ImageObject","inLanguage":"fr-FR","@id":"https:\/\/www.africa-press.net\/cameroun\/toutes-les-actualites\/nutrition-polain-nzobeuh-il-nest-pas-question-pour-moi-de-dire-que-les-gens-arretent-de-manger-le-beignet-haricot-bouillie#primaryimage","url":"https:\/\/static.africa-press.net\/cameroun\/sites\/57\/2022\/08\/img-62ed6399d3360.jpg","contentUrl":"https:\/\/static.africa-press.net\/cameroun\/sites\/57\/2022\/08\/img-62ed6399d3360.jpg","width":800,"height":868,"caption":"Nutrition\/Polain Nzobeuh: \u00abIl n\u2019est pas question pour moi de dire que les gens arr\u00eatent de manger le beignet- haricot-bouillie\u00bb"},{"@type":"BreadcrumbList","@id":"https:\/\/www.africa-press.net\/cameroun\/toutes-les-actualites\/nutrition-polain-nzobeuh-il-nest-pas-question-pour-moi-de-dire-que-les-gens-arretent-de-manger-le-beignet-haricot-bouillie#breadcrumb","itemListElement":[{"@type":"ListItem","position":1,"name":"Accueil","item":"https:\/\/www.africa-press.net\/cameroun\/"},{"@type":"ListItem","position":2,"name":"Nutrition\/Polain Nzobeuh: \u00abIl n\u2019est pas question pour moi de dire que les gens arr\u00eatent de manger le beignet- haricot-bouillie\u00bb"}]},{"@type":"WebSite","@id":"https:\/\/www.africa-press.net\/cameroun\/#website","url":"https:\/\/www.africa-press.net\/cameroun\/","name":"Cameroun","description":"Just another Africa News Agency Sites site","potentialAction":[{"@type":"SearchAction","target":{"@type":"EntryPoint","urlTemplate":"https:\/\/www.africa-press.net\/cameroun\/?s={search_term_string}"},"query-input":{"@type":"PropertyValueSpecification","valueRequired":true,"valueName":"search_term_string"}}],"inLanguage":"fr-FR"},{"@type":"Person","@id":"https:\/\/www.africa-press.net\/cameroun\/#\/schema\/person\/2b1cf3cd81a31e3cd26889ca66d677f1","name":"cfeditorfr"}]}},"_links":{"self":[{"href":"https:\/\/www.africa-press.net\/cameroun\/wp-json\/wp\/v2\/posts\/24972","targetHints":{"allow":["GET"]}}],"collection":[{"href":"https:\/\/www.africa-press.net\/cameroun\/wp-json\/wp\/v2\/posts"}],"about":[{"href":"https:\/\/www.africa-press.net\/cameroun\/wp-json\/wp\/v2\/types\/post"}],"author":[{"embeddable":true,"href":"https:\/\/www.africa-press.net\/cameroun\/wp-json\/wp\/v2\/users\/82"}],"replies":[{"embeddable":true,"href":"https:\/\/www.africa-press.net\/cameroun\/wp-json\/wp\/v2\/comments?post=24972"}],"version-history":[{"count":0,"href":"https:\/\/www.africa-press.net\/cameroun\/wp-json\/wp\/v2\/posts\/24972\/revisions"}],"wp:featuredmedia":[{"embeddable":true,"href":"https:\/\/www.africa-press.net\/cameroun\/wp-json\/wp\/v2\/media\/24971"}],"wp:attachment":[{"href":"https:\/\/www.africa-press.net\/cameroun\/wp-json\/wp\/v2\/media?parent=24972"}],"wp:term":[{"taxonomy":"category","embeddable":true,"href":"https:\/\/www.africa-press.net\/cameroun\/wp-json\/wp\/v2\/categories?post=24972"},{"taxonomy":"post_tag","embeddable":true,"href":"https:\/\/www.africa-press.net\/cameroun\/wp-json\/wp\/v2\/tags?post=24972"}],"curies":[{"name":"wp","href":"https:\/\/api.w.org\/{rel}","templated":true}]}}