{"id":24978,"date":"2022-08-05T16:17:30","date_gmt":"2022-08-05T16:17:30","guid":{"rendered":"https:\/\/www.africa-press.net\/cameroun\/politique\/cameroun-audiences-publiques-pour-un-complexe-de-transformation-de-bois-a-edea"},"modified":"2022-08-05T18:39:44","modified_gmt":"2022-08-05T18:39:44","slug":"cameroun-audiences-publiques-pour-un-complexe-de-transformation-de-bois-a-edea","status":"publish","type":"post","link":"https:\/\/www.africa-press.net\/cameroun\/toutes-les-actualites\/cameroun-audiences-publiques-pour-un-complexe-de-transformation-de-bois-a-edea","title":{"rendered":"Cameroun: Audiences publiques pour un complexe de transformation de bois \u00e0 Ed\u00e9a"},"content":{"rendered":"<p><span style=\"color: #ff6600\"><strong>Africa-Press &#8211; Cameroun. <\/strong><\/span>Du 08 au 13 ao\u00fbt 2022, \u00e0 l\u2019\u00e9cole primaire publique de Mangomb\u00e9, dans l\u2019Arrondissement d\u2019Ed\u00e9a 1er, d\u00e9partement de la Sanaga-Maritime, r\u00e9gion du Littoral, se tiendront des audiences publiques relatives \u00e0 l\u2019\u00e9tude d&rsquo;impact environnemental et social d\u00e9taill\u00e9e du projet de construction et d\u2019exploitation d\u2019un complexe de production et de transformation int\u00e9gr\u00e9 de bois \u00e0 Mangomb\u00e9 soumise par la Soci\u00e9t\u00e9 camerounaise d\u2019industrie et d\u2019exploitation de bois (Scieb). L\u2019annonce est faite dans un communiqu\u00e9 de presse du ministre d\u00e9l\u00e9gu\u00e9 aupr\u00e8s du ministre de l&rsquo;Environnement, de la Protection de la nature et du D\u00e9veloppement durable (Minepded), Nana Aboubakar Djalloh. Ce dernier invite d\u2019ailleurs \u00ables populations et autres parties int\u00e9ress\u00e9es \u00e0 participer activement \u00e0 cet exercice dans le strict respect des mesures \u00e9dict\u00e9es par le gouvernement dans le cadre de la lutte contre la pand\u00e9mie Covid-19\u00bb.<\/p>\n<p>Selon ce communiqu\u00e9 de presse sign\u00e9 en date du 28 juillet 2022, la communaut\u00e9 nationale et internationale est inform\u00e9e que \u00ab ces audiences publiques consistent en l&rsquo;ouverture d&rsquo;une salle de lecture o\u00f9 seront dispos\u00e9s les rapports de l&rsquo;\u00e9tude et les registres o\u00f9 seront consign\u00e9es toutes les observations des participants \u00bb. Il est question \u00ab recueillir les observations du public sur ladite \u00e9tude \u00bb.<\/p>\n<p>M\u00e9morandum d\u2019entente<\/p>\n<p>A propos du projet de construction et d\u2019exploitation d\u2019un complexe de production et de transformation int\u00e9gr\u00e9 de bois \u00e0 Mangomb\u00e9, l\u2019on se souvient que le 12 mai 2020, l\u2019Etat du Cameroun \u00e0 travers le ministre de l\u2019Industrie, Gabriel Dodo Ndock\u00e9, et la Scieb ont sign\u00e9 un M\u00e9morandum d\u2019entente (MoU) en vue de la mise en place d\u2019une technopole for\u00eat-bois \u00e0 Ed\u00e9a. Il avait \u00e9t\u00e9 convenu que ce projet en pr\u00e9paration depuis 12 ans devait s\u2019installer sur le site de l\u2019ancienne Cellulose du Cameroun (Cellucam), une soci\u00e9t\u00e9 d\u2019\u00c9tat tomb\u00e9e en faillite en 1982.<\/p>\n<p>Le MoU pr\u00e9voyait que la Scieb allait investir 80 milliards de FCFA dans ce projet, en trois phases. Ainsi, entre 2020 et 2027, cette entreprise allait installer un complexe industriel de production et de transformation du bois, des structures de recherche et d\u2019accompagnement des petites et moyennes entreprises (PME) de la fili\u00e8re for\u00eat-bois. Egalement sur le site indiqu\u00e9, la Scieb entendait cr\u00e9er une unit\u00e9 de production de la biomasse \u00e0 partir des d\u00e9chets issus de la transformation du bois, puis une usine de production de la p\u00e2te \u00e0 papier.<\/p>\n<p>Pr\u00e8s de 10 000 emplois<\/p>\n<p>Selon notre confr\u00e8re Investir au Cameroun dans un article publi\u00e9 le 14 mai 2020 sur son site web, lors de la c\u00e9r\u00e9monie de signature de ce MoU, le ministre de l\u2019Industrie avait annonc\u00e9 que \u00ab la technopole d\u2019Ed\u00e9a permettra de cr\u00e9er 2000 emplois directs et 6000 emplois indirects \u00bb. Ce projet devenait alors plus important que celui d\u2019Ed\u00e9atech, une joint-venture entre l\u2019Etat du Cameroun (35%) et la soci\u00e9t\u00e9 italienne Comifin (65%), qui pilotait ce projet depuis 2008.<\/p>\n<p>Investir au Cameroun renseigne alors qu\u2019\u00ab \u00e0 sa cr\u00e9ation en 2008, Ed\u00e9atech a re\u00e7u du gouvernement camerounais le mandat pour la r\u00e9habilitation de 36 hectares de terres et des \u00e9quipements appartenant \u00e0 l\u2019ex-Cellucam (production de la p\u00e2te \u00e0 papier), en vue d\u2019y installer une technopole \u00bb. Il \u00e9tait question de regrouper des PME de production de la biomasse, de traitement des eaux, de transformation du bois, de maintenance automobile et de location des engins, ainsi qu\u2019un centre de formation aux m\u00e9tiers du bois.<\/p>\n<p>Bernard Bangda<\/p>\n<p><strong>Pour plus d&rsquo;informations et d&rsquo;analyses sur la <a href=\"https:\/\/www.africa-press.net\/cameroun\">Cameroun<\/a>, suivez <a href=\"https:\/\/www.africa-press.net\/\">Africa-Press<\/a><\/strong><\/p>\n","protected":false},"excerpt":{"rendered":"<p>Africa-Press &#8211; Cameroun. Du 08 au 13 ao\u00fbt 2022, \u00e0 l\u2019\u00e9cole primaire publique de Mangomb\u00e9, dans l\u2019Arrondissement d\u2019Ed\u00e9a 1er, d\u00e9partement de la Sanaga-Maritime, r\u00e9gion du Littoral, se tiendront des audiences publiques relatives \u00e0 l\u2019\u00e9tude d&rsquo;impact environnemental et social d\u00e9taill\u00e9e du projet de construction et d\u2019exploitation d\u2019un complexe de production et de transformation int\u00e9gr\u00e9 de bois [&hellip;]<\/p>\n","protected":false},"author":82,"featured_media":24977,"comment_status":"open","ping_status":"closed","sticky":false,"template":"","format":"standard","meta":{"footnotes":""},"categories":[21,11,10],"tags":[36,50,49],"class_list":["post-24978","post","type-post","status-publish","format-standard","has-post-thumbnail","hentry","category-communaute","category-homepage-french","category-toutes-les-actualites","tag-africa-press","tag-africa-press-cameroun","tag-cameroun"],"yoast_head":"<!-- This site is optimized with the Yoast SEO Premium plugin v26.1 (Yoast SEO v27.0) - https:\/\/yoast.com\/product\/yoast-seo-premium-wordpress\/ -->\n<title>Cameroun: Audiences publiques pour un complexe de transformation de bois \u00e0 Ed\u00e9a - Cameroun<\/title>\n<meta name=\"description\" content=\"Du 08 au 13 ao\u00fbt 2022, \u00e0 l\u2019\u00e9cole primaire publique de Mangomb\u00e9, dans l\u2019Arrondissement d\u2019Ed\u00e9a 1er, d\u00e9partement de la Sana ...\" \/>\n<meta name=\"robots\" content=\"index, follow, max-snippet:-1, max-image-preview:large, max-video-preview:-1\" \/>\n<link rel=\"canonical\" href=\"https:\/\/www.africa-press.net\/cameroun\/toutes-les-actualites\/cameroun-audiences-publiques-pour-un-complexe-de-transformation-de-bois-a-edea\" \/>\n<meta property=\"og:locale\" content=\"fr_FR\" \/>\n<meta property=\"og:type\" content=\"article\" \/>\n<meta property=\"og:title\" content=\"Cameroun: Audiences publiques pour un complexe de transformation de bois \u00e0 Ed\u00e9a\" \/>\n<meta property=\"og:description\" content=\"Du 08 au 13 ao\u00fbt 2022, \u00e0 l\u2019\u00e9cole primaire publique de Mangomb\u00e9, dans l\u2019Arrondissement d\u2019Ed\u00e9a 1er, d\u00e9partement de la Sana ...\" \/>\n<meta property=\"og:url\" content=\"https:\/\/www.africa-press.net\/cameroun\/toutes-les-actualites\/cameroun-audiences-publiques-pour-un-complexe-de-transformation-de-bois-a-edea\" \/>\n<meta property=\"og:site_name\" content=\"Cameroun\" \/>\n<meta property=\"article:published_time\" content=\"2022-08-05T16:17:30+00:00\" \/>\n<meta property=\"article:modified_time\" content=\"2022-08-05T18:39:44+00:00\" \/>\n<meta property=\"og:image\" content=\"https:\/\/static.africa-press.net\/cameroun\/sites\/57\/2022\/08\/img-62ed63d7aac3f.jpg\" \/>\n\t<meta property=\"og:image:width\" content=\"800\" \/>\n\t<meta property=\"og:image:height\" content=\"448\" \/>\n\t<meta property=\"og:image:type\" content=\"image\/jpeg\" \/>\n<meta name=\"author\" content=\"cfeditorfr\" \/>\n<meta name=\"twitter:card\" content=\"summary_large_image\" \/>\n<meta name=\"twitter:label1\" content=\"\u00c9crit par\" \/>\n\t<meta name=\"twitter:data1\" content=\"cfeditorfr\" \/>\n\t<meta name=\"twitter:label2\" content=\"Dur\u00e9e de lecture estim\u00e9e\" \/>\n\t<meta name=\"twitter:data2\" content=\"3 minutes\" \/>\n<script type=\"application\/ld+json\" class=\"yoast-schema-graph\">{\"@context\":\"https:\/\/schema.org\",\"@graph\":[{\"@type\":\"Article\",\"@id\":\"https:\/\/www.africa-press.net\/cameroun\/toutes-les-actualites\/cameroun-audiences-publiques-pour-un-complexe-de-transformation-de-bois-a-edea#article\",\"isPartOf\":{\"@id\":\"https:\/\/www.africa-press.net\/cameroun\/toutes-les-actualites\/cameroun-audiences-publiques-pour-un-complexe-de-transformation-de-bois-a-edea\"},\"author\":{\"name\":\"cfeditorfr\",\"@id\":\"https:\/\/www.africa-press.net\/cameroun\/#\/schema\/person\/2b1cf3cd81a31e3cd26889ca66d677f1\"},\"headline\":\"Cameroun: Audiences publiques pour un complexe de transformation de bois \u00e0 Ed\u00e9a\",\"datePublished\":\"2022-08-05T16:17:30+00:00\",\"dateModified\":\"2022-08-05T18:39:44+00:00\",\"mainEntityOfPage\":{\"@id\":\"https:\/\/www.africa-press.net\/cameroun\/toutes-les-actualites\/cameroun-audiences-publiques-pour-un-complexe-de-transformation-de-bois-a-edea\"},\"wordCount\":609,\"commentCount\":0,\"image\":{\"@id\":\"https:\/\/www.africa-press.net\/cameroun\/toutes-les-actualites\/cameroun-audiences-publiques-pour-un-complexe-de-transformation-de-bois-a-edea#primaryimage\"},\"thumbnailUrl\":\"https:\/\/static.africa-press.net\/cameroun\/sites\/57\/2022\/08\/img-62ed63d7aac3f.jpg\",\"keywords\":[\"Africa Press\",\"Africa Press-Cameroun\",\"Cameroun\"],\"articleSection\":[\"Communaut\u00e9\",\"homepage-french\",\"Toutes les actualit\u00e9s\"],\"inLanguage\":\"fr-FR\",\"potentialAction\":[{\"@type\":\"CommentAction\",\"name\":\"Comment\",\"target\":[\"https:\/\/www.africa-press.net\/cameroun\/toutes-les-actualites\/cameroun-audiences-publiques-pour-un-complexe-de-transformation-de-bois-a-edea#respond\"]}]},{\"@type\":\"WebPage\",\"@id\":\"https:\/\/www.africa-press.net\/cameroun\/toutes-les-actualites\/cameroun-audiences-publiques-pour-un-complexe-de-transformation-de-bois-a-edea\",\"url\":\"https:\/\/www.africa-press.net\/cameroun\/toutes-les-actualites\/cameroun-audiences-publiques-pour-un-complexe-de-transformation-de-bois-a-edea\",\"name\":\"Cameroun: Audiences publiques pour un complexe de transformation de bois \u00e0 Ed\u00e9a - Cameroun\",\"isPartOf\":{\"@id\":\"https:\/\/www.africa-press.net\/cameroun\/#website\"},\"primaryImageOfPage\":{\"@id\":\"https:\/\/www.africa-press.net\/cameroun\/toutes-les-actualites\/cameroun-audiences-publiques-pour-un-complexe-de-transformation-de-bois-a-edea#primaryimage\"},\"image\":{\"@id\":\"https:\/\/www.africa-press.net\/cameroun\/toutes-les-actualites\/cameroun-audiences-publiques-pour-un-complexe-de-transformation-de-bois-a-edea#primaryimage\"},\"thumbnailUrl\":\"https:\/\/static.africa-press.net\/cameroun\/sites\/57\/2022\/08\/img-62ed63d7aac3f.jpg\",\"datePublished\":\"2022-08-05T16:17:30+00:00\",\"dateModified\":\"2022-08-05T18:39:44+00:00\",\"author\":{\"@id\":\"https:\/\/www.africa-press.net\/cameroun\/#\/schema\/person\/2b1cf3cd81a31e3cd26889ca66d677f1\"},\"description\":\"Du 08 au 13 ao\u00fbt 2022, \u00e0 l\u2019\u00e9cole primaire publique de Mangomb\u00e9, dans l\u2019Arrondissement d\u2019Ed\u00e9a 1er, d\u00e9partement de la Sana ...\",\"breadcrumb\":{\"@id\":\"https:\/\/www.africa-press.net\/cameroun\/toutes-les-actualites\/cameroun-audiences-publiques-pour-un-complexe-de-transformation-de-bois-a-edea#breadcrumb\"},\"inLanguage\":\"fr-FR\",\"potentialAction\":[{\"@type\":\"ReadAction\",\"target\":[\"https:\/\/www.africa-press.net\/cameroun\/toutes-les-actualites\/cameroun-audiences-publiques-pour-un-complexe-de-transformation-de-bois-a-edea\"]}]},{\"@type\":\"ImageObject\",\"inLanguage\":\"fr-FR\",\"@id\":\"https:\/\/www.africa-press.net\/cameroun\/toutes-les-actualites\/cameroun-audiences-publiques-pour-un-complexe-de-transformation-de-bois-a-edea#primaryimage\",\"url\":\"https:\/\/static.africa-press.net\/cameroun\/sites\/57\/2022\/08\/img-62ed63d7aac3f.jpg\",\"contentUrl\":\"https:\/\/static.africa-press.net\/cameroun\/sites\/57\/2022\/08\/img-62ed63d7aac3f.jpg\",\"width\":800,\"height\":448,\"caption\":\"Cameroun: Audiences publiques pour un complexe de transformation de bois \u00e0 Ed\u00e9a\"},{\"@type\":\"BreadcrumbList\",\"@id\":\"https:\/\/www.africa-press.net\/cameroun\/toutes-les-actualites\/cameroun-audiences-publiques-pour-un-complexe-de-transformation-de-bois-a-edea#breadcrumb\",\"itemListElement\":[{\"@type\":\"ListItem\",\"position\":1,\"name\":\"Accueil\",\"item\":\"https:\/\/www.africa-press.net\/cameroun\/\"},{\"@type\":\"ListItem\",\"position\":2,\"name\":\"Cameroun: Audiences publiques pour un complexe de transformation de bois \u00e0 Ed\u00e9a\"}]},{\"@type\":\"WebSite\",\"@id\":\"https:\/\/www.africa-press.net\/cameroun\/#website\",\"url\":\"https:\/\/www.africa-press.net\/cameroun\/\",\"name\":\"Cameroun\",\"description\":\"Just another Africa News Agency Sites site\",\"potentialAction\":[{\"@type\":\"SearchAction\",\"target\":{\"@type\":\"EntryPoint\",\"urlTemplate\":\"https:\/\/www.africa-press.net\/cameroun\/?s={search_term_string}\"},\"query-input\":{\"@type\":\"PropertyValueSpecification\",\"valueRequired\":true,\"valueName\":\"search_term_string\"}}],\"inLanguage\":\"fr-FR\"},{\"@type\":\"Person\",\"@id\":\"https:\/\/www.africa-press.net\/cameroun\/#\/schema\/person\/2b1cf3cd81a31e3cd26889ca66d677f1\",\"name\":\"cfeditorfr\"}]}<\/script>\n<!-- \/ Yoast SEO Premium plugin. -->","yoast_head_json":{"title":"Cameroun: Audiences publiques pour un complexe de transformation de bois \u00e0 Ed\u00e9a - Cameroun","description":"Du 08 au 13 ao\u00fbt 2022, \u00e0 l\u2019\u00e9cole primaire publique de Mangomb\u00e9, dans l\u2019Arrondissement d\u2019Ed\u00e9a 1er, d\u00e9partement de la Sana ...","robots":{"index":"index","follow":"follow","max-snippet":"max-snippet:-1","max-image-preview":"max-image-preview:large","max-video-preview":"max-video-preview:-1"},"canonical":"https:\/\/www.africa-press.net\/cameroun\/toutes-les-actualites\/cameroun-audiences-publiques-pour-un-complexe-de-transformation-de-bois-a-edea","og_locale":"fr_FR","og_type":"article","og_title":"Cameroun: Audiences publiques pour un complexe de transformation de bois \u00e0 Ed\u00e9a","og_description":"Du 08 au 13 ao\u00fbt 2022, \u00e0 l\u2019\u00e9cole primaire publique de Mangomb\u00e9, dans l\u2019Arrondissement d\u2019Ed\u00e9a 1er, d\u00e9partement de la Sana ...","og_url":"https:\/\/www.africa-press.net\/cameroun\/toutes-les-actualites\/cameroun-audiences-publiques-pour-un-complexe-de-transformation-de-bois-a-edea","og_site_name":"Cameroun","article_published_time":"2022-08-05T16:17:30+00:00","article_modified_time":"2022-08-05T18:39:44+00:00","og_image":[{"width":800,"height":448,"url":"https:\/\/static.africa-press.net\/cameroun\/sites\/57\/2022\/08\/img-62ed63d7aac3f.jpg","type":"image\/jpeg"}],"author":"cfeditorfr","twitter_card":"summary_large_image","twitter_misc":{"\u00c9crit par":"cfeditorfr","Dur\u00e9e de lecture estim\u00e9e":"3 minutes"},"schema":{"@context":"https:\/\/schema.org","@graph":[{"@type":"Article","@id":"https:\/\/www.africa-press.net\/cameroun\/toutes-les-actualites\/cameroun-audiences-publiques-pour-un-complexe-de-transformation-de-bois-a-edea#article","isPartOf":{"@id":"https:\/\/www.africa-press.net\/cameroun\/toutes-les-actualites\/cameroun-audiences-publiques-pour-un-complexe-de-transformation-de-bois-a-edea"},"author":{"name":"cfeditorfr","@id":"https:\/\/www.africa-press.net\/cameroun\/#\/schema\/person\/2b1cf3cd81a31e3cd26889ca66d677f1"},"headline":"Cameroun: Audiences publiques pour un complexe de transformation de bois \u00e0 Ed\u00e9a","datePublished":"2022-08-05T16:17:30+00:00","dateModified":"2022-08-05T18:39:44+00:00","mainEntityOfPage":{"@id":"https:\/\/www.africa-press.net\/cameroun\/toutes-les-actualites\/cameroun-audiences-publiques-pour-un-complexe-de-transformation-de-bois-a-edea"},"wordCount":609,"commentCount":0,"image":{"@id":"https:\/\/www.africa-press.net\/cameroun\/toutes-les-actualites\/cameroun-audiences-publiques-pour-un-complexe-de-transformation-de-bois-a-edea#primaryimage"},"thumbnailUrl":"https:\/\/static.africa-press.net\/cameroun\/sites\/57\/2022\/08\/img-62ed63d7aac3f.jpg","keywords":["Africa Press","Africa Press-Cameroun","Cameroun"],"articleSection":["Communaut\u00e9","homepage-french","Toutes les actualit\u00e9s"],"inLanguage":"fr-FR","potentialAction":[{"@type":"CommentAction","name":"Comment","target":["https:\/\/www.africa-press.net\/cameroun\/toutes-les-actualites\/cameroun-audiences-publiques-pour-un-complexe-de-transformation-de-bois-a-edea#respond"]}]},{"@type":"WebPage","@id":"https:\/\/www.africa-press.net\/cameroun\/toutes-les-actualites\/cameroun-audiences-publiques-pour-un-complexe-de-transformation-de-bois-a-edea","url":"https:\/\/www.africa-press.net\/cameroun\/toutes-les-actualites\/cameroun-audiences-publiques-pour-un-complexe-de-transformation-de-bois-a-edea","name":"Cameroun: Audiences publiques pour un complexe de transformation de bois \u00e0 Ed\u00e9a - Cameroun","isPartOf":{"@id":"https:\/\/www.africa-press.net\/cameroun\/#website"},"primaryImageOfPage":{"@id":"https:\/\/www.africa-press.net\/cameroun\/toutes-les-actualites\/cameroun-audiences-publiques-pour-un-complexe-de-transformation-de-bois-a-edea#primaryimage"},"image":{"@id":"https:\/\/www.africa-press.net\/cameroun\/toutes-les-actualites\/cameroun-audiences-publiques-pour-un-complexe-de-transformation-de-bois-a-edea#primaryimage"},"thumbnailUrl":"https:\/\/static.africa-press.net\/cameroun\/sites\/57\/2022\/08\/img-62ed63d7aac3f.jpg","datePublished":"2022-08-05T16:17:30+00:00","dateModified":"2022-08-05T18:39:44+00:00","author":{"@id":"https:\/\/www.africa-press.net\/cameroun\/#\/schema\/person\/2b1cf3cd81a31e3cd26889ca66d677f1"},"description":"Du 08 au 13 ao\u00fbt 2022, \u00e0 l\u2019\u00e9cole primaire publique de Mangomb\u00e9, dans l\u2019Arrondissement d\u2019Ed\u00e9a 1er, d\u00e9partement de la Sana ...","breadcrumb":{"@id":"https:\/\/www.africa-press.net\/cameroun\/toutes-les-actualites\/cameroun-audiences-publiques-pour-un-complexe-de-transformation-de-bois-a-edea#breadcrumb"},"inLanguage":"fr-FR","potentialAction":[{"@type":"ReadAction","target":["https:\/\/www.africa-press.net\/cameroun\/toutes-les-actualites\/cameroun-audiences-publiques-pour-un-complexe-de-transformation-de-bois-a-edea"]}]},{"@type":"ImageObject","inLanguage":"fr-FR","@id":"https:\/\/www.africa-press.net\/cameroun\/toutes-les-actualites\/cameroun-audiences-publiques-pour-un-complexe-de-transformation-de-bois-a-edea#primaryimage","url":"https:\/\/static.africa-press.net\/cameroun\/sites\/57\/2022\/08\/img-62ed63d7aac3f.jpg","contentUrl":"https:\/\/static.africa-press.net\/cameroun\/sites\/57\/2022\/08\/img-62ed63d7aac3f.jpg","width":800,"height":448,"caption":"Cameroun: Audiences publiques pour un complexe de transformation de bois \u00e0 Ed\u00e9a"},{"@type":"BreadcrumbList","@id":"https:\/\/www.africa-press.net\/cameroun\/toutes-les-actualites\/cameroun-audiences-publiques-pour-un-complexe-de-transformation-de-bois-a-edea#breadcrumb","itemListElement":[{"@type":"ListItem","position":1,"name":"Accueil","item":"https:\/\/www.africa-press.net\/cameroun\/"},{"@type":"ListItem","position":2,"name":"Cameroun: Audiences publiques pour un complexe de transformation de bois \u00e0 Ed\u00e9a"}]},{"@type":"WebSite","@id":"https:\/\/www.africa-press.net\/cameroun\/#website","url":"https:\/\/www.africa-press.net\/cameroun\/","name":"Cameroun","description":"Just another Africa News Agency Sites site","potentialAction":[{"@type":"SearchAction","target":{"@type":"EntryPoint","urlTemplate":"https:\/\/www.africa-press.net\/cameroun\/?s={search_term_string}"},"query-input":{"@type":"PropertyValueSpecification","valueRequired":true,"valueName":"search_term_string"}}],"inLanguage":"fr-FR"},{"@type":"Person","@id":"https:\/\/www.africa-press.net\/cameroun\/#\/schema\/person\/2b1cf3cd81a31e3cd26889ca66d677f1","name":"cfeditorfr"}]}},"_links":{"self":[{"href":"https:\/\/www.africa-press.net\/cameroun\/wp-json\/wp\/v2\/posts\/24978","targetHints":{"allow":["GET"]}}],"collection":[{"href":"https:\/\/www.africa-press.net\/cameroun\/wp-json\/wp\/v2\/posts"}],"about":[{"href":"https:\/\/www.africa-press.net\/cameroun\/wp-json\/wp\/v2\/types\/post"}],"author":[{"embeddable":true,"href":"https:\/\/www.africa-press.net\/cameroun\/wp-json\/wp\/v2\/users\/82"}],"replies":[{"embeddable":true,"href":"https:\/\/www.africa-press.net\/cameroun\/wp-json\/wp\/v2\/comments?post=24978"}],"version-history":[{"count":0,"href":"https:\/\/www.africa-press.net\/cameroun\/wp-json\/wp\/v2\/posts\/24978\/revisions"}],"wp:featuredmedia":[{"embeddable":true,"href":"https:\/\/www.africa-press.net\/cameroun\/wp-json\/wp\/v2\/media\/24977"}],"wp:attachment":[{"href":"https:\/\/www.africa-press.net\/cameroun\/wp-json\/wp\/v2\/media?parent=24978"}],"wp:term":[{"taxonomy":"category","embeddable":true,"href":"https:\/\/www.africa-press.net\/cameroun\/wp-json\/wp\/v2\/categories?post=24978"},{"taxonomy":"post_tag","embeddable":true,"href":"https:\/\/www.africa-press.net\/cameroun\/wp-json\/wp\/v2\/tags?post=24978"}],"curies":[{"name":"wp","href":"https:\/\/api.w.org\/{rel}","templated":true}]}}