{"id":24981,"date":"2022-08-05T16:24:04","date_gmt":"2022-08-05T16:24:04","guid":{"rendered":"https:\/\/www.africa-press.net\/cameroun\/politique\/reaction-herve-emmanuel-nkom-rdpc-fustige-lattitude-du-sous-prefet-de-bafoussam-1er-dans-la-crise-au-mrc-ouest"},"modified":"2022-08-05T18:40:19","modified_gmt":"2022-08-05T18:40:19","slug":"reaction-herve-emmanuel-nkom-rdpc-fustige-lattitude-du-sous-prefet-de-bafoussam-1er-dans-la-crise-au-mrc-ouest","status":"publish","type":"post","link":"https:\/\/www.africa-press.net\/cameroun\/dossiers\/reaction-herve-emmanuel-nkom-rdpc-fustige-lattitude-du-sous-prefet-de-bafoussam-1er-dans-la-crise-au-mrc-ouest","title":{"rendered":"R\u00e9action: Herv\u00e9 Emmanuel Nkom (RDPC) fustige l\u2019attitude du Sous-Prefet de Bafoussam 1er dans la crise au MRC-Ouest"},"content":{"rendered":"<p><span style=\"color: #ff6600\"><strong>Africa-Press &#8211; Cameroun. <\/strong><\/span>Le 2 Ao\u00fbt 2022, le sous-pr\u00e9fet de l\u2019arrondissement de Bafoussam 1er, Aboubacar Garba, d\u00e9livrait une \u00ab autorisation sp\u00e9ciale \u00bb \u00e0 des militants du Mouvement pour la Renaissance du Cameroun (MRC) install\u00e9s dans la r\u00e9gion de l\u2019Ouest et en col\u00e8re contre leurs hi\u00e9rarchies locale et nationale. Ce document leur permettait d\u2019organiser une conf\u00e9rence de presse le lendemain dans un contexte marqu\u00e9 par les interdictions syst\u00e9matiques des activit\u00e9s publiques des opposants au r\u00e9gime de Yaound\u00e9. Ce qui a fait dire \u00e0 plus d\u2019un que le chef de terre de Bafoussam 1er voulait par son acte aider \u00e0 d\u00e9truire un parti politique g\u00eanant pour les actuels gouvernants. Cet avis est partag\u00e9 par Herv\u00e9 Emmanuel Nkom, un des membres titulaires du comit\u00e9 central du RDPC au pouvoir au Cameroun.<\/p>\n<p>Intervenant dans sa posture de consultant d\u2019ABK Radio le 4 Ao\u00fbt 2022, le banquier de profession a d\u00e9clar\u00e9 qu\u2019il fallait d\u00e9noncer l\u2019attitude d\u2019Aboubakar Garba qu\u2019il a jug\u00e9e \u00ab inacceptable \u00bb et \u00ab contraire \u00e0 la d\u00e9mocratie \u00bb. Evoquant l\u2019 \u00ab autorisation sp\u00e9ciale \u00bb d\u00e9livr\u00e9e, il l&rsquo;a assimil\u00e9e \u00e0 une manoeuvre pour \u00ab casser un parti \u00bb. Ce qui selon lui n\u2019est pas le r\u00f4le du RDPC auquel il appartient. \u00ab L\u2019objectif du RDPC ce n\u2019est pas de d\u00e9truire le MRC. C\u2019est \u00eatre devant lui au suffrage universel. Ce n\u2019est pas du z\u00e8le, c\u2019est de la b\u00eatise. Je pense qu\u2019il n\u2019y a plus de place dans une modernisation de l\u2019administration, pour des fonctionnaires qui font alors du z\u00e8le inutile \u00bb, a clam\u00e9 Herv\u00e9 Emmanuel Nkom.<\/p>\n<p>Voici en texte l\u2019int\u00e9gralit\u00e9 de sa r\u00e9action dans la matinale d\u2019 ABK Radio du 4 Ao\u00fbt 2022<\/p>\n<p>\u00ab J\u2019ai fait l\u2019\u00e9cole d\u2019administration en France. L\u2019administration n\u2019est pas un organe de base du RDPC. Il y a des actes de l\u2019administration que nous devons d\u00e9noncer m\u00eame en \u00e9tant du RDPC. Ce n\u2019est pas pour nous servir. Il n\u2019est pas normal que l\u2019administration m\u00eame de pr\u00e8s, m\u00eame d\u00e9guis\u00e9e se m\u00eale de pr\u00e8s ou de loin dans la vie d\u2019un parti politique. Ce qui s\u2019est pass\u00e9 l\u00e0 est quelque chose d\u2019inacceptable. C\u2019est contraire \u00e0 la d\u00e9mocratie. L\u2019administration n\u2019a pas cette mission. C\u2019est comme auparavant, mes amis de l\u2019administration territoriale s\u2019\u00e9taient donn\u00e9 le jeu d\u2019aller d\u00e9signer qui est la vraie UPC et qui est dirigeant de l\u2019UPC. Ce n\u2019est pas all\u00e9 loin ! Puisque \u00e9lectoralement, ils ont fait perdre \u00e0 ce parti le Nyong-Et-Kell\u00e9 \u00e0 cause de cela. Je vous fais remarquer que Cabral n\u2019a \u00e9t\u00e9 \u00e9lu \u00e0 Boumnyebel que parce que l\u2019UPC \u00e9tait \u00e9teint. On ne savait plus qui \u00e9tait dedans, c\u2019\u00e9tait devenu une maison close.<\/p>\n<p>Je ne comprends pas ce qu\u2019on appelle \u00ab autorisation sp\u00e9ciale \u00bb. Quand vous \u00eates dans un parti et que vous n\u2019avez plus place dedans, vous pouvez aller inviter les journalistes et vous parlez l\u00e0-bas. Tant que vous ne portez pas atteinte \u00e0 l\u2019ordre public c\u2019est votre probl\u00e8me. Mais on n\u2019a pas une autorisation \u00e0 donner \u00e0 quelqu\u2019un qui est un dissident d\u2019un parti. Je ne suis pas heureux quand les gens veulent casser un parti. Un parti aussi important m\u00eame s\u2019il n\u2019a pas \u00e9t\u00e9 aux \u00e9lections, comme le MRC, ce n\u2019est pas notre r\u00f4le. Notre r\u00f4le c\u2019est de faire que si nous ne sommes pas d\u2019accord comme c\u2019est le cas, que notre position, notre projet de soci\u00e9t\u00e9 soit mieux pr\u00e9sent\u00e9, mieux repr\u00e9sent\u00e9 par les gens pour montrer que nous avons une soci\u00e9t\u00e9 de confiance. Mais si vous allez passer votre temps avec des suppl\u00e9tifs qui croient vous faire plaisir, mais qui en fait vont porter un coup de canif sur l\u2019Etat de droit et le respect de l\u2019int\u00e9r\u00eat g\u00e9n\u00e9ral, je ne suis pas d\u2019accord.<\/p>\n<p>C\u2019est curieux. C\u2019est d\u2019une curiosit\u00e9 qui ne me plait pas du tout parce que c\u2019est contraire \u00e0 l\u2019int\u00e9r\u00eat du RDPC qui n\u2019a rien \u00e0 voir. L\u2019objectif du RDPC ce n\u2019est pas de d\u00e9truire le MRC. C\u2019est \u00eatre devant lui au suffrage universel. (\u2026) Ce n\u2019est pas du z\u00e8le, c\u2019est de la b\u00eatise. Je pense qu\u2019il n\u2019y a plus de place dans une modernisation de l\u2019administration, pour des fonctionnaires qui font alors du z\u00e8le inutile. Je n\u2019ai pas besoin du soutien du sous-pr\u00e9fet de Douala 5\u00e8me pour conqu\u00e9rir ma r\u00e9gion. Mettez-moi en comp\u00e9tition ici. Appelez Nintcheu, Cabral, je vais les \u00e9taler en deux minutes. Ce sont mes \u0153uvres et ma posture qui militent pour mon \u00e9lection. Ce n\u2019est pas le soutien indirect. \u00bb<\/p>\n<p><strong>Pour plus d&rsquo;informations et d&rsquo;analyses sur la <a href=\"https:\/\/www.africa-press.net\/cameroun\">Cameroun<\/a>, suivez <a href=\"https:\/\/www.africa-press.net\/\">Africa-Press<\/a><\/strong><\/p>\n","protected":false},"excerpt":{"rendered":"<p>Africa-Press &#8211; Cameroun. Le 2 Ao\u00fbt 2022, le sous-pr\u00e9fet de l\u2019arrondissement de Bafoussam 1er, Aboubacar Garba, d\u00e9livrait une \u00ab autorisation sp\u00e9ciale \u00bb \u00e0 des militants du Mouvement pour la Renaissance du Cameroun (MRC) install\u00e9s dans la r\u00e9gion de l\u2019Ouest et en col\u00e8re contre leurs hi\u00e9rarchies locale et nationale. Ce document leur permettait d\u2019organiser une conf\u00e9rence [&hellip;]<\/p>\n","protected":false},"author":82,"featured_media":24980,"comment_status":"open","ping_status":"closed","sticky":false,"template":"","format":"standard","meta":{"footnotes":""},"categories":[7,11,10],"tags":[36,50,49],"class_list":["post-24981","post","type-post","status-publish","format-standard","has-post-thumbnail","hentry","category-dossiers","category-homepage-french","category-toutes-les-actualites","tag-africa-press","tag-africa-press-cameroun","tag-cameroun"],"yoast_head":"<!-- This site is optimized with the Yoast SEO Premium plugin v26.1 (Yoast SEO v27.0) - https:\/\/yoast.com\/product\/yoast-seo-premium-wordpress\/ -->\n<title>R\u00e9action: Herv\u00e9 Emmanuel Nkom (RDPC) fustige l\u2019attitude du Sous-Prefet de Bafoussam 1er dans la crise au MRC-Ouest - Cameroun<\/title>\n<meta name=\"description\" content=\"Le 2 Ao\u00fbt 2022, le sous-pr\u00e9fet de l\u2019arrondissement de Bafoussam 1er, Aboubacar Garba, d\u00e9livrait une \u00ab autorisation sp\u00e9ci ...\" \/>\n<meta name=\"robots\" content=\"index, follow, max-snippet:-1, max-image-preview:large, max-video-preview:-1\" \/>\n<link rel=\"canonical\" href=\"https:\/\/www.africa-press.net\/cameroun\/dossiers\/reaction-herve-emmanuel-nkom-rdpc-fustige-lattitude-du-sous-prefet-de-bafoussam-1er-dans-la-crise-au-mrc-ouest\" \/>\n<meta property=\"og:locale\" content=\"fr_FR\" \/>\n<meta property=\"og:type\" content=\"article\" \/>\n<meta property=\"og:title\" content=\"R\u00e9action: Herv\u00e9 Emmanuel Nkom (RDPC) fustige l\u2019attitude du Sous-Prefet de Bafoussam 1er dans la crise au MRC-Ouest\" \/>\n<meta property=\"og:description\" content=\"Le 2 Ao\u00fbt 2022, le sous-pr\u00e9fet de l\u2019arrondissement de Bafoussam 1er, Aboubacar Garba, d\u00e9livrait une \u00ab autorisation sp\u00e9ci ...\" \/>\n<meta property=\"og:url\" content=\"https:\/\/www.africa-press.net\/cameroun\/dossiers\/reaction-herve-emmanuel-nkom-rdpc-fustige-lattitude-du-sous-prefet-de-bafoussam-1er-dans-la-crise-au-mrc-ouest\" \/>\n<meta property=\"og:site_name\" content=\"Cameroun\" \/>\n<meta property=\"article:published_time\" content=\"2022-08-05T16:24:04+00:00\" \/>\n<meta property=\"article:modified_time\" content=\"2022-08-05T18:40:19+00:00\" \/>\n<meta property=\"og:image\" content=\"https:\/\/static.africa-press.net\/cameroun\/sites\/57\/2022\/08\/img-62ed63faeb7c5.jpg\" \/>\n\t<meta property=\"og:image:width\" content=\"800\" \/>\n\t<meta property=\"og:image:height\" content=\"400\" \/>\n\t<meta property=\"og:image:type\" content=\"image\/jpeg\" \/>\n<meta name=\"author\" content=\"cfeditorfr\" \/>\n<meta name=\"twitter:card\" content=\"summary_large_image\" \/>\n<meta name=\"twitter:label1\" content=\"\u00c9crit par\" \/>\n\t<meta name=\"twitter:data1\" content=\"cfeditorfr\" \/>\n\t<meta name=\"twitter:label2\" content=\"Dur\u00e9e de lecture estim\u00e9e\" \/>\n\t<meta name=\"twitter:data2\" content=\"4 minutes\" \/>\n<script type=\"application\/ld+json\" class=\"yoast-schema-graph\">{\"@context\":\"https:\/\/schema.org\",\"@graph\":[{\"@type\":\"Article\",\"@id\":\"https:\/\/www.africa-press.net\/cameroun\/dossiers\/reaction-herve-emmanuel-nkom-rdpc-fustige-lattitude-du-sous-prefet-de-bafoussam-1er-dans-la-crise-au-mrc-ouest#article\",\"isPartOf\":{\"@id\":\"https:\/\/www.africa-press.net\/cameroun\/dossiers\/reaction-herve-emmanuel-nkom-rdpc-fustige-lattitude-du-sous-prefet-de-bafoussam-1er-dans-la-crise-au-mrc-ouest\"},\"author\":{\"name\":\"cfeditorfr\",\"@id\":\"https:\/\/www.africa-press.net\/cameroun\/#\/schema\/person\/2b1cf3cd81a31e3cd26889ca66d677f1\"},\"headline\":\"R\u00e9action: Herv\u00e9 Emmanuel Nkom (RDPC) fustige l\u2019attitude du Sous-Prefet de Bafoussam 1er dans la crise au MRC-Ouest\",\"datePublished\":\"2022-08-05T16:24:04+00:00\",\"dateModified\":\"2022-08-05T18:40:19+00:00\",\"mainEntityOfPage\":{\"@id\":\"https:\/\/www.africa-press.net\/cameroun\/dossiers\/reaction-herve-emmanuel-nkom-rdpc-fustige-lattitude-du-sous-prefet-de-bafoussam-1er-dans-la-crise-au-mrc-ouest\"},\"wordCount\":857,\"commentCount\":0,\"image\":{\"@id\":\"https:\/\/www.africa-press.net\/cameroun\/dossiers\/reaction-herve-emmanuel-nkom-rdpc-fustige-lattitude-du-sous-prefet-de-bafoussam-1er-dans-la-crise-au-mrc-ouest#primaryimage\"},\"thumbnailUrl\":\"https:\/\/static.africa-press.net\/cameroun\/sites\/57\/2022\/08\/img-62ed63faeb7c5.jpg\",\"keywords\":[\"Africa Press\",\"Africa Press-Cameroun\",\"Cameroun\"],\"articleSection\":[\"Dossiers\",\"homepage-french\",\"Toutes les actualit\u00e9s\"],\"inLanguage\":\"fr-FR\",\"potentialAction\":[{\"@type\":\"CommentAction\",\"name\":\"Comment\",\"target\":[\"https:\/\/www.africa-press.net\/cameroun\/dossiers\/reaction-herve-emmanuel-nkom-rdpc-fustige-lattitude-du-sous-prefet-de-bafoussam-1er-dans-la-crise-au-mrc-ouest#respond\"]}]},{\"@type\":\"WebPage\",\"@id\":\"https:\/\/www.africa-press.net\/cameroun\/dossiers\/reaction-herve-emmanuel-nkom-rdpc-fustige-lattitude-du-sous-prefet-de-bafoussam-1er-dans-la-crise-au-mrc-ouest\",\"url\":\"https:\/\/www.africa-press.net\/cameroun\/dossiers\/reaction-herve-emmanuel-nkom-rdpc-fustige-lattitude-du-sous-prefet-de-bafoussam-1er-dans-la-crise-au-mrc-ouest\",\"name\":\"R\u00e9action: Herv\u00e9 Emmanuel Nkom (RDPC) fustige l\u2019attitude du Sous-Prefet de Bafoussam 1er dans la crise au MRC-Ouest - Cameroun\",\"isPartOf\":{\"@id\":\"https:\/\/www.africa-press.net\/cameroun\/#website\"},\"primaryImageOfPage\":{\"@id\":\"https:\/\/www.africa-press.net\/cameroun\/dossiers\/reaction-herve-emmanuel-nkom-rdpc-fustige-lattitude-du-sous-prefet-de-bafoussam-1er-dans-la-crise-au-mrc-ouest#primaryimage\"},\"image\":{\"@id\":\"https:\/\/www.africa-press.net\/cameroun\/dossiers\/reaction-herve-emmanuel-nkom-rdpc-fustige-lattitude-du-sous-prefet-de-bafoussam-1er-dans-la-crise-au-mrc-ouest#primaryimage\"},\"thumbnailUrl\":\"https:\/\/static.africa-press.net\/cameroun\/sites\/57\/2022\/08\/img-62ed63faeb7c5.jpg\",\"datePublished\":\"2022-08-05T16:24:04+00:00\",\"dateModified\":\"2022-08-05T18:40:19+00:00\",\"author\":{\"@id\":\"https:\/\/www.africa-press.net\/cameroun\/#\/schema\/person\/2b1cf3cd81a31e3cd26889ca66d677f1\"},\"description\":\"Le 2 Ao\u00fbt 2022, le sous-pr\u00e9fet de l\u2019arrondissement de Bafoussam 1er, Aboubacar Garba, d\u00e9livrait une \u00ab autorisation sp\u00e9ci ...\",\"breadcrumb\":{\"@id\":\"https:\/\/www.africa-press.net\/cameroun\/dossiers\/reaction-herve-emmanuel-nkom-rdpc-fustige-lattitude-du-sous-prefet-de-bafoussam-1er-dans-la-crise-au-mrc-ouest#breadcrumb\"},\"inLanguage\":\"fr-FR\",\"potentialAction\":[{\"@type\":\"ReadAction\",\"target\":[\"https:\/\/www.africa-press.net\/cameroun\/dossiers\/reaction-herve-emmanuel-nkom-rdpc-fustige-lattitude-du-sous-prefet-de-bafoussam-1er-dans-la-crise-au-mrc-ouest\"]}]},{\"@type\":\"ImageObject\",\"inLanguage\":\"fr-FR\",\"@id\":\"https:\/\/www.africa-press.net\/cameroun\/dossiers\/reaction-herve-emmanuel-nkom-rdpc-fustige-lattitude-du-sous-prefet-de-bafoussam-1er-dans-la-crise-au-mrc-ouest#primaryimage\",\"url\":\"https:\/\/static.africa-press.net\/cameroun\/sites\/57\/2022\/08\/img-62ed63faeb7c5.jpg\",\"contentUrl\":\"https:\/\/static.africa-press.net\/cameroun\/sites\/57\/2022\/08\/img-62ed63faeb7c5.jpg\",\"width\":800,\"height\":400,\"caption\":\"R\u00e9action: Herv\u00e9 Emmanuel Nkom (RDPC) fustige l\u2019attitude du Sous-Prefet de Bafoussam 1er dans la crise au MRC-Ouest\"},{\"@type\":\"BreadcrumbList\",\"@id\":\"https:\/\/www.africa-press.net\/cameroun\/dossiers\/reaction-herve-emmanuel-nkom-rdpc-fustige-lattitude-du-sous-prefet-de-bafoussam-1er-dans-la-crise-au-mrc-ouest#breadcrumb\",\"itemListElement\":[{\"@type\":\"ListItem\",\"position\":1,\"name\":\"Accueil\",\"item\":\"https:\/\/www.africa-press.net\/cameroun\/\"},{\"@type\":\"ListItem\",\"position\":2,\"name\":\"R\u00e9action: Herv\u00e9 Emmanuel Nkom (RDPC) fustige l\u2019attitude du Sous-Prefet de Bafoussam 1er dans la crise au MRC-Ouest\"}]},{\"@type\":\"WebSite\",\"@id\":\"https:\/\/www.africa-press.net\/cameroun\/#website\",\"url\":\"https:\/\/www.africa-press.net\/cameroun\/\",\"name\":\"Cameroun\",\"description\":\"Just another Africa News Agency Sites site\",\"potentialAction\":[{\"@type\":\"SearchAction\",\"target\":{\"@type\":\"EntryPoint\",\"urlTemplate\":\"https:\/\/www.africa-press.net\/cameroun\/?s={search_term_string}\"},\"query-input\":{\"@type\":\"PropertyValueSpecification\",\"valueRequired\":true,\"valueName\":\"search_term_string\"}}],\"inLanguage\":\"fr-FR\"},{\"@type\":\"Person\",\"@id\":\"https:\/\/www.africa-press.net\/cameroun\/#\/schema\/person\/2b1cf3cd81a31e3cd26889ca66d677f1\",\"name\":\"cfeditorfr\"}]}<\/script>\n<!-- \/ Yoast SEO Premium plugin. -->","yoast_head_json":{"title":"R\u00e9action: Herv\u00e9 Emmanuel Nkom (RDPC) fustige l\u2019attitude du Sous-Prefet de Bafoussam 1er dans la crise au MRC-Ouest - Cameroun","description":"Le 2 Ao\u00fbt 2022, le sous-pr\u00e9fet de l\u2019arrondissement de Bafoussam 1er, Aboubacar Garba, d\u00e9livrait une \u00ab autorisation sp\u00e9ci ...","robots":{"index":"index","follow":"follow","max-snippet":"max-snippet:-1","max-image-preview":"max-image-preview:large","max-video-preview":"max-video-preview:-1"},"canonical":"https:\/\/www.africa-press.net\/cameroun\/dossiers\/reaction-herve-emmanuel-nkom-rdpc-fustige-lattitude-du-sous-prefet-de-bafoussam-1er-dans-la-crise-au-mrc-ouest","og_locale":"fr_FR","og_type":"article","og_title":"R\u00e9action: Herv\u00e9 Emmanuel Nkom (RDPC) fustige l\u2019attitude du Sous-Prefet de Bafoussam 1er dans la crise au MRC-Ouest","og_description":"Le 2 Ao\u00fbt 2022, le sous-pr\u00e9fet de l\u2019arrondissement de Bafoussam 1er, Aboubacar Garba, d\u00e9livrait une \u00ab autorisation sp\u00e9ci ...","og_url":"https:\/\/www.africa-press.net\/cameroun\/dossiers\/reaction-herve-emmanuel-nkom-rdpc-fustige-lattitude-du-sous-prefet-de-bafoussam-1er-dans-la-crise-au-mrc-ouest","og_site_name":"Cameroun","article_published_time":"2022-08-05T16:24:04+00:00","article_modified_time":"2022-08-05T18:40:19+00:00","og_image":[{"width":800,"height":400,"url":"https:\/\/static.africa-press.net\/cameroun\/sites\/57\/2022\/08\/img-62ed63faeb7c5.jpg","type":"image\/jpeg"}],"author":"cfeditorfr","twitter_card":"summary_large_image","twitter_misc":{"\u00c9crit par":"cfeditorfr","Dur\u00e9e de lecture estim\u00e9e":"4 minutes"},"schema":{"@context":"https:\/\/schema.org","@graph":[{"@type":"Article","@id":"https:\/\/www.africa-press.net\/cameroun\/dossiers\/reaction-herve-emmanuel-nkom-rdpc-fustige-lattitude-du-sous-prefet-de-bafoussam-1er-dans-la-crise-au-mrc-ouest#article","isPartOf":{"@id":"https:\/\/www.africa-press.net\/cameroun\/dossiers\/reaction-herve-emmanuel-nkom-rdpc-fustige-lattitude-du-sous-prefet-de-bafoussam-1er-dans-la-crise-au-mrc-ouest"},"author":{"name":"cfeditorfr","@id":"https:\/\/www.africa-press.net\/cameroun\/#\/schema\/person\/2b1cf3cd81a31e3cd26889ca66d677f1"},"headline":"R\u00e9action: Herv\u00e9 Emmanuel Nkom (RDPC) fustige l\u2019attitude du Sous-Prefet de Bafoussam 1er dans la crise au MRC-Ouest","datePublished":"2022-08-05T16:24:04+00:00","dateModified":"2022-08-05T18:40:19+00:00","mainEntityOfPage":{"@id":"https:\/\/www.africa-press.net\/cameroun\/dossiers\/reaction-herve-emmanuel-nkom-rdpc-fustige-lattitude-du-sous-prefet-de-bafoussam-1er-dans-la-crise-au-mrc-ouest"},"wordCount":857,"commentCount":0,"image":{"@id":"https:\/\/www.africa-press.net\/cameroun\/dossiers\/reaction-herve-emmanuel-nkom-rdpc-fustige-lattitude-du-sous-prefet-de-bafoussam-1er-dans-la-crise-au-mrc-ouest#primaryimage"},"thumbnailUrl":"https:\/\/static.africa-press.net\/cameroun\/sites\/57\/2022\/08\/img-62ed63faeb7c5.jpg","keywords":["Africa Press","Africa Press-Cameroun","Cameroun"],"articleSection":["Dossiers","homepage-french","Toutes les actualit\u00e9s"],"inLanguage":"fr-FR","potentialAction":[{"@type":"CommentAction","name":"Comment","target":["https:\/\/www.africa-press.net\/cameroun\/dossiers\/reaction-herve-emmanuel-nkom-rdpc-fustige-lattitude-du-sous-prefet-de-bafoussam-1er-dans-la-crise-au-mrc-ouest#respond"]}]},{"@type":"WebPage","@id":"https:\/\/www.africa-press.net\/cameroun\/dossiers\/reaction-herve-emmanuel-nkom-rdpc-fustige-lattitude-du-sous-prefet-de-bafoussam-1er-dans-la-crise-au-mrc-ouest","url":"https:\/\/www.africa-press.net\/cameroun\/dossiers\/reaction-herve-emmanuel-nkom-rdpc-fustige-lattitude-du-sous-prefet-de-bafoussam-1er-dans-la-crise-au-mrc-ouest","name":"R\u00e9action: Herv\u00e9 Emmanuel Nkom (RDPC) fustige l\u2019attitude du Sous-Prefet de Bafoussam 1er dans la crise au MRC-Ouest - Cameroun","isPartOf":{"@id":"https:\/\/www.africa-press.net\/cameroun\/#website"},"primaryImageOfPage":{"@id":"https:\/\/www.africa-press.net\/cameroun\/dossiers\/reaction-herve-emmanuel-nkom-rdpc-fustige-lattitude-du-sous-prefet-de-bafoussam-1er-dans-la-crise-au-mrc-ouest#primaryimage"},"image":{"@id":"https:\/\/www.africa-press.net\/cameroun\/dossiers\/reaction-herve-emmanuel-nkom-rdpc-fustige-lattitude-du-sous-prefet-de-bafoussam-1er-dans-la-crise-au-mrc-ouest#primaryimage"},"thumbnailUrl":"https:\/\/static.africa-press.net\/cameroun\/sites\/57\/2022\/08\/img-62ed63faeb7c5.jpg","datePublished":"2022-08-05T16:24:04+00:00","dateModified":"2022-08-05T18:40:19+00:00","author":{"@id":"https:\/\/www.africa-press.net\/cameroun\/#\/schema\/person\/2b1cf3cd81a31e3cd26889ca66d677f1"},"description":"Le 2 Ao\u00fbt 2022, le sous-pr\u00e9fet de l\u2019arrondissement de Bafoussam 1er, Aboubacar Garba, d\u00e9livrait une \u00ab autorisation sp\u00e9ci ...","breadcrumb":{"@id":"https:\/\/www.africa-press.net\/cameroun\/dossiers\/reaction-herve-emmanuel-nkom-rdpc-fustige-lattitude-du-sous-prefet-de-bafoussam-1er-dans-la-crise-au-mrc-ouest#breadcrumb"},"inLanguage":"fr-FR","potentialAction":[{"@type":"ReadAction","target":["https:\/\/www.africa-press.net\/cameroun\/dossiers\/reaction-herve-emmanuel-nkom-rdpc-fustige-lattitude-du-sous-prefet-de-bafoussam-1er-dans-la-crise-au-mrc-ouest"]}]},{"@type":"ImageObject","inLanguage":"fr-FR","@id":"https:\/\/www.africa-press.net\/cameroun\/dossiers\/reaction-herve-emmanuel-nkom-rdpc-fustige-lattitude-du-sous-prefet-de-bafoussam-1er-dans-la-crise-au-mrc-ouest#primaryimage","url":"https:\/\/static.africa-press.net\/cameroun\/sites\/57\/2022\/08\/img-62ed63faeb7c5.jpg","contentUrl":"https:\/\/static.africa-press.net\/cameroun\/sites\/57\/2022\/08\/img-62ed63faeb7c5.jpg","width":800,"height":400,"caption":"R\u00e9action: Herv\u00e9 Emmanuel Nkom (RDPC) fustige l\u2019attitude du Sous-Prefet de Bafoussam 1er dans la crise au MRC-Ouest"},{"@type":"BreadcrumbList","@id":"https:\/\/www.africa-press.net\/cameroun\/dossiers\/reaction-herve-emmanuel-nkom-rdpc-fustige-lattitude-du-sous-prefet-de-bafoussam-1er-dans-la-crise-au-mrc-ouest#breadcrumb","itemListElement":[{"@type":"ListItem","position":1,"name":"Accueil","item":"https:\/\/www.africa-press.net\/cameroun\/"},{"@type":"ListItem","position":2,"name":"R\u00e9action: Herv\u00e9 Emmanuel Nkom (RDPC) fustige l\u2019attitude du Sous-Prefet de Bafoussam 1er dans la crise au MRC-Ouest"}]},{"@type":"WebSite","@id":"https:\/\/www.africa-press.net\/cameroun\/#website","url":"https:\/\/www.africa-press.net\/cameroun\/","name":"Cameroun","description":"Just another Africa News Agency Sites site","potentialAction":[{"@type":"SearchAction","target":{"@type":"EntryPoint","urlTemplate":"https:\/\/www.africa-press.net\/cameroun\/?s={search_term_string}"},"query-input":{"@type":"PropertyValueSpecification","valueRequired":true,"valueName":"search_term_string"}}],"inLanguage":"fr-FR"},{"@type":"Person","@id":"https:\/\/www.africa-press.net\/cameroun\/#\/schema\/person\/2b1cf3cd81a31e3cd26889ca66d677f1","name":"cfeditorfr"}]}},"_links":{"self":[{"href":"https:\/\/www.africa-press.net\/cameroun\/wp-json\/wp\/v2\/posts\/24981","targetHints":{"allow":["GET"]}}],"collection":[{"href":"https:\/\/www.africa-press.net\/cameroun\/wp-json\/wp\/v2\/posts"}],"about":[{"href":"https:\/\/www.africa-press.net\/cameroun\/wp-json\/wp\/v2\/types\/post"}],"author":[{"embeddable":true,"href":"https:\/\/www.africa-press.net\/cameroun\/wp-json\/wp\/v2\/users\/82"}],"replies":[{"embeddable":true,"href":"https:\/\/www.africa-press.net\/cameroun\/wp-json\/wp\/v2\/comments?post=24981"}],"version-history":[{"count":0,"href":"https:\/\/www.africa-press.net\/cameroun\/wp-json\/wp\/v2\/posts\/24981\/revisions"}],"wp:featuredmedia":[{"embeddable":true,"href":"https:\/\/www.africa-press.net\/cameroun\/wp-json\/wp\/v2\/media\/24980"}],"wp:attachment":[{"href":"https:\/\/www.africa-press.net\/cameroun\/wp-json\/wp\/v2\/media?parent=24981"}],"wp:term":[{"taxonomy":"category","embeddable":true,"href":"https:\/\/www.africa-press.net\/cameroun\/wp-json\/wp\/v2\/categories?post=24981"},{"taxonomy":"post_tag","embeddable":true,"href":"https:\/\/www.africa-press.net\/cameroun\/wp-json\/wp\/v2\/tags?post=24981"}],"curies":[{"name":"wp","href":"https:\/\/api.w.org\/{rel}","templated":true}]}}