{"id":2499,"date":"2021-04-25T17:14:37","date_gmt":"2021-04-25T17:14:37","guid":{"rendered":"https:\/\/www.africa-press.net\/cameroun\/?p=2499"},"modified":"2021-04-26T01:25:06","modified_gmt":"2021-04-26T01:25:06","slug":"un-eleve-meurt-a-njombe-apres-une-bagarre","status":"publish","type":"post","link":"https:\/\/www.africa-press.net\/cameroun\/toutes-les-actualites\/un-eleve-meurt-a-njombe-apres-une-bagarre","title":{"rendered":"Un \u00e9l\u00e8ve meurt \u00e0 Njombe apr\u00e8s une bagarre"},"content":{"rendered":"<p><span style=\"color: #ff6600\"><strong><a href=\"https:\/\/www.africa-press.net\/\">Africa-Press<\/a> &#8211; <a href=\"https:\/\/www.africa-press.net\/cameroun\">Cameroun<\/a>. <\/strong><\/span>Sa main a d\u2019abord \u00e9t\u00e9 coup\u00e9e par les jeunes qui sont venus venger leur ami<\/p>\n<p>C\u2019est une histoire rocambolesque qui vient de se produire \u00e0 Njombe. Selon des t\u00e9moins deux \u00e9l\u00e8ves du lyc\u00e9e technique de Njombe ayant bagarr\u00e9 le jeudi 22 avril, un des deux a appel\u00e9 ses amis en renfort pour le venger. Ceux-ci sont arriv\u00e9s avec des armes blanches et ont tranch\u00e9 la main de l\u2019autre \u00e9l\u00e8ve. La victime a \u00e9t\u00e9 transport\u00e9e \u00e0 l\u2019h\u00f4pital Saint Jean de Malte de Njombe.<\/p>\n<p>Dans la nuit de vendredi \u00e0 samedi, l\u2019enfant a rendu l\u2019\u00e2me. Selon les populations les jeunes ayant coup\u00e9 la main du jeune d\u00e9c\u00e9d\u00e9 aurait agi sous l\u2019effet de la drogue. Un ph\u00e9nom\u00e8ne qui existe depuis des lustres mais qui a pris ces derniers temps des proportions effroyables<\/p>\n","protected":false},"excerpt":{"rendered":"<p>Africa-Press &#8211; Cameroun. Sa main a d\u2019abord \u00e9t\u00e9 coup\u00e9e par les jeunes qui sont venus venger leur ami C\u2019est une histoire rocambolesque qui vient de se produire \u00e0 Njombe. Selon des t\u00e9moins deux \u00e9l\u00e8ves du lyc\u00e9e technique de Njombe ayant bagarr\u00e9 le jeudi 22 avril, un des deux a appel\u00e9 ses amis en renfort pour [&hellip;]<\/p>\n","protected":false},"author":82,"featured_media":2498,"comment_status":"open","ping_status":"closed","sticky":false,"template":"","format":"standard","meta":{"footnotes":""},"categories":[21,11,10],"tags":[36,50,49],"class_list":["post-2499","post","type-post","status-publish","format-standard","has-post-thumbnail","hentry","category-communaute","category-homepage-french","category-toutes-les-actualites","tag-africa-press","tag-africa-press-cameroun","tag-cameroun"],"yoast_head":"<!-- This site is optimized with the Yoast SEO Premium plugin v26.1 (Yoast SEO v27.0) - https:\/\/yoast.com\/product\/yoast-seo-premium-wordpress\/ -->\n<title>Un \u00e9l\u00e8ve meurt \u00e0 Njombe apr\u00e8s une bagarre - Cameroun<\/title>\n<meta name=\"description\" content=\"Sa main a d\u2019abord \u00e9t\u00e9 coup\u00e9e par les jeunes qui sont venus venger leur ami C\u2019est une histoire rocambolesque qui vient d ...\" \/>\n<meta name=\"robots\" content=\"index, follow, max-snippet:-1, max-image-preview:large, max-video-preview:-1\" \/>\n<link rel=\"canonical\" href=\"https:\/\/www.africa-press.net\/cameroun\/toutes-les-actualites\/un-eleve-meurt-a-njombe-apres-une-bagarre\" \/>\n<meta property=\"og:locale\" content=\"fr_FR\" \/>\n<meta property=\"og:type\" content=\"article\" \/>\n<meta property=\"og:title\" content=\"Un \u00e9l\u00e8ve meurt \u00e0 Njombe apr\u00e8s une bagarre\" \/>\n<meta property=\"og:description\" content=\"Sa main a d\u2019abord \u00e9t\u00e9 coup\u00e9e par les jeunes qui sont venus venger leur ami C\u2019est une histoire rocambolesque qui vient d ...\" \/>\n<meta property=\"og:url\" content=\"https:\/\/www.africa-press.net\/cameroun\/toutes-les-actualites\/un-eleve-meurt-a-njombe-apres-une-bagarre\" \/>\n<meta property=\"og:site_name\" content=\"Cameroun\" \/>\n<meta property=\"article:published_time\" content=\"2021-04-25T17:14:37+00:00\" \/>\n<meta property=\"article:modified_time\" content=\"2021-04-26T01:25:06+00:00\" \/>\n<meta property=\"og:image\" content=\"https:\/\/static.africa-press.net\/cameroun\/sites\/57\/2021\/04\/img-6085afddd950f.jpg\" \/>\n\t<meta property=\"og:image:width\" content=\"720\" \/>\n\t<meta property=\"og:image:height\" content=\"383\" \/>\n\t<meta property=\"og:image:type\" content=\"image\/jpeg\" \/>\n<meta name=\"author\" content=\"cfeditorfr\" \/>\n<meta name=\"twitter:card\" content=\"summary_large_image\" \/>\n<meta name=\"twitter:label1\" content=\"\u00c9crit par\" \/>\n\t<meta name=\"twitter:data1\" content=\"cfeditorfr\" \/>\n\t<meta name=\"twitter:label2\" content=\"Dur\u00e9e de lecture estim\u00e9e\" \/>\n\t<meta name=\"twitter:data2\" content=\"1 minute\" \/>\n<script type=\"application\/ld+json\" class=\"yoast-schema-graph\">{\"@context\":\"https:\/\/schema.org\",\"@graph\":[{\"@type\":\"Article\",\"@id\":\"https:\/\/www.africa-press.net\/cameroun\/toutes-les-actualites\/un-eleve-meurt-a-njombe-apres-une-bagarre#article\",\"isPartOf\":{\"@id\":\"https:\/\/www.africa-press.net\/cameroun\/toutes-les-actualites\/un-eleve-meurt-a-njombe-apres-une-bagarre\"},\"author\":{\"name\":\"cfeditorfr\",\"@id\":\"https:\/\/www.africa-press.net\/cameroun\/#\/schema\/person\/2b1cf3cd81a31e3cd26889ca66d677f1\"},\"headline\":\"Un \u00e9l\u00e8ve meurt \u00e0 Njombe apr\u00e8s une bagarre\",\"datePublished\":\"2021-04-25T17:14:37+00:00\",\"dateModified\":\"2021-04-26T01:25:06+00:00\",\"mainEntityOfPage\":{\"@id\":\"https:\/\/www.africa-press.net\/cameroun\/toutes-les-actualites\/un-eleve-meurt-a-njombe-apres-une-bagarre\"},\"wordCount\":156,\"commentCount\":0,\"image\":{\"@id\":\"https:\/\/www.africa-press.net\/cameroun\/toutes-les-actualites\/un-eleve-meurt-a-njombe-apres-une-bagarre#primaryimage\"},\"thumbnailUrl\":\"https:\/\/static.africa-press.net\/cameroun\/sites\/57\/2021\/04\/img-6085afddd950f.jpg\",\"keywords\":[\"Africa Press\",\"Africa Press-Cameroun\",\"Cameroun\"],\"articleSection\":[\"Communaut\u00e9\",\"homepage-french\",\"Toutes les actualit\u00e9s\"],\"inLanguage\":\"fr-FR\",\"potentialAction\":[{\"@type\":\"CommentAction\",\"name\":\"Comment\",\"target\":[\"https:\/\/www.africa-press.net\/cameroun\/toutes-les-actualites\/un-eleve-meurt-a-njombe-apres-une-bagarre#respond\"]}]},{\"@type\":\"WebPage\",\"@id\":\"https:\/\/www.africa-press.net\/cameroun\/toutes-les-actualites\/un-eleve-meurt-a-njombe-apres-une-bagarre\",\"url\":\"https:\/\/www.africa-press.net\/cameroun\/toutes-les-actualites\/un-eleve-meurt-a-njombe-apres-une-bagarre\",\"name\":\"Un \u00e9l\u00e8ve meurt \u00e0 Njombe apr\u00e8s une bagarre - Cameroun\",\"isPartOf\":{\"@id\":\"https:\/\/www.africa-press.net\/cameroun\/#website\"},\"primaryImageOfPage\":{\"@id\":\"https:\/\/www.africa-press.net\/cameroun\/toutes-les-actualites\/un-eleve-meurt-a-njombe-apres-une-bagarre#primaryimage\"},\"image\":{\"@id\":\"https:\/\/www.africa-press.net\/cameroun\/toutes-les-actualites\/un-eleve-meurt-a-njombe-apres-une-bagarre#primaryimage\"},\"thumbnailUrl\":\"https:\/\/static.africa-press.net\/cameroun\/sites\/57\/2021\/04\/img-6085afddd950f.jpg\",\"datePublished\":\"2021-04-25T17:14:37+00:00\",\"dateModified\":\"2021-04-26T01:25:06+00:00\",\"author\":{\"@id\":\"https:\/\/www.africa-press.net\/cameroun\/#\/schema\/person\/2b1cf3cd81a31e3cd26889ca66d677f1\"},\"description\":\"Sa main a d\u2019abord \u00e9t\u00e9 coup\u00e9e par les jeunes qui sont venus venger leur ami C\u2019est une histoire rocambolesque qui vient d ...\",\"breadcrumb\":{\"@id\":\"https:\/\/www.africa-press.net\/cameroun\/toutes-les-actualites\/un-eleve-meurt-a-njombe-apres-une-bagarre#breadcrumb\"},\"inLanguage\":\"fr-FR\",\"potentialAction\":[{\"@type\":\"ReadAction\",\"target\":[\"https:\/\/www.africa-press.net\/cameroun\/toutes-les-actualites\/un-eleve-meurt-a-njombe-apres-une-bagarre\"]}]},{\"@type\":\"ImageObject\",\"inLanguage\":\"fr-FR\",\"@id\":\"https:\/\/www.africa-press.net\/cameroun\/toutes-les-actualites\/un-eleve-meurt-a-njombe-apres-une-bagarre#primaryimage\",\"url\":\"https:\/\/static.africa-press.net\/cameroun\/sites\/57\/2021\/04\/img-6085afddd950f.jpg\",\"contentUrl\":\"https:\/\/static.africa-press.net\/cameroun\/sites\/57\/2021\/04\/img-6085afddd950f.jpg\",\"width\":720,\"height\":383,\"caption\":\"Un \u00e9l\u00e8ve meurt \u00e0 Njombe apr\u00e8s une bagarre\"},{\"@type\":\"BreadcrumbList\",\"@id\":\"https:\/\/www.africa-press.net\/cameroun\/toutes-les-actualites\/un-eleve-meurt-a-njombe-apres-une-bagarre#breadcrumb\",\"itemListElement\":[{\"@type\":\"ListItem\",\"position\":1,\"name\":\"Accueil\",\"item\":\"https:\/\/www.africa-press.net\/cameroun\/\"},{\"@type\":\"ListItem\",\"position\":2,\"name\":\"Un \u00e9l\u00e8ve meurt \u00e0 Njombe apr\u00e8s une bagarre\"}]},{\"@type\":\"WebSite\",\"@id\":\"https:\/\/www.africa-press.net\/cameroun\/#website\",\"url\":\"https:\/\/www.africa-press.net\/cameroun\/\",\"name\":\"Cameroun\",\"description\":\"Just another Africa News Agency Sites site\",\"potentialAction\":[{\"@type\":\"SearchAction\",\"target\":{\"@type\":\"EntryPoint\",\"urlTemplate\":\"https:\/\/www.africa-press.net\/cameroun\/?s={search_term_string}\"},\"query-input\":{\"@type\":\"PropertyValueSpecification\",\"valueRequired\":true,\"valueName\":\"search_term_string\"}}],\"inLanguage\":\"fr-FR\"},{\"@type\":\"Person\",\"@id\":\"https:\/\/www.africa-press.net\/cameroun\/#\/schema\/person\/2b1cf3cd81a31e3cd26889ca66d677f1\",\"name\":\"cfeditorfr\"}]}<\/script>\n<!-- \/ Yoast SEO Premium plugin. -->","yoast_head_json":{"title":"Un \u00e9l\u00e8ve meurt \u00e0 Njombe apr\u00e8s une bagarre - Cameroun","description":"Sa main a d\u2019abord \u00e9t\u00e9 coup\u00e9e par les jeunes qui sont venus venger leur ami C\u2019est une histoire rocambolesque qui vient d ...","robots":{"index":"index","follow":"follow","max-snippet":"max-snippet:-1","max-image-preview":"max-image-preview:large","max-video-preview":"max-video-preview:-1"},"canonical":"https:\/\/www.africa-press.net\/cameroun\/toutes-les-actualites\/un-eleve-meurt-a-njombe-apres-une-bagarre","og_locale":"fr_FR","og_type":"article","og_title":"Un \u00e9l\u00e8ve meurt \u00e0 Njombe apr\u00e8s une bagarre","og_description":"Sa main a d\u2019abord \u00e9t\u00e9 coup\u00e9e par les jeunes qui sont venus venger leur ami C\u2019est une histoire rocambolesque qui vient d ...","og_url":"https:\/\/www.africa-press.net\/cameroun\/toutes-les-actualites\/un-eleve-meurt-a-njombe-apres-une-bagarre","og_site_name":"Cameroun","article_published_time":"2021-04-25T17:14:37+00:00","article_modified_time":"2021-04-26T01:25:06+00:00","og_image":[{"width":720,"height":383,"url":"https:\/\/static.africa-press.net\/cameroun\/sites\/57\/2021\/04\/img-6085afddd950f.jpg","type":"image\/jpeg"}],"author":"cfeditorfr","twitter_card":"summary_large_image","twitter_misc":{"\u00c9crit par":"cfeditorfr","Dur\u00e9e de lecture estim\u00e9e":"1 minute"},"schema":{"@context":"https:\/\/schema.org","@graph":[{"@type":"Article","@id":"https:\/\/www.africa-press.net\/cameroun\/toutes-les-actualites\/un-eleve-meurt-a-njombe-apres-une-bagarre#article","isPartOf":{"@id":"https:\/\/www.africa-press.net\/cameroun\/toutes-les-actualites\/un-eleve-meurt-a-njombe-apres-une-bagarre"},"author":{"name":"cfeditorfr","@id":"https:\/\/www.africa-press.net\/cameroun\/#\/schema\/person\/2b1cf3cd81a31e3cd26889ca66d677f1"},"headline":"Un \u00e9l\u00e8ve meurt \u00e0 Njombe apr\u00e8s une bagarre","datePublished":"2021-04-25T17:14:37+00:00","dateModified":"2021-04-26T01:25:06+00:00","mainEntityOfPage":{"@id":"https:\/\/www.africa-press.net\/cameroun\/toutes-les-actualites\/un-eleve-meurt-a-njombe-apres-une-bagarre"},"wordCount":156,"commentCount":0,"image":{"@id":"https:\/\/www.africa-press.net\/cameroun\/toutes-les-actualites\/un-eleve-meurt-a-njombe-apres-une-bagarre#primaryimage"},"thumbnailUrl":"https:\/\/static.africa-press.net\/cameroun\/sites\/57\/2021\/04\/img-6085afddd950f.jpg","keywords":["Africa Press","Africa Press-Cameroun","Cameroun"],"articleSection":["Communaut\u00e9","homepage-french","Toutes les actualit\u00e9s"],"inLanguage":"fr-FR","potentialAction":[{"@type":"CommentAction","name":"Comment","target":["https:\/\/www.africa-press.net\/cameroun\/toutes-les-actualites\/un-eleve-meurt-a-njombe-apres-une-bagarre#respond"]}]},{"@type":"WebPage","@id":"https:\/\/www.africa-press.net\/cameroun\/toutes-les-actualites\/un-eleve-meurt-a-njombe-apres-une-bagarre","url":"https:\/\/www.africa-press.net\/cameroun\/toutes-les-actualites\/un-eleve-meurt-a-njombe-apres-une-bagarre","name":"Un \u00e9l\u00e8ve meurt \u00e0 Njombe apr\u00e8s une bagarre - Cameroun","isPartOf":{"@id":"https:\/\/www.africa-press.net\/cameroun\/#website"},"primaryImageOfPage":{"@id":"https:\/\/www.africa-press.net\/cameroun\/toutes-les-actualites\/un-eleve-meurt-a-njombe-apres-une-bagarre#primaryimage"},"image":{"@id":"https:\/\/www.africa-press.net\/cameroun\/toutes-les-actualites\/un-eleve-meurt-a-njombe-apres-une-bagarre#primaryimage"},"thumbnailUrl":"https:\/\/static.africa-press.net\/cameroun\/sites\/57\/2021\/04\/img-6085afddd950f.jpg","datePublished":"2021-04-25T17:14:37+00:00","dateModified":"2021-04-26T01:25:06+00:00","author":{"@id":"https:\/\/www.africa-press.net\/cameroun\/#\/schema\/person\/2b1cf3cd81a31e3cd26889ca66d677f1"},"description":"Sa main a d\u2019abord \u00e9t\u00e9 coup\u00e9e par les jeunes qui sont venus venger leur ami C\u2019est une histoire rocambolesque qui vient d ...","breadcrumb":{"@id":"https:\/\/www.africa-press.net\/cameroun\/toutes-les-actualites\/un-eleve-meurt-a-njombe-apres-une-bagarre#breadcrumb"},"inLanguage":"fr-FR","potentialAction":[{"@type":"ReadAction","target":["https:\/\/www.africa-press.net\/cameroun\/toutes-les-actualites\/un-eleve-meurt-a-njombe-apres-une-bagarre"]}]},{"@type":"ImageObject","inLanguage":"fr-FR","@id":"https:\/\/www.africa-press.net\/cameroun\/toutes-les-actualites\/un-eleve-meurt-a-njombe-apres-une-bagarre#primaryimage","url":"https:\/\/static.africa-press.net\/cameroun\/sites\/57\/2021\/04\/img-6085afddd950f.jpg","contentUrl":"https:\/\/static.africa-press.net\/cameroun\/sites\/57\/2021\/04\/img-6085afddd950f.jpg","width":720,"height":383,"caption":"Un \u00e9l\u00e8ve meurt \u00e0 Njombe apr\u00e8s une bagarre"},{"@type":"BreadcrumbList","@id":"https:\/\/www.africa-press.net\/cameroun\/toutes-les-actualites\/un-eleve-meurt-a-njombe-apres-une-bagarre#breadcrumb","itemListElement":[{"@type":"ListItem","position":1,"name":"Accueil","item":"https:\/\/www.africa-press.net\/cameroun\/"},{"@type":"ListItem","position":2,"name":"Un \u00e9l\u00e8ve meurt \u00e0 Njombe apr\u00e8s une bagarre"}]},{"@type":"WebSite","@id":"https:\/\/www.africa-press.net\/cameroun\/#website","url":"https:\/\/www.africa-press.net\/cameroun\/","name":"Cameroun","description":"Just another Africa News Agency Sites site","potentialAction":[{"@type":"SearchAction","target":{"@type":"EntryPoint","urlTemplate":"https:\/\/www.africa-press.net\/cameroun\/?s={search_term_string}"},"query-input":{"@type":"PropertyValueSpecification","valueRequired":true,"valueName":"search_term_string"}}],"inLanguage":"fr-FR"},{"@type":"Person","@id":"https:\/\/www.africa-press.net\/cameroun\/#\/schema\/person\/2b1cf3cd81a31e3cd26889ca66d677f1","name":"cfeditorfr"}]}},"_links":{"self":[{"href":"https:\/\/www.africa-press.net\/cameroun\/wp-json\/wp\/v2\/posts\/2499","targetHints":{"allow":["GET"]}}],"collection":[{"href":"https:\/\/www.africa-press.net\/cameroun\/wp-json\/wp\/v2\/posts"}],"about":[{"href":"https:\/\/www.africa-press.net\/cameroun\/wp-json\/wp\/v2\/types\/post"}],"author":[{"embeddable":true,"href":"https:\/\/www.africa-press.net\/cameroun\/wp-json\/wp\/v2\/users\/82"}],"replies":[{"embeddable":true,"href":"https:\/\/www.africa-press.net\/cameroun\/wp-json\/wp\/v2\/comments?post=2499"}],"version-history":[{"count":0,"href":"https:\/\/www.africa-press.net\/cameroun\/wp-json\/wp\/v2\/posts\/2499\/revisions"}],"wp:featuredmedia":[{"embeddable":true,"href":"https:\/\/www.africa-press.net\/cameroun\/wp-json\/wp\/v2\/media\/2498"}],"wp:attachment":[{"href":"https:\/\/www.africa-press.net\/cameroun\/wp-json\/wp\/v2\/media?parent=2499"}],"wp:term":[{"taxonomy":"category","embeddable":true,"href":"https:\/\/www.africa-press.net\/cameroun\/wp-json\/wp\/v2\/categories?post=2499"},{"taxonomy":"post_tag","embeddable":true,"href":"https:\/\/www.africa-press.net\/cameroun\/wp-json\/wp\/v2\/tags?post=2499"}],"curies":[{"name":"wp","href":"https:\/\/api.w.org\/{rel}","templated":true}]}}