{"id":24990,"date":"2022-08-05T16:49:50","date_gmt":"2022-08-05T16:49:50","guid":{"rendered":"https:\/\/www.africa-press.net\/cameroun\/politique\/sanction-alexis-nguepi-conteste-son-exclusion-du-mrc-et-projette-de-saisir-la-justice-afin-dy-retourner"},"modified":"2022-08-05T18:42:02","modified_gmt":"2022-08-05T18:42:02","slug":"sanction-alexis-nguepi-conteste-son-exclusion-du-mrc-et-projette-de-saisir-la-justice-afin-dy-retourner","status":"publish","type":"post","link":"https:\/\/www.africa-press.net\/cameroun\/politique\/sanction-alexis-nguepi-conteste-son-exclusion-du-mrc-et-projette-de-saisir-la-justice-afin-dy-retourner","title":{"rendered":"Sanction: Alexis Nguepi conteste son exclusion du MRC et projette de saisir la justice afin d\u2019y retourner"},"content":{"rendered":"<p><span style=\"color: #ff6600\"><strong>Africa-Press &#8211; Cameroun. <\/strong><\/span>Le Comit\u00e9 National de M\u00e9diation et d\u2019Arbitrage (CNMA) du Mouvement pour la Renaissance du Cameroun (MRC) poursuit le nettoyage dans ses rangs. Le nom du second exclu apr\u00e8s Emmanuel Kueka, chef de file de m\u00e9contents du parti \u00e0 l&rsquo;Ouest, est Alexis Nguepi. C\u2019est l\u2019ancien secr\u00e9taire adjoint du parti dans la Vall\u00e9e du Ntem (r\u00e9gion du Sud). Il a \u00e9t\u00e9 \u00ab jug\u00e9 \u00bb lui aussi le 2 Ao\u00fbt suite l\u00e0 encore \u00e0 une plainte du secr\u00e9taire g\u00e9n\u00e9ral Me Christopher Ndong. Dans son compte-rendu d\u2019audience diffus\u00e9 depuis jeudi, le CNMA, fait savoir qu\u2019il est sanctionn\u00e9 pour \u00ab engagement officiel du parti sans mandat pr\u00e9alable (participation aux diff\u00e9rents d\u00e9bats m\u00e9diatiques comme militant du MRC sans \u00eatre dans la liste des communicants du parti) et le refus manifeste de se conformer \u00e0 la ligne du Parti et \u00e0 la discipline du Parti \u00bb.<\/p>\n<p>R\u00e9agissant ce 5 Ao\u00fbt 2022 sur ABK Radio, le condamn\u00e9 a soutenu que la proc\u00e9dure ayant conduit \u00e0 son exclusion n\u2019a pas \u00e9t\u00e9 respect\u00e9e. Il affirme que la commission r\u00e9gionale du Sud n\u2019a pas prouv\u00e9 qu\u2019elle l\u2019a convoqu\u00e9e avant de le suspendre. Il d\u00e9clare qu\u2019il s\u2019attendait \u00e0 un verdict du CNMA plus favorable. \u00ab Au lieu que le Comit\u00e9 National de M\u00e9diation donne un non-lieu et e r\u00e9tablisse dans mes droits, ils ont plut\u00f4t cr\u00e9\u00e9 une nouvelle affaire en disant que j\u2019aurais dit que le MRC n\u2019appartiendrait pas \u00e0 Kamto et que j\u2019aurais donn\u00e9 de mani\u00e8re implicite on soutien \u00e0 Me Mich\u00e8le Ndoki \u00bb.<\/p>\n<p>Autre grief qu\u2019il porte contre la \u00ab cour supr\u00eame du MRC \u00bb, la non prise en compte (selon lui) des recours qu\u2019l dit avoir formul\u00e9s. \u00ab Je suis exclu du parti alors que j\u2019ai deux recours dont les d\u00e9cisions n\u2019ont pas \u00e9t\u00e9 rendues. On a cr\u00e9\u00e9 un proc\u00e8s Kafka\u00efen en dix jours, on m\u2019a exclu, mais on a fait fi de la base du probl\u00e8me et de deux autres recours qui datent d\u2019un an. La Commission Nationale de M\u00e9diation devait statuer dessus avant de se pencher sur la plainte de Me Christopher Ndong \u00bb. Alexis Nguepi croit savoir que des militants du MRC ont formul\u00e9 des recours aupr\u00e8s de cette instance sans avoir jamais \u00e9t\u00e9 entendus.<\/p>\n<p>Nguepi rappelle que le pr\u00e9sident national Maurice Kamto avait expliqu\u00e9 \u00e0 la t\u00e9l\u00e9vision qu\u2019il n\u2019existe pas de statut qui pr\u00e9voit l\u2019exclusion des rangs du MRC. \u00ab Quand j\u2019ai publi\u00e9 cette vid\u00e9o, les gens m\u2019ont fait savoir que c\u2019\u00e9tait en 2018 avant la Convention. J le pose la question. Donc Monsieur Kamto a modifi\u00e9 les statuts en 2018 sans que je ne sois ai courant ? \u00bb, s\u2019interroge-t-il avant d\u2019ajouter, s\u00fbr de lui : \u00abil y a une disposition statutaire qui est claire. Pour \u00eatre exclu du MRC, vous faites des recours, \u00e7a arrive au niveau de la commission nationale de m\u00e9diation. Ils donnent leur avis, signent le document, l\u2019envoient au directoire qui si\u00e8ge. Avant de statuer, il s\u2019assure que les proc\u00e9dures vous ayant permis d\u2019arriver jusqu\u2019\u00e0 lui sont respect\u00e9es. Ensuite, ils \u00e9tudient la question sur le plan politique question de savoir si vous pouvez \u00eatre exclu sur ce plan-l\u00e0. S\u2019ils sont d\u2019accord pour vous exclure, le pr\u00e9sident Maurice Kamto ent\u00e9rine \u00bb.<\/p>\n<p>Alexis Nguepi reproche \u00e0 Kamto de n\u2019avoir pas publi\u00e9 une note \u00ab dans laquelle il prend ses responsabilit\u00e9s au nom du directoire \u00bb et ne se contente pas d\u2019\u00e9crire : \u00ab lu et approuv\u00e9 \u00bb. Il d\u00e9clare que le patron du MRC est \u00ab pris en otage \u00bb par des membres dudit directoire.<\/p>\n<p>Lorsque l\u2019on lui demande s\u2019il va ester en justice, Nguepi se dit tent\u00e9 par cette option. \u00ab Je peux saisir les instances judiciaires du Cameroun. La loi dit que lorsque les recours au niveau de l\u2019organisation sont \u00e9puis\u00e9s, comme c\u2019est une organisation qui exerce au Cameroun, qui est en conformit\u00e9 avec les lois camerounaises, alors vous avez le droit, si vous le souhaitez, de saisir le juge judiciaire. Et la justice camerounaise peut me remettre dans mes droits. Je peux d\u00e9cider de la saisir ou non. S\u2019il est prouv\u00e9 que mes droits ont \u00e9t\u00e9 viol\u00e9s, je peux \u00eatre r\u00e9tabli. Pour l\u2019instant, je r\u00e9fl\u00e9chis sur cette opportunit\u00e9. Je pense que j\u2019irai vers cette option-l\u00e0 \u00bb, annonce le puni.<\/p>\n<p><strong>Pour plus d&rsquo;informations et d&rsquo;analyses sur la <a href=\"https:\/\/www.africa-press.net\/cameroun\">Cameroun<\/a>, suivez <a href=\"https:\/\/www.africa-press.net\/\">Africa-Press<\/a><\/strong><\/p>\n","protected":false},"excerpt":{"rendered":"<p>Africa-Press &#8211; Cameroun. Le Comit\u00e9 National de M\u00e9diation et d\u2019Arbitrage (CNMA) du Mouvement pour la Renaissance du Cameroun (MRC) poursuit le nettoyage dans ses rangs. Le nom du second exclu apr\u00e8s Emmanuel Kueka, chef de file de m\u00e9contents du parti \u00e0 l&rsquo;Ouest, est Alexis Nguepi. C\u2019est l\u2019ancien secr\u00e9taire adjoint du parti dans la Vall\u00e9e du [&hellip;]<\/p>\n","protected":false},"author":82,"featured_media":24989,"comment_status":"open","ping_status":"closed","sticky":false,"template":"","format":"standard","meta":{"footnotes":""},"categories":[11,2,10],"tags":[36,50,49],"class_list":["post-24990","post","type-post","status-publish","format-standard","has-post-thumbnail","hentry","category-homepage-french","category-politique","category-toutes-les-actualites","tag-africa-press","tag-africa-press-cameroun","tag-cameroun"],"yoast_head":"<!-- This site is optimized with the Yoast SEO Premium plugin v26.1 (Yoast SEO v27.0) - https:\/\/yoast.com\/product\/yoast-seo-premium-wordpress\/ -->\n<title>Sanction: Alexis Nguepi conteste son exclusion du MRC et projette de saisir la justice afin d\u2019y retourner - Cameroun<\/title>\n<meta name=\"description\" content=\"Le Comit\u00e9 National de M\u00e9diation et d\u2019Arbitrage (CNMA) du Mouvement pour la Renaissance du Cameroun (MRC) poursuit le net ...\" \/>\n<meta name=\"robots\" content=\"index, follow, max-snippet:-1, max-image-preview:large, max-video-preview:-1\" \/>\n<link rel=\"canonical\" href=\"https:\/\/www.africa-press.net\/cameroun\/politique\/sanction-alexis-nguepi-conteste-son-exclusion-du-mrc-et-projette-de-saisir-la-justice-afin-dy-retourner\" \/>\n<meta property=\"og:locale\" content=\"fr_FR\" \/>\n<meta property=\"og:type\" content=\"article\" \/>\n<meta property=\"og:title\" content=\"Sanction: Alexis Nguepi conteste son exclusion du MRC et projette de saisir la justice afin d\u2019y retourner\" \/>\n<meta property=\"og:description\" content=\"Le Comit\u00e9 National de M\u00e9diation et d\u2019Arbitrage (CNMA) du Mouvement pour la Renaissance du Cameroun (MRC) poursuit le net ...\" \/>\n<meta property=\"og:url\" content=\"https:\/\/www.africa-press.net\/cameroun\/politique\/sanction-alexis-nguepi-conteste-son-exclusion-du-mrc-et-projette-de-saisir-la-justice-afin-dy-retourner\" \/>\n<meta property=\"og:site_name\" content=\"Cameroun\" \/>\n<meta property=\"article:published_time\" content=\"2022-08-05T16:49:50+00:00\" \/>\n<meta property=\"article:modified_time\" content=\"2022-08-05T18:42:02+00:00\" \/>\n<meta property=\"og:image\" content=\"https:\/\/static.africa-press.net\/cameroun\/sites\/57\/2022\/08\/img-62ed646348a94.jpg\" \/>\n\t<meta property=\"og:image:width\" content=\"800\" \/>\n\t<meta property=\"og:image:height\" content=\"465\" \/>\n\t<meta property=\"og:image:type\" content=\"image\/jpeg\" \/>\n<meta name=\"author\" content=\"cfeditorfr\" \/>\n<meta name=\"twitter:card\" content=\"summary_large_image\" \/>\n<meta name=\"twitter:label1\" content=\"\u00c9crit par\" \/>\n\t<meta name=\"twitter:data1\" content=\"cfeditorfr\" \/>\n\t<meta name=\"twitter:label2\" content=\"Dur\u00e9e de lecture estim\u00e9e\" \/>\n\t<meta name=\"twitter:data2\" content=\"4 minutes\" \/>\n<script type=\"application\/ld+json\" class=\"yoast-schema-graph\">{\"@context\":\"https:\/\/schema.org\",\"@graph\":[{\"@type\":\"Article\",\"@id\":\"https:\/\/www.africa-press.net\/cameroun\/politique\/sanction-alexis-nguepi-conteste-son-exclusion-du-mrc-et-projette-de-saisir-la-justice-afin-dy-retourner#article\",\"isPartOf\":{\"@id\":\"https:\/\/www.africa-press.net\/cameroun\/politique\/sanction-alexis-nguepi-conteste-son-exclusion-du-mrc-et-projette-de-saisir-la-justice-afin-dy-retourner\"},\"author\":{\"name\":\"cfeditorfr\",\"@id\":\"https:\/\/www.africa-press.net\/cameroun\/#\/schema\/person\/2b1cf3cd81a31e3cd26889ca66d677f1\"},\"headline\":\"Sanction: Alexis Nguepi conteste son exclusion du MRC et projette de saisir la justice afin d\u2019y retourner\",\"datePublished\":\"2022-08-05T16:49:50+00:00\",\"dateModified\":\"2022-08-05T18:42:02+00:00\",\"mainEntityOfPage\":{\"@id\":\"https:\/\/www.africa-press.net\/cameroun\/politique\/sanction-alexis-nguepi-conteste-son-exclusion-du-mrc-et-projette-de-saisir-la-justice-afin-dy-retourner\"},\"wordCount\":781,\"commentCount\":0,\"image\":{\"@id\":\"https:\/\/www.africa-press.net\/cameroun\/politique\/sanction-alexis-nguepi-conteste-son-exclusion-du-mrc-et-projette-de-saisir-la-justice-afin-dy-retourner#primaryimage\"},\"thumbnailUrl\":\"https:\/\/static.africa-press.net\/cameroun\/sites\/57\/2022\/08\/img-62ed646348a94.jpg\",\"keywords\":[\"Africa Press\",\"Africa Press-Cameroun\",\"Cameroun\"],\"articleSection\":[\"homepage-french\",\"Politique\",\"Toutes les actualit\u00e9s\"],\"inLanguage\":\"fr-FR\",\"potentialAction\":[{\"@type\":\"CommentAction\",\"name\":\"Comment\",\"target\":[\"https:\/\/www.africa-press.net\/cameroun\/politique\/sanction-alexis-nguepi-conteste-son-exclusion-du-mrc-et-projette-de-saisir-la-justice-afin-dy-retourner#respond\"]}]},{\"@type\":\"WebPage\",\"@id\":\"https:\/\/www.africa-press.net\/cameroun\/politique\/sanction-alexis-nguepi-conteste-son-exclusion-du-mrc-et-projette-de-saisir-la-justice-afin-dy-retourner\",\"url\":\"https:\/\/www.africa-press.net\/cameroun\/politique\/sanction-alexis-nguepi-conteste-son-exclusion-du-mrc-et-projette-de-saisir-la-justice-afin-dy-retourner\",\"name\":\"Sanction: Alexis Nguepi conteste son exclusion du MRC et projette de saisir la justice afin d\u2019y retourner - Cameroun\",\"isPartOf\":{\"@id\":\"https:\/\/www.africa-press.net\/cameroun\/#website\"},\"primaryImageOfPage\":{\"@id\":\"https:\/\/www.africa-press.net\/cameroun\/politique\/sanction-alexis-nguepi-conteste-son-exclusion-du-mrc-et-projette-de-saisir-la-justice-afin-dy-retourner#primaryimage\"},\"image\":{\"@id\":\"https:\/\/www.africa-press.net\/cameroun\/politique\/sanction-alexis-nguepi-conteste-son-exclusion-du-mrc-et-projette-de-saisir-la-justice-afin-dy-retourner#primaryimage\"},\"thumbnailUrl\":\"https:\/\/static.africa-press.net\/cameroun\/sites\/57\/2022\/08\/img-62ed646348a94.jpg\",\"datePublished\":\"2022-08-05T16:49:50+00:00\",\"dateModified\":\"2022-08-05T18:42:02+00:00\",\"author\":{\"@id\":\"https:\/\/www.africa-press.net\/cameroun\/#\/schema\/person\/2b1cf3cd81a31e3cd26889ca66d677f1\"},\"description\":\"Le Comit\u00e9 National de M\u00e9diation et d\u2019Arbitrage (CNMA) du Mouvement pour la Renaissance du Cameroun (MRC) poursuit le net ...\",\"breadcrumb\":{\"@id\":\"https:\/\/www.africa-press.net\/cameroun\/politique\/sanction-alexis-nguepi-conteste-son-exclusion-du-mrc-et-projette-de-saisir-la-justice-afin-dy-retourner#breadcrumb\"},\"inLanguage\":\"fr-FR\",\"potentialAction\":[{\"@type\":\"ReadAction\",\"target\":[\"https:\/\/www.africa-press.net\/cameroun\/politique\/sanction-alexis-nguepi-conteste-son-exclusion-du-mrc-et-projette-de-saisir-la-justice-afin-dy-retourner\"]}]},{\"@type\":\"ImageObject\",\"inLanguage\":\"fr-FR\",\"@id\":\"https:\/\/www.africa-press.net\/cameroun\/politique\/sanction-alexis-nguepi-conteste-son-exclusion-du-mrc-et-projette-de-saisir-la-justice-afin-dy-retourner#primaryimage\",\"url\":\"https:\/\/static.africa-press.net\/cameroun\/sites\/57\/2022\/08\/img-62ed646348a94.jpg\",\"contentUrl\":\"https:\/\/static.africa-press.net\/cameroun\/sites\/57\/2022\/08\/img-62ed646348a94.jpg\",\"width\":800,\"height\":465,\"caption\":\"Sanction: Alexis Nguepi conteste son exclusion du MRC et projette de saisir la justice afin d\u2019y retourner\"},{\"@type\":\"BreadcrumbList\",\"@id\":\"https:\/\/www.africa-press.net\/cameroun\/politique\/sanction-alexis-nguepi-conteste-son-exclusion-du-mrc-et-projette-de-saisir-la-justice-afin-dy-retourner#breadcrumb\",\"itemListElement\":[{\"@type\":\"ListItem\",\"position\":1,\"name\":\"Accueil\",\"item\":\"https:\/\/www.africa-press.net\/cameroun\/\"},{\"@type\":\"ListItem\",\"position\":2,\"name\":\"Sanction: Alexis Nguepi conteste son exclusion du MRC et projette de saisir la justice afin d\u2019y retourner\"}]},{\"@type\":\"WebSite\",\"@id\":\"https:\/\/www.africa-press.net\/cameroun\/#website\",\"url\":\"https:\/\/www.africa-press.net\/cameroun\/\",\"name\":\"Cameroun\",\"description\":\"Just another Africa News Agency Sites site\",\"potentialAction\":[{\"@type\":\"SearchAction\",\"target\":{\"@type\":\"EntryPoint\",\"urlTemplate\":\"https:\/\/www.africa-press.net\/cameroun\/?s={search_term_string}\"},\"query-input\":{\"@type\":\"PropertyValueSpecification\",\"valueRequired\":true,\"valueName\":\"search_term_string\"}}],\"inLanguage\":\"fr-FR\"},{\"@type\":\"Person\",\"@id\":\"https:\/\/www.africa-press.net\/cameroun\/#\/schema\/person\/2b1cf3cd81a31e3cd26889ca66d677f1\",\"name\":\"cfeditorfr\"}]}<\/script>\n<!-- \/ Yoast SEO Premium plugin. -->","yoast_head_json":{"title":"Sanction: Alexis Nguepi conteste son exclusion du MRC et projette de saisir la justice afin d\u2019y retourner - Cameroun","description":"Le Comit\u00e9 National de M\u00e9diation et d\u2019Arbitrage (CNMA) du Mouvement pour la Renaissance du Cameroun (MRC) poursuit le net ...","robots":{"index":"index","follow":"follow","max-snippet":"max-snippet:-1","max-image-preview":"max-image-preview:large","max-video-preview":"max-video-preview:-1"},"canonical":"https:\/\/www.africa-press.net\/cameroun\/politique\/sanction-alexis-nguepi-conteste-son-exclusion-du-mrc-et-projette-de-saisir-la-justice-afin-dy-retourner","og_locale":"fr_FR","og_type":"article","og_title":"Sanction: Alexis Nguepi conteste son exclusion du MRC et projette de saisir la justice afin d\u2019y retourner","og_description":"Le Comit\u00e9 National de M\u00e9diation et d\u2019Arbitrage (CNMA) du Mouvement pour la Renaissance du Cameroun (MRC) poursuit le net ...","og_url":"https:\/\/www.africa-press.net\/cameroun\/politique\/sanction-alexis-nguepi-conteste-son-exclusion-du-mrc-et-projette-de-saisir-la-justice-afin-dy-retourner","og_site_name":"Cameroun","article_published_time":"2022-08-05T16:49:50+00:00","article_modified_time":"2022-08-05T18:42:02+00:00","og_image":[{"width":800,"height":465,"url":"https:\/\/static.africa-press.net\/cameroun\/sites\/57\/2022\/08\/img-62ed646348a94.jpg","type":"image\/jpeg"}],"author":"cfeditorfr","twitter_card":"summary_large_image","twitter_misc":{"\u00c9crit par":"cfeditorfr","Dur\u00e9e de lecture estim\u00e9e":"4 minutes"},"schema":{"@context":"https:\/\/schema.org","@graph":[{"@type":"Article","@id":"https:\/\/www.africa-press.net\/cameroun\/politique\/sanction-alexis-nguepi-conteste-son-exclusion-du-mrc-et-projette-de-saisir-la-justice-afin-dy-retourner#article","isPartOf":{"@id":"https:\/\/www.africa-press.net\/cameroun\/politique\/sanction-alexis-nguepi-conteste-son-exclusion-du-mrc-et-projette-de-saisir-la-justice-afin-dy-retourner"},"author":{"name":"cfeditorfr","@id":"https:\/\/www.africa-press.net\/cameroun\/#\/schema\/person\/2b1cf3cd81a31e3cd26889ca66d677f1"},"headline":"Sanction: Alexis Nguepi conteste son exclusion du MRC et projette de saisir la justice afin d\u2019y retourner","datePublished":"2022-08-05T16:49:50+00:00","dateModified":"2022-08-05T18:42:02+00:00","mainEntityOfPage":{"@id":"https:\/\/www.africa-press.net\/cameroun\/politique\/sanction-alexis-nguepi-conteste-son-exclusion-du-mrc-et-projette-de-saisir-la-justice-afin-dy-retourner"},"wordCount":781,"commentCount":0,"image":{"@id":"https:\/\/www.africa-press.net\/cameroun\/politique\/sanction-alexis-nguepi-conteste-son-exclusion-du-mrc-et-projette-de-saisir-la-justice-afin-dy-retourner#primaryimage"},"thumbnailUrl":"https:\/\/static.africa-press.net\/cameroun\/sites\/57\/2022\/08\/img-62ed646348a94.jpg","keywords":["Africa Press","Africa Press-Cameroun","Cameroun"],"articleSection":["homepage-french","Politique","Toutes les actualit\u00e9s"],"inLanguage":"fr-FR","potentialAction":[{"@type":"CommentAction","name":"Comment","target":["https:\/\/www.africa-press.net\/cameroun\/politique\/sanction-alexis-nguepi-conteste-son-exclusion-du-mrc-et-projette-de-saisir-la-justice-afin-dy-retourner#respond"]}]},{"@type":"WebPage","@id":"https:\/\/www.africa-press.net\/cameroun\/politique\/sanction-alexis-nguepi-conteste-son-exclusion-du-mrc-et-projette-de-saisir-la-justice-afin-dy-retourner","url":"https:\/\/www.africa-press.net\/cameroun\/politique\/sanction-alexis-nguepi-conteste-son-exclusion-du-mrc-et-projette-de-saisir-la-justice-afin-dy-retourner","name":"Sanction: Alexis Nguepi conteste son exclusion du MRC et projette de saisir la justice afin d\u2019y retourner - Cameroun","isPartOf":{"@id":"https:\/\/www.africa-press.net\/cameroun\/#website"},"primaryImageOfPage":{"@id":"https:\/\/www.africa-press.net\/cameroun\/politique\/sanction-alexis-nguepi-conteste-son-exclusion-du-mrc-et-projette-de-saisir-la-justice-afin-dy-retourner#primaryimage"},"image":{"@id":"https:\/\/www.africa-press.net\/cameroun\/politique\/sanction-alexis-nguepi-conteste-son-exclusion-du-mrc-et-projette-de-saisir-la-justice-afin-dy-retourner#primaryimage"},"thumbnailUrl":"https:\/\/static.africa-press.net\/cameroun\/sites\/57\/2022\/08\/img-62ed646348a94.jpg","datePublished":"2022-08-05T16:49:50+00:00","dateModified":"2022-08-05T18:42:02+00:00","author":{"@id":"https:\/\/www.africa-press.net\/cameroun\/#\/schema\/person\/2b1cf3cd81a31e3cd26889ca66d677f1"},"description":"Le Comit\u00e9 National de M\u00e9diation et d\u2019Arbitrage (CNMA) du Mouvement pour la Renaissance du Cameroun (MRC) poursuit le net ...","breadcrumb":{"@id":"https:\/\/www.africa-press.net\/cameroun\/politique\/sanction-alexis-nguepi-conteste-son-exclusion-du-mrc-et-projette-de-saisir-la-justice-afin-dy-retourner#breadcrumb"},"inLanguage":"fr-FR","potentialAction":[{"@type":"ReadAction","target":["https:\/\/www.africa-press.net\/cameroun\/politique\/sanction-alexis-nguepi-conteste-son-exclusion-du-mrc-et-projette-de-saisir-la-justice-afin-dy-retourner"]}]},{"@type":"ImageObject","inLanguage":"fr-FR","@id":"https:\/\/www.africa-press.net\/cameroun\/politique\/sanction-alexis-nguepi-conteste-son-exclusion-du-mrc-et-projette-de-saisir-la-justice-afin-dy-retourner#primaryimage","url":"https:\/\/static.africa-press.net\/cameroun\/sites\/57\/2022\/08\/img-62ed646348a94.jpg","contentUrl":"https:\/\/static.africa-press.net\/cameroun\/sites\/57\/2022\/08\/img-62ed646348a94.jpg","width":800,"height":465,"caption":"Sanction: Alexis Nguepi conteste son exclusion du MRC et projette de saisir la justice afin d\u2019y retourner"},{"@type":"BreadcrumbList","@id":"https:\/\/www.africa-press.net\/cameroun\/politique\/sanction-alexis-nguepi-conteste-son-exclusion-du-mrc-et-projette-de-saisir-la-justice-afin-dy-retourner#breadcrumb","itemListElement":[{"@type":"ListItem","position":1,"name":"Accueil","item":"https:\/\/www.africa-press.net\/cameroun\/"},{"@type":"ListItem","position":2,"name":"Sanction: Alexis Nguepi conteste son exclusion du MRC et projette de saisir la justice afin d\u2019y retourner"}]},{"@type":"WebSite","@id":"https:\/\/www.africa-press.net\/cameroun\/#website","url":"https:\/\/www.africa-press.net\/cameroun\/","name":"Cameroun","description":"Just another Africa News Agency Sites site","potentialAction":[{"@type":"SearchAction","target":{"@type":"EntryPoint","urlTemplate":"https:\/\/www.africa-press.net\/cameroun\/?s={search_term_string}"},"query-input":{"@type":"PropertyValueSpecification","valueRequired":true,"valueName":"search_term_string"}}],"inLanguage":"fr-FR"},{"@type":"Person","@id":"https:\/\/www.africa-press.net\/cameroun\/#\/schema\/person\/2b1cf3cd81a31e3cd26889ca66d677f1","name":"cfeditorfr"}]}},"_links":{"self":[{"href":"https:\/\/www.africa-press.net\/cameroun\/wp-json\/wp\/v2\/posts\/24990","targetHints":{"allow":["GET"]}}],"collection":[{"href":"https:\/\/www.africa-press.net\/cameroun\/wp-json\/wp\/v2\/posts"}],"about":[{"href":"https:\/\/www.africa-press.net\/cameroun\/wp-json\/wp\/v2\/types\/post"}],"author":[{"embeddable":true,"href":"https:\/\/www.africa-press.net\/cameroun\/wp-json\/wp\/v2\/users\/82"}],"replies":[{"embeddable":true,"href":"https:\/\/www.africa-press.net\/cameroun\/wp-json\/wp\/v2\/comments?post=24990"}],"version-history":[{"count":0,"href":"https:\/\/www.africa-press.net\/cameroun\/wp-json\/wp\/v2\/posts\/24990\/revisions"}],"wp:featuredmedia":[{"embeddable":true,"href":"https:\/\/www.africa-press.net\/cameroun\/wp-json\/wp\/v2\/media\/24989"}],"wp:attachment":[{"href":"https:\/\/www.africa-press.net\/cameroun\/wp-json\/wp\/v2\/media?parent=24990"}],"wp:term":[{"taxonomy":"category","embeddable":true,"href":"https:\/\/www.africa-press.net\/cameroun\/wp-json\/wp\/v2\/categories?post=24990"},{"taxonomy":"post_tag","embeddable":true,"href":"https:\/\/www.africa-press.net\/cameroun\/wp-json\/wp\/v2\/tags?post=24990"}],"curies":[{"name":"wp","href":"https:\/\/api.w.org\/{rel}","templated":true}]}}